{"id":9238,"date":"2015-11-19T17:16:45","date_gmt":"2015-11-19T15:16:45","guid":{"rendered":"http:\/\/brcnews.net\/?p=9238"},"modified":"2015-11-20T15:57:49","modified_gmt":"2015-11-20T13:57:49","slug":"tonisport-winter-cup-gelungener-auftakt","status":"publish","type":"post","link":"https:\/\/brcnews.net\/?p=9238","title":{"rendered":"Tonisport-Winter-Cup: Gelungener Auftakt"},"content":{"rendered":"<p>Der Tonisport-Winter-Cup ist erfolgreich in seine f\u00fcnfte Saison gestartet. Die beliebte Rennserie, die einmal mehr von Tonisport unterst\u00fctzt und ausschlie\u00dflich auf dem bestens pr\u00e4parierten <!--more-->Eifel-Ring des MAC Adenau im Leimbach ausgetragen wird, ist in der Wintersaison 2015\/2016 f\u00fcr die Tourenwagen-Klassen Rookie (erstmals auch mit 21.5T), Speed (Muchmore 13.5T) und erstmals Modified sowie die Klassen 1:12 EB (10.5T) und Formel 1 (nach ETS-Reglement) ausgeschrieben.<\/p>\n<p>Der erste von vier L\u00e4ufen (eventuell auch f\u00fcnf) endete mit Siegen von Yokomo-Pilot Jan Rettke (TWC Speed 13.5T) und CRC-Fahrer Bernd Wiesenberger (1\/12 10.5T) in den beiden dominierenden Klassen.<\/p>\n<figure id=\"attachment_9244\" aria-describedby=\"caption-attachment-9244\" style=\"width: 613px\" class=\"wp-caption alignleft\"><a href=\"http:\/\/brcnews.net\/wp-content\/uploads\/2015\/11\/1024_MAC-Adenau-TWC1.05.jpg\"><img loading=\"lazy\" class=\"wp-image-9244 size-full colorbox-9238\" src=\"http:\/\/brcnews.net\/wp-content\/uploads\/2015\/11\/1024_MAC-Adenau-TWC1.05.jpg\" alt=\"1024_MAC Adenau TWC1.05\" width=\"613\" height=\"395\" srcset=\"https:\/\/brcnews.net\/wp-content\/uploads\/2015\/11\/1024_MAC-Adenau-TWC1.05.jpg 613w, https:\/\/brcnews.net\/wp-content\/uploads\/2015\/11\/1024_MAC-Adenau-TWC1.05-300x193.jpg 300w\" sizes=\"(max-width: 613px) 100vw, 613px\" \/><\/a><figcaption id=\"caption-attachment-9244\" class=\"wp-caption-text\">Die Top 3 in Tourenwagen Speed (von links): Philipp R\u00f6mer (Platz 2), Jan Rettke (Platz 1) und Majuran Tharmalingam (Platz3)<\/figcaption><\/figure>\n<p>Mit 13 Startern war die TWC Speed die st\u00e4rkste Klasse des Tages. Vorgeschrieben ist der aus der Euro Touring Series (ETS) bekannte Muchmore 13.5T- Motor.\u00a0 Wie in allen Tourenwagen-Klassen ist zudem der neue ETS-Einheitsreifen Volante aus dem Hause Muchmore Pflicht. In den drei Vorl\u00e4ufen \u00fcber jeweils sechs Minuten eroberte Jan Rettke, der sowohl Mitglied im MAC Meckenheim als auch im MAC Adenau ist, die Pole-Position mit knapp einer Sekunde Vorsprung auf Lokalmatador Philipp R\u00f6mer, der einen Xray T4\u20182015 steuert. Der von Serpent zu Capricorn gewechselte Majuran Tharmalingam (MAC Adenau) war auf dem dritten Platz der Vorlaufrangliste zu finden.<\/p>\n<p>In den drei Finals, die wiederum \u00fcber jeweils sechs Minuten f\u00fchrten, setzte Yokomo-Pilot Rettke seine Dominanz fort und gewann alle drei Durchg\u00e4nge. Mit zwei zweiten Pl\u00e4tzen sicherte sich Philipp R\u00f6mer den zweiten Rang auf dem Podium, das in Leimbach aus gebrauchten Sportwagen-Reifen besteht. Der dritte Platz auf dem Treppchen erk\u00e4mpfte sich Majuran Tharmalingam mit einem zweiten und einem dritten Platz. Rang vier ging an Wolf Brickenkamp (Team Gensace) mit ARC vor J\u00f6rg Baldes vom MSC Adenau, der mit seinem Serpent zwar einen dritten Laufrang erzielte, zweimal aber nach ungl\u00fccklichen Zwischenf\u00e4llen mit Rang sechs vorliebnehmen musste. Sechster wurde Jens Sch\u00e4fer (MAC Adenau) ebenfalls mit Serpent. Das B-Finale ging eindeutig an Oliver Kaufmann (RC-Chaoten-Club K\u00f6ln), der mit seinem Yokomo Frank Hoeschler (MAC Meckenheim\/Xray) und Marc Hunz (MAC Adenau\/Xray) als bestem Nachwuchspilot hinter sich lie\u00df.<\/p>\n<figure id=\"attachment_9243\" aria-describedby=\"caption-attachment-9243\" style=\"width: 765px\" class=\"wp-caption alignleft\"><a href=\"http:\/\/brcnews.net\/wp-content\/uploads\/2015\/11\/1024_MAC-Adenau-TWC1.04.jpg\"><img loading=\"lazy\" class=\"wp-image-9243 size-full colorbox-9238\" src=\"http:\/\/brcnews.net\/wp-content\/uploads\/2015\/11\/1024_MAC-Adenau-TWC1.04.jpg\" alt=\"1024_MAC Adenau TWC1.04\" width=\"765\" height=\"419\" srcset=\"https:\/\/brcnews.net\/wp-content\/uploads\/2015\/11\/1024_MAC-Adenau-TWC1.04.jpg 765w, https:\/\/brcnews.net\/wp-content\/uploads\/2015\/11\/1024_MAC-Adenau-TWC1.04-300x164.jpg 300w\" sizes=\"(max-width: 765px) 100vw, 765px\" \/><\/a><figcaption id=\"caption-attachment-9243\" class=\"wp-caption-text\">Die Sieger in der Klasse 1:12 (von links): Michael Weiler (Platz 2), Bernd Wiesenberger (Platz 1), David Ranft (Platz 3) und Hartmut Rose (Sieger B-Finale)<\/figcaption><\/figure>\n<p>Nach der eindrucksvollen Deutschen Meisterschaft mit 70 Teilnehmern im M\u00e4rz dieses Jahres (<span style=\"color: #008000;\"><em><strong>BRCNEWS<\/strong><\/em><\/span> berichtete im RennTicker) bereichern auch die Le-Mans-Prototypen im Ma\u00dfstab 1:12 und mit 10.5T-Stock-Motoren wieder das Bild auf dem Eifel-Ring. Bernd Wiesenberger (Black Forest Racer) sicherte sich beim zweiten Einsatz mit CRC die Pole-Position mit eineinhalb Sekunden Vorsprung auf Doppelstarter Jens Sch\u00e4fer (MAC Adenau\/Serpent). W\u00e4hrend Wiesenberger aber alle drei Finals f\u00fcr sich entscheiden konnte, kam Sch\u00e4fer jeweils nur wenige Runden weit und musste schlie\u00dflich mit dem sechsten Abschlussrang vorlieb nehmen. Zweiter wurde Michael Weiler (MAC Adenau), der mit seinem Xray in allen drei Acht-Minuten-L\u00e4ufen Zweiter wurde. Nach zwei dritten Pl\u00e4tzen durfte Xray-Markenkollege David Ranft (Team SMI Siegen) den dritten Rang auf dem Podium einnehmen. Auf den Pl\u00e4tzen vier und f\u00fcnf landete das Xray-Duo Michael Holla (MRC Rhein-Neckar) und Markus Lehr (Wiesbadener Minicar-Club). Das B-Finale gewann Xray-Pilot Hartmus Rose (MSC Asbach) vor Benjamin K\u00fcsters (Black Forest Racer\/Xray) und Willi Kreiterling (Asso).<\/p>\n<figure id=\"attachment_9246\" aria-describedby=\"caption-attachment-9246\" style=\"width: 585px\" class=\"wp-caption alignleft\"><a href=\"http:\/\/brcnews.net\/wp-content\/uploads\/2015\/11\/1024_MAC-Adenau-TWC1.06.jpg\"><img loading=\"lazy\" class=\"wp-image-9246 size-full colorbox-9238\" src=\"http:\/\/brcnews.net\/wp-content\/uploads\/2015\/11\/1024_MAC-Adenau-TWC1.06.jpg\" alt=\"1024_MAC Adenau TWC1.06\" width=\"585\" height=\"320\" srcset=\"https:\/\/brcnews.net\/wp-content\/uploads\/2015\/11\/1024_MAC-Adenau-TWC1.06.jpg 585w, https:\/\/brcnews.net\/wp-content\/uploads\/2015\/11\/1024_MAC-Adenau-TWC1.06-300x164.jpg 300w\" sizes=\"(max-width: 585px) 100vw, 585px\" \/><\/a><figcaption id=\"caption-attachment-9246\" class=\"wp-caption-text\">Der Xray X1 von Michael Weiler. Er war der einzige Starter in der Klasse Formel<\/figcaption><\/figure>\n<p>Nur mit einem Teilnehmer besetzt war die neue F1-Klasse, so dass Doppelstarter Michael Weiler sich mit seinem Xray ebenso unbedr\u00e4ngt den Siegerpokal einheimsen konnte wie der elf Jahre alte Rookie Arian Wirtz, der bei seiner Rennpremiere mit einem Tamiya TT-01 zu \u00fcberzeugen wusste.<\/p>\n<p>Nach intensivem Training \u00fcber zehn Stunden am Samstag erlebten die Piloten am Sonntag einen reibungslosen Renntag unter der Regie von Rennleiter und Zeitnehmer Uwe Baldes. Der Tonisport-Winter-Cup wird am 12.\/13. Dezember 2015 und am 2.\/3. Januar 2016 mit den L\u00e4ufen zwei und drei fortgesetzt.<\/p>\n<p>Weitere Informationen: <a href=\"http:\/\/www.mac-adenau.de\">www.mac-adenau.de<\/a><\/p>\n<p>Die komplette Ergebnisliste gibt es unter folgendem Link:<\/p>\n<ul>\n<li><a href=\"http:\/\/brcnews.net\/wp-content\/uploads\/2015\/11\/MAC-Adenau-TWC1-Finalrangliste.pdf\">MAC Adenau TWC1 &#8211; Finalrangliste<\/a><\/li>\n<\/ul>\n<p><em>Text: Uwe Baldes, Fotos : MAC Adenau<\/em><\/p>\n<div class=\"twoclick_social_bookmarks_post_9238 social_share_privacy clearfix 1.6.4 locale-de_DE sprite-de_DE\"><\/div><div class=\"twoclick-js\"><script type=\"text\/javascript\">\/* <![CDATA[ *\/\njQuery(document).ready(function($){if($('.twoclick_social_bookmarks_post_9238')){$('.twoclick_social_bookmarks_post_9238').socialSharePrivacy({\"services\":{\"facebook\":{\"status\":\"on\",\"txt_info\":\"2 Klicks f\\u00fcr mehr Datenschutz: Erst wenn Sie hier klicken, wird der Button aktiv und Sie k\\u00f6nnen Ihre Empfehlung an Facebook senden. Schon beim Aktivieren werden Daten an Dritte \\u00fcbertragen - siehe <em>i<\\\/em>.\",\"perma_option\":\"off\",\"action\":\"recommend\",\"language\":\"de_DE\"},\"twitter\":{\"reply_to\":\"\",\"tweet_text\":\"Tonisport-Winter-Cup%3A%20Gelungener%20Auftakt%20%C2%BB%20BRCNEWS.NET%20%23Eifel-Ring%20%23MAC%20Adenau%20%23TWC\",\"status\":\"on\",\"txt_info\":\"2 Klicks f\\u00fcr mehr Datenschutz: Erst wenn Sie hier klicken, wird der Button aktiv und Sie k\\u00f6nnen Ihre Empfehlung an Twitter senden. Schon beim Aktivieren werden Daten an Dritte \\u00fcbertragen - siehe <em>i<\\\/em>.\",\"perma_option\":\"off\",\"language\":\"de\",\"referrer_track\":\"\"},\"gplus\":{\"status\":\"on\",\"txt_info\":\"2 Klicks f\\u00fcr mehr Datenschutz: Erst wenn Sie hier klicken, wird der Button aktiv und Sie k\\u00f6nnen Ihre Empfehlung an Google+ senden. Schon beim Aktivieren werden Daten an Dritte \\u00fcbertragen - siehe <em>i<\\\/em>.\",\"perma_option\":\"off\",\"referrer_track\":\"\"}},\"txt_help\":\"Wenn Sie diese Felder durch einen Klick aktivieren, werden Informationen an Facebook, Twitter, Flattr, Xing, t3n, LinkedIn, Pinterest oder Google eventuell ins Ausland \\u00fcbertragen und unter Umst\\u00e4nden auch dort gespeichert. N\\u00e4heres erfahren Sie durch einen Klick auf das <em>i<\\\/em>.\",\"settings_perma\":\"Dauerhaft aktivieren und Daten\\u00fcber-tragung zustimmen:\",\"info_link\":\"http:\\\/\\\/www.heise.de\\\/ct\\\/artikel\\\/2-Klicks-fuer-mehr-Datenschutz-1333879.html\",\"uri\":\"https:\\\/\\\/brcnews.net\\\/?p=9238\",\"post_id\":9238,\"post_title_referrer_track\":\"Tonisport-Winter-Cup%3A+Gelungener+Auftakt\",\"display_infobox\":\"on\"});}});\n\/* ]]> *\/<\/script><\/div>","protected":false},"excerpt":{"rendered":"<p>Der Tonisport-Winter-Cup ist erfolgreich in seine f\u00fcnfte Saison gestartet. Die beliebte Rennserie, die einmal mehr von Tonisport unterst\u00fctzt und ausschlie\u00dflich auf dem bestens pr\u00e4parierten<\/p>\n","protected":false},"author":1,"featured_media":9242,"comment_status":"closed","ping_status":"open","sticky":false,"template":"","format":"standard","meta":[],"categories":[16],"tags":[52,173,262],"_links":{"self":[{"href":"https:\/\/brcnews.net\/index.php?rest_route=\/wp\/v2\/posts\/9238"}],"collection":[{"href":"https:\/\/brcnews.net\/index.php?rest_route=\/wp\/v2\/posts"}],"about":[{"href":"https:\/\/brcnews.net\/index.php?rest_route=\/wp\/v2\/types\/post"}],"author":[{"embeddable":true,"href":"https:\/\/brcnews.net\/index.php?rest_route=\/wp\/v2\/users\/1"}],"replies":[{"embeddable":true,"href":"https:\/\/brcnews.net\/index.php?rest_route=%2Fwp%2Fv2%2Fcomments&post=9238"}],"version-history":[{"count":2,"href":"https:\/\/brcnews.net\/index.php?rest_route=\/wp\/v2\/posts\/9238\/revisions"}],"predecessor-version":[{"id":9247,"href":"https:\/\/brcnews.net\/index.php?rest_route=\/wp\/v2\/posts\/9238\/revisions\/9247"}],"wp:featuredmedia":[{"embeddable":true,"href":"https:\/\/brcnews.net\/index.php?rest_route=\/wp\/v2\/media\/9242"}],"wp:attachment":[{"href":"https:\/\/brcnews.net\/index.php?rest_route=%2Fwp%2Fv2%2Fmedia&parent=9238"}],"wp:term":[{"taxonomy":"category","embeddable":true,"href":"https:\/\/brcnews.net\/index.php?rest_route=%2Fwp%2Fv2%2Fcategories&post=9238"},{"taxonomy":"post_tag","embeddable":true,"href":"https:\/\/brcnews.net\/index.php?rest_route=%2Fwp%2Fv2%2Ftags&post=9238"}],"curies":[{"name":"wp","href":"https:\/\/api.w.org\/{rel}","templated":true}]}}