{"id":7897,"date":"2015-08-30T14:52:16","date_gmt":"2015-08-30T12:52:16","guid":{"rendered":"http:\/\/brcnews.net\/?p=7897"},"modified":"2015-09-02T13:16:49","modified_gmt":"2015-09-02T11:16:49","slug":"mac-meckenheim-biegt-beim-streckenneubau-auf-die-zielgerade-ein","status":"publish","type":"post","link":"https:\/\/brcnews.net\/?p=7897","title":{"rendered":"MAC Meckenheim biegt beim Streckenneubau auf die Zielgerade ein"},"content":{"rendered":"<p>Der MAC Meckenheim biegt beim Neubau seiner Strecke auf die Zielgerade ein. <span style=\"color: #008000;\"><strong><em>BRCNEWS<\/em><\/strong><\/span> hat sich wieder am letzten Augustwochenende vor Ort umgesehen. Fast ein Drittel der\u00a0 Mitglieder waren im Einsatz und packten tatkr\u00e4ftig mit an.<!--more--><\/p>\n<figure id=\"attachment_7903\" aria-describedby=\"caption-attachment-7903\" style=\"width: 300px\" class=\"wp-caption aligncenter\"><a href=\"http:\/\/brcnews.net\/wp-content\/uploads\/2015\/08\/MACMeck.108x1.jpg\"><img loading=\"lazy\" class=\"wp-image-7903 size-medium colorbox-7897\" src=\"http:\/\/brcnews.net\/wp-content\/uploads\/2015\/08\/MACMeck.108x1-300x171.jpg\" alt=\"MACMeck.108x\" width=\"300\" height=\"171\" srcset=\"https:\/\/brcnews.net\/wp-content\/uploads\/2015\/08\/MACMeck.108x1-300x171.jpg 300w, https:\/\/brcnews.net\/wp-content\/uploads\/2015\/08\/MACMeck.108x1.jpg 800w\" sizes=\"(max-width: 300px) 100vw, 300px\" \/><\/a><figcaption id=\"caption-attachment-7903\" class=\"wp-caption-text\">Johannes Tomke ist f\u00fcr den Bau der Curbs zust\u00e4ndig. Das ist eine aufw\u00e4ndige Arbeit<\/figcaption><\/figure>\n<p>Das Streckenlayout steht. Ein Teil der Curbs sind fertig. Johannes Tomke ist der Fachmann daf\u00fcr. Die letzten wurden jetzt gefertigt. Vorsitzender Wulf Mehl hatte schon viele mit wei\u00dfer Farbe gestrichen. Auch ein Teil der Fahrbahnbegrenzungen sind aufgetragen.<\/p>\n<figure id=\"attachment_7904\" aria-describedby=\"caption-attachment-7904\" style=\"width: 300px\" class=\"wp-caption aligncenter\"><a href=\"http:\/\/brcnews.net\/wp-content\/uploads\/2015\/08\/MACMeck.109x1.jpg\"><img loading=\"lazy\" class=\"wp-image-7904 size-medium colorbox-7897\" src=\"http:\/\/brcnews.net\/wp-content\/uploads\/2015\/08\/MACMeck.109x1-300x183.jpg\" alt=\"MACMeck.109x\" width=\"300\" height=\"183\" srcset=\"https:\/\/brcnews.net\/wp-content\/uploads\/2015\/08\/MACMeck.109x1-300x183.jpg 300w, https:\/\/brcnews.net\/wp-content\/uploads\/2015\/08\/MACMeck.109x1.jpg 800w\" sizes=\"(max-width: 300px) 100vw, 300px\" \/><\/a><figcaption id=\"caption-attachment-7904\" class=\"wp-caption-text\">Christian Chychla und Michael Schindler kleben die Konturen der Begrenzungslinien ab<\/figcaption><\/figure>\n<figure id=\"attachment_7905\" aria-describedby=\"caption-attachment-7905\" style=\"width: 300px\" class=\"wp-caption aligncenter\"><a href=\"http:\/\/brcnews.net\/wp-content\/uploads\/2015\/08\/MACMeck.112x1.jpg\"><img loading=\"lazy\" class=\"wp-image-7905 size-medium colorbox-7897\" src=\"http:\/\/brcnews.net\/wp-content\/uploads\/2015\/08\/MACMeck.112x1-300x179.jpg\" alt=\"MACMeck.112x\" width=\"300\" height=\"179\" srcset=\"https:\/\/brcnews.net\/wp-content\/uploads\/2015\/08\/MACMeck.112x1-300x179.jpg 300w, https:\/\/brcnews.net\/wp-content\/uploads\/2015\/08\/MACMeck.112x1.jpg 800w\" sizes=\"(max-width: 300px) 100vw, 300px\" \/><\/a><figcaption id=\"caption-attachment-7905\" class=\"wp-caption-text\">Dabei ist auch Jan Rettke<\/figcaption><\/figure>\n<figure id=\"attachment_7902\" aria-describedby=\"caption-attachment-7902\" style=\"width: 300px\" class=\"wp-caption aligncenter\"><a href=\"http:\/\/brcnews.net\/wp-content\/uploads\/2015\/08\/MACMeck.103x1.jpg\"><img loading=\"lazy\" class=\"wp-image-7902 size-medium colorbox-7897\" src=\"http:\/\/brcnews.net\/wp-content\/uploads\/2015\/08\/MACMeck.103x1-300x151.jpg\" alt=\"MACMeck.103x\" width=\"300\" height=\"151\" srcset=\"https:\/\/brcnews.net\/wp-content\/uploads\/2015\/08\/MACMeck.103x1-300x151.jpg 300w, https:\/\/brcnews.net\/wp-content\/uploads\/2015\/08\/MACMeck.103x1.jpg 800w\" sizes=\"(max-width: 300px) 100vw, 300px\" \/><\/a><figcaption id=\"caption-attachment-7902\" class=\"wp-caption-text\">Vorsitzender Wulf Mehl ist f\u00fcr das Streichen zust\u00e4ndig<\/figcaption><\/figure>\n<p>Ein anderer Trupp war damit besch\u00e4ftigt, den Zaun f\u00fcr die Absperrung der Strecke zum Zuschauerbereich zu erstellen. Die L\u00f6cher f\u00fcr die Pfosten bohrten sie in den festen Boden.<\/p>\n<figure id=\"attachment_7920\" aria-describedby=\"caption-attachment-7920\" style=\"width: 300px\" class=\"wp-caption aligncenter\"><a href=\"http:\/\/brcnews.net\/wp-content\/uploads\/2015\/08\/MACMeck.104x.jpg\"><img loading=\"lazy\" class=\"wp-image-7920 size-medium colorbox-7897\" src=\"http:\/\/brcnews.net\/wp-content\/uploads\/2015\/08\/MACMeck.104x-300x212.jpg\" alt=\"MACMeck.104x\" width=\"300\" height=\"212\" srcset=\"https:\/\/brcnews.net\/wp-content\/uploads\/2015\/08\/MACMeck.104x-300x212.jpg 300w, https:\/\/brcnews.net\/wp-content\/uploads\/2015\/08\/MACMeck.104x.jpg 800w\" sizes=\"(max-width: 300px) 100vw, 300px\" \/><\/a><figcaption id=\"caption-attachment-7920\" class=\"wp-caption-text\">Errichten den Zaun (von links): Andre Zochert, Hans-Peter Kelter, Toni Reichartz, Frank H\u00f6schler und Martin Schippers<\/figcaption><\/figure>\n<figure id=\"attachment_7907\" aria-describedby=\"caption-attachment-7907\" style=\"width: 300px\" class=\"wp-caption aligncenter\"><a href=\"http:\/\/brcnews.net\/wp-content\/uploads\/2015\/08\/MACMeck.119x1.jpg\"><img loading=\"lazy\" class=\"wp-image-7907 size-medium colorbox-7897\" src=\"http:\/\/brcnews.net\/wp-content\/uploads\/2015\/08\/MACMeck.119x1-300x165.jpg\" alt=\"MACMeck.119x\" width=\"300\" height=\"165\" srcset=\"https:\/\/brcnews.net\/wp-content\/uploads\/2015\/08\/MACMeck.119x1-300x165.jpg 300w, https:\/\/brcnews.net\/wp-content\/uploads\/2015\/08\/MACMeck.119x1-672x372.jpg 672w, https:\/\/brcnews.net\/wp-content\/uploads\/2015\/08\/MACMeck.119x1.jpg 800w\" sizes=\"(max-width: 300px) 100vw, 300px\" \/><\/a><figcaption id=\"caption-attachment-7907\" class=\"wp-caption-text\">Beim Aufbau des Zauns hilfst auch Eric Baer (im Hintergrund)<\/figcaption><\/figure>\n<p>Weit fortgeschritten sind die Arbeiten am \u00fcberdachten Fahrerlager, in dem 44 Schrauber ausreichend Platz finden. Jeder Platz verf\u00fcgt \u00fcber eine eigene Steckdose.<\/p>\n<figure id=\"attachment_7898\" aria-describedby=\"caption-attachment-7898\" style=\"width: 300px\" class=\"wp-caption aligncenter\"><a href=\"http:\/\/brcnews.net\/wp-content\/uploads\/2015\/08\/MACMeck.126x1.jpg\"><img loading=\"lazy\" class=\"wp-image-7898 size-medium colorbox-7897\" src=\"http:\/\/brcnews.net\/wp-content\/uploads\/2015\/08\/MACMeck.126x1-300x165.jpg\" alt=\"MACMeck.126x\" width=\"300\" height=\"165\" srcset=\"https:\/\/brcnews.net\/wp-content\/uploads\/2015\/08\/MACMeck.126x1-300x165.jpg 300w, https:\/\/brcnews.net\/wp-content\/uploads\/2015\/08\/MACMeck.126x1-672x372.jpg 672w, https:\/\/brcnews.net\/wp-content\/uploads\/2015\/08\/MACMeck.126x1.jpg 800w\" sizes=\"(max-width: 300px) 100vw, 300px\" \/><\/a><figcaption id=\"caption-attachment-7898\" class=\"wp-caption-text\">Das \u00fcberdachte Fahrerlager<\/figcaption><\/figure>\n<p>Die Arbeiten ziehen sich nun doch schon etwas l\u00e4nger hin. Seit Beginn der Bauphase musste der Verein eine Menge Auflagen erf\u00fcllen. Doch die Mitglieder sind motiviert &#8211;\u00a0 immer noch so wie zu Beginn der Arbeiten. Rund 2000 Arbeitsstunden haben sie bisher in Streckenbau investriert, berichtet Wulf Mehl, der Vorsitzende des Vereins.<\/p>\n<figure id=\"attachment_7901\" aria-describedby=\"caption-attachment-7901\" style=\"width: 800px\" class=\"wp-caption aligncenter\"><a href=\"http:\/\/brcnews.net\/wp-content\/uploads\/2015\/08\/MACMeck.102x1.jpg\"><img loading=\"lazy\" class=\"wp-image-7901 size-full colorbox-7897\" src=\"http:\/\/brcnews.net\/wp-content\/uploads\/2015\/08\/MACMeck.102x1.jpg\" alt=\"MACMeck.102x\" width=\"800\" height=\"451\" srcset=\"https:\/\/brcnews.net\/wp-content\/uploads\/2015\/08\/MACMeck.102x1.jpg 800w, https:\/\/brcnews.net\/wp-content\/uploads\/2015\/08\/MACMeck.102x1-300x169.jpg 300w\" sizes=\"(max-width: 800px) 100vw, 800px\" \/><\/a><figcaption id=\"caption-attachment-7901\" class=\"wp-caption-text\">Bis Mitte Oktober soll der Neubau der Strecke abgeschlossen sein<\/figcaption><\/figure>\n<p>Die Er\u00f6ffnung der Strecke ist nun f\u00fcr Mitte Oktober geplant.Wulf Mehl und Bruno Czernik, der zweite Vorsitzende und Rennleiter des Vereins, planen daf\u00fcr ein interessantes Programm.<\/p>\n<p><a href=\"http:\/\/brcnews.net\/wp-content\/uploads\/2015\/08\/Streckenlayout-MAC1.jpg\"><img loading=\"lazy\" class=\"aligncenter wp-image-7900 size-full colorbox-7897\" src=\"http:\/\/brcnews.net\/wp-content\/uploads\/2015\/08\/Streckenlayout-MAC1.jpg\" alt=\"Streckenlayout MAC\" width=\"755\" height=\"365\" srcset=\"https:\/\/brcnews.net\/wp-content\/uploads\/2015\/08\/Streckenlayout-MAC1.jpg 755w, https:\/\/brcnews.net\/wp-content\/uploads\/2015\/08\/Streckenlayout-MAC1-300x145.jpg 300w\" sizes=\"(max-width: 755px) 100vw, 755px\" \/><\/a><\/p>\n<hr \/>\n<p><strong>Weitere Berichte zum Streckenneubau in Meckenheim:<\/strong><\/p>\n<ul>\n<li><span class=\"item-title\"><a href=\"http:\/\/brcnews.net\/?p=3599\">MAC Meckenheim baut neue RC-Car-Strecke<\/a><\/span><\/li>\n<li><span class=\"item-title\"><a href=\"http:\/\/brcnews.net\/?p=6311\">MAC Meckenheim \u2013 Streckenbau macht Fortschritte<\/a><\/span><\/li>\n<\/ul>\n<div class=\"twoclick_social_bookmarks_post_7897 social_share_privacy clearfix 1.6.4 locale-de_DE sprite-de_DE\"><\/div><div class=\"twoclick-js\"><script type=\"text\/javascript\">\/* <![CDATA[ *\/\njQuery(document).ready(function($){if($('.twoclick_social_bookmarks_post_7897')){$('.twoclick_social_bookmarks_post_7897').socialSharePrivacy({\"services\":{\"facebook\":{\"status\":\"on\",\"txt_info\":\"2 Klicks f\\u00fcr mehr Datenschutz: Erst wenn Sie hier klicken, wird der Button aktiv und Sie k\\u00f6nnen Ihre Empfehlung an Facebook senden. Schon beim Aktivieren werden Daten an Dritte \\u00fcbertragen - siehe <em>i<\\\/em>.\",\"perma_option\":\"off\",\"action\":\"recommend\",\"language\":\"de_DE\"},\"twitter\":{\"reply_to\":\"\",\"tweet_text\":\"%20MAC%20Meckenheim%20biegt%20beim%20Streckenneubau%20auf%20die%20Zielgerade%20ein%20%C2%BB%20BRCNEWS.NET%20...\",\"status\":\"on\",\"txt_info\":\"2 Klicks f\\u00fcr mehr Datenschutz: Erst wenn Sie hier klicken, wird der Button aktiv und Sie k\\u00f6nnen Ihre Empfehlung an Twitter senden. Schon beim Aktivieren werden Daten an Dritte \\u00fcbertragen - siehe <em>i<\\\/em>.\",\"perma_option\":\"off\",\"language\":\"de\",\"referrer_track\":\"\"},\"gplus\":{\"status\":\"on\",\"txt_info\":\"2 Klicks f\\u00fcr mehr Datenschutz: Erst wenn Sie hier klicken, wird der Button aktiv und Sie k\\u00f6nnen Ihre Empfehlung an Google+ senden. Schon beim Aktivieren werden Daten an Dritte \\u00fcbertragen - siehe <em>i<\\\/em>.\",\"perma_option\":\"off\",\"referrer_track\":\"\"}},\"txt_help\":\"Wenn Sie diese Felder durch einen Klick aktivieren, werden Informationen an Facebook, Twitter, Flattr, Xing, t3n, LinkedIn, Pinterest oder Google eventuell ins Ausland \\u00fcbertragen und unter Umst\\u00e4nden auch dort gespeichert. N\\u00e4heres erfahren Sie durch einen Klick auf das <em>i<\\\/em>.\",\"settings_perma\":\"Dauerhaft aktivieren und Daten\\u00fcber-tragung zustimmen:\",\"info_link\":\"http:\\\/\\\/www.heise.de\\\/ct\\\/artikel\\\/2-Klicks-fuer-mehr-Datenschutz-1333879.html\",\"uri\":\"https:\\\/\\\/brcnews.net\\\/?p=7897\",\"post_id\":7897,\"post_title_referrer_track\":\"MAC+Meckenheim+biegt+beim+Streckenneubau+auf+die+Zielgerade+ein\",\"display_infobox\":\"on\"});}});\n\/* ]]> *\/<\/script><\/div>","protected":false},"excerpt":{"rendered":"<p>Der MAC Meckenheim biegt beim Neubau seiner Strecke auf die Zielgerade ein. BRCNEWS hat sich wieder am letzten Augustwochenende vor Ort umgesehen. Fast ein Drittel der\u00a0 Mitglieder waren im Einsatz und packten tatkr\u00e4ftig mit an.<\/p>\n","protected":false},"author":1,"featured_media":7899,"comment_status":"closed","ping_status":"open","sticky":false,"template":"","format":"standard","meta":[],"categories":[12],"tags":[147],"_links":{"self":[{"href":"https:\/\/brcnews.net\/index.php?rest_route=\/wp\/v2\/posts\/7897"}],"collection":[{"href":"https:\/\/brcnews.net\/index.php?rest_route=\/wp\/v2\/posts"}],"about":[{"href":"https:\/\/brcnews.net\/index.php?rest_route=\/wp\/v2\/types\/post"}],"author":[{"embeddable":true,"href":"https:\/\/brcnews.net\/index.php?rest_route=\/wp\/v2\/users\/1"}],"replies":[{"embeddable":true,"href":"https:\/\/brcnews.net\/index.php?rest_route=%2Fwp%2Fv2%2Fcomments&post=7897"}],"version-history":[{"count":16,"href":"https:\/\/brcnews.net\/index.php?rest_route=\/wp\/v2\/posts\/7897\/revisions"}],"predecessor-version":[{"id":7928,"href":"https:\/\/brcnews.net\/index.php?rest_route=\/wp\/v2\/posts\/7897\/revisions\/7928"}],"wp:featuredmedia":[{"embeddable":true,"href":"https:\/\/brcnews.net\/index.php?rest_route=\/wp\/v2\/media\/7899"}],"wp:attachment":[{"href":"https:\/\/brcnews.net\/index.php?rest_route=%2Fwp%2Fv2%2Fmedia&parent=7897"}],"wp:term":[{"taxonomy":"category","embeddable":true,"href":"https:\/\/brcnews.net\/index.php?rest_route=%2Fwp%2Fv2%2Fcategories&post=7897"},{"taxonomy":"post_tag","embeddable":true,"href":"https:\/\/brcnews.net\/index.php?rest_route=%2Fwp%2Fv2%2Ftags&post=7897"}],"curies":[{"name":"wp","href":"https:\/\/api.w.org\/{rel}","templated":true}]}}