{"id":6670,"date":"2015-06-26T11:07:28","date_gmt":"2015-06-26T09:07:28","guid":{"rendered":"http:\/\/brcnews.net\/?p=6670"},"modified":"2015-06-27T08:36:21","modified_gmt":"2015-06-27T06:36:21","slug":"euro-touring-series-20142015-finale-in-trencin-tag-1","status":"publish","type":"post","link":"https:\/\/brcnews.net\/?p=6670","title":{"rendered":"Euro Touring Series 2014\/2015 &#8211; Finale in Trencin &#8211; Tag 1"},"content":{"rendered":"<h6><span style=\"text-decoration: underline; color: #008000;\"><strong>Letzte Meldung: 21:00 Uhr<\/strong><\/span><\/h6>\n<h4>Bruno Coelho gewinnt auch zweiten Vorlauf<\/h4>\n<figure id=\"attachment_6706\" aria-describedby=\"caption-attachment-6706\" style=\"width: 800px\" class=\"wp-caption alignleft\"><a href=\"http:\/\/brcnews.net\/wp-content\/uploads\/2015\/06\/ETSTrencin.020.jpg\"><img loading=\"lazy\" class=\"wp-image-6706 size-full colorbox-6670\" src=\"http:\/\/brcnews.net\/wp-content\/uploads\/2015\/06\/ETSTrencin.020.jpg\" alt=\"ETSTrencin.020\" width=\"800\" height=\"493\" srcset=\"https:\/\/brcnews.net\/wp-content\/uploads\/2015\/06\/ETSTrencin.020.jpg 800w, https:\/\/brcnews.net\/wp-content\/uploads\/2015\/06\/ETSTrencin.020-300x185.jpg 300w\" sizes=\"(max-width: 800px) 100vw, 800px\" \/><\/a><figcaption id=\"caption-attachment-6706\" class=\"wp-caption-text\">Warten auf den letzten Vorlauf<\/figcaption><\/figure>\n<p>Ein langer Renntag ist mit dem letzten Qualilauf der Klasse Modified zu Ende gegangen. Die Lichtverh\u00e4ltnisse auf der Strecke waren von Lauf zu Lauf schlechter geworden. Die Strecke war beim letzten Lauf <!--more-->noch einmal dicht umdr\u00e4ngt. Fast alle Teilnehmer waren noch vor Ort. Selbst die, deren Lauf schon Stunden zur\u00fccklag. Bruno Coelho gewann den Lauf von der Spitze. Es war sein zweiter Vorlaufsieg. Aklexander Hagberg wurde Zweiter, Yannic Pr\u00fcmper Dritter. In der Gesamtwertung f\u00fchrt Bruno Coelho vor Yannic Pr\u00fcmper und Akio Sobue.<\/p>\n<hr \/>\n<h6><span style=\"text-decoration: underline; color: #008000;\"><strong>Neue Meldung: 19:50 Uhr<\/strong><\/span><\/h6>\n<h4>David Ehrbar auf dem Weg zur Pole<\/h4>\n<figure id=\"attachment_6703\" aria-describedby=\"caption-attachment-6703\" style=\"width: 800px\" class=\"wp-caption alignleft\"><a href=\"http:\/\/brcnews.net\/wp-content\/uploads\/2015\/06\/ETSTrencin.019.jpg\"><img loading=\"lazy\" class=\"wp-image-6703 size-full colorbox-6670\" src=\"http:\/\/brcnews.net\/wp-content\/uploads\/2015\/06\/ETSTrencin.019.jpg\" alt=\"ETSTrencin.019\" width=\"800\" height=\"494\" srcset=\"https:\/\/brcnews.net\/wp-content\/uploads\/2015\/06\/ETSTrencin.019.jpg 800w, https:\/\/brcnews.net\/wp-content\/uploads\/2015\/06\/ETSTrencin.019-300x185.jpg 300w\" sizes=\"(max-width: 800px) 100vw, 800px\" \/><\/a><figcaption id=\"caption-attachment-6703\" class=\"wp-caption-text\">David Ehrbar ist heute mit dem Serpent F110 FS2 der Konkurrenz auf und\u00a0 davon gefahren<\/figcaption><\/figure>\n<p>David Ehrbar ist in Formel deutlich schneller als der Rest. Im zweiten Vorlauf hat er dem Zweitplatzierten, Jan Ratheisky fast drei Sekunden abgenommen. Der Serpent-Fahrer ist der einzige mit einer Rundenzeit von knapp \u00fcber 21,5 Sekunden. Au\u00dfer ihm f\u00e4hrt keine Rundenzeiten unter 22 Sekunden. Auf Platz 3 liegt Mike Gosvig.<\/p>\n<p>Jetzt f\u00e4hrt die Klasse Modified noch ihren zweiten Qualilauf. Danach geht ein langer Renntag zu Ende.<\/p>\n<hr \/>\n<h6><span style=\"text-decoration: underline; color: #008000;\"><strong>Neue Meldung: 18:50 Uhr<\/strong><\/span><\/h6>\n<h4>Nico Catelani gewinnt zweiten Vorlauf<\/h4>\n<p>Die Pro Stock-Fahrer haben f\u00fcr heute Feierabend. Der zweite Qualifikationslauf ist durch. In F\u00fchrung liegt jetzt der Italiener Nico Catelani, der den zweiten Qualilauf gewann. Jan Ratheisky ist auf Platz 2 zur\u00fcckgefallen. Der Norweger Helge Johannessen ist jetzt Dritter. Gewertet werden am Schluss die zwei besten von vier L\u00e4ufen. In der Wertung sind jetzt 141 Fahrer.<\/p>\n<p>Peter Jongeling \u00fcberpr\u00fcfte erneut die Getriebeuntersetzung. Alle vier waren mit einer legalen Untersetzung von 1:4,5 unterwegs.<\/p>\n<hr \/>\n<h6><span style=\"text-decoration: underline; color: #008000;\"><strong>Neue Meldung: 17:30 Uhr<\/strong><\/span><\/h6>\n<h4>Bruno Coelho setzt sich an die Spitze<\/h4>\n<figure id=\"attachment_6700\" aria-describedby=\"caption-attachment-6700\" style=\"width: 271px\" class=\"wp-caption alignleft\"><a href=\"http:\/\/brcnews.net\/wp-content\/uploads\/2015\/06\/ETSTrencin.018.jpg\"><img loading=\"lazy\" class=\"wp-image-6700 colorbox-6670\" src=\"http:\/\/brcnews.net\/wp-content\/uploads\/2015\/06\/ETSTrencin.018-258x300.jpg\" alt=\"ETSTrencin.018\" width=\"271\" height=\"315\" srcset=\"https:\/\/brcnews.net\/wp-content\/uploads\/2015\/06\/ETSTrencin.018-258x300.jpg 258w, https:\/\/brcnews.net\/wp-content\/uploads\/2015\/06\/ETSTrencin.018.jpg 689w\" sizes=\"(max-width: 271px) 100vw, 271px\" \/><\/a><figcaption id=\"caption-attachment-6700\" class=\"wp-caption-text\">Viel Arbeit f\u00fcr Yukojiro Umino an Ronald V\u00f6lkers Yokomo nach dessen Crash im ersten Vorlauf<\/figcaption><\/figure>\n<p>Bruno Coelho f\u00fchrt die Rangliste nach dem ersten Vorlauf in Modified an. Zweiter ist Viktor Wilck, Dritter Akio Sobue. Ronald V\u00f6lker schied nach einem schweren Crash bereits in der zweiten Runde aus. Fr\u00fch ausgeschieden sind auch Marc Rheinard und Alexander Hagberg.<\/p>\n<p>Der Portugiese Bruno Coelho hatte nach mehreren vielversprechenden Anl\u00e4ufen in Luxenburg seinen ersten ETS-Lauf gewonnen. F\u00fcr Xray war es der vierte ETS-Sieg in Modified.<\/p>\n<hr \/>\n<h6><span style=\"text-decoration: underline; color: #008000;\"><strong>Neue Meldung: 16:50 Uhr<\/strong><\/span><\/h6>\n<h4>Ausschluss nach Regelversto\u00df<\/h4>\n<p>Pl\u00f6tzlich war er wieder da \u2013 der Messstand zur \u00dcberpr\u00fcfung der Getriebeuntersetzung. Und wieder wurde ein Fahrer mit einer zu langen Getriebe\u00fcbersetzung In Pro Stock erwischt. Der in Holland konstruierte Messstand (Bericht <a href=\"http:\/\/brcnews.net\/?p=5764\">hier<\/a>) lie\u00df eine kleine Abweichung erkennen. Die Rennleitung schloss den Fahrer von der weiteren Teilnahme in Pro Stock aus. Bei einer Getriebe\u00fcberpr\u00fcfung beim ETS-Lauf in Riccione sprach die Rennleitung drei Disqualifikationen aus.<\/p>\n<hr \/>\n<h6><span style=\"text-decoration: underline; color: #008000;\"><strong>Neue Meldung: 16:20 Uhr<\/strong><\/span><\/h6>\n<h4>Ausschluss nach Regelversto\u00df<\/h4>\n<p>Pl\u00f6tzlich war er wieder da \u2013 der Messstand zur \u00dcberpr\u00fcfung der Getriebeuntersetzung. Und wieder wurde ein Fahrer mit einer zu langen Getriebe\u00fcbersetzung In Pro Stock erwischt. Der in Holland konstruierte Messstand (Bericht hier) lie\u00df eine kleine Abweichung erkennen. Die Rennleitung tat sich mit einer Entscheidung schwer. Am Schluss schloss sie den Fahrer schlie\u00dflich von der weiteren Teilnahme in Pro Stock aus. Bei einer Getriebe\u00fcberpr\u00fcfung beim ETS-Lauf in Riccione sprach die Rennleitung drei Disqualifikationen aus.<\/p>\n<hr \/>\n<h6><span style=\"text-decoration: underline; color: #008000;\"><strong>Neue Meldung: 16:20 Uhr<\/strong><\/span><\/h6>\n<h4>Formel: Nach dem ersten Vorlauf f\u00fchrt David Ehrbar<\/h4>\n<figure id=\"attachment_6696\" aria-describedby=\"caption-attachment-6696\" style=\"width: 800px\" class=\"wp-caption alignleft\"><a href=\"http:\/\/brcnews.net\/wp-content\/uploads\/2015\/06\/ETSTrencin.017.jpg\"><img loading=\"lazy\" class=\"wp-image-6696 size-full colorbox-6670\" src=\"http:\/\/brcnews.net\/wp-content\/uploads\/2015\/06\/ETSTrencin.017.jpg\" alt=\"ETSTrencin.017\" width=\"800\" height=\"535\" srcset=\"https:\/\/brcnews.net\/wp-content\/uploads\/2015\/06\/ETSTrencin.017.jpg 800w, https:\/\/brcnews.net\/wp-content\/uploads\/2015\/06\/ETSTrencin.017-300x201.jpg 300w\" sizes=\"(max-width: 800px) 100vw, 800px\" \/><\/a><figcaption id=\"caption-attachment-6696\" class=\"wp-caption-text\">Die schnellsten Formel&#8211;Piloten bei ihrem ersten Vorlauf<\/figcaption><\/figure>\n<p>Serpent-Pilot David Ehrbar hat den ersten Vorlauf in Formel gewonnen. Er ist bis jetzt der einzigste Formel-Fahrer, der bei seiner besten Runde unter 22 Sekunden blieb. Zweiter wurde der D\u00e4ne Mike Gosvig (Xray) mit einem R\u00fcckstand von \u00fcber drei Sekunden. Den dritten Platz belegte der \u00d6sterreicher Herbert Weber (CRC).<\/p>\n<hr \/>\n<h6><span style=\"text-decoration: underline; color: #008000;\"><strong>Neue Meldung: 15:10 Uhr<\/strong><\/span><\/h6>\n<h4>Jan Ratheisky gewinnt ersten Vorlauf in Pro Stock<\/h4>\n<figure id=\"attachment_6694\" aria-describedby=\"caption-attachment-6694\" style=\"width: 800px\" class=\"wp-caption alignleft\"><a href=\"http:\/\/brcnews.net\/wp-content\/uploads\/2015\/06\/ETSTrencin.0151.jpg\"><img loading=\"lazy\" class=\"wp-image-6694 size-full colorbox-6670\" src=\"http:\/\/brcnews.net\/wp-content\/uploads\/2015\/06\/ETSTrencin.0151.jpg\" alt=\"ETSTrencin.015\" width=\"800\" height=\"466\" srcset=\"https:\/\/brcnews.net\/wp-content\/uploads\/2015\/06\/ETSTrencin.0151.jpg 800w, https:\/\/brcnews.net\/wp-content\/uploads\/2015\/06\/ETSTrencin.0151-300x175.jpg 300w\" sizes=\"(max-width: 800px) 100vw, 800px\" \/><\/a><figcaption id=\"caption-attachment-6694\" class=\"wp-caption-text\">Jan Ratheisky ist der einzige Fahrer, der immer wieder in allen drei ETS-Klassen startet und dabei in Formel und Pro Stock immer zu den Top 10 geh\u00f6rt<\/figcaption><\/figure>\n<p>Jan Ratheisky hat den ersten Vorlauf in derKlasse Pro Stock gewonnen. Der Xray-Fahrer, der auch in der Hudy Arena wieder in allen drei Klassen f\u00e4hrt, hatte gegen\u00fcber dem Zweiten, dem Italiener Nico Catelani sieben Zehntelsekunden Vorsprung. Dritter wurde Johannes Sperr.<\/p>\n<hr \/>\n<h6><span style=\"text-decoration: underline; color: #008000;\"><strong>Neue Meldung: 13:30 Uhr<\/strong><\/span><\/h6>\n<h4>Training vorbei \u2013 Vorlaufgruppen neu eingeteilt<\/h4>\n<figure id=\"attachment_6691\" aria-describedby=\"caption-attachment-6691\" style=\"width: 197px\" class=\"wp-caption alignleft\"><a href=\"http:\/\/brcnews.net\/wp-content\/uploads\/2015\/06\/ETSTrencin.015.jpg\"><img loading=\"lazy\" class=\"wp-image-6691 size-medium colorbox-6670\" src=\"http:\/\/brcnews.net\/wp-content\/uploads\/2015\/06\/ETSTrencin.015-197x300.jpg\" alt=\"ETSTrencin.015\" width=\"197\" height=\"300\" srcset=\"https:\/\/brcnews.net\/wp-content\/uploads\/2015\/06\/ETSTrencin.015-197x300.jpg 197w, https:\/\/brcnews.net\/wp-content\/uploads\/2015\/06\/ETSTrencin.015.jpg 525w\" sizes=\"(max-width: 197px) 100vw, 197px\" \/><\/a><figcaption id=\"caption-attachment-6691\" class=\"wp-caption-text\">Julian Borowski<\/figcaption><\/figure>\n<p>Das Qualifying hat begonnen. Das einzige gezeitete Training ist zu Ende. In Pro Stock fuhr Julian Borowski (Serpent), der den letzten Lauf in Luxemburg gewann, die schnellsten drei zusammenh\u00e4ngenden Runden. Dahinter folgten Patrick Gassauer (Team Magic) und Kuba Simurda (Xray). In Formel war \u201eMister Formel\u201c, Jan Ratheisky (Xray), wieder schnellster Fahrer. Die Pl\u00e4tze dahinter belegten Herbert Weber (CRC) und Mike Gosvig (Xray). In Modified absolvierte Yannic Pr\u00fcmper (Yokomo) die schnellsten drei zusammenh\u00e4ngenden Runden als schnellster Pilot. Zweiter wurde sein Teamkollege Ronald V\u00f6lker. Drittschnellster war Marc Rheinard (Tamiya).<\/p>\n<hr \/>\n<h6><span style=\"text-decoration: underline; color: #008000;\"><strong>Neue Meldung: 12:10 Uhr<\/strong><\/span><\/h6>\n<h4>Einige Modified-Fahrer kleben selbst<\/h4>\n<figure id=\"attachment_6687\" aria-describedby=\"caption-attachment-6687\" style=\"width: 800px\" class=\"wp-caption alignleft\"><a href=\"http:\/\/brcnews.net\/wp-content\/uploads\/2015\/06\/ETSTrencin.014.jpg\"><img loading=\"lazy\" class=\"wp-image-6687 size-full colorbox-6670\" src=\"http:\/\/brcnews.net\/wp-content\/uploads\/2015\/06\/ETSTrencin.014.jpg\" alt=\"ETSTrencin.014\" width=\"800\" height=\"506\" srcset=\"https:\/\/brcnews.net\/wp-content\/uploads\/2015\/06\/ETSTrencin.014.jpg 800w, https:\/\/brcnews.net\/wp-content\/uploads\/2015\/06\/ETSTrencin.014-300x190.jpg 300w\" sizes=\"(max-width: 800px) 100vw, 800px\" \/><\/a><figcaption id=\"caption-attachment-6687\" class=\"wp-caption-text\">Yannic Pr\u00fcmper (links) und Marc Rheinard beim Auswiegen ihrer Reifen<\/figcaption><\/figure>\n<p>Es ist ein Privileg der Modified-Fahrer. Sie kleben ihre Reifen selbst. Unter Aufsicht! Die Topfahrer machen alle von dieser M\u00f6glichkeit Gebrauch. Die Prozedur geh\u00f6rt zu jedem ETS-Lauf dazu und ist immer die gleiche. Die Fahrer oder ihre Schrauber wiegen jeden einzelnen Reifen. Reifen mit dem gleichen Gewicht stellen sie dann zu einem Satz zusammen und verkleben sie sorgsam auf der Felge.<\/p>\n<hr \/>\n<h6><span style=\"text-decoration: underline; color: #008000;\"><strong>Neue Meldung: 11:40 Uhr<\/strong><\/span><\/h6>\n<h4>Neue Reifenaufkleber f\u00fcr Formel<\/h4>\n<figure id=\"attachment_6685\" aria-describedby=\"caption-attachment-6685\" style=\"width: 712px\" class=\"wp-caption alignleft\"><a href=\"http:\/\/brcnews.net\/wp-content\/uploads\/2015\/06\/ETSTrencin.013.jpg\"><img loading=\"lazy\" class=\"wp-image-6685 size-full colorbox-6670\" src=\"http:\/\/brcnews.net\/wp-content\/uploads\/2015\/06\/ETSTrencin.013.jpg\" alt=\"ETSTrencin.013\" width=\"712\" height=\"584\" srcset=\"https:\/\/brcnews.net\/wp-content\/uploads\/2015\/06\/ETSTrencin.013.jpg 712w, https:\/\/brcnews.net\/wp-content\/uploads\/2015\/06\/ETSTrencin.013-300x246.jpg 300w\" sizes=\"(max-width: 712px) 100vw, 712px\" \/><\/a><figcaption id=\"caption-attachment-6685\" class=\"wp-caption-text\">David Drewanz und Chrustian Schneider haben rund 100 Satz Reifen beklebt\u00a0\u00a0\u00a0\u00a0\u00a0\u00a0\u00a0\u00a0\u00a0\u00a0\u00a0\u00a0\u00a0\u00a0\u00a0\u00a0\u00a0\u00a0\u00a0\u00a0\u00a0\u00a0\u00a0\u00a0\u00a0\u00a0 Foto : David Drewanz<\/figcaption><\/figure>\n<p>Beim ETS in M\u00fclheim-K\u00e4rlich pr\u00e4sentierten David Drewanz und Christian Schneider zum ersten Mal ihre Reifenaufkleber f\u00fcr die Formelklasse (Bericht <a href=\"http:\/\/brcnews.net\/?p=4144\">hier<\/a>). Die wurden schnell Kult. Kaum ein Fahrer ging noch ohne auf die Piste.<\/p>\n<p>Jetzt gibt es die Formel-Reifen bei der Ausgabe gleich mit einem Aufkleber. Extra f\u00fcr dieses Rennen gemacht. Aufschrift: \u201eETS \u2013 Hudy Arena\u201c. Das ist dann der Standard f\u00fcr die n\u00e4chste Saison. F\u00fcr jedes Rennen gibt es dann eine neue Version.<\/p>\n<hr \/>\n<h6><span style=\"text-decoration: underline; color: #008000;\"><strong>Erste Meldung: 11:00 Uhr<\/strong><\/span><\/h6>\n<h4>Freies Training beendet<\/h4>\n<p>Die vierte und letzte Runde des freien Trainings ist gelaufen. Seit gestern Mittag suchen die Fahrer nach dem passenden Setup f\u00fcr ihr Fahrzeug. Von Trainingslauf zu Trainingslauf haben sie ihre Rundenzeiten verbessert. Die schnellsten Modified-Fahrer fuhren <!--more--><\/p>\n<figure id=\"attachment_6679\" aria-describedby=\"caption-attachment-6679\" style=\"width: 800px\" class=\"wp-caption alignleft\"><a href=\"http:\/\/brcnews.net\/wp-content\/uploads\/2015\/06\/ETSTrencin.010.jpg\"><img loading=\"lazy\" class=\"wp-image-6679 size-full colorbox-6670\" src=\"http:\/\/brcnews.net\/wp-content\/uploads\/2015\/06\/ETSTrencin.010.jpg\" alt=\"ETSTrencin.010\" width=\"800\" height=\"268\" srcset=\"https:\/\/brcnews.net\/wp-content\/uploads\/2015\/06\/ETSTrencin.010.jpg 800w, https:\/\/brcnews.net\/wp-content\/uploads\/2015\/06\/ETSTrencin.010-300x101.jpg 300w\" sizes=\"(max-width: 800px) 100vw, 800px\" \/><\/a><figcaption id=\"caption-attachment-6679\" class=\"wp-caption-text\">\u00dcber 350 Fahrer aus 36 Nationen haben f\u00fcr das gro\u00dfe Finale in der Hudy Arena genannt<\/figcaption><\/figure>\n<p>zuletzt Rundenzeiten von 18 Sekunden. Einige wenige sogar knapp darunter. In Pro Stock bewegen sich die schnellsten Rundenzeiten deutlich unter 21 Sekunden, in der Formel-Klasse f\u00e4hrt David Ehrbar knapp \u00fcber 22 Sekunden. In Modified war Yannic Pr\u00fcmper (Yokomo) schnellster Fahrer, in Pro Stock Nico Catalani, in Formel David Ehrbar (Serpent). Derzeit l\u00e4uft das gezeitete Training. Danach werden die Gruppen f\u00fcr die Vorl\u00e4ufe zusammengestellt.<\/p>\n<p>&nbsp;<\/p>\n<div class=\"twoclick_social_bookmarks_post_6670 social_share_privacy clearfix 1.6.4 locale-de_DE sprite-de_DE\"><\/div><div class=\"twoclick-js\"><script type=\"text\/javascript\">\/* <![CDATA[ *\/\njQuery(document).ready(function($){if($('.twoclick_social_bookmarks_post_6670')){$('.twoclick_social_bookmarks_post_6670').socialSharePrivacy({\"services\":{\"facebook\":{\"status\":\"on\",\"txt_info\":\"2 Klicks f\\u00fcr mehr Datenschutz: Erst wenn Sie hier klicken, wird der Button aktiv und Sie k\\u00f6nnen Ihre Empfehlung an Facebook senden. Schon beim Aktivieren werden Daten an Dritte \\u00fcbertragen - siehe <em>i<\\\/em>.\",\"perma_option\":\"off\",\"action\":\"recommend\",\"language\":\"de_DE\"},\"twitter\":{\"reply_to\":\"\",\"tweet_text\":\"%20Euro%20Touring%20Series%202014%2F2015%20%E2%80%93%20Finale%20in%20Trencin%20%E2%80%93%20Tag%201%20%C2%BB%20...\",\"status\":\"on\",\"txt_info\":\"2 Klicks f\\u00fcr mehr Datenschutz: Erst wenn Sie hier klicken, wird der Button aktiv und Sie k\\u00f6nnen Ihre Empfehlung an Twitter senden. Schon beim Aktivieren werden Daten an Dritte \\u00fcbertragen - siehe <em>i<\\\/em>.\",\"perma_option\":\"off\",\"language\":\"de\",\"referrer_track\":\"\"},\"gplus\":{\"status\":\"on\",\"txt_info\":\"2 Klicks f\\u00fcr mehr Datenschutz: Erst wenn Sie hier klicken, wird der Button aktiv und Sie k\\u00f6nnen Ihre Empfehlung an Google+ senden. Schon beim Aktivieren werden Daten an Dritte \\u00fcbertragen - siehe <em>i<\\\/em>.\",\"perma_option\":\"off\",\"referrer_track\":\"\"}},\"txt_help\":\"Wenn Sie diese Felder durch einen Klick aktivieren, werden Informationen an Facebook, Twitter, Flattr, Xing, t3n, LinkedIn, Pinterest oder Google eventuell ins Ausland \\u00fcbertragen und unter Umst\\u00e4nden auch dort gespeichert. N\\u00e4heres erfahren Sie durch einen Klick auf das <em>i<\\\/em>.\",\"settings_perma\":\"Dauerhaft aktivieren und Daten\\u00fcber-tragung zustimmen:\",\"info_link\":\"http:\\\/\\\/www.heise.de\\\/ct\\\/artikel\\\/2-Klicks-fuer-mehr-Datenschutz-1333879.html\",\"uri\":\"https:\\\/\\\/brcnews.net\\\/?p=6670\",\"post_id\":6670,\"post_title_referrer_track\":\"Euro+Touring+Series+2014%2F2015+%26%238211%3B+Finale+in+Trencin+%26%238211%3B+Tag+1\",\"display_infobox\":\"on\"});}});\n\/* ]]> *\/<\/script><\/div>","protected":false},"excerpt":{"rendered":"<p>Letzte Meldung: 21:00 Uhr Bruno Coelho gewinnt auch zweiten Vorlauf Ein langer Renntag ist mit dem letzten Qualilauf der Klasse Modified zu Ende gegangen. Die Lichtverh\u00e4ltnisse auf der Strecke waren von Lauf zu Lauf schlechter geworden. Die Strecke war beim letzten Lauf<\/p>\n","protected":false},"author":1,"featured_media":6681,"comment_status":"closed","ping_status":"open","sticky":false,"template":"","format":"standard","meta":[],"categories":[13],"tags":[73,144,145],"_links":{"self":[{"href":"https:\/\/brcnews.net\/index.php?rest_route=\/wp\/v2\/posts\/6670"}],"collection":[{"href":"https:\/\/brcnews.net\/index.php?rest_route=\/wp\/v2\/posts"}],"about":[{"href":"https:\/\/brcnews.net\/index.php?rest_route=\/wp\/v2\/types\/post"}],"author":[{"embeddable":true,"href":"https:\/\/brcnews.net\/index.php?rest_route=\/wp\/v2\/users\/1"}],"replies":[{"embeddable":true,"href":"https:\/\/brcnews.net\/index.php?rest_route=%2Fwp%2Fv2%2Fcomments&post=6670"}],"version-history":[{"count":20,"href":"https:\/\/brcnews.net\/index.php?rest_route=\/wp\/v2\/posts\/6670\/revisions"}],"predecessor-version":[{"id":6716,"href":"https:\/\/brcnews.net\/index.php?rest_route=\/wp\/v2\/posts\/6670\/revisions\/6716"}],"wp:featuredmedia":[{"embeddable":true,"href":"https:\/\/brcnews.net\/index.php?rest_route=\/wp\/v2\/media\/6681"}],"wp:attachment":[{"href":"https:\/\/brcnews.net\/index.php?rest_route=%2Fwp%2Fv2%2Fmedia&parent=6670"}],"wp:term":[{"taxonomy":"category","embeddable":true,"href":"https:\/\/brcnews.net\/index.php?rest_route=%2Fwp%2Fv2%2Fcategories&post=6670"},{"taxonomy":"post_tag","embeddable":true,"href":"https:\/\/brcnews.net\/index.php?rest_route=%2Fwp%2Fv2%2Ftags&post=6670"}],"curies":[{"name":"wp","href":"https:\/\/api.w.org\/{rel}","templated":true}]}}