{"id":6425,"date":"2015-06-12T15:22:16","date_gmt":"2015-06-12T13:22:16","guid":{"rendered":"http:\/\/brcnews.net\/?p=6425"},"modified":"2015-06-21T21:25:31","modified_gmt":"2015-06-21T19:25:31","slug":"clark-wohlert-ist-neuer-europameister-superbike","status":"publish","type":"post","link":"https:\/\/brcnews.net\/?p=6425","title":{"rendered":"Clark Wohlert ist neuer Europameister Superbike"},"content":{"rendered":"<p><a href=\"http:\/\/brcnews.net\/?p=109\">Clark Wohlert<\/a> hat am vergangenen Wochenende die L\u00e4ufe zur Europameisterschaft in der Klasse Superbike gewonnen. Auf der Rennstrecke in Lostallo (Schweiz) verwies er seinen Landsmann Peter <!--more--><\/p>\n<figure id=\"attachment_6429\" aria-describedby=\"caption-attachment-6429\" style=\"width: 713px\" class=\"wp-caption alignright\"><a href=\"http:\/\/brcnews.net\/wp-content\/uploads\/2015\/06\/Podium.1.jpg\"><img loading=\"lazy\" class=\"wp-image-6429 size-full colorbox-6425\" src=\"http:\/\/brcnews.net\/wp-content\/uploads\/2015\/06\/Podium.1.jpg\" alt=\"Podium.1\" width=\"713\" height=\"800\" srcset=\"https:\/\/brcnews.net\/wp-content\/uploads\/2015\/06\/Podium.1.jpg 713w, https:\/\/brcnews.net\/wp-content\/uploads\/2015\/06\/Podium.1-267x300.jpg 267w\" sizes=\"(max-width: 713px) 100vw, 713px\" \/><\/a><figcaption id=\"caption-attachment-6429\" class=\"wp-caption-text\">Auf dem Podium (von links): Peter Kahler (Platz 1), Clark Wohlert (Platz 1) und Simone Nascoti (Platz 3)<\/figcaption><\/figure>\n<p>Kahler und den Italiener Simone Nascosti auf die Pl\u00e4tze 2 und 3. Alle drei Fahrer waren mit dem Jabber-Bike unterwegs. Sie setzten au\u00dferdem auf die Reifen von Roadies. Der amtierende Weltmeister Stefan Polydor aus \u00d6sterreich (Bericht <a href=\"http:\/\/brcnews.net\/?p=224\">hier<\/a>) wurde Vierter. Er hatte in den drei Finall\u00e4ufen mit Elektronikproblemen zu k\u00e4mpfen. Die Entscheidung fiel im dritten Finallauf. Clark Wohlert war von der Pole in die Finall\u00e4ufe gegangen.<\/p>\n<figure id=\"attachment_6430\" aria-describedby=\"caption-attachment-6430\" style=\"width: 800px\" class=\"wp-caption alignright\"><a href=\"http:\/\/brcnews.net\/wp-content\/uploads\/2015\/06\/Podium.2.jpg\"><img loading=\"lazy\" class=\"wp-image-6430 size-full colorbox-6425\" src=\"http:\/\/brcnews.net\/wp-content\/uploads\/2015\/06\/Podium.2.jpg\" alt=\"Podium.2\" width=\"800\" height=\"477\" srcset=\"https:\/\/brcnews.net\/wp-content\/uploads\/2015\/06\/Podium.2.jpg 800w, https:\/\/brcnews.net\/wp-content\/uploads\/2015\/06\/Podium.2-300x179.jpg 300w\" sizes=\"(max-width: 800px) 100vw, 800px\" \/><\/a><figcaption id=\"caption-attachment-6430\" class=\"wp-caption-text\">Die Sieger der Klasse Stock (von links): Daniel Schula (Platz 2), Andreas Minaschek (Platz 1) und Vojin Pantovic(Platz 3)<\/figcaption><\/figure>\n<p>In der Klasse Stock gewann mit Andreas Minaschek aus \u00d6sterreich ebenfalls ein Fahrer mit einem Jabber Bike. Zweiter wurde Daniel Schula (RG) aus der Schweiz, Dritter Vojin Pantovic (Jabber) aus \u00d6sterreich. Daniel Schula fuhr mit Reifen von GRP, die beiden anderen mit Reifen von Roadies. Auch Andreas Minaschek startete von der Pole. Auch er sicherte sich den Titel erst im letzten Finallauf.<\/p>\n<p>Die Roadies-Fahrer hat sich verpflichtet, im Rennen nur zwei Paar Reifen einzusetzen. Clark Wohlert fuhr seine zehn L\u00e4ufe sogar mit nur einem Reifenpaar. Das waren insgesamt 140 Minuten.<\/p>\n<p><a href=\"http:\/\/brcnews.net\/wp-content\/uploads\/2015\/06\/ibc_logo.jpg\"><img loading=\"lazy\" class=\"alignleft wp-image-6433  colorbox-6425\" src=\"http:\/\/brcnews.net\/wp-content\/uploads\/2015\/06\/ibc_logo-150x150.jpg\" alt=\"ibc_logo\" width=\"116\" height=\"116\" srcset=\"https:\/\/brcnews.net\/wp-content\/uploads\/2015\/06\/ibc_logo-150x150.jpg 150w, https:\/\/brcnews.net\/wp-content\/uploads\/2015\/06\/ibc_logo-300x300.jpg 300w, https:\/\/brcnews.net\/wp-content\/uploads\/2015\/06\/ibc_logo.jpg 368w\" sizes=\"(max-width: 116px) 100vw, 116px\" \/><\/a>Die Europameisterschaft war gleichzeitig auch der zweite Lauf der Intenational Bike Challenge. Der n\u00e4chste Lauf dieser\u00a0 Challenge findet am 20.\/21. Juni 2015 auf der Rennstrecke in Dormagen statt.<\/p>\n<p><em>Fotos: Clark Wohlert<\/em><\/p>\n<hr \/>\n<p>Weitere Texte zur International Bike Challenge (IBC):<\/p>\n<ul>\n<li><a href=\"http:\/\/brcnews.net\/?p=5229\">International Bike Challenge \u2013 1. Lauf in Leipzig<\/a><\/li>\n<li><a href=\"http:\/\/brcnews.net\/?p=4896\">International Bike Challenge 2015<\/a><\/li>\n<li><a href=\"http:\/\/brcnews.net\/?p=5245\">Das ganz besondere Bike \u2013 made by Rudolf Grahamer<\/a><\/li>\n<\/ul>\n<p>&nbsp;<\/p>\n<div class=\"twoclick_social_bookmarks_post_6425 social_share_privacy clearfix 1.6.4 locale-de_DE sprite-de_DE\"><\/div><div class=\"twoclick-js\"><script type=\"text\/javascript\">\/* <![CDATA[ *\/\njQuery(document).ready(function($){if($('.twoclick_social_bookmarks_post_6425')){$('.twoclick_social_bookmarks_post_6425').socialSharePrivacy({\"services\":{\"facebook\":{\"status\":\"on\",\"txt_info\":\"2 Klicks f\\u00fcr mehr Datenschutz: Erst wenn Sie hier klicken, wird der Button aktiv und Sie k\\u00f6nnen Ihre Empfehlung an Facebook senden. Schon beim Aktivieren werden Daten an Dritte \\u00fcbertragen - siehe <em>i<\\\/em>.\",\"perma_option\":\"off\",\"action\":\"recommend\",\"language\":\"de_DE\"},\"twitter\":{\"reply_to\":\"\",\"tweet_text\":\"Clark%20Wohlert%20ist%20neuer%20Europameister%20Superbike%20%C2%BB%20BRCNEWS.NET%20%23Bike%20%23IBC\",\"status\":\"on\",\"txt_info\":\"2 Klicks f\\u00fcr mehr Datenschutz: Erst wenn Sie hier klicken, wird der Button aktiv und Sie k\\u00f6nnen Ihre Empfehlung an Twitter senden. Schon beim Aktivieren werden Daten an Dritte \\u00fcbertragen - siehe <em>i<\\\/em>.\",\"perma_option\":\"off\",\"language\":\"de\",\"referrer_track\":\"\"},\"gplus\":{\"status\":\"on\",\"txt_info\":\"2 Klicks f\\u00fcr mehr Datenschutz: Erst wenn Sie hier klicken, wird der Button aktiv und Sie k\\u00f6nnen Ihre Empfehlung an Google+ senden. Schon beim Aktivieren werden Daten an Dritte \\u00fcbertragen - siehe <em>i<\\\/em>.\",\"perma_option\":\"off\",\"referrer_track\":\"\"}},\"txt_help\":\"Wenn Sie diese Felder durch einen Klick aktivieren, werden Informationen an Facebook, Twitter, Flattr, Xing, t3n, LinkedIn, Pinterest oder Google eventuell ins Ausland \\u00fcbertragen und unter Umst\\u00e4nden auch dort gespeichert. N\\u00e4heres erfahren Sie durch einen Klick auf das <em>i<\\\/em>.\",\"settings_perma\":\"Dauerhaft aktivieren und Daten\\u00fcber-tragung zustimmen:\",\"info_link\":\"http:\\\/\\\/www.heise.de\\\/ct\\\/artikel\\\/2-Klicks-fuer-mehr-Datenschutz-1333879.html\",\"uri\":\"https:\\\/\\\/brcnews.net\\\/?p=6425\",\"post_id\":6425,\"post_title_referrer_track\":\"Clark+Wohlert+ist+neuer+Europameister+Superbike\",\"display_infobox\":\"on\"});}});\n\/* ]]> *\/<\/script><\/div>","protected":false},"excerpt":{"rendered":"<p>Clark Wohlert hat am vergangenen Wochenende die L\u00e4ufe zur Europameisterschaft in der Klasse Superbike gewonnen. Auf der Rennstrecke in Lostallo (Schweiz) verwies er seinen Landsmann Peter<\/p>\n","protected":false},"author":1,"featured_media":6431,"comment_status":"closed","ping_status":"open","sticky":false,"template":"","format":"standard","meta":[],"categories":[16],"tags":[124,70],"_links":{"self":[{"href":"https:\/\/brcnews.net\/index.php?rest_route=\/wp\/v2\/posts\/6425"}],"collection":[{"href":"https:\/\/brcnews.net\/index.php?rest_route=\/wp\/v2\/posts"}],"about":[{"href":"https:\/\/brcnews.net\/index.php?rest_route=\/wp\/v2\/types\/post"}],"author":[{"embeddable":true,"href":"https:\/\/brcnews.net\/index.php?rest_route=\/wp\/v2\/users\/1"}],"replies":[{"embeddable":true,"href":"https:\/\/brcnews.net\/index.php?rest_route=%2Fwp%2Fv2%2Fcomments&post=6425"}],"version-history":[{"count":3,"href":"https:\/\/brcnews.net\/index.php?rest_route=\/wp\/v2\/posts\/6425\/revisions"}],"predecessor-version":[{"id":6434,"href":"https:\/\/brcnews.net\/index.php?rest_route=\/wp\/v2\/posts\/6425\/revisions\/6434"}],"wp:featuredmedia":[{"embeddable":true,"href":"https:\/\/brcnews.net\/index.php?rest_route=\/wp\/v2\/media\/6431"}],"wp:attachment":[{"href":"https:\/\/brcnews.net\/index.php?rest_route=%2Fwp%2Fv2%2Fmedia&parent=6425"}],"wp:term":[{"taxonomy":"category","embeddable":true,"href":"https:\/\/brcnews.net\/index.php?rest_route=%2Fwp%2Fv2%2Fcategories&post=6425"},{"taxonomy":"post_tag","embeddable":true,"href":"https:\/\/brcnews.net\/index.php?rest_route=%2Fwp%2Fv2%2Ftags&post=6425"}],"curies":[{"name":"wp","href":"https:\/\/api.w.org\/{rel}","templated":true}]}}