{"id":5229,"date":"2015-04-05T20:06:52","date_gmt":"2015-04-05T18:06:52","guid":{"rendered":"http:\/\/brcnews.net\/?p=5229"},"modified":"2015-04-07T17:57:08","modified_gmt":"2015-04-07T15:57:08","slug":"international-bike-challenge-1-lauf-in-leipzig","status":"publish","type":"post","link":"https:\/\/brcnews.net\/?p=5229","title":{"rendered":"International Bike Challenge \u2013 1. Lauf in Leipzig"},"content":{"rendered":"<h3>Weltmeister gewinnt in Super-Bike<\/h3>\n<p><a href=\"http:\/\/brcnews.net\/wp-content\/uploads\/2015\/03\/ibc_logo.jpg\"><img loading=\"lazy\" class=\" wp-image-4899 size-thumbnail alignright colorbox-5229\" src=\"http:\/\/brcnews.net\/wp-content\/uploads\/2015\/03\/ibc_logo-150x150.jpg\" alt=\"ibc_logo\" width=\"150\" height=\"150\" srcset=\"https:\/\/brcnews.net\/wp-content\/uploads\/2015\/03\/ibc_logo-150x150.jpg 150w, https:\/\/brcnews.net\/wp-content\/uploads\/2015\/03\/ibc_logo-300x300.jpg 300w, https:\/\/brcnews.net\/wp-content\/uploads\/2015\/03\/ibc_logo.jpg 368w\" sizes=\"(max-width: 150px) 100vw, 150px\" \/><\/a>Die Stimmung war gut und die L\u00e4ufe spannend. Alle Fahrer hatten ausreichend Zeit, ihr Bike auf die 360 Meter langen Strecke des MRC Leipzig abzustimmen. Bereits am Donnerstag nutzten die ersten Fahrer die Chance, die Strecke zu erkunden. <!--more-->Auch der Freitag war noch Trainingstag. Samstag wurden vier Vorl\u00e4ufe, am Sonntag noch einmal zwei gefahren. Danach dann die drei Finall\u00e4ufe. Die Laufzeit betr\u00e4gt zehn Minuten. 25 Biker waren trotz des wechselhaften Wetters gekommen, um in den drei Klassen in beim ersten Lauf der <a title=\"International Bike Challenge 2015\" href=\"http:\/\/brcnews.net\/?p=4896\">International Bike Challenge 2015<\/a> (IBC) ihr K\u00f6nnen zu messen.<\/p>\n<figure id=\"attachment_5234\" aria-describedby=\"caption-attachment-5234\" style=\"width: 632px\" class=\"wp-caption alignleft\"><a href=\"http:\/\/brcnews.net\/wp-content\/uploads\/2015\/04\/IBCLeipzig.02.jpg\"><img loading=\"lazy\" class=\"wp-image-5234 size-full colorbox-5229\" src=\"http:\/\/brcnews.net\/wp-content\/uploads\/2015\/04\/IBCLeipzig.02.jpg\" alt=\"IBCLeipzig.02\" width=\"632\" height=\"342\" srcset=\"https:\/\/brcnews.net\/wp-content\/uploads\/2015\/04\/IBCLeipzig.02.jpg 632w, https:\/\/brcnews.net\/wp-content\/uploads\/2015\/04\/IBCLeipzig.02-300x162.jpg 300w\" sizes=\"(max-width: 632px) 100vw, 632px\" \/><\/a><figcaption id=\"caption-attachment-5234\" class=\"wp-caption-text\">Die Sieger in der Klasse Super-Bike (von links): J\u00f6rg Schummer (Platz 2), Stefan Polydor (Platz 1) und Oliver W\u00e4ckerle.<\/figcaption><\/figure>\n<p>In Super-Bike gewann der \u00d6sterreicher Stefan Polydor (Jabber). Der Doppelweltmeister (Bericht von der WM 2014 <a title=\"Bike Weltmeisterschaften\" href=\"http:\/\/brcnews.net\/?p=224\">hier<\/a>) kam erst in den Finall\u00e4ufen so richtig in Fahrt. Er ging von Startplatz 3 in die Finall\u00e4ufe und sicherte sich mit seinen Siegen im zweiten und dritten Finallauf den Gesamtsieg. J\u00f6rg Schummer (Jabber), der von der Pole startete Fianll\u00e4ufe hatte das erste Finale gewonnen. Er wurde schlie\u00dflich Zweiter. Clark Wohlert (Jabber), der Zweite nach den Vorl\u00e4ufen,\u00a0 wurde F\u00fcnfter. Oliver W\u00e4ckerle (Jabber) begleitete Stefan Polydor und J\u00f6rg Schummer auf das Siegerpodest.<\/p>\n<figure id=\"attachment_5235\" aria-describedby=\"caption-attachment-5235\" style=\"width: 563px\" class=\"wp-caption alignleft\"><a href=\"http:\/\/brcnews.net\/wp-content\/uploads\/2015\/04\/IBCLeipzig.03.jpg\"><img loading=\"lazy\" class=\"wp-image-5235 size-full colorbox-5229\" src=\"http:\/\/brcnews.net\/wp-content\/uploads\/2015\/04\/IBCLeipzig.03.jpg\" alt=\"IBCLeipzig.03\" width=\"563\" height=\"327\" srcset=\"https:\/\/brcnews.net\/wp-content\/uploads\/2015\/04\/IBCLeipzig.03.jpg 563w, https:\/\/brcnews.net\/wp-content\/uploads\/2015\/04\/IBCLeipzig.03-300x174.jpg 300w\" sizes=\"(max-width: 563px) 100vw, 563px\" \/><\/a><figcaption id=\"caption-attachment-5235\" class=\"wp-caption-text\">Die Sieger in der Klasse Nitro-Bike (von links): Martin H\u00e4hn (Platz 2), Klaus Steinh\u00fcbl (Platz 1) und Helly Wolf (Platz 3)<\/figcaption><\/figure>\n<p>Klaus Steinh\u00fcbl (RG Evolution) gewann die Klasse Nitro-Bike. Von der Pole startend siegte er gleich in den ersten beiden Finall\u00e4ufen. Zweiter wurde Martin H\u00e4hn (RG Evolution), Dritter Helly Wolf (RG Evolution). F\u00fcr Aufsehen sorgte Rudolf Grahamer. Sein 4-Takt-Bike sorgte im gesamten Fahrerlager f\u00fcr Furore.\u00a0 Ein Kurzbericht und Bilder zum Bike unter: <a title=\"Das ganz besondere Bike \u2013 made by Rudolf Grahamer\" href=\"http:\/\/brcnews.net\/?p=5245\">Das ganz besondere Bike &#8211; made by Rudolf Grahamer<\/a>.<\/p>\n<figure id=\"attachment_5236\" aria-describedby=\"caption-attachment-5236\" style=\"width: 506px\" class=\"wp-caption alignleft\"><a href=\"http:\/\/brcnews.net\/wp-content\/uploads\/2015\/04\/IBCLeipzig.04.jpg\"><img loading=\"lazy\" class=\"wp-image-5236 size-full colorbox-5229\" src=\"http:\/\/brcnews.net\/wp-content\/uploads\/2015\/04\/IBCLeipzig.04.jpg\" alt=\"IBCLeipzig.04\" width=\"506\" height=\"302\" srcset=\"https:\/\/brcnews.net\/wp-content\/uploads\/2015\/04\/IBCLeipzig.04.jpg 506w, https:\/\/brcnews.net\/wp-content\/uploads\/2015\/04\/IBCLeipzig.04-300x179.jpg 300w\" sizes=\"(max-width: 506px) 100vw, 506px\" \/><\/a><figcaption id=\"caption-attachment-5236\" class=\"wp-caption-text\">Die Sieger der Klasse Stock-Bike (von links): Tom Feilner (Platz 2), Vojin Pantovic (Platz 1) und Andreas Minaschek (Platz 3).<\/figcaption><\/figure>\n<p>In der Klasse Stock-Bike siegte Vojin Pantovic (Jabber), zweiter wurde Tom Feilner (RG Evolution). Den dritten Platz belegte Andreas Minaschek. Die Stock-Biker fahren mit einer Conrad Regler Kombo mit 13,5 Turns.<\/p>\n<p>Clark Wohlert war mit dem Auftaktrennen der neuen Rennserie zufrieden. Der n\u00e4chste Lauf findet vom 5. bis 7. Juni in Lostallo (Schweiz) im Rahmen der Europameisterschaften statt.<\/p>\n<p><em>Bilder: Clark Wohlert<\/em><\/p>\n<div class=\"twoclick_social_bookmarks_post_5229 social_share_privacy clearfix 1.6.4 locale-de_DE sprite-de_DE\"><\/div><div class=\"twoclick-js\"><script type=\"text\/javascript\">\/* <![CDATA[ *\/\njQuery(document).ready(function($){if($('.twoclick_social_bookmarks_post_5229')){$('.twoclick_social_bookmarks_post_5229').socialSharePrivacy({\"services\":{\"facebook\":{\"status\":\"on\",\"txt_info\":\"2 Klicks f\\u00fcr mehr Datenschutz: Erst wenn Sie hier klicken, wird der Button aktiv und Sie k\\u00f6nnen Ihre Empfehlung an Facebook senden. Schon beim Aktivieren werden Daten an Dritte \\u00fcbertragen - siehe <em>i<\\\/em>.\",\"perma_option\":\"off\",\"action\":\"recommend\",\"language\":\"de_DE\"},\"twitter\":{\"reply_to\":\"\",\"tweet_text\":\"%20International%20Bike%20Challenge%20%E2%80%93%201.%20Lauf%20in%20Leipzig%20%C2%BB%20BRCNEWS.NET%20%23Bike%20...\",\"status\":\"on\",\"txt_info\":\"2 Klicks f\\u00fcr mehr Datenschutz: Erst wenn Sie hier klicken, wird der Button aktiv und Sie k\\u00f6nnen Ihre Empfehlung an Twitter senden. Schon beim Aktivieren werden Daten an Dritte \\u00fcbertragen - siehe <em>i<\\\/em>.\",\"perma_option\":\"off\",\"language\":\"de\",\"referrer_track\":\"\"},\"gplus\":{\"status\":\"on\",\"txt_info\":\"2 Klicks f\\u00fcr mehr Datenschutz: Erst wenn Sie hier klicken, wird der Button aktiv und Sie k\\u00f6nnen Ihre Empfehlung an Google+ senden. Schon beim Aktivieren werden Daten an Dritte \\u00fcbertragen - siehe <em>i<\\\/em>.\",\"perma_option\":\"off\",\"referrer_track\":\"\"}},\"txt_help\":\"Wenn Sie diese Felder durch einen Klick aktivieren, werden Informationen an Facebook, Twitter, Flattr, Xing, t3n, LinkedIn, Pinterest oder Google eventuell ins Ausland \\u00fcbertragen und unter Umst\\u00e4nden auch dort gespeichert. N\\u00e4heres erfahren Sie durch einen Klick auf das <em>i<\\\/em>.\",\"settings_perma\":\"Dauerhaft aktivieren und Daten\\u00fcber-tragung zustimmen:\",\"info_link\":\"http:\\\/\\\/www.heise.de\\\/ct\\\/artikel\\\/2-Klicks-fuer-mehr-Datenschutz-1333879.html\",\"uri\":\"https:\\\/\\\/brcnews.net\\\/?p=5229\",\"post_id\":5229,\"post_title_referrer_track\":\"International+Bike+Challenge+%E2%80%93+1.+Lauf+in+Leipzig\",\"display_infobox\":\"on\"});}});\n\/* ]]> *\/<\/script><\/div>","protected":false},"excerpt":{"rendered":"<p>Weltmeister gewinnt in Super-Bike Die Stimmung war gut und die L\u00e4ufe spannend. Alle Fahrer hatten ausreichend Zeit, ihr Bike auf die 360 Meter langen Strecke des MRC Leipzig abzustimmen. Bereits am Donnerstag nutzten die ersten Fahrer die Chance, die Strecke zu erkunden.<\/p>\n","protected":false},"author":1,"featured_media":5237,"comment_status":"closed","ping_status":"open","sticky":false,"template":"","format":"standard","meta":[],"categories":[16],"tags":[124,70],"_links":{"self":[{"href":"https:\/\/brcnews.net\/index.php?rest_route=\/wp\/v2\/posts\/5229"}],"collection":[{"href":"https:\/\/brcnews.net\/index.php?rest_route=\/wp\/v2\/posts"}],"about":[{"href":"https:\/\/brcnews.net\/index.php?rest_route=\/wp\/v2\/types\/post"}],"author":[{"embeddable":true,"href":"https:\/\/brcnews.net\/index.php?rest_route=\/wp\/v2\/users\/1"}],"replies":[{"embeddable":true,"href":"https:\/\/brcnews.net\/index.php?rest_route=%2Fwp%2Fv2%2Fcomments&post=5229"}],"version-history":[{"count":8,"href":"https:\/\/brcnews.net\/index.php?rest_route=\/wp\/v2\/posts\/5229\/revisions"}],"predecessor-version":[{"id":5260,"href":"https:\/\/brcnews.net\/index.php?rest_route=\/wp\/v2\/posts\/5229\/revisions\/5260"}],"wp:featuredmedia":[{"embeddable":true,"href":"https:\/\/brcnews.net\/index.php?rest_route=\/wp\/v2\/media\/5237"}],"wp:attachment":[{"href":"https:\/\/brcnews.net\/index.php?rest_route=%2Fwp%2Fv2%2Fmedia&parent=5229"}],"wp:term":[{"taxonomy":"category","embeddable":true,"href":"https:\/\/brcnews.net\/index.php?rest_route=%2Fwp%2Fv2%2Fcategories&post=5229"},{"taxonomy":"post_tag","embeddable":true,"href":"https:\/\/brcnews.net\/index.php?rest_route=%2Fwp%2Fv2%2Ftags&post=5229"}],"curies":[{"name":"wp","href":"https:\/\/api.w.org\/{rel}","templated":true}]}}