{"id":4708,"date":"2015-03-07T10:07:02","date_gmt":"2015-03-07T08:07:02","guid":{"rendered":"http:\/\/brcnews.net\/?p=4708"},"modified":"2015-03-18T13:57:30","modified_gmt":"2015-03-18T11:57:30","slug":"internationale-deutsche-meisterschaften-112-auf-dem-eifelring-tag-1","status":"publish","type":"post","link":"https:\/\/brcnews.net\/?p=4708","title":{"rendered":"Internationale Deutsche Meisterschaften 1:12 auf dem Eifelring &#8211; Tag 1"},"content":{"rendered":"<h6><span style=\"text-decoration: underline;\"><span style=\"color: #008000; text-decoration: underline;\">Letzte Meldung: 19:40 Uhr<\/span><\/span><\/h6>\n<h3>Drei Vorl\u00e4ufe \u2013 drei Siege<\/h3>\n<figure id=\"attachment_4754\" aria-describedby=\"caption-attachment-4754\" style=\"width: 800px\" class=\"wp-caption alignleft\"><a href=\"http:\/\/brcnews.net\/wp-content\/uploads\/2015\/03\/DMAdenau.023x.jpg\"><img loading=\"lazy\" class=\"wp-image-4754 size-full colorbox-4708\" src=\"http:\/\/brcnews.net\/wp-content\/uploads\/2015\/03\/DMAdenau.023x.jpg\" alt=\"DMAdenau.023x\" width=\"800\" height=\"520\" srcset=\"https:\/\/brcnews.net\/wp-content\/uploads\/2015\/03\/DMAdenau.023x.jpg 800w, https:\/\/brcnews.net\/wp-content\/uploads\/2015\/03\/DMAdenau.023x-300x195.jpg 300w\" sizes=\"(max-width: 800px) 100vw, 800px\" \/><\/a><figcaption id=\"caption-attachment-4754\" class=\"wp-caption-text\">Rekordmeister Markus Mobers hat heute alles getan, seinen Titel erfolgreich zu verteidigen<\/figcaption><\/figure>\n<p>F\u00fcr Markus Mobers ist das eine saubere Sache: Drei Vorl\u00e4ufe \u2013 drei Siege. Damit ist im die Poleposition praktisch sicher. Daniel Sieber hat allenfalls <!--more-->noch eine geringe theoretische Chance, n\u00e4mlich dann, wenn er morgen die letzten beiden Vorl\u00e4ufe gewinnt und dabei schneller f\u00e4hrt als Markus Mobers heute. Dann haben beide Fahrer zwei Siege in der Wertung. Der schnellere Lauf entscheidet dann. Den dritten Platz im Gesamtklassement behauptet weiter Tim Altmann.<\/p>\n<p>Den dritten Vorlauf in Standard hat Jan Rettke gewonnen. Mit 47 Runden in 8:02,172 Minuten war es der schnellste Lauf des Tages in dieser Klasse. Kai Altmann, der die ersten beiden Vorl\u00e4ufe gewonnen hatte, fiel in der 21. Runde aus. Er f\u00fchrt im Gesamtklassement weiter vor Jan Rettke. Auf den dritten Platz ist jetzt Jacques Libar vorger\u00fcckt, der im letzten Vorlauf Zweiter wurde. Die Entscheidung \u00fcber die Poleposition wird in dieser Klasse morgen fallen.<\/p>\n<p>Das war es vom ersten Tag. Morgen geht es weiter.<\/p>\n<hr \/>\n<h6><span style=\"text-decoration: underline;\"><span style=\"color: #008000; text-decoration: underline;\">Neue Meldung: 18:45 Uhr<\/span><\/span><\/h6>\n<h3>Die Modellbauer<\/h3>\n<figure id=\"attachment_4751\" aria-describedby=\"caption-attachment-4751\" style=\"width: 800px\" class=\"wp-caption alignleft\"><a href=\"http:\/\/brcnews.net\/wp-content\/uploads\/2015\/03\/DMAdenau.021x.jpg\"><img loading=\"lazy\" class=\"wp-image-4751 size-full colorbox-4708\" src=\"http:\/\/brcnews.net\/wp-content\/uploads\/2015\/03\/DMAdenau.021x.jpg\" alt=\"DMAdenau.021x\" width=\"800\" height=\"482\" srcset=\"https:\/\/brcnews.net\/wp-content\/uploads\/2015\/03\/DMAdenau.021x.jpg 800w, https:\/\/brcnews.net\/wp-content\/uploads\/2015\/03\/DMAdenau.021x-300x180.jpg 300w\" sizes=\"(max-width: 800px) 100vw, 800px\" \/><\/a><figcaption id=\"caption-attachment-4751\" class=\"wp-caption-text\">Kai und tim Altmann konstruieren ihre Fahrzeuge komplett selbst. Mehrere Stunden brauchen sie, um die Kohlefaser- und Aluteile zu fr\u00e4sen<\/figcaption><\/figure>\n<p>Die Br\u00fcder Tim und Kai Altmann stehen dazu: RC-Car Modellsport hat auch immer noch etwas mit Modellbau zu tun. Sie kaufen ihre Modelle \u201enicht von der Stange\u201c, sondern sie konstruieren und bauen ihre Cars selbst. Das Gros der Teile fr\u00e4sen sie selbst. Angefangen von der Chassisplatte aus Kohlefasern bis zu Aluteilen.<\/p>\n<figure id=\"attachment_4752\" aria-describedby=\"caption-attachment-4752\" style=\"width: 800px\" class=\"wp-caption alignleft\"><a href=\"http:\/\/brcnews.net\/wp-content\/uploads\/2015\/03\/DMAdenau.022x.jpg\"><img loading=\"lazy\" class=\"wp-image-4752 size-full colorbox-4708\" src=\"http:\/\/brcnews.net\/wp-content\/uploads\/2015\/03\/DMAdenau.022x.jpg\" alt=\"DMAdenau.022x\" width=\"800\" height=\"478\" srcset=\"https:\/\/brcnews.net\/wp-content\/uploads\/2015\/03\/DMAdenau.022x.jpg 800w, https:\/\/brcnews.net\/wp-content\/uploads\/2015\/03\/DMAdenau.022x-300x179.jpg 300w\" sizes=\"(max-width: 800px) 100vw, 800px\" \/><\/a><figcaption id=\"caption-attachment-4752\" class=\"wp-caption-text\">So nicht zu kaufen: Der Eigenbau des 1:12er Rennboliden der Br\u00fcder Altmann<\/figcaption><\/figure>\n<p>Ihre derzeitig bevorzugte Konstruktion entspricht in etwa der des On-Point. Die Vorderachse kommt vom Asso-Boliden. Im Detail werden die Unterschied zu den Vorbildern deutlich. Die Beiden kennen sich aus. Kai Altmann ist Maschinenbau-Ingenieur, Tim Altmann IT-Fachmann.<\/p>\n<p>Die Br\u00fcder sind mit ihren Boliden gut unterwegs. Kai Altmann steht nach zwei Vorl\u00e4ufen in Standard auf Platz 1. Tim Altmann ist Dritter in der Klasse Modified. Motorisiert sind ihre Fahrzeuge mit Motoren von Team Orion. In Standard ist das ein 10,5 Turns-Motor in Modified ein 3,5 Turns-Motor. F\u00fcr die notwendige Haftung sorgen Reifen von Mobgums.<\/p>\n<hr \/>\n<h6><span style=\"text-decoration: underline;\"><span style=\"color: #008000; text-decoration: underline;\">Neue Meldung: 18:00 Uhr<\/span><\/span><\/h6>\n<h3>Markus Mobers gewinnt auch zweiten Vorlauf<\/h3>\n<figure id=\"attachment_4749\" aria-describedby=\"caption-attachment-4749\" style=\"width: 800px\" class=\"wp-caption alignleft\"><a href=\"http:\/\/brcnews.net\/wp-content\/uploads\/2015\/03\/DMAdenau.020x.jpg\"><img loading=\"lazy\" class=\"wp-image-4749 size-full colorbox-4708\" src=\"http:\/\/brcnews.net\/wp-content\/uploads\/2015\/03\/DMAdenau.020x.jpg\" alt=\"DMAdenau.020x\" width=\"800\" height=\"499\" srcset=\"https:\/\/brcnews.net\/wp-content\/uploads\/2015\/03\/DMAdenau.020x.jpg 800w, https:\/\/brcnews.net\/wp-content\/uploads\/2015\/03\/DMAdenau.020x-300x187.jpg 300w\" sizes=\"(max-width: 800px) 100vw, 800px\" \/><\/a><figcaption id=\"caption-attachment-4749\" class=\"wp-caption-text\">Thomas Komann, Elektroreferent beim DMC, begutachtet Markus Mobers 1:12er Boliden<\/figcaption><\/figure>\n<p>Markus Mobers hat in der Klasse Expert auch den zweiten Vorlauf gewonnen. Daniel Sieber wurde wieder Zweiter, Tim Altmann wieder Dritter. Das ist auch die Reihenfolge in der Gesamtrangliste. Die Pl\u00e4tze dahinter belegen Robert Klier und Martin Bruckner. Insgesamt starten in dieser schnellen Klasse 14 Fahrer.<\/p>\n<hr \/>\n<h6><span style=\"text-decoration: underline;\"><span style=\"color: #008000; text-decoration: underline;\">Neue Meldung: 17:15 Uhr<\/span><\/span><\/h6>\n<h3>Kai Altmann festigt F\u00fchrung<\/h3>\n<p>Kai Altmann hat mit dem zweiten Vorlaufsieg seine F\u00fchrung in der Klasse Standard gefestigt. Er gewann erneut vor Jan Rettke. Dritter im zweiten Vorlauf wurde Joey Sorber, der damit auch Rang 3 in der Gesamtwertung \u00fcbernahm.<\/p>\n<figure id=\"attachment_4747\" aria-describedby=\"caption-attachment-4747\" style=\"width: 800px\" class=\"wp-caption alignleft\"><a href=\"http:\/\/brcnews.net\/wp-content\/uploads\/2015\/03\/DMAdenau.019x.jpg\"><img loading=\"lazy\" class=\"wp-image-4747 size-full colorbox-4708\" src=\"http:\/\/brcnews.net\/wp-content\/uploads\/2015\/03\/DMAdenau.019x.jpg\" alt=\"DMAdenau.019x\" width=\"800\" height=\"515\" srcset=\"https:\/\/brcnews.net\/wp-content\/uploads\/2015\/03\/DMAdenau.019x.jpg 800w, https:\/\/brcnews.net\/wp-content\/uploads\/2015\/03\/DMAdenau.019x-300x193.jpg 300w\" sizes=\"(max-width: 800px) 100vw, 800px\" \/><\/a><figcaption id=\"caption-attachment-4747\" class=\"wp-caption-text\">Mit seinem Xray X12 knackte Jan Rettke als erster Standardfahrer an diesem Wochenende die Zehnsekundenmarke<\/figcaption><\/figure>\n<p>Jan Rettke knackte im zweiten Vorlauf als erster Fahrer der Standardklasse mit einer Rundenzeit von 9,984 Sekunden die Zehnsekundenmarke. Kurz danach schaffte das auch Kai Altmann mit der bisher schnellsten Runde (9,661 Sekunden) in der Standardklasse<\/p>\n<hr \/>\n<h6><span style=\"text-decoration: underline;\"><span style=\"color: #008000; text-decoration: underline;\">Neue Meldung: 16:40 Uhr<\/span><\/span><\/h6>\n<h3>Technische Abnahme \u2013 ohne geht es nicht<\/h3>\n<figure id=\"attachment_4743\" aria-describedby=\"caption-attachment-4743\" style=\"width: 300px\" class=\"wp-caption alignleft\"><a href=\"http:\/\/brcnews.net\/wp-content\/uploads\/2015\/03\/DMAdenau.017x.jpg\"><img loading=\"lazy\" class=\"wp-image-4743 size-medium colorbox-4708\" src=\"http:\/\/brcnews.net\/wp-content\/uploads\/2015\/03\/DMAdenau.017x-300x178.jpg\" alt=\"DMAdenau.017x\" width=\"300\" height=\"178\" srcset=\"https:\/\/brcnews.net\/wp-content\/uploads\/2015\/03\/DMAdenau.017x-300x178.jpg 300w, https:\/\/brcnews.net\/wp-content\/uploads\/2015\/03\/DMAdenau.017x.jpg 800w\" sizes=\"(max-width: 300px) 100vw, 300px\" \/><\/a><figcaption id=\"caption-attachment-4743\" class=\"wp-caption-text\">Philipp R\u00f6mer (rechts) misst die Akkuspannung im Fahrzeug von Ronny Amft<\/figcaption><\/figure>\n<figure id=\"attachment_4744\" aria-describedby=\"caption-attachment-4744\" style=\"width: 300px\" class=\"wp-caption alignleft\"><a href=\"http:\/\/brcnews.net\/wp-content\/uploads\/2015\/03\/DMAdenau.018x.jpg\"><img loading=\"lazy\" class=\"wp-image-4744 size-medium colorbox-4708\" src=\"http:\/\/brcnews.net\/wp-content\/uploads\/2015\/03\/DMAdenau.018x-300x195.jpg\" alt=\"DMAdenau.018x\" width=\"300\" height=\"195\" srcset=\"https:\/\/brcnews.net\/wp-content\/uploads\/2015\/03\/DMAdenau.018x-300x195.jpg 300w, https:\/\/brcnews.net\/wp-content\/uploads\/2015\/03\/DMAdenau.018x.jpg 800w\" sizes=\"(max-width: 300px) 100vw, 300px\" \/><\/a><figcaption id=\"caption-attachment-4744\" class=\"wp-caption-text\">Matthias Meister (links) pr\u00fcft Gewicht des 1:12er-Boliden von Thomas Huhn<\/figcaption><\/figure>\n<p>Sie haben keinen leichten Job. Aber sie sind unverzichtbar. Die Mitglieder der Technischen Abnahme haben den ganzen Tag gut zu tun. Auf dem Eifelring machen das heute Philipp R\u00f6mer und Matthias Meister. Sie sind Mitglied im MAC Adenau. Sie kontrollieren vor jedem Lauf unter anderem das Fahrzeuggewicht (Mindestgewicht 730 Gramm), die Akkuspannung (maximal 4,2 Volt), die Bodenfreiheit (mindestens drei Millimeter), die Fahrzeugbreite (mindestens 172 Millimeter) und bei den Fahrzeugen der Standardklasse, dass die Regler im Null Boost-Modus betrieben werden.<\/p>\n<hr \/>\n<h6><span style=\"text-decoration: underline;\"><span style=\"color: #008000; text-decoration: underline;\">Neue Meldung: 15:50 Uhr<\/span><\/span><\/h6>\n<h3>Der Zweikampf in der Expertklasse geht weiter<\/h3>\n<figure id=\"attachment_4741\" aria-describedby=\"caption-attachment-4741\" style=\"width: 800px\" class=\"wp-caption alignleft\"><a href=\"http:\/\/brcnews.net\/wp-content\/uploads\/2015\/03\/DMAdenau.016x.jpg\"><img loading=\"lazy\" class=\"wp-image-4741 size-full colorbox-4708\" src=\"http:\/\/brcnews.net\/wp-content\/uploads\/2015\/03\/DMAdenau.016x.jpg\" alt=\"DMAdenau.016x\" width=\"800\" height=\"459\" srcset=\"https:\/\/brcnews.net\/wp-content\/uploads\/2015\/03\/DMAdenau.016x.jpg 800w, https:\/\/brcnews.net\/wp-content\/uploads\/2015\/03\/DMAdenau.016x-300x172.jpg 300w\" sizes=\"(max-width: 800px) 100vw, 800px\" \/><\/a><figcaption id=\"caption-attachment-4741\" class=\"wp-caption-text\">Der On-Point von Markus Mobers. Der Rekordmeister \u00fcbernahm die F\u00fchrung<\/figcaption><\/figure>\n<p>Der Zweikampf in zwischen Titelverteidiger Markus Mobers und seinem h\u00e4rtesten Konkurrenten, Daniel Sieber, geht weiter. Die Beiden scheinen in einer eigenen Liga zu fahren. Im ersten Vorlauf hatte jetzt Markus Mobers die Nase vorn. Er fuhr 52 Runden in 8:03,440 Minuten. Sein Vorsprung auf Daniel Sieber war mit 3,2 Sekunden deutlich. Tim Altmann hatte als Dritter einen R\u00fcckstand von zwei runden auf Mobers und Sieber.<\/p>\n<hr \/>\n<h6><span style=\"text-decoration: underline;\"><span style=\"color: #008000; text-decoration: underline;\">Neue Meldung: 15:20 Uhr<\/span><\/span><\/h6>\n<h3>Kai Altmann gewinnt den ersten Vorlauf<\/h3>\n<figure id=\"attachment_4738\" aria-describedby=\"caption-attachment-4738\" style=\"width: 800px\" class=\"wp-caption alignleft\"><a href=\"http:\/\/brcnews.net\/wp-content\/uploads\/2015\/03\/DMAdenau.013x.jpg\"><img loading=\"lazy\" class=\"wp-image-4738 size-full colorbox-4708\" src=\"http:\/\/brcnews.net\/wp-content\/uploads\/2015\/03\/DMAdenau.013x.jpg\" alt=\"DMAdenau.013x\" width=\"800\" height=\"464\" srcset=\"https:\/\/brcnews.net\/wp-content\/uploads\/2015\/03\/DMAdenau.013x.jpg 800w, https:\/\/brcnews.net\/wp-content\/uploads\/2015\/03\/DMAdenau.013x-300x174.jpg 300w\" sizes=\"(max-width: 800px) 100vw, 800px\" \/><\/a><figcaption id=\"caption-attachment-4738\" class=\"wp-caption-text\">Die st\u00e4rkste Vorlaufgruppe in Standard auf dem Fahrerstand<\/figcaption><\/figure>\n<p>Kai Altmann hat den ersten Vorlauf in der Klasse Standard gewonnen. Er fuhr 47 Runden in 8:04,499 Minuten. Zweiter wurde Jan Rettke mit einem R\u00fcckstand von knapp 1,8 Sekunden. Bernd Wiesenberger schaffte Platz 3. Sein R\u00fcckstand rund drei Sekunden. Der Luxemburger Jacques Libar, der Sieger der Klasse 1:12 Standard im Tonisport Wintercup 2014\/2015 hier auf dem Eifelring (Bericht <a title=\"Tonisport Winter-Cup: Die Champions sind gek\u00fcrt\" href=\"http:\/\/brcnews.net\/?p=4130\">hier<\/a>), schaffte den dritten Platz.<\/p>\n<h6><span style=\"text-decoration: underline;\"><span style=\"color: #008000; text-decoration: underline;\">Neue Meldung: 15:00 Uhr<\/span><\/span><\/h6>\n<h3>Jetzt wird es ernst<\/h3>\n<figure id=\"attachment_4735\" aria-describedby=\"caption-attachment-4735\" style=\"width: 300px\" class=\"wp-caption alignright\"><a href=\"http:\/\/brcnews.net\/wp-content\/uploads\/2015\/03\/DMAdenau.012x.jpg\"><img loading=\"lazy\" class=\"wp-image-4735 size-medium colorbox-4708\" src=\"http:\/\/brcnews.net\/wp-content\/uploads\/2015\/03\/DMAdenau.012x-300x247.jpg\" alt=\"DMAdenau.012x\" width=\"300\" height=\"247\" srcset=\"https:\/\/brcnews.net\/wp-content\/uploads\/2015\/03\/DMAdenau.012x-300x247.jpg 300w, https:\/\/brcnews.net\/wp-content\/uploads\/2015\/03\/DMAdenau.012x.jpg 750w\" sizes=\"(max-width: 300px) 100vw, 300px\" \/><\/a><figcaption id=\"caption-attachment-4735\" class=\"wp-caption-text\">Die Fehler machen die Fahrer. Die Helfer m\u00fcssen es dann richten<\/figcaption><\/figure>\n<p>Jetztz wird es ernst. Der Kampf um die besten Startpositionen in den Finall\u00e4ufen hat begonnen. P\u00fcnktlich um 14:00 Uhr startete die Rennleitung die Vorl\u00e4ufe. Drei werden heute noch gefahren. Je Gruppe sind in Standard acht, in Modified f\u00fcnf Fahrer am Start. Gewertet f\u00fcr die Finaleinteilung werden zwei der f\u00fcnf Vorl\u00e4ufe nach Punkten. Heute werden noch drei Vorl\u00e4ufe gefahren.<\/p>\n<hr \/>\n<h6><span style=\"text-decoration: underline;\"><span style=\"color: #008000; text-decoration: underline;\">Neue Meldung: 13:50 Uhr<\/span><\/span><\/h6>\n<h3>Daniel Sieber fordert Titelverteidiger heraus<\/h3>\n<figure id=\"attachment_4733\" aria-describedby=\"caption-attachment-4733\" style=\"width: 236px\" class=\"wp-caption alignright\"><a href=\"http:\/\/brcnews.net\/wp-content\/uploads\/2015\/03\/DMAdenau.010x.jpg\"><img loading=\"lazy\" class=\"wp-image-4733 size-medium colorbox-4708\" src=\"http:\/\/brcnews.net\/wp-content\/uploads\/2015\/03\/DMAdenau.010x-236x300.jpg\" alt=\"DMAdenau.010x\" width=\"236\" height=\"300\" srcset=\"https:\/\/brcnews.net\/wp-content\/uploads\/2015\/03\/DMAdenau.010x-236x300.jpg 236w, https:\/\/brcnews.net\/wp-content\/uploads\/2015\/03\/DMAdenau.010x.jpg 591w\" sizes=\"(max-width: 236px) 100vw, 236px\" \/><\/a><figcaption id=\"caption-attachment-4733\" class=\"wp-caption-text\">Daniel Sieber fuhr die schnellste Trainingszeit<\/figcaption><\/figure>\n<p>Der Yokomofahrer Daniel Sieber fordert Titelverteidiger Markus Mobers heraus. Im zweiten Trainingslauf fuhr er die schnellste Zeit und geht damit als F\u00fchrender in die Qualifikation. F\u00fcr die schnellsten drei zusammenh\u00e4ngenden Runden brauchte Daniel Sieber 27,514 Sekunden. So schnell war bisher keiner \u2013 weder im freien und erst recht nicht im gezeiteten Training. Vieles deutet darauf hin, dass die Daniel Sieber und Markus Mobers werden den Titel in der Klasse Expert unter sich ausmachen.<\/p>\n<hr \/>\n<h6><span style=\"text-decoration: underline;\"><span style=\"color: #008000; text-decoration: underline;\">Neue Meldung: 13:30 Uhr<\/span><\/span><\/h6>\n<h3>Jan Rettke nach Training wieder in F\u00fchrung<\/h3>\n<figure id=\"attachment_4731\" aria-describedby=\"caption-attachment-4731\" style=\"width: 205px\" class=\"wp-caption alignleft\"><a href=\"http:\/\/brcnews.net\/wp-content\/uploads\/2015\/03\/DMAdenau.009x.jpg\"><img loading=\"lazy\" class=\"wp-image-4731 colorbox-4708\" src=\"http:\/\/brcnews.net\/wp-content\/uploads\/2015\/03\/DMAdenau.009x-206x300.jpg\" alt=\"DMAdenau.009x\" width=\"205\" height=\"298\" srcset=\"https:\/\/brcnews.net\/wp-content\/uploads\/2015\/03\/DMAdenau.009x-206x300.jpg 206w, https:\/\/brcnews.net\/wp-content\/uploads\/2015\/03\/DMAdenau.009x.jpg 550w\" sizes=\"(max-width: 205px) 100vw, 205px\" \/><\/a><figcaption id=\"caption-attachment-4731\" class=\"wp-caption-text\">Sascha Freitag ist gut unterwegs. Er behauptet in Standard den dritten Platz<\/figcaption><\/figure>\n<p>Jan Rettke, im freien Training gestern und heute der schnellste Standardpilot, hat in wieder die F\u00fchrung \u00fcbernommen. Mit 29,977 Sekunden ist er der einzige Fahrer, der im Training unter 30 Sekunden blieb. Kai Altmann war rund 1,3 Zehntelsekunden langsamer. Sascha Freitag behauptet den dritten Platz. Er fuhr 30,259 Sekunden.\u00a0 Die Drei Piloten werden bei der Vergabe des Titels ein gewichtiges Wort mitreden. Lokalmatador Jan Rettke kommt dabei die B\u00fcrde des Topfavoriten zu.<\/p>\n<hr \/>\n<h6><span style=\"text-decoration: underline;\"><span style=\"color: #008000; text-decoration: underline;\">Neue Meldung: 12:30 Uhr<\/span><\/span><\/h6>\n<h3>Schleifen, schleifen, schleifen \u2026<\/h3>\n<figure id=\"attachment_4728\" aria-describedby=\"caption-attachment-4728\" style=\"width: 800px\" class=\"wp-caption alignleft\"><a href=\"http:\/\/brcnews.net\/wp-content\/uploads\/2015\/03\/DMAdenau.006x.jpg\"><img loading=\"lazy\" class=\"wp-image-4728 size-full colorbox-4708\" src=\"http:\/\/brcnews.net\/wp-content\/uploads\/2015\/03\/DMAdenau.006x.jpg\" alt=\"DMAdenau.006x\" width=\"800\" height=\"489\" srcset=\"https:\/\/brcnews.net\/wp-content\/uploads\/2015\/03\/DMAdenau.006x.jpg 800w, https:\/\/brcnews.net\/wp-content\/uploads\/2015\/03\/DMAdenau.006x-300x183.jpg 300w\" sizes=\"(max-width: 800px) 100vw, 800px\" \/><\/a><figcaption id=\"caption-attachment-4728\" class=\"wp-caption-text\">Von der Reifenschleifmaschine machen die Fahrer regen Gebrauch<\/figcaption><\/figure>\n<p>Moosgummifahrer kennen das. Ehe die neuen Reifen auf das Fahrzeug kommen, muss zuerst der Gummi runter. Schleifen ist angesagt. Rund f\u00fcnf bis sechs Millimeter sind es, die weg m\u00fcssen.<\/p>\n<figure id=\"attachment_4729\" aria-describedby=\"caption-attachment-4729\" style=\"width: 228px\" class=\"wp-caption alignleft\"><a href=\"http:\/\/brcnews.net\/wp-content\/uploads\/2015\/03\/DMAdenau.007x.jpg\"><img loading=\"lazy\" class=\"wp-image-4729 size-medium colorbox-4708\" src=\"http:\/\/brcnews.net\/wp-content\/uploads\/2015\/03\/DMAdenau.007x-228x300.jpg\" alt=\"DMAdenau.007x\" width=\"228\" height=\"300\" srcset=\"https:\/\/brcnews.net\/wp-content\/uploads\/2015\/03\/DMAdenau.007x-228x300.jpg 228w, https:\/\/brcnews.net\/wp-content\/uploads\/2015\/03\/DMAdenau.007x.jpg 571w\" sizes=\"(max-width: 228px) 100vw, 228px\" \/><\/a><figcaption id=\"caption-attachment-4729\" class=\"wp-caption-text\">Markus Ernst vom RCC K\u00f6ln schleift seine Contact-Reifen auf das perfekte Ma\u00df herunter<\/figcaption><\/figure>\n<p>Die meisten Fahrer schleifen die Reifen vorne auf 41 Millimeter und hinten auf 42 Millimeter runter. Im Gegensatz zu den Verbrennerfahrern wird dabei kein Sturz eingeschliffen.<\/p>\n<p>Nach der Behandlung sind die Reifen noch f\u00fcr gut drei L\u00e4ufe \u00e0 acht Minuten gut. Bei einem so wichtigen Event wie den Deutschen Meisterschaften d\u00fcrften die meisten Fahrer sie jedoch nur zwei Mal fahren, in Expert wahrscheinlich auch nur einen Lauf.<\/p>\n<hr \/>\n<h6><span style=\"text-decoration: underline;\"><span style=\"color: #008000; text-decoration: underline;\">Neue Meldung: 12:00 Uhr<\/span><\/span><\/h6>\n<h3>Kai Altmann und Markus Mobers liegen vorn<\/h3>\n<figure id=\"attachment_4726\" aria-describedby=\"caption-attachment-4726\" style=\"width: 300px\" class=\"wp-caption alignright\"><a href=\"http:\/\/brcnews.net\/wp-content\/uploads\/2015\/03\/DMAdenau.008x.jpg\"><img loading=\"lazy\" class=\"wp-image-4726 size-medium colorbox-4708\" src=\"http:\/\/brcnews.net\/wp-content\/uploads\/2015\/03\/DMAdenau.008x-300x272.jpg\" alt=\"DMAdenau.008x\" width=\"300\" height=\"272\" srcset=\"https:\/\/brcnews.net\/wp-content\/uploads\/2015\/03\/DMAdenau.008x-300x272.jpg 300w, https:\/\/brcnews.net\/wp-content\/uploads\/2015\/03\/DMAdenau.008x.jpg 800w\" sizes=\"(max-width: 300px) 100vw, 300px\" \/><\/a><figcaption id=\"caption-attachment-4726\" class=\"wp-caption-text\">Kai Altmann war im ersten offiziellen Training in Standard der schnellste Fahrer<\/figcaption><\/figure>\n<p>Der erste Trainingsdurchlauf ist beendet. Kai Altmann (Standard) und Markus Mobers f\u00fchren die Rangliste an. Die Zeiten stagnieren gegen\u00fcber dem freien Training heute Morgen. Kai Altmann fuhr in Standard seine drei schnellsten zusammenh\u00e4ngenden Runden in 30,120 Sekunden. Zweiter und Dritter nach dem ersten Trainingslauf sind Sascha Freitag und Jens Sch\u00e4fer an.<\/p>\n<p>Markus Mobers war im ersten Trainingslauf exakt eine Hundertstelsekunde schneller als im freien Training. Die Uhr blieb bei ihm auf 27,771 Sekunden f\u00fcr die drei Runden stehen. Die Pl\u00e4tze hinter ihm belegten Daniel Sieber und Tim Altmann.<\/p>\n<hr \/>\n<h6><span style=\"text-decoration: underline;\"><span style=\"color: #008000; text-decoration: underline;\">Neue Meldung: 11:00 Uhr<\/span><\/span><\/h6>\n<figure id=\"attachment_4724\" aria-describedby=\"caption-attachment-4724\" style=\"width: 800px\" class=\"wp-caption alignleft\"><a href=\"http:\/\/brcnews.net\/wp-content\/uploads\/2015\/03\/DMAdenau.005x.jpg\"><img loading=\"lazy\" class=\"wp-image-4724 size-full colorbox-4708\" src=\"http:\/\/brcnews.net\/wp-content\/uploads\/2015\/03\/DMAdenau.005x.jpg\" alt=\"DMAdenau.005x\" width=\"800\" height=\"528\" srcset=\"https:\/\/brcnews.net\/wp-content\/uploads\/2015\/03\/DMAdenau.005x.jpg 800w, https:\/\/brcnews.net\/wp-content\/uploads\/2015\/03\/DMAdenau.005x-300x198.jpg 300w\" sizes=\"(max-width: 800px) 100vw, 800px\" \/><\/a><figcaption id=\"caption-attachment-4724\" class=\"wp-caption-text\">Die Trainingsgruppe 3 auf dem Fahrerstand. Matthias Herntrich war der schnellste Fahrer in dieser Gruppe. Er fuhr die drei schnellsten zusammenh\u00e4ngenden Runden in 31,391 Sekunden. Damit ist er rund eine Sekunde langsamer als die flottesten Standardpiloten heute Morgen im freien Training<\/figcaption><\/figure>\n<h3>Das gezeitete Training hat begonnen<\/h3>\n<p>Seit 10:25 l\u00e4uft das gezeitete Training. Gefahren werden zwei L\u00e4ufe. Gewertet werden &#8211; wie auch im freien Training \u2013 die schnellsten drei zusammenh\u00e4ngenden Runden. Nach der dann erstellten Rangliste werden die Vorl\u00e4ufe eingeteilt.<\/p>\n<p>Insgesamt gibt es f\u00fcnf Vorl\u00e4ufe \u2013 heute noch drei. In die Wertung f\u00fcr die Finaleinteilung flie\u00dft das Ergebnis der beiden besten Vorl\u00e4ufe ein. Die Auswertung erfolgt nach Punkten.<\/p>\n<hr \/>\n<h6><span style=\"text-decoration: underline;\"><span style=\"color: #008000; text-decoration: underline;\">Neue Meldung: 10:20 Uhr<\/span><\/span><\/h6>\n<h3>Freie Training zu Ende<\/h3>\n<figure id=\"attachment_4720\" aria-describedby=\"caption-attachment-4720\" style=\"width: 800px\" class=\"wp-caption alignleft\"><a href=\"http:\/\/brcnews.net\/wp-content\/uploads\/2015\/03\/DMAdenau.003x.jpg\"><img loading=\"lazy\" class=\"wp-image-4720 size-full colorbox-4708\" src=\"http:\/\/brcnews.net\/wp-content\/uploads\/2015\/03\/DMAdenau.003x.jpg\" alt=\"DMAdenau.003x\" width=\"800\" height=\"495\" srcset=\"https:\/\/brcnews.net\/wp-content\/uploads\/2015\/03\/DMAdenau.003x.jpg 800w, https:\/\/brcnews.net\/wp-content\/uploads\/2015\/03\/DMAdenau.003x-300x185.jpg 300w\" sizes=\"(max-width: 800px) 100vw, 800px\" \/><\/a><figcaption id=\"caption-attachment-4720\" class=\"wp-caption-text\">Rekordmeister Markus Mobers liegt nach dem freien Training vorn. Wer Deutscher Meister werden will, muss an ihm vorbeikommen<\/figcaption><\/figure>\n<figure id=\"attachment_4722\" aria-describedby=\"caption-attachment-4722\" style=\"width: 228px\" class=\"wp-caption alignleft\"><a href=\"http:\/\/brcnews.net\/wp-content\/uploads\/2015\/03\/DMAdenau.004x.jpg\"><img loading=\"lazy\" class=\"wp-image-4722 size-medium colorbox-4708\" src=\"http:\/\/brcnews.net\/wp-content\/uploads\/2015\/03\/DMAdenau.004x-228x300.jpg\" alt=\"DMAdenau.004x\" width=\"228\" height=\"300\" srcset=\"https:\/\/brcnews.net\/wp-content\/uploads\/2015\/03\/DMAdenau.004x-228x300.jpg 228w, https:\/\/brcnews.net\/wp-content\/uploads\/2015\/03\/DMAdenau.004x.jpg 572w\" sizes=\"(max-width: 228px) 100vw, 228px\" \/><\/a><figcaption id=\"caption-attachment-4722\" class=\"wp-caption-text\">Der Lokalmatador Jan Rettke ist mit seinem Xray X12 Schnellster in der Klasse 1:12 Standard<\/figcaption><\/figure>\n<p>Das freie Training ist zu Ende. Jan Rettke und Markus Mobers waren auch heute Morgen wieder die Schnellsten in ihrer jeweiligen Klasse. Jan Rettke absolvierte seine drei schnellsten zusammenh\u00e4ngenden Runden in 29,688 Sekunden. Damit war er rund 1,8 Zehntelsekunde schneller als gestern. Hinter Jan Rettke folgen Kim Altmann mit 30,104 Sekunden und Sascha Freitag mit 30,377 Sekunden.<\/p>\n<p>Markus Mobers fuhr seine drei schnellsten Runden in 27,781 Sekunden. Damit war er. Zweitschnellster heute Morgen war Daniel Sieber mit 27,994 Sekunden. Die drittschnellste Zeit schaffte Tim Altmann mit 28,381 Sekunden.<\/p>\n<p>Markus Mobers fuhr die schnellste Runde mit 9,132 Sekunden. Den inoffiziellen Rundenrekord auf dem Eifelring h\u00e4lt im \u00dcbrigen Daniel Sieber mit 9,022 Sekunden..<\/p>\n<hr \/>\n<h6><span style=\"text-decoration: underline;\"><span style=\"color: #008000; text-decoration: underline;\">Erste Meldung: 9:00 Uhr<\/span><\/span><\/h6>\n<h3>Letzte Runde im freien Training l\u00e4uft<\/h3>\n<figure id=\"attachment_4716\" aria-describedby=\"caption-attachment-4716\" style=\"width: 800px\" class=\"wp-caption alignleft\"><a href=\"http:\/\/brcnews.net\/wp-content\/uploads\/2015\/03\/DMAdenau.002x.jpg\"><img loading=\"lazy\" class=\"wp-image-4716 size-full colorbox-4708\" src=\"http:\/\/brcnews.net\/wp-content\/uploads\/2015\/03\/DMAdenau.002x.jpg\" alt=\"DMAdenau.002x\" width=\"800\" height=\"462\" srcset=\"https:\/\/brcnews.net\/wp-content\/uploads\/2015\/03\/DMAdenau.002x.jpg 800w, https:\/\/brcnews.net\/wp-content\/uploads\/2015\/03\/DMAdenau.002x-300x173.jpg 300w\" sizes=\"(max-width: 800px) 100vw, 800px\" \/><\/a><figcaption id=\"caption-attachment-4716\" class=\"wp-caption-text\">Fahrerbesprechung: Uwe Baldes (rechts) gibt den Fahrern die letzten Instruktionen<\/figcaption><\/figure>\n<p>Seit rund einer halben Stunde l\u00e4uft auf dem Eifelring in Leimbach bei den Deutschen Meisterschaften 1:12 die letzte freie Trainingsrunde. Danach folgt ein kontrolliertes Training. Zwei Runden sind f\u00fcr die 70 Fahrer angesagt.<\/p>\n<p>Gestern konnten die Fahrer ihr Fahrzeug in einem freien Training auf die Strecke abstimmen. In 1:12 Standard setzte sich Lokalmatador Jan Rettke durch. Er fuhr seine schnellsten zusammenh\u00e4ngenden drei Runden in 29,862 Sekunden. Auf Platz 2 liegt Jens Sch\u00e4fer (30,427 Sekunden), auf Platz 3 folgt Jens Ginnuttis (30,466 Sekunden).<\/p>\n<p>Schnellster in der Expertklasse ist Rekordmeister Markus Mobers. Er brauchte f\u00fcr die schnellsten drei zusammenh\u00e4ngenden Runden 27,739 Sekunden. Daniel Sieber folgt mit knapp drei Zehntelsekunden R\u00fcckstand. Dritter ist Tim Altmann (28,445 Sekunden).<\/p>\n<div class=\"twoclick_social_bookmarks_post_4708 social_share_privacy clearfix 1.6.4 locale-de_DE sprite-de_DE\"><\/div><div class=\"twoclick-js\"><script type=\"text\/javascript\">\/* <![CDATA[ *\/\njQuery(document).ready(function($){if($('.twoclick_social_bookmarks_post_4708')){$('.twoclick_social_bookmarks_post_4708').socialSharePrivacy({\"services\":{\"facebook\":{\"status\":\"on\",\"txt_info\":\"2 Klicks f\\u00fcr mehr Datenschutz: Erst wenn Sie hier klicken, wird der Button aktiv und Sie k\\u00f6nnen Ihre Empfehlung an Facebook senden. Schon beim Aktivieren werden Daten an Dritte \\u00fcbertragen - siehe <em>i<\\\/em>.\",\"perma_option\":\"off\",\"action\":\"recommend\",\"language\":\"de_DE\"},\"twitter\":{\"reply_to\":\"\",\"tweet_text\":\"%20Internationale%20Deutsche%20Meisterschaften%201%3A12%20auf%20dem%20Eifelring%20%E2%80%93%20Tag%201%20%C2%BB%20...\",\"status\":\"on\",\"txt_info\":\"2 Klicks f\\u00fcr mehr Datenschutz: Erst wenn Sie hier klicken, wird der Button aktiv und Sie k\\u00f6nnen Ihre Empfehlung an Twitter senden. Schon beim Aktivieren werden Daten an Dritte \\u00fcbertragen - siehe <em>i<\\\/em>.\",\"perma_option\":\"off\",\"language\":\"de\",\"referrer_track\":\"\"},\"gplus\":{\"status\":\"on\",\"txt_info\":\"2 Klicks f\\u00fcr mehr Datenschutz: Erst wenn Sie hier klicken, wird der Button aktiv und Sie k\\u00f6nnen Ihre Empfehlung an Google+ senden. Schon beim Aktivieren werden Daten an Dritte \\u00fcbertragen - siehe <em>i<\\\/em>.\",\"perma_option\":\"off\",\"referrer_track\":\"\"}},\"txt_help\":\"Wenn Sie diese Felder durch einen Klick aktivieren, werden Informationen an Facebook, Twitter, Flattr, Xing, t3n, LinkedIn, Pinterest oder Google eventuell ins Ausland \\u00fcbertragen und unter Umst\\u00e4nden auch dort gespeichert. N\\u00e4heres erfahren Sie durch einen Klick auf das <em>i<\\\/em>.\",\"settings_perma\":\"Dauerhaft aktivieren und Daten\\u00fcber-tragung zustimmen:\",\"info_link\":\"http:\\\/\\\/www.heise.de\\\/ct\\\/artikel\\\/2-Klicks-fuer-mehr-Datenschutz-1333879.html\",\"uri\":\"https:\\\/\\\/brcnews.net\\\/?p=4708\",\"post_id\":4708,\"post_title_referrer_track\":\"Internationale+Deutsche+Meisterschaften+1%3A12+auf+dem+Eifelring+%26%238211%3B+Tag+1\",\"display_infobox\":\"on\"});}});\n\/* ]]> *\/<\/script><\/div>","protected":false},"excerpt":{"rendered":"<p>Letzte Meldung: 19:40 Uhr Drei Vorl\u00e4ufe \u2013 drei Siege F\u00fcr Markus Mobers ist das eine saubere Sache: Drei Vorl\u00e4ufe \u2013 drei Siege. Damit ist im die Poleposition praktisch sicher. Daniel Sieber hat allenfalls<\/p>\n","protected":false},"author":1,"featured_media":4740,"comment_status":"closed","ping_status":"open","sticky":false,"template":"","format":"standard","meta":[],"categories":[13],"tags":[51,53,54,52,67],"_links":{"self":[{"href":"https:\/\/brcnews.net\/index.php?rest_route=\/wp\/v2\/posts\/4708"}],"collection":[{"href":"https:\/\/brcnews.net\/index.php?rest_route=\/wp\/v2\/posts"}],"about":[{"href":"https:\/\/brcnews.net\/index.php?rest_route=\/wp\/v2\/types\/post"}],"author":[{"embeddable":true,"href":"https:\/\/brcnews.net\/index.php?rest_route=\/wp\/v2\/users\/1"}],"replies":[{"embeddable":true,"href":"https:\/\/brcnews.net\/index.php?rest_route=%2Fwp%2Fv2%2Fcomments&post=4708"}],"version-history":[{"count":26,"href":"https:\/\/brcnews.net\/index.php?rest_route=\/wp\/v2\/posts\/4708\/revisions"}],"predecessor-version":[{"id":4760,"href":"https:\/\/brcnews.net\/index.php?rest_route=\/wp\/v2\/posts\/4708\/revisions\/4760"}],"wp:featuredmedia":[{"embeddable":true,"href":"https:\/\/brcnews.net\/index.php?rest_route=\/wp\/v2\/media\/4740"}],"wp:attachment":[{"href":"https:\/\/brcnews.net\/index.php?rest_route=%2Fwp%2Fv2%2Fmedia&parent=4708"}],"wp:term":[{"taxonomy":"category","embeddable":true,"href":"https:\/\/brcnews.net\/index.php?rest_route=%2Fwp%2Fv2%2Fcategories&post=4708"},{"taxonomy":"post_tag","embeddable":true,"href":"https:\/\/brcnews.net\/index.php?rest_route=%2Fwp%2Fv2%2Ftags&post=4708"}],"curies":[{"name":"wp","href":"https:\/\/api.w.org\/{rel}","templated":true}]}}