{"id":23064,"date":"2022-11-04T17:31:48","date_gmt":"2022-11-04T15:31:48","guid":{"rendered":"https:\/\/brcnews.net\/?p=23064"},"modified":"2022-11-06T21:49:06","modified_gmt":"2022-11-06T19:49:06","slug":"faszination-modellbau-in-friedrichshafen-2022-germany-open-masters","status":"publish","type":"post","link":"https:\/\/brcnews.net\/?p=23064","title":{"rendered":"Faszination Modellbau in  Friedrichshafen 2022 &#8211; German Open Masters"},"content":{"rendered":"\n<hr class=\"wp-block-separator\"\/>\n\n\n\n<p><\/p>\n\n\n\n<p><strong><span class=\"has-inline-color has-green-color\">23.<span class=\"has-inline-color has-green-color\"><\/span><\/span> <span class=\"has-inline-color has-white-color\"><\/span><span class=\"has-inline-color has-green-color\">Meldung: Sonntag 6. November; 17:10 Uhr<\/span><\/strong>   <\/p>\n\n\n\n<h3>Die Siegerehrung<\/h3>\n\n\n\n<div class=\"wp-block-image\"><figure class=\"aligncenter size-full\"><a href=\"https:\/\/brcnews.net\/wp-content\/uploads\/2022\/11\/MesseBodensee.046.jpg\"><img loading=\"lazy\" width=\"1000\" height=\"452\" src=\"https:\/\/brcnews.net\/wp-content\/uploads\/2022\/11\/MesseBodensee.046.jpg\" alt=\"\" class=\"wp-image-23151 colorbox-23064\" srcset=\"https:\/\/brcnews.net\/wp-content\/uploads\/2022\/11\/MesseBodensee.046.jpg 1000w, https:\/\/brcnews.net\/wp-content\/uploads\/2022\/11\/MesseBodensee.046-300x136.jpg 300w, https:\/\/brcnews.net\/wp-content\/uploads\/2022\/11\/MesseBodensee.046-768x347.jpg 768w\" sizes=\"(max-width: 1000px) 100vw, 1000px\" \/><\/a><figcaption>Siegerehrung Nitro 1:8. Die Top 3 (von links): Oliver Lembeck (Platz 2), Thilo Diekmann (Platz 1) und Olaf Engelmann (Platz 3).<\/figcaption><\/figure><\/div>\n\n\n\n<div class=\"wp-block-image\"><figure class=\"aligncenter size-full\"><a href=\"https:\/\/brcnews.net\/wp-content\/uploads\/2022\/11\/MesseBodensee.045.jpg\"><img loading=\"lazy\" width=\"1000\" height=\"596\" src=\"https:\/\/brcnews.net\/wp-content\/uploads\/2022\/11\/MesseBodensee.045.jpg\" alt=\"\" class=\"wp-image-23152 colorbox-23064\" srcset=\"https:\/\/brcnews.net\/wp-content\/uploads\/2022\/11\/MesseBodensee.045.jpg 1000w, https:\/\/brcnews.net\/wp-content\/uploads\/2022\/11\/MesseBodensee.045-300x179.jpg 300w, https:\/\/brcnews.net\/wp-content\/uploads\/2022\/11\/MesseBodensee.045-768x458.jpg 768w\" sizes=\"(max-width: 1000px) 100vw, 1000px\" \/><\/a><figcaption> Siegerehrung Nitro 1:10. Die Top 3 (von links): Traugott Sch\u00e4r (Platz 3), Melvin Diekmann (Platz 1) und Leon Fuhrmann (Platz 2).<\/figcaption><\/figure><\/div>\n\n\n\n<div class=\"wp-block-image\"><figure class=\"aligncenter size-full\"><a href=\"https:\/\/brcnews.net\/wp-content\/uploads\/2022\/11\/MesseBodensee.044.jpg\"><img loading=\"lazy\" width=\"1000\" height=\"652\" src=\"https:\/\/brcnews.net\/wp-content\/uploads\/2022\/11\/MesseBodensee.044.jpg\" alt=\"\" class=\"wp-image-23153 colorbox-23064\" srcset=\"https:\/\/brcnews.net\/wp-content\/uploads\/2022\/11\/MesseBodensee.044.jpg 1000w, https:\/\/brcnews.net\/wp-content\/uploads\/2022\/11\/MesseBodensee.044-300x196.jpg 300w, https:\/\/brcnews.net\/wp-content\/uploads\/2022\/11\/MesseBodensee.044-768x501.jpg 768w\" sizes=\"(max-width: 1000px) 100vw, 1000px\" \/><\/a><figcaption>Siegerehrung Elektro 1:8 GT. Die Top 3 (von links): G\u00fcnther St\u00e4rk (Platz 2), Armin St\u00fctz (Platz 1)  und Rolf Tannek (Platz 3).<\/figcaption><\/figure><\/div>\n\n\n\n<div class=\"wp-block-image\"><figure class=\"aligncenter size-full\"><a href=\"https:\/\/brcnews.net\/wp-content\/uploads\/2022\/11\/MesseBodensee.043.jpg\"><img loading=\"lazy\" width=\"1000\" height=\"508\" src=\"https:\/\/brcnews.net\/wp-content\/uploads\/2022\/11\/MesseBodensee.043.jpg\" alt=\"\" class=\"wp-image-23154 colorbox-23064\" srcset=\"https:\/\/brcnews.net\/wp-content\/uploads\/2022\/11\/MesseBodensee.043.jpg 1000w, https:\/\/brcnews.net\/wp-content\/uploads\/2022\/11\/MesseBodensee.043-300x152.jpg 300w, https:\/\/brcnews.net\/wp-content\/uploads\/2022\/11\/MesseBodensee.043-768x390.jpg 768w\" sizes=\"(max-width: 1000px) 100vw, 1000px\" \/><\/a><figcaption> Siegerehrung Elektro 1:8. Die Top 3 (von links):  Christian W\u00fcnsch (Platz 2), Florian Luyer (Platz 1) und Pierre Wordel (Platz 3).<\/figcaption><\/figure><\/div>\n\n\n\n<div class=\"wp-block-image\"><figure class=\"aligncenter size-full is-resized\"><a href=\"https:\/\/brcnews.net\/wp-content\/uploads\/2022\/11\/MesseBodensee.042.jpg\"><img loading=\"lazy\" src=\"https:\/\/brcnews.net\/wp-content\/uploads\/2022\/11\/MesseBodensee.042.jpg\" alt=\"\" class=\"wp-image-23155 colorbox-23064\" width=\"504\" height=\"277\" srcset=\"https:\/\/brcnews.net\/wp-content\/uploads\/2022\/11\/MesseBodensee.042.jpg 1000w, https:\/\/brcnews.net\/wp-content\/uploads\/2022\/11\/MesseBodensee.042-300x165.jpg 300w, https:\/\/brcnews.net\/wp-content\/uploads\/2022\/11\/MesseBodensee.042-768x423.jpg 768w\" sizes=\"(max-width: 504px) 100vw, 504px\" \/><\/a><figcaption> Siegerehrung Elektro 1:8 Standard. Die Top 3 (von links): Alexancder Seittler (Platz 2), Joachim Grauer (Platz 1) und Alexander Kien (Platz 3).<\/figcaption><\/figure><\/div>\n\n\n\n<div class=\"wp-block-image\"><figure class=\"aligncenter size-full\"><a href=\"https:\/\/brcnews.net\/wp-content\/uploads\/2022\/11\/MesseBodensee.041.jpg\"><img loading=\"lazy\" width=\"1000\" height=\"533\" src=\"https:\/\/brcnews.net\/wp-content\/uploads\/2022\/11\/MesseBodensee.041.jpg\" alt=\"\" class=\"wp-image-23156 colorbox-23064\" srcset=\"https:\/\/brcnews.net\/wp-content\/uploads\/2022\/11\/MesseBodensee.041.jpg 1000w, https:\/\/brcnews.net\/wp-content\/uploads\/2022\/11\/MesseBodensee.041-300x160.jpg 300w, https:\/\/brcnews.net\/wp-content\/uploads\/2022\/11\/MesseBodensee.041-768x409.jpg 768w\" sizes=\"(max-width: 1000px) 100vw, 1000px\" \/><\/a><figcaption>Siegerehrung Motorrad Elektro Modofied. Die Top 3 (von links): Oliver Markus W\u00e4ckerle (Platz 2), Peter Denzel (Platz 1) und Stefan Strotzer Platz 3)<\/figcaption><\/figure><\/div>\n\n\n\n<div class=\"wp-block-image\"><figure class=\"aligncenter size-full\"><a href=\"https:\/\/brcnews.net\/wp-content\/uploads\/2022\/11\/MesseBodensee.040.jpg\"><img loading=\"lazy\" width=\"1000\" height=\"497\" src=\"https:\/\/brcnews.net\/wp-content\/uploads\/2022\/11\/MesseBodensee.040.jpg\" alt=\"\" class=\"wp-image-23157 colorbox-23064\" srcset=\"https:\/\/brcnews.net\/wp-content\/uploads\/2022\/11\/MesseBodensee.040.jpg 1000w, https:\/\/brcnews.net\/wp-content\/uploads\/2022\/11\/MesseBodensee.040-300x149.jpg 300w, https:\/\/brcnews.net\/wp-content\/uploads\/2022\/11\/MesseBodensee.040-768x382.jpg 768w\" sizes=\"(max-width: 1000px) 100vw, 1000px\" \/><\/a><figcaption>Siegerehrung Motorrad Elektro Standard. Die Top 3 (von links): Hagen Heilig (Platz 2), Peter Denzel (Platz 1) und Thomas Fellner (Platz 3).<\/figcaption><\/figure><\/div>\n\n\n\n<div class=\"wp-block-image is-style-default\"><figure class=\"aligncenter size-full\"><a href=\"https:\/\/brcnews.net\/wp-content\/uploads\/2022\/11\/MesseBodensee.039.jpg\"><img loading=\"lazy\" width=\"1000\" height=\"556\" src=\"https:\/\/brcnews.net\/wp-content\/uploads\/2022\/11\/MesseBodensee.039.jpg\" alt=\"\" class=\"wp-image-23160 colorbox-23064\" srcset=\"https:\/\/brcnews.net\/wp-content\/uploads\/2022\/11\/MesseBodensee.039.jpg 1000w, https:\/\/brcnews.net\/wp-content\/uploads\/2022\/11\/MesseBodensee.039-300x167.jpg 300w, https:\/\/brcnews.net\/wp-content\/uploads\/2022\/11\/MesseBodensee.039-768x427.jpg 768w\" sizes=\"(max-width: 1000px) 100vw, 1000px\" \/><\/a><figcaption>Siegerehrung Tourenwagen 1:10. Die Top 3 (von links): Christian R\u00f6nicke (Platz 2), Manuel Dietrich (Platz 1) und reiner Kammerlander (Platz 3).<\/figcaption><\/figure><\/div>\n\n\n\n<div class=\"wp-block-image\"><figure class=\"aligncenter size-full\"><a href=\"https:\/\/brcnews.net\/wp-content\/uploads\/2022\/11\/MesseBodensee.038.jpg\"><img loading=\"lazy\" width=\"1000\" height=\"573\" src=\"https:\/\/brcnews.net\/wp-content\/uploads\/2022\/11\/MesseBodensee.038.jpg\" alt=\"\" class=\"wp-image-23159 colorbox-23064\" srcset=\"https:\/\/brcnews.net\/wp-content\/uploads\/2022\/11\/MesseBodensee.038.jpg 1000w, https:\/\/brcnews.net\/wp-content\/uploads\/2022\/11\/MesseBodensee.038-300x172.jpg 300w, https:\/\/brcnews.net\/wp-content\/uploads\/2022\/11\/MesseBodensee.038-768x440.jpg 768w\" sizes=\"(max-width: 1000px) 100vw, 1000px\" \/><\/a><figcaption>Siegerehrung Tourenwagen Fronti. Die Top 3 (von links): Fabian Gentner (Platz 2), Johannes Hirscher (Platz 1) und Vito Loscalzo (Platz 3)<\/figcaption><\/figure><\/div>\n\n\n\n<hr class=\"wp-block-separator\"\/>\n\n\n\n<p><strong><span class=\"has-inline-color has-green-color\">22.<span class=\"has-inline-color has-green-color\"><\/span><\/span> <span class=\"has-inline-color has-white-color\"><\/span><span class=\"has-inline-color has-green-color\">Meldung: Sonntag 6. November; 16:15 Uhr<\/span><\/strong>   <\/p>\n\n\n\n<h3>Thilo Diekmann gewinnt Nitro 1:8 <\/h3>\n\n\n\n<div class=\"wp-block-image\"><figure class=\"aligncenter size-full\"><a href=\"https:\/\/brcnews.net\/wp-content\/uploads\/2022\/11\/MesseBodensee.037.jpg\"><img loading=\"lazy\" width=\"1000\" height=\"622\" src=\"https:\/\/brcnews.net\/wp-content\/uploads\/2022\/11\/MesseBodensee.037.jpg\" alt=\"\" class=\"wp-image-23149 colorbox-23064\" srcset=\"https:\/\/brcnews.net\/wp-content\/uploads\/2022\/11\/MesseBodensee.037.jpg 1000w, https:\/\/brcnews.net\/wp-content\/uploads\/2022\/11\/MesseBodensee.037-300x187.jpg 300w, https:\/\/brcnews.net\/wp-content\/uploads\/2022\/11\/MesseBodensee.037-768x478.jpg 768w\" sizes=\"(max-width: 1000px) 100vw, 1000px\" \/><\/a><figcaption>Thilo Diekmann<\/figcaption><\/figure><\/div>\n\n\n\n<p>Thilo Diekmann lie\u00df sich im letzten Rennen des Tages nicht aus der Ruhe bringen. Mit knapp sechs Runden Vorsprung gewann er die Klasse Nitro 1:8. 1432 Runden absolvierte er in den 30 Minuten. Zweiter wurde Oliver Lembeck mit 136 Runden, Dritter Olaf Engelmann mit 133 Runden.<\/p>\n\n\n\n<hr class=\"wp-block-separator\"\/>\n\n\n\n<p><strong><span class=\"has-inline-color has-green-color\">21.<span class=\"has-inline-color has-green-color\"><\/span><\/span> <span class=\"has-inline-color has-white-color\"><\/span><span class=\"has-inline-color has-green-color\">Meldung: Sonntag 6. November; 15:30 Uhr<\/span><\/strong>  <\/p>\n\n\n\n<h3>Letzte Entscheidungen in den Elektroklassen<\/h3>\n\n\n\n<p>Mit seinem zweiten Sieg im dritten A-Finale hat sich Armin St\u00fctz (GER) den Gesamtsieg in Elektro 1:8 GT geholt. Peter Denzel holte sich den Doppelsieg in den Bikerklassen.<\/p>\n\n\n\n<div class=\"wp-block-image\"><figure class=\"aligncenter size-large\"><a href=\"https:\/\/brcnews.net\/wp-content\/uploads\/2022\/11\/Sieger-Elektro.jpg\"><img loading=\"lazy\" width=\"1024\" height=\"234\" src=\"https:\/\/brcnews.net\/wp-content\/uploads\/2022\/11\/Sieger-Elektro-1024x234.jpg\" alt=\"\" class=\"wp-image-23147 colorbox-23064\" srcset=\"https:\/\/brcnews.net\/wp-content\/uploads\/2022\/11\/Sieger-Elektro-1024x234.jpg 1024w, https:\/\/brcnews.net\/wp-content\/uploads\/2022\/11\/Sieger-Elektro-300x69.jpg 300w, https:\/\/brcnews.net\/wp-content\/uploads\/2022\/11\/Sieger-Elektro-768x176.jpg 768w, https:\/\/brcnews.net\/wp-content\/uploads\/2022\/11\/Sieger-Elektro.jpg 1106w\" sizes=\"(max-width: 1024px) 100vw, 1024px\" \/><\/a><\/figure><\/div>\n\n\n\n<hr class=\"wp-block-separator\"\/>\n\n\n\n<p><strong><span class=\"has-inline-color has-green-color\">20.<span class=\"has-inline-color has-green-color\"><\/span><\/span> <span class=\"has-inline-color has-white-color\"><\/span><span class=\"has-inline-color has-green-color\">Meldung: Sonntag 6. November; 15:20 Uhr<\/span><\/strong>   <\/p>\n\n\n\n<h3>Faszination Funktionsmodellbau<\/h3>\n\n\n\n<p>Laster, Bagger, Raupen, Sattelz\u00fcge, Traktoren, Schwertransporter \u2013 sie sind auf jeder Modellbaumesse ein Highlight. Auch hier in Friedrichshafen. Enthusiasten schaffen dazu Baustellen, Stra\u00dfen, Felder und vieles anderes, um die Funktionen darstellen zu k\u00f6nnen. Die Modelle kommen dem Original erstaunlich nahe.<\/p>\n\n\n\n<div class=\"wp-block-image\"><figure class=\"aligncenter size-full\"><a href=\"https:\/\/brcnews.net\/wp-content\/uploads\/2022\/11\/MesseBodensee.036.jpg\"><img loading=\"lazy\" width=\"1000\" height=\"624\" src=\"https:\/\/brcnews.net\/wp-content\/uploads\/2022\/11\/MesseBodensee.036.jpg\" alt=\"\" class=\"wp-image-23141 colorbox-23064\" srcset=\"https:\/\/brcnews.net\/wp-content\/uploads\/2022\/11\/MesseBodensee.036.jpg 1000w, https:\/\/brcnews.net\/wp-content\/uploads\/2022\/11\/MesseBodensee.036-300x187.jpg 300w, https:\/\/brcnews.net\/wp-content\/uploads\/2022\/11\/MesseBodensee.036-768x479.jpg 768w\" sizes=\"(max-width: 1000px) 100vw, 1000px\" \/><\/a><\/figure><\/div>\n\n\n\n<div class=\"wp-block-image\"><figure class=\"aligncenter size-full\"><a href=\"https:\/\/brcnews.net\/wp-content\/uploads\/2022\/11\/MesseBodensee.035.jpg\"><img loading=\"lazy\" width=\"1000\" height=\"464\" src=\"https:\/\/brcnews.net\/wp-content\/uploads\/2022\/11\/MesseBodensee.035.jpg\" alt=\"\" class=\"wp-image-23142 colorbox-23064\" srcset=\"https:\/\/brcnews.net\/wp-content\/uploads\/2022\/11\/MesseBodensee.035.jpg 1000w, https:\/\/brcnews.net\/wp-content\/uploads\/2022\/11\/MesseBodensee.035-300x139.jpg 300w, https:\/\/brcnews.net\/wp-content\/uploads\/2022\/11\/MesseBodensee.035-768x356.jpg 768w\" sizes=\"(max-width: 1000px) 100vw, 1000px\" \/><\/a><\/figure><\/div>\n\n\n\n<div class=\"wp-block-image\"><figure class=\"aligncenter size-full\"><a href=\"https:\/\/brcnews.net\/wp-content\/uploads\/2022\/11\/MesseBodensee.033.jpg\"><img loading=\"lazy\" width=\"1000\" height=\"657\" src=\"https:\/\/brcnews.net\/wp-content\/uploads\/2022\/11\/MesseBodensee.033.jpg\" alt=\"\" class=\"wp-image-23143 colorbox-23064\" srcset=\"https:\/\/brcnews.net\/wp-content\/uploads\/2022\/11\/MesseBodensee.033.jpg 1000w, https:\/\/brcnews.net\/wp-content\/uploads\/2022\/11\/MesseBodensee.033-300x197.jpg 300w, https:\/\/brcnews.net\/wp-content\/uploads\/2022\/11\/MesseBodensee.033-768x505.jpg 768w\" sizes=\"(max-width: 1000px) 100vw, 1000px\" \/><\/a><\/figure><\/div>\n\n\n\n<p>Das war f\u00fcr heute der letzte Blick zu anderen Modellbausparten.<\/p>\n\n\n\n<hr class=\"wp-block-separator\"\/>\n\n\n\n<p><strong><span class=\"has-inline-color has-green-color\">19.<span class=\"has-inline-color has-green-color\"><\/span><\/span> <span class=\"has-inline-color has-white-color\"><\/span><span class=\"has-inline-color has-green-color\">Meldung: Sonntag 6. November; 14:30 Uhr<\/span><\/strong>  <\/p>\n\n\n\n<h3>Nitro 1:10: Deutscher Meister setzt sich durch <\/h3>\n\n\n\n<div class=\"wp-block-image\"><figure class=\"aligncenter size-full\"><a href=\"https:\/\/brcnews.net\/wp-content\/uploads\/2022\/11\/MesseBodensee.029.jpg\"><img loading=\"lazy\" width=\"1000\" height=\"904\" src=\"https:\/\/brcnews.net\/wp-content\/uploads\/2022\/11\/MesseBodensee.029.jpg\" alt=\"\" class=\"wp-image-23138 colorbox-23064\" srcset=\"https:\/\/brcnews.net\/wp-content\/uploads\/2022\/11\/MesseBodensee.029.jpg 1000w, https:\/\/brcnews.net\/wp-content\/uploads\/2022\/11\/MesseBodensee.029-300x271.jpg 300w, https:\/\/brcnews.net\/wp-content\/uploads\/2022\/11\/MesseBodensee.029-768x694.jpg 768w\" sizes=\"(max-width: 1000px) 100vw, 1000px\" \/><\/a><figcaption>Lieferten sich ein spannendes Duell: Melvin Diekmann und Leon Fuhrmann<\/figcaption><\/figure><\/div>\n\n\n\n<p>Spannung pur bis zum Ende. Immer wieder wechselte die F\u00fchrung. Melvin Diekmann und Leon Fuhrmann (12 Jahre alt) lieferten sich zur letzten Runde einen immer fairen und spannenden Fight, in dem am Schluss der amtierender Deutscher Meister dieser Klasse, Melvin Diekmann, nach 30 Minuten und 128 Runden mit knapp vier Sekunden Vorsprung die Nase vorn hatte und seinen h\u00e4rtesten Konkurrenten Leon Fuhrmann auf Platz zwei verwies. Fast f\u00fcnf Runden lagen beim \u00dcberqueren der Ziellinie zwischen den beiden Kontrahenten und dem Drittplatzierten Traugott Sch\u00e4r aus der Schweiz. Weitere zwei Runden dahinter folgte Erwin Richter (AUT).<\/p>\n\n\n\n<hr class=\"wp-block-separator\"\/>\n\n\n\n<p><strong><span class=\"has-inline-color has-green-color\">18.<span class=\"has-inline-color has-green-color\"><\/span><\/span> <span class=\"has-inline-color has-white-color\"><\/span><span class=\"has-inline-color has-green-color\">Meldung: Sonntag 6. November; 14:00 Uhr<\/span><\/strong> <\/p>\n\n\n\n<h3>Drei weitere Sieger stehen fest<\/h3>\n\n\n\n<p>Drei weitere Sieger stehen nach de zweite A-Finallauf fest: In Elektro 1:8 Stock, in Tourenwagen Elektro 1:10 und in Tourenwagen Fronti. In den Klassen Elektro 1: GT und in den Bikerklassen f\u00e4llt die Entscheidung um den Sieg im dritten und letzten Finale.<\/p>\n\n\n\n<p>Joachim Grauer (GER) gewinnt das zweite A-Finale Elektro 1:8 Stock. Damit steht er als Gesamtsieger der Klasse fest. Zweiter in diesem Lauf wurde Alexander Kien (GER), Dritter Alexander Se\u00edttler (GER).<\/p>\n\n\n\n<p>Im zweiten A-Finale Elektro 1:8 GT (EG8GT) holt sich Armin St\u00fctzer (GER) den Sieg. G\u00fcnther St\u00e4rk (GER), der den ersten Lauf gewonnen hat, wird Zweiter. Rolf Tannek (GER) holt sich Platz drei.<\/p>\n\n\n\n<p>In Tourenwagen 1:10 Elektro fiel die Entscheidung im zweiten Lauf. Manuel Dietrich (GER) holte sich den zweiten Finallaufsieg und damit den Gesamtsieg. Rainer Kammerlander (AUT) wurde Zweiter in diesem Lauf. Christian R\u00f6nicke (GER) Dritter.<\/p>\n\n\n\n<p>Die Frontiklasse ging nach dem zweiten Finallaufsieg an Johannes Hirscher (GER). Zweiter in diesem Lauf wurde Vito Loscalzo (ITA), Dritter Igor Jukic (GER).<\/p>\n\n\n\n<p>Noch offen ist der Gesamtsieger in den beiden Bikerklassen. In Standard gewann Peter Denzel (GER) den ersten Finallauf und Hagen Theilig (GER) den zweiten. In Modified siegte Oliver arkus W\u00e4ckerle im ersten Finale und Peter Denzel im zweiten.<\/p>\n\n\n\n<hr class=\"wp-block-separator\"\/>\n\n\n\n<p><strong><span class=\"has-inline-color has-green-color\">17.<span class=\"has-inline-color has-green-color\"><\/span><\/span> <span class=\"has-inline-color has-white-color\"><\/span><span class=\"has-inline-color has-green-color\">Meldung: Sonntag 6. November; 13:30 Uhr<\/span><\/strong>    <\/p>\n\n\n\n<h3>Elektro 1:8, Elektro 1:8 Stock und Elektro 1:8 GT <\/h3>\n\n\n\n<p>Der Ma\u00dfstab 1:8 war bis vor wenigen Jahren den Verbrennerfahrern vorbehalten. Jetzt gibt es zus\u00e4tzliche Elektroklassen. Beim Messerennen werden in diesem Jahr drei Elektroklassen gefahren:<\/p>\n\n\n\n<div class=\"wp-block-image\"><figure class=\"aligncenter size-large\"><a href=\"https:\/\/brcnews.net\/wp-content\/uploads\/2022\/11\/IMG_9740-scaled.jpg\"><img loading=\"lazy\" width=\"1024\" height=\"683\" src=\"https:\/\/brcnews.net\/wp-content\/uploads\/2022\/11\/IMG_9740-1024x683.jpg\" alt=\"\" class=\"wp-image-23134 colorbox-23064\" srcset=\"https:\/\/brcnews.net\/wp-content\/uploads\/2022\/11\/IMG_9740-1024x683.jpg 1024w, https:\/\/brcnews.net\/wp-content\/uploads\/2022\/11\/IMG_9740-300x200.jpg 300w, https:\/\/brcnews.net\/wp-content\/uploads\/2022\/11\/IMG_9740-768x512.jpg 768w, https:\/\/brcnews.net\/wp-content\/uploads\/2022\/11\/IMG_9740-1536x1024.jpg 1536w, https:\/\/brcnews.net\/wp-content\/uploads\/2022\/11\/IMG_9740-2048x1365.jpg 2048w\" sizes=\"(max-width: 1024px) 100vw, 1024px\" \/><\/a><figcaption>Ein typischer Vertreter der Klasse Elektro 1:8 von Serpent<\/figcaption><\/figure><\/div>\n\n\n\n<p><strong>Elektro 1:8 (EG8<\/strong>): Das ist das direkte Pendant zur Nitro-Klasse 1:8. Die Chassis sind nahezu identisch. Moderne Motoren, Regler und Akkus machen Elektro 1:8 mindestens so schnell wie Nitro 1:8. Eingesetzt werden 4s oder 6s Akkus. Motoren mit einer Leistung von 2400 kv bis zu 2800 kv. Florian Luyer (AUT) war fuhr bei seinem ersten A-Finalsieg eine Rundenzeit von 11,901 Sekunden und damit deutlich schneller als die Fahrer der Klasse Nitro 1:8.<\/p>\n\n\n\n<div class=\"wp-block-image\"><figure class=\"aligncenter size-full\"><a href=\"https:\/\/brcnews.net\/wp-content\/uploads\/2022\/11\/MesseBodensee.019.jpg\"><img loading=\"lazy\" width=\"1000\" height=\"620\" src=\"https:\/\/brcnews.net\/wp-content\/uploads\/2022\/11\/MesseBodensee.019.jpg\" alt=\"\" class=\"wp-image-23133 colorbox-23064\" srcset=\"https:\/\/brcnews.net\/wp-content\/uploads\/2022\/11\/MesseBodensee.019.jpg 1000w, https:\/\/brcnews.net\/wp-content\/uploads\/2022\/11\/MesseBodensee.019-300x186.jpg 300w, https:\/\/brcnews.net\/wp-content\/uploads\/2022\/11\/MesseBodensee.019-768x476.jpg 768w\" sizes=\"(max-width: 1000px) 100vw, 1000px\" \/><\/a><figcaption>Ein Buri 2.0. Das Fahrzeug kommt ohne gro\u00dfen Schnickschnack aus.<\/figcaption><\/figure><\/div>\n\n\n\n<p><strong>Elektro 1:8 Stock (EG8 Stock)<\/strong>: Die Klasse ist ein Zur\u00fcck zu den Anf\u00e4ngen der Nitroklasse 1:8, eine Reminiszenz an das legend\u00e4re Hackbrett. Das Chassis ist nicht gefedert. Es besitzt eine starre Hinterachse ohne Differenzial. Puristen setzen zudem einen sensorlosen Motor (1800 bis 2000 kv) ein, angesteuert von einem einfachen Regler. Die Energie kommt aus einem 4s-Akku.<\/p>\n\n\n\n<div class=\"wp-block-image\"><figure class=\"aligncenter size-full\"><a href=\"https:\/\/brcnews.net\/wp-content\/uploads\/2022\/11\/MesseBodensee.017.jpg\"><img loading=\"lazy\" width=\"1000\" height=\"563\" src=\"https:\/\/brcnews.net\/wp-content\/uploads\/2022\/11\/MesseBodensee.017.jpg\" alt=\"\" class=\"wp-image-23132 colorbox-23064\" srcset=\"https:\/\/brcnews.net\/wp-content\/uploads\/2022\/11\/MesseBodensee.017.jpg 1000w, https:\/\/brcnews.net\/wp-content\/uploads\/2022\/11\/MesseBodensee.017-300x169.jpg 300w, https:\/\/brcnews.net\/wp-content\/uploads\/2022\/11\/MesseBodensee.017-768x432.jpg 768w\" sizes=\"(max-width: 1000px) 100vw, 1000px\" \/><\/a><figcaption>Ein Elektro 1:8 GT (E8GT) von Harm.<\/figcaption><\/figure><\/div>\n\n\n\n<p><strong>Elektro 1:8 GT (EG8GT)<\/strong>: Die Klasse entstand vor wenigen Jahren. Glattbahnfans best\u00fcckten Offroadbuggys im Ma\u00dfstab 1:8 mit Glattbahnreifen. Die Ganze funktionierte \u2013 jedenfalls so gut, dass man sich schon bald zu ersten Rennen traf. Heute bieten unterschiedliche Hersteller speziell f\u00fcr die Klasse entwickelte Chassis mit immer h\u00f6herem Materialstandard Motor und Regler sind unlimitiert. Die Energie liefert ein 4s-Akku.<\/p>\n\n\n\n<hr class=\"wp-block-separator\"\/>\n\n\n\n<p><strong><span class=\"has-inline-color has-green-color\">16.<span class=\"has-inline-color has-green-color\"><\/span><\/span> <span class=\"has-inline-color has-white-color\"><\/span><span class=\"has-inline-color has-green-color\">Meldung: Sonntag 6. November; 12:50 Uhr<\/span><\/strong>   <\/p>\n\n\n\n<h3>Erster Sieger steht fest <\/h3>\n\n\n\n<div class=\"wp-block-image\"><figure class=\"aligncenter size-full\"><a href=\"https:\/\/brcnews.net\/wp-content\/uploads\/2022\/11\/MesseBodensee.028.jpg\"><img loading=\"lazy\" width=\"800\" height=\"669\" src=\"https:\/\/brcnews.net\/wp-content\/uploads\/2022\/11\/MesseBodensee.028.jpg\" alt=\"\" class=\"wp-image-23130 colorbox-23064\" srcset=\"https:\/\/brcnews.net\/wp-content\/uploads\/2022\/11\/MesseBodensee.028.jpg 800w, https:\/\/brcnews.net\/wp-content\/uploads\/2022\/11\/MesseBodensee.028-300x251.jpg 300w, https:\/\/brcnews.net\/wp-content\/uploads\/2022\/11\/MesseBodensee.028-768x642.jpg 768w\" sizes=\"(max-width: 800px) 100vw, 800px\" \/><\/a><figcaption>Florian Luyer aus \u00d6sterreich gewinnt die Klasse Elektro 1:8<\/figcaption><\/figure><\/div>\n\n\n\n<p>Der erste Sieger des German RC-Car Masters 2022 steht fest. Floria Luyer aus \u00d6sterreich gewann auch das zweite A-Finale souver\u00e4n. Mit einem Vorsprung von gut einer Runde \u00fcberquerte er die Ziellinie vor Christian W\u00fcnsch (GER). Er fuhr zudem \u00fcber das ganze Wochenende bisher die schnellsten Rennrunden aller Klassen.<\/p>\n\n\n\n<hr class=\"wp-block-separator\"\/>\n\n\n\n<p><strong><span class=\"has-inline-color has-green-color\">15.<span class=\"has-inline-color has-green-color\"><\/span><\/span> <span class=\"has-inline-color has-white-color\"><\/span><span class=\"has-inline-color has-green-color\">Meldung: Sonntag 6. November; 12:10 Uhr<\/span><\/strong>  <\/p>\n\n\n\n<h3>16 Fahrer steigen in die Finale auf<\/h3>\n\n\n\n<div class=\"wp-block-image\"><figure class=\"aligncenter size-full\"><a href=\"https:\/\/brcnews.net\/wp-content\/uploads\/2022\/11\/MesseBodensee.026.jpg\"><img loading=\"lazy\" width=\"1000\" height=\"398\" src=\"https:\/\/brcnews.net\/wp-content\/uploads\/2022\/11\/MesseBodensee.026.jpg\" alt=\"\" class=\"wp-image-23126 colorbox-23064\" srcset=\"https:\/\/brcnews.net\/wp-content\/uploads\/2022\/11\/MesseBodensee.026.jpg 1000w, https:\/\/brcnews.net\/wp-content\/uploads\/2022\/11\/MesseBodensee.026-300x119.jpg 300w, https:\/\/brcnews.net\/wp-content\/uploads\/2022\/11\/MesseBodensee.026-768x306.jpg 768w\" sizes=\"(max-width: 1000px) 100vw, 1000px\" \/><\/a><figcaption>Start Halbinale B Nitro 1:8<\/figcaption><\/figure><\/div>\n\n\n\n<p>Aus den vier Halbfinale in den Nitro 1:8 und Nitro 1:10 sind je Klasse acht Fahrer in die beiden Finale aufgestiegen. Schnellster Fahrer in Nitro 1:10 war Melvin Diekmann im Halbfinale A. Er fuhr 63 Runden in 15:02,217 Minuten. Seine schnellste Runde absolvierte er in 13,540 Sekunden. Zeitschnellster war Michal Abrahamek (CZE). Er startete ebenfalls im Halbfinale A und fuhr 61 Runden in 15:00,153 Sekunden.<\/p>\n\n\n\n<div class=\"wp-block-image\"><figure class=\"aligncenter size-full\"><a href=\"https:\/\/brcnews.net\/wp-content\/uploads\/2022\/11\/AufsteigerFinale10.jpg\"><img loading=\"lazy\" width=\"451\" height=\"155\" src=\"https:\/\/brcnews.net\/wp-content\/uploads\/2022\/11\/AufsteigerFinale10.jpg\" alt=\"\" class=\"wp-image-23128 colorbox-23064\" srcset=\"https:\/\/brcnews.net\/wp-content\/uploads\/2022\/11\/AufsteigerFinale10.jpg 451w, https:\/\/brcnews.net\/wp-content\/uploads\/2022\/11\/AufsteigerFinale10-300x103.jpg 300w\" sizes=\"(max-width: 451px) 100vw, 451px\" \/><\/a><\/figure><\/div>\n\n\n\n<p>Schnellster Fahrer in Nitro 1:8 war Luca Martinelli (SUI) im Halbfinale B. Er absolvierte 70 Runden in 15:04,337 Minuten. Er war damit gut sieben Sekunden schneller als der Oliver Lembeck (GER), der ebenfalls im Halbfinale B fuhr.<\/p>\n\n\n\n<div class=\"wp-block-image\"><figure class=\"aligncenter size-full\"><a href=\"https:\/\/brcnews.net\/wp-content\/uploads\/2022\/11\/AufsteigerFinale8.jpg\"><img loading=\"lazy\" width=\"451\" height=\"157\" src=\"https:\/\/brcnews.net\/wp-content\/uploads\/2022\/11\/AufsteigerFinale8.jpg\" alt=\"\" class=\"wp-image-23127 colorbox-23064\" srcset=\"https:\/\/brcnews.net\/wp-content\/uploads\/2022\/11\/AufsteigerFinale8.jpg 451w, https:\/\/brcnews.net\/wp-content\/uploads\/2022\/11\/AufsteigerFinale8-300x104.jpg 300w\" sizes=\"(max-width: 451px) 100vw, 451px\" \/><\/a><\/figure><\/div>\n\n\n\n<p>Direktqualifiziert im Finale waren in Nitro 1:8 Thilo Diekmann (GER) und Tobias Sutrich (AUT); im Finale Nitro 1:10 Leon Fuhrmann (GER) und Traugott Sch\u00e4r (SUI).<\/p>\n\n\n\n<hr class=\"wp-block-separator\"\/>\n\n\n\n<p><strong><span class=\"has-inline-color has-green-color\">14.<span class=\"has-inline-color has-green-color\"><\/span><\/span> <span class=\"has-inline-color has-white-color\"><\/span><span class=\"has-inline-color has-green-color\">Meldung: Sonntag 6. November; 10:40 Uhr<\/span><\/strong> <\/p>\n\n\n\n<h2>Erster A-Finaldurchgang ist gefahren.<\/h2>\n\n\n\n<p>In einem unspektakul\u00e4ren ersten A-Finale Elektro 1:8 gewann Florian Luyer (AUT) mit f\u00fcnf Runden Vorsprung vor Christian W\u00fcnsch (GER) und Pierre Wordel (GER). Der Sieger absolvierte seine schnellste Runde in 11,901 Sekunden und war damit fast eine Sekunde schneller als der Sieger des Viertelfinales A Nitro 1:8, Sascha Klug (AUT).<\/p>\n\n\n\n<div class=\"wp-block-image\"><figure class=\"aligncenter size-large\"><a href=\"https:\/\/brcnews.net\/wp-content\/uploads\/2022\/11\/MesseBodensee.025-2-scaled.jpg\"><img loading=\"lazy\" width=\"1024\" height=\"620\" src=\"https:\/\/brcnews.net\/wp-content\/uploads\/2022\/11\/MesseBodensee.025-2-1024x620.jpg\" alt=\"\" class=\"wp-image-23124 colorbox-23064\" srcset=\"https:\/\/brcnews.net\/wp-content\/uploads\/2022\/11\/MesseBodensee.025-2-1024x620.jpg 1024w, https:\/\/brcnews.net\/wp-content\/uploads\/2022\/11\/MesseBodensee.025-2-300x182.jpg 300w, https:\/\/brcnews.net\/wp-content\/uploads\/2022\/11\/MesseBodensee.025-2-768x465.jpg 768w, https:\/\/brcnews.net\/wp-content\/uploads\/2022\/11\/MesseBodensee.025-2-1536x929.jpg 1536w, https:\/\/brcnews.net\/wp-content\/uploads\/2022\/11\/MesseBodensee.025-2-2048x1239.jpg 2048w\" sizes=\"(max-width: 1024px) 100vw, 1024px\" \/><\/a><figcaption>Jakob Hacker ging von Startplatz 5 ins Rennen und verbesserte sich auf Platz 4.<\/figcaption><\/figure><\/div>\n\n\n\n<p>Das A-Finale Elektro 1:8 Stock gewann Joachim Grauer (GER) vor Benny Endres (GER). Der Sieger fuhr 24 Runden in 5:10,369 Minuten und hatte im Ziel einen Vorsprung vor dem Zweitplatzierten von knapp zwei Runden.<\/p>\n\n\n\n<p>Armin St\u00fctz (GER) holte sich den Sieg im ersten A-Finale Elektro 1:8 GT (EG8GT). 25 Runden legte er in 6:09,482 Minuten zur\u00fcck. Zweiter wurde G\u00fcnther St\u00e4rk (GER) vor Reinhard Kreis (GER), der von Startplatz 1 in den Finallauf gegangen war.<\/p>\n\n\n\n<p>Im A-Finale Tourenwagen 1:10 Elektro hatte Christian R\u00f6nicke (GER) die Nase vorn. Dahinter folgten Rainer Kammerl\u00e4nder (AUT) und Manuel Dietrich (GER).<\/p>\n\n\n\n<p>Johannes Hirscher (GER) siegte im ersten A-Finale Tourenwagen Fronti. Im Ziel hatte er knapp eine Sekunde Vorsprung auf den Zweiten Fabian Gentner (GER).<\/p>\n\n\n\n<p>Das erste Bikerfinale Standard gewann Peter Denzel (GER). Zweiter wurde Thomas Fellner (GER), Dritter Hagen Theilig (GER).<\/p>\n\n\n\n<p>Im ersten Bikerfinale Modified hatte Oliver Markus W\u00e4ckerle (GER) die Nase vorn. Peter Denzel (GER) wurde Zweiter vor Stefan Strotzer (GER).<\/p>\n\n\n\n<hr class=\"wp-block-separator\"\/>\n\n\n\n<p><strong><span class=\"has-inline-color has-green-color\">13.<span class=\"has-inline-color has-green-color\"><\/span><\/span> <span class=\"has-inline-color has-white-color\"><\/span><span class=\"has-inline-color has-green-color\">Meldung: Sonntag 6. November; 9:40 Uhr<\/span><\/strong> <\/p>\n\n\n\n<h3>Acht Fahrer steigen auf<\/h3>\n\n\n\n<div class=\"wp-block-image\"><figure class=\"aligncenter size-full\"><a href=\"https:\/\/brcnews.net\/wp-content\/uploads\/2022\/11\/Aufsteiger-Halbfinale-Nitro-8.jpg\"><img loading=\"lazy\" width=\"431\" height=\"158\" src=\"https:\/\/brcnews.net\/wp-content\/uploads\/2022\/11\/Aufsteiger-Halbfinale-Nitro-8.jpg\" alt=\"\" class=\"wp-image-23120 colorbox-23064\" srcset=\"https:\/\/brcnews.net\/wp-content\/uploads\/2022\/11\/Aufsteiger-Halbfinale-Nitro-8.jpg 431w, https:\/\/brcnews.net\/wp-content\/uploads\/2022\/11\/Aufsteiger-Halbfinale-Nitro-8-300x110.jpg 300w\" sizes=\"(max-width: 431px) 100vw, 431px\" \/><\/a><\/figure><\/div>\n\n\n\n<p>Aus den beiden Viertelfinalen sind insgesamt acht Fahrer in die beiden Halbfinale aufgestiegen. Sascha Klug (AUT) fuhr 44 Runden in 10:08,642 Minuten, Alexander Kien (GER) absolvierte 42 Runden in 10:09,297 Minuten.<\/p>\n\n\n\n<hr class=\"wp-block-separator\"\/>\n\n\n\n<p><strong><span class=\"has-inline-color has-green-color\">Zw\u00f6fte<\/span> <span class=\"has-inline-color has-white-color\"><\/span><span class=\"has-inline-color has-green-color\">Meldung: Sonntag 6. November; 9:05 Uhr<\/span><\/strong>  <\/p>\n\n\n\n<h3>Der Finaltag hat begonnen<\/h3>\n\n\n\n<p>Mit dem Viertelfinale Nitro 1:8 hat der Finaltag begonnen. Der Start erfolgte p\u00fcnktlich um 9:00 Uhr. Die Laufzeit betr\u00e4gt zehn Minuten. <\/p>\n\n\n\n<p>F\u00fcr das Hauptfinale sind die besten zwei Fahrer nach den Vorl\u00e4ufen gesetzt: Thilo Diekmann (GER) und Tobias Sutrich (AUT)<\/p>\n\n\n\n<hr class=\"wp-block-separator\"\/>\n\n\n\n<p><strong><span class=\"has-inline-color has-green-color\">Elfte<\/span> <span class=\"has-inline-color has-white-color\"><\/span><span class=\"has-inline-color has-green-color\">Meldung: Samstag 5. November; 18:00 Uhr<\/span><\/strong>  <\/p>\n\n\n\n<h3>Qualifikation beendet<\/h3>\n\n\n\n<div class=\"wp-block-image\"><figure class=\"aligncenter size-full\"><a href=\"https:\/\/brcnews.net\/wp-content\/uploads\/2022\/11\/MesseBodensee.020.jpg\"><img loading=\"lazy\" width=\"1000\" height=\"668\" src=\"https:\/\/brcnews.net\/wp-content\/uploads\/2022\/11\/MesseBodensee.020.jpg\" alt=\"\" class=\"wp-image-23116 colorbox-23064\" srcset=\"https:\/\/brcnews.net\/wp-content\/uploads\/2022\/11\/MesseBodensee.020.jpg 1000w, https:\/\/brcnews.net\/wp-content\/uploads\/2022\/11\/MesseBodensee.020-300x200.jpg 300w, https:\/\/brcnews.net\/wp-content\/uploads\/2022\/11\/MesseBodensee.020-768x513.jpg 768w\" sizes=\"(max-width: 1000px) 100vw, 1000px\" \/><\/a><figcaption>Startvorbereitungen einer Vorlaufgruppe Nitro 1:8.<\/figcaption><\/figure><\/div>\n\n\n\n<p>Der letzte Vorlaufdurchgang ist gefahren. Die Ranglisten f\u00fcr die Subfinale und Finall\u00e4ufe stehen.<\/p>\n\n\n\n<div class=\"wp-block-image\"><figure class=\"aligncenter size-full\"><a href=\"https:\/\/brcnews.net\/wp-content\/uploads\/2022\/11\/Endrangliste-Vorlaeufe.jpg\"><img loading=\"lazy\" width=\"910\" height=\"331\" src=\"https:\/\/brcnews.net\/wp-content\/uploads\/2022\/11\/Endrangliste-Vorlaeufe.jpg\" alt=\"\" class=\"wp-image-23117 colorbox-23064\" srcset=\"https:\/\/brcnews.net\/wp-content\/uploads\/2022\/11\/Endrangliste-Vorlaeufe.jpg 910w, https:\/\/brcnews.net\/wp-content\/uploads\/2022\/11\/Endrangliste-Vorlaeufe-300x109.jpg 300w, https:\/\/brcnews.net\/wp-content\/uploads\/2022\/11\/Endrangliste-Vorlaeufe-768x279.jpg 768w\" sizes=\"(max-width: 910px) 100vw, 910px\" \/><\/a><\/figure><\/div>\n\n\n\n<p>Morgen stehen die Finall\u00e4ufe an: In den Verbrennerklassen geht es weiter mit den Subfinalen. In den Elektroklassen werden jeweils drei A-Finale gefahren.<\/p>\n\n\n\n<hr class=\"wp-block-separator\"\/>\n\n\n\n<p><strong><span class=\"has-inline-color has-green-color\">Zehnte<\/span> <span class=\"has-inline-color has-white-color\"><\/span><span class=\"has-inline-color has-green-color\">Meldung: Samstag 5. November; 17:20 Uhr<\/span><\/strong>  <\/p>\n\n\n\n<h3>Faszination Truck Trial<\/h3>\n\n\n\n<div class=\"wp-block-image\"><figure class=\"aligncenter size-full\"><a href=\"https:\/\/brcnews.net\/wp-content\/uploads\/2022\/11\/MesseBodensee.022.jpg\"><img loading=\"lazy\" width=\"1000\" height=\"570\" src=\"https:\/\/brcnews.net\/wp-content\/uploads\/2022\/11\/MesseBodensee.022.jpg\" alt=\"\" class=\"wp-image-23113 colorbox-23064\" srcset=\"https:\/\/brcnews.net\/wp-content\/uploads\/2022\/11\/MesseBodensee.022.jpg 1000w, https:\/\/brcnews.net\/wp-content\/uploads\/2022\/11\/MesseBodensee.022-300x171.jpg 300w, https:\/\/brcnews.net\/wp-content\/uploads\/2022\/11\/MesseBodensee.022-768x438.jpg 768w\" sizes=\"(max-width: 1000px) 100vw, 1000px\" \/><\/a><figcaption>Immer dicht belagert &#8211; die Strecke der IG Truck Trial<\/figcaption><\/figure><\/div>\n\n\n\n<p>Mit dem RC-Car im holprigen Gel\u00e4nde: Es hat mal ganz einfach und kosteng\u00fcnstig angefangen vor drei Jahrzehnten \u2013 mit einfachen 4X4 Chassis. Heute gibt es \u2013 wie in allen RC-Car-Fahrzeugen, die f\u00fcr den Wettbewerb gebraucht werden \u2013 unz\u00e4hlige Tuningteile. Geblieben ist die Freude daran, mit dem Fahrzeug die schwierigsten Parcours zu meistern. Steilabfahrten, Schlammgruben, Gel\u00e4ndeeinschnitte, enge abfallende Kurven, schmale Holzstege geh\u00f6ren immer wieder dazu. Die IG Truck Trial hat sich die M\u00fche gemacht, einen interessanten Parcours aufzubauen. Gebannt verfolgen die Zuschauer, wenn ein besonders gro\u00dfer Truck \u00fcber die wacklige Holzbr\u00fccke f\u00e4hrt.<\/p>\n\n\n\n<div class=\"wp-block-image\"><figure class=\"aligncenter size-full\"><a href=\"https:\/\/brcnews.net\/wp-content\/uploads\/2022\/11\/MesseBodensee.023.jpg\"><img loading=\"lazy\" width=\"1000\" height=\"535\" src=\"https:\/\/brcnews.net\/wp-content\/uploads\/2022\/11\/MesseBodensee.023.jpg\" alt=\"\" class=\"wp-image-23114 colorbox-23064\" srcset=\"https:\/\/brcnews.net\/wp-content\/uploads\/2022\/11\/MesseBodensee.023.jpg 1000w, https:\/\/brcnews.net\/wp-content\/uploads\/2022\/11\/MesseBodensee.023-300x161.jpg 300w, https:\/\/brcnews.net\/wp-content\/uploads\/2022\/11\/MesseBodensee.023-768x411.jpg 768w\" sizes=\"(max-width: 1000px) 100vw, 1000px\" \/><\/a><figcaption>Steil bergan &#8211; so lieben es die Trialfahrer.<\/figcaption><\/figure><\/div>\n\n\n\n<hr class=\"wp-block-separator\"\/>\n\n\n\n<p><strong>Neunte <span class=\"has-inline-color has-white-color\"><\/span><span class=\"has-inline-color has-green-color\">Meldung: Samstag 5. November; 16:00 Uhr<\/span><\/strong>  <\/p>\n\n\n\n<h3>Der dritte Vorlauf<\/h3>\n\n\n\n<div class=\"wp-block-image\"><figure class=\"aligncenter size-full\"><a href=\"https:\/\/brcnews.net\/wp-content\/uploads\/2022\/11\/Vorlauf-3.jpg\"><img loading=\"lazy\" width=\"910\" height=\"335\" src=\"https:\/\/brcnews.net\/wp-content\/uploads\/2022\/11\/Vorlauf-3.jpg\" alt=\"\" class=\"wp-image-23112 colorbox-23064\" srcset=\"https:\/\/brcnews.net\/wp-content\/uploads\/2022\/11\/Vorlauf-3.jpg 910w, https:\/\/brcnews.net\/wp-content\/uploads\/2022\/11\/Vorlauf-3-300x110.jpg 300w, https:\/\/brcnews.net\/wp-content\/uploads\/2022\/11\/Vorlauf-3-768x283.jpg 768w\" sizes=\"(max-width: 910px) 100vw, 910px\" \/><\/a><figcaption>Die schnellsten Fahrer im dritten Vorlauf.<\/figcaption><\/figure><\/div>\n\n\n\n<hr class=\"wp-block-separator\"\/>\n\n\n\n<p><strong>A<span class=\"has-inline-color has-green-color\">chte<\/span><span class=\"has-inline-color has-white-color\"> <\/span><span class=\"has-inline-color has-green-color\">Meldung: Samstag 5. November; 15:30 Uhr<\/span><\/strong> <\/p>\n\n\n\n<h3>Faszination Driften <\/h3>\n\n\n\n<div class=\"wp-block-image\"><figure class=\"aligncenter size-full\"><a href=\"https:\/\/brcnews.net\/wp-content\/uploads\/2022\/11\/MesseBodensee.015.jpg\"><img loading=\"lazy\" width=\"1000\" height=\"547\" src=\"https:\/\/brcnews.net\/wp-content\/uploads\/2022\/11\/MesseBodensee.015.jpg\" alt=\"\" class=\"wp-image-23109 colorbox-23064\" srcset=\"https:\/\/brcnews.net\/wp-content\/uploads\/2022\/11\/MesseBodensee.015.jpg 1000w, https:\/\/brcnews.net\/wp-content\/uploads\/2022\/11\/MesseBodensee.015-300x164.jpg 300w, https:\/\/brcnews.net\/wp-content\/uploads\/2022\/11\/MesseBodensee.015-768x420.jpg 768w\" sizes=\"(max-width: 1000px) 100vw, 1000px\" \/><\/a><figcaption>Die Driftstrecke in Halle A5<\/figcaption><\/figure><\/div>\n\n\n\n<p>Es geht auch ruhiger. Nicht immer steht im Modellbau Power und Geschwindigkeit an erster Stelle. Etwa bei den Driftern. Auf Detailtreue kommt es an. Auf sch\u00f6ne, detaillegetreue Karosserien und blinkende Felgen, auf die Strecke und deren Gestaltung. Die Devils Drift Crew hat es sich jetzt schon zum vierten Mal zur Aufgabe gemacht,  den Messebesuchern die besondere Faszination des Driftens n\u00e4herzubringen. Mit viel Aufwand und Engagement hat das Team eine Strecke in Halle A5 aufgebaut &#8211; mit einer Fahrbahn, die breit genug ist , um sch\u00f6ne Tandems oder Trains zu fahren. Die Drifter legen auch beim Streckenbau viel Wert auf Details. Fahrbahnmarkierungen, Stra\u00dfenschilder oder Laternen sind deshalb ganz wichtig. <\/p>\n\n\n\n<div class=\"wp-block-image\"><figure class=\"aligncenter size-large\"><a href=\"https:\/\/brcnews.net\/wp-content\/uploads\/2022\/11\/MesseBodensee.016-scaled.jpg\"><img loading=\"lazy\" width=\"1024\" height=\"603\" src=\"https:\/\/brcnews.net\/wp-content\/uploads\/2022\/11\/MesseBodensee.016-1024x603.jpg\" alt=\"\" class=\"wp-image-23110 colorbox-23064\" srcset=\"https:\/\/brcnews.net\/wp-content\/uploads\/2022\/11\/MesseBodensee.016-1024x603.jpg 1024w, https:\/\/brcnews.net\/wp-content\/uploads\/2022\/11\/MesseBodensee.016-300x177.jpg 300w, https:\/\/brcnews.net\/wp-content\/uploads\/2022\/11\/MesseBodensee.016-768x452.jpg 768w, https:\/\/brcnews.net\/wp-content\/uploads\/2022\/11\/MesseBodensee.016-1536x904.jpg 1536w, https:\/\/brcnews.net\/wp-content\/uploads\/2022\/11\/MesseBodensee.016-2048x1205.jpg 2048w\" sizes=\"(max-width: 1024px) 100vw, 1024px\" \/><\/a><\/figure><\/div>\n\n\n\n<hr class=\"wp-block-separator\"\/>\n\n\n\n<p><strong><span class=\"has-inline-color has-green-color\">Siebte <\/span><span class=\"has-inline-color has-white-color\"> <\/span><span class=\"has-inline-color has-green-color\">Meldung: Samstag 5. November; 13:30 Uhr<\/span><\/strong><\/p>\n\n\n\n<h3>Zweiter Vorlauf: Mal schneller, mal langsamer<\/h3>\n\n\n\n<div class=\"wp-block-image\"><figure class=\"aligncenter size-full\"><a href=\"https:\/\/brcnews.net\/wp-content\/uploads\/2022\/11\/Vorlauf-2.jpg\"><img loading=\"lazy\" width=\"910\" height=\"332\" src=\"https:\/\/brcnews.net\/wp-content\/uploads\/2022\/11\/Vorlauf-2.jpg\" alt=\"\" class=\"wp-image-23107 colorbox-23064\" srcset=\"https:\/\/brcnews.net\/wp-content\/uploads\/2022\/11\/Vorlauf-2.jpg 910w, https:\/\/brcnews.net\/wp-content\/uploads\/2022\/11\/Vorlauf-2-300x109.jpg 300w, https:\/\/brcnews.net\/wp-content\/uploads\/2022\/11\/Vorlauf-2-768x280.jpg 768w\" sizes=\"(max-width: 910px) 100vw, 910px\" \/><\/a><\/figure><\/div>\n\n\n\n<p>Der zweite Vorlauf ist gefahren. In einigen Klassen waren die Fahrer jetzt schneller unterwegs. Thilo Diekmann f\u00fchrt jetzt mit 20 Runden in 4:05,183 Minuten und war so eine Runde schneller als Martin Wenger im ersten Vorlauf. Melvin Diekmann fuhr in Nitro 1:10 rund 3,5 Sekunden schneller. Verbessert hat sich auch Florian Luyer in Elektro 1:8 Peter Denzel war jetzt in beiden Bikeklassen langsamer, war aber dennoch schnellster Fahrer in diesem Vorlauf. &nbsp;<\/p>\n\n\n\n<hr class=\"wp-block-separator\"\/>\n\n\n\n<p><strong><span class=\"has-inline-color has-green-color\">Sechste <\/span><span class=\"has-inline-color has-white-color\"> <\/span><span class=\"has-inline-color has-green-color\">Meldung: Samstag 5. November; 12:40 Uhr<\/span><\/strong> <\/p>\n\n\n\n<h3>Kurz erkl\u00e4rt: Die Biker-Szene<\/h3>\n\n\n\n<p>Die Biker-Szene ist klein. Peter Denzel ist einer von ihnen. Er ist seit rund einem Dutzend Jahren in der Szene und kennt sich aus. Er ist Mitglied im AMCS Schaffhausen<\/p>\n\n\n\n<div class=\"wp-block-image\"><figure class=\"aligncenter size-full is-resized\"><a href=\"https:\/\/brcnews.net\/wp-content\/uploads\/2022\/11\/MesseBodensee.012.jpg\"><img loading=\"lazy\" src=\"https:\/\/brcnews.net\/wp-content\/uploads\/2022\/11\/MesseBodensee.012.jpg\" alt=\"\" class=\"wp-image-23102 colorbox-23064\" width=\"504\" height=\"375\" srcset=\"https:\/\/brcnews.net\/wp-content\/uploads\/2022\/11\/MesseBodensee.012.jpg 1000w, https:\/\/brcnews.net\/wp-content\/uploads\/2022\/11\/MesseBodensee.012-300x224.jpg 300w, https:\/\/brcnews.net\/wp-content\/uploads\/2022\/11\/MesseBodensee.012-768x572.jpg 768w\" sizes=\"(max-width: 504px) 100vw, 504px\" \/><\/a><figcaption>Peter Denzel pr\u00e4sentiert seine beiden Bikes.<\/figcaption><\/figure><\/div>\n\n\n\n<p>Peter Denzel startet beim Messerennen in beiden Klassen im Ma\u00dfstab 1:5 \u2013 in Modified und in Stock. In beiden Klassen hat er nach dem ersten Vorlauf die Nase vorn. In Modified setzt er auf ein Bike von RG, in Stock auf eins von Jabber.<\/p>\n\n\n\n<div class=\"wp-block-image\"><figure class=\"aligncenter size-full is-resized\"><a href=\"https:\/\/brcnews.net\/wp-content\/uploads\/2022\/11\/MesseBodensee.013.jpg\"><img loading=\"lazy\" src=\"https:\/\/brcnews.net\/wp-content\/uploads\/2022\/11\/MesseBodensee.013.jpg\" alt=\"\" class=\"wp-image-23103 colorbox-23064\" width=\"400\" height=\"338\" srcset=\"https:\/\/brcnews.net\/wp-content\/uploads\/2022\/11\/MesseBodensee.013.jpg 800w, https:\/\/brcnews.net\/wp-content\/uploads\/2022\/11\/MesseBodensee.013-300x254.jpg 300w, https:\/\/brcnews.net\/wp-content\/uploads\/2022\/11\/MesseBodensee.013-768x650.jpg 768w\" sizes=\"(max-width: 400px) 100vw, 400px\" \/><\/a><figcaption>Die Vorderradbremse beim Bike von RG.<\/figcaption><\/figure><\/div>\n\n\n\n<p>Der Motor der Bikes in Modified ist frei. Das Bike verf\u00fcgt \u00fcber eine Vorderradbremse. In Stock ist der Motor limitiert. Regler und Motor (13,5 Turns) kommen von Reely (Conrad).<\/p>\n\n\n\n<hr class=\"wp-block-separator\"\/>\n\n\n\n<p><strong><span class=\"has-inline-color has-green-color\">F\u00fcnfte <\/span><span class=\"has-inline-color has-white-color\"> <\/span><span class=\"has-inline-color has-green-color\">Meldung: Samstag 5. November; 11:50 Uhr<\/span><\/strong> <\/p>\n\n\n\n<h3>Gut angenommen: Die Mitmachaktion <\/h3>\n\n\n\n<div class=\"wp-block-image\"><figure class=\"aligncenter size-large\"><a href=\"https:\/\/brcnews.net\/wp-content\/uploads\/2022\/11\/MesseBodensee.010-scaled.jpg\"><img loading=\"lazy\" width=\"921\" height=\"1024\" src=\"https:\/\/brcnews.net\/wp-content\/uploads\/2022\/11\/MesseBodensee.010-921x1024.jpg\" alt=\"\" class=\"wp-image-23099 colorbox-23064\" srcset=\"https:\/\/brcnews.net\/wp-content\/uploads\/2022\/11\/MesseBodensee.010-921x1024.jpg 921w, https:\/\/brcnews.net\/wp-content\/uploads\/2022\/11\/MesseBodensee.010-270x300.jpg 270w, https:\/\/brcnews.net\/wp-content\/uploads\/2022\/11\/MesseBodensee.010-768x854.jpg 768w, https:\/\/brcnews.net\/wp-content\/uploads\/2022\/11\/MesseBodensee.010-1381x1536.jpg 1381w, https:\/\/brcnews.net\/wp-content\/uploads\/2022\/11\/MesseBodensee.010-1841x2048.jpg 1841w\" sizes=\"(max-width: 921px) 100vw, 921px\" \/><\/a><figcaption>Markus Nahtbaum und seine Kinder sind aufmerksam bei der Mitfahraktion dabei. Links daneben Fredy Dietrich, Organisator des Rennens , Vorsitzender des MSC Greuthof und langj\u00e4hriger Pr\u00e4sident des Deutschen Minicar Clubs (DMC).<\/figcaption><\/figure><\/div>\n\n\n\n<p>F\u00fcr die j\u00fcngeren Messebesucher ist die Mitmachaktion eine besondere Attraktion. Mal vorsichtig, mal eifrig, mal draufg\u00e4ngerisch steuern die Fahrerinnen und Fahrer den Offroadboliden \u00fcber die Strecke.<\/p>\n\n\n\n<p>Markus Nahtbaum (37 Jahre) war mit seinen drei Kindern Maximilian (12), Felix (10) und Emil (4) dabei. Eifrig wechselten sich die drei beim Fahren ab. F\u00fcr Markus Nahtmann aus \u00d6sterreich ist die Messe in Friedrichshafen seit Jahren fest im Terminkalender eingeplant.<\/p>\n\n\n\n<hr class=\"wp-block-separator\"\/>\n\n\n\n<p><strong><span class=\"has-inline-color has-green-color\">Vierte <\/span><span class=\"has-inline-color has-white-color\"> <\/span><span class=\"has-inline-color has-green-color\">Meldung: Samstag 5. November; 11:20 Uhr<\/span><\/strong> <\/p>\n\n\n\n<h3>Erster Vorlauf beendet<\/h3>\n\n\n\n<div class=\"wp-block-image\"><figure class=\"aligncenter size-full\"><a href=\"https:\/\/brcnews.net\/wp-content\/uploads\/2022\/11\/MesseBodensee.011.jpg\"><img loading=\"lazy\" width=\"842\" height=\"534\" src=\"https:\/\/brcnews.net\/wp-content\/uploads\/2022\/11\/MesseBodensee.011.jpg\" alt=\"\" class=\"wp-image-23096 colorbox-23064\" srcset=\"https:\/\/brcnews.net\/wp-content\/uploads\/2022\/11\/MesseBodensee.011.jpg 842w, https:\/\/brcnews.net\/wp-content\/uploads\/2022\/11\/MesseBodensee.011-300x190.jpg 300w, https:\/\/brcnews.net\/wp-content\/uploads\/2022\/11\/MesseBodensee.011-768x487.jpg 768w\" sizes=\"(max-width: 842px) 100vw, 842px\" \/><\/a><figcaption>Den Motorradrennen zollen die Messebesucher besondere Aufmerksamkeit. Sie sind nur selten im Einsastz zu bestaunen.<\/figcaption><\/figure><\/div>\n\n\n\n<p>Nach rund zwei Stunden war der erste Vorlauf durch. Viele Fahrer suchen noch nach der richtigen Abstimmung ihres Fahrzeuges.<\/p>\n\n\n\n<div class=\"wp-block-image\"><figure class=\"aligncenter size-full\"><a href=\"https:\/\/brcnews.net\/wp-content\/uploads\/2022\/11\/Vorlauf-1-1.jpg\"><img loading=\"lazy\" width=\"893\" height=\"336\" src=\"https:\/\/brcnews.net\/wp-content\/uploads\/2022\/11\/Vorlauf-1-1.jpg\" alt=\"\" class=\"wp-image-23101 colorbox-23064\" srcset=\"https:\/\/brcnews.net\/wp-content\/uploads\/2022\/11\/Vorlauf-1-1.jpg 893w, https:\/\/brcnews.net\/wp-content\/uploads\/2022\/11\/Vorlauf-1-1-300x113.jpg 300w, https:\/\/brcnews.net\/wp-content\/uploads\/2022\/11\/Vorlauf-1-1-768x289.jpg 768w\" sizes=\"(max-width: 893px) 100vw, 893px\" \/><\/a><figcaption>Der jeweils schnellste Fahrer seiner Klasse. Die Unterschiede (Motorleistung, Fahrzeugperformance, Abstimmungsm\u00f6glichkeiten, Reifengripp, etc) zwischen den einzelnen Klassen lassen sich in den Rundenzeiten ablesen. <\/figcaption><\/figure><\/div>\n\n\n\n<hr class=\"wp-block-separator\"\/>\n\n\n\n<p><strong>Dritte <span class=\"has-inline-color has-white-color\"> <\/span><span class=\"has-inline-color has-green-color\">Meldung: Samstag 5. November; 9:20 Uhr<\/span><\/strong>  <\/p>\n\n\n\n<h3>Seit 9:00 Uhr dr\u00f6hnen die Motoren In Halle B1<\/h3>\n\n\n\n<div class=\"wp-block-image\"><figure class=\"aligncenter size-full\"><a href=\"https:\/\/brcnews.net\/wp-content\/uploads\/2022\/11\/MesseBodensee.008.jpg\"><img loading=\"lazy\" width=\"1000\" height=\"634\" src=\"https:\/\/brcnews.net\/wp-content\/uploads\/2022\/11\/MesseBodensee.008.jpg\" alt=\"\" class=\"wp-image-23092 colorbox-23064\" srcset=\"https:\/\/brcnews.net\/wp-content\/uploads\/2022\/11\/MesseBodensee.008.jpg 1000w, https:\/\/brcnews.net\/wp-content\/uploads\/2022\/11\/MesseBodensee.008-300x190.jpg 300w, https:\/\/brcnews.net\/wp-content\/uploads\/2022\/11\/MesseBodensee.008-768x487.jpg 768w\" sizes=\"(max-width: 1000px) 100vw, 1000px\" \/><\/a><figcaption>Start der ersten Vorlaufgruppe.<\/figcaption><\/figure><\/div>\n\n\n\n<p>P\u00fcnktlich um 9:00 ging die erste Vorlaufgruppe auf die Strecke. Naus drei Minuten Vorbereitungszeit nahmen die Nitro 1:8-Fahrer richtig Tempo auf. Nach vier Minuten Laufzeit hatte Marcus Siber aus \u00d6sterreich 17 Runden mit einer \u00dcberzeit von 4:428 Sekunden zur\u00fcckgelegt. Schnellste Rundenzeit 13,369 Sekunden.<\/p>\n\n\n\n<p>In der Vorlaufgruppe 2 starteten dann die Fahrer der Klasse Nitro 1:10. Patrick Frankhauser aus der Schweiz war schnellster Fahrer mit 17 Runden in 4:09,961 Minuten. Die schnellste Runde fuhr er in 14.255 Sekunden<\/p>\n\n\n\n<hr class=\"wp-block-separator\"\/>\n\n\n\n<p><strong><span class=\"has-inline-color has-green-color\">Zweite Meldung: Freitag 4. November; 17:30 Uhr<\/span><\/strong> <\/p>\n\n\n\n<h3>Vorl\u00e4ufe &#8211; morgen ab 9:00 Uhr<\/h3>\n\n\n\n<div class=\"wp-block-image\"><figure class=\"aligncenter size-full\"><a href=\"https:\/\/brcnews.net\/wp-content\/uploads\/2022\/11\/MesseBodensee.007.jpg\"><img loading=\"lazy\" width=\"1000\" height=\"679\" src=\"https:\/\/brcnews.net\/wp-content\/uploads\/2022\/11\/MesseBodensee.007.jpg\" alt=\"\" class=\"wp-image-23087 colorbox-23064\" srcset=\"https:\/\/brcnews.net\/wp-content\/uploads\/2022\/11\/MesseBodensee.007.jpg 1000w, https:\/\/brcnews.net\/wp-content\/uploads\/2022\/11\/MesseBodensee.007-300x204.jpg 300w, https:\/\/brcnews.net\/wp-content\/uploads\/2022\/11\/MesseBodensee.007-768x521.jpg 768w\" sizes=\"(max-width: 1000px) 100vw, 1000px\" \/><\/a><figcaption>Die Fahrer nutzten den Tag heute, sich mit der Strecke vertraut zu machen<\/figcaption><\/figure><\/div>\n\n\n\n<p>Morgen geht es richtig los. Der Renntag beginnt gleich mit dem ersten Vorlauf. Vier Vorl\u00e4ufe sind terminiert. Start ist um 9:00 Uhr. Sonntag ist dann Finaltag.<\/p>\n\n\n\n<p>Ein Besuch der Messe lohnt &#8211; f\u00fcr alle Modellbauer. <\/p>\n\n\n\n<hr class=\"wp-block-separator\"\/>\n\n\n\n<p><strong><span class=\"has-inline-color has-green-color\">Erste Meldung: Freitag 4. November; 16:00 Uhr<\/span><\/strong><\/p>\n\n\n\n<h2>Messehalle B1: German Open RC-Car Masters  <\/h2>\n\n\n\n<div class=\"wp-block-image\"><figure class=\"aligncenter size-full\"><a href=\"https:\/\/brcnews.net\/wp-content\/uploads\/2022\/11\/MesseBodensee.001.jpg\"><img loading=\"lazy\" width=\"1000\" height=\"648\" src=\"https:\/\/brcnews.net\/wp-content\/uploads\/2022\/11\/MesseBodensee.001.jpg\" alt=\"\" class=\"wp-image-23076 colorbox-23064\" srcset=\"https:\/\/brcnews.net\/wp-content\/uploads\/2022\/11\/MesseBodensee.001.jpg 1000w, https:\/\/brcnews.net\/wp-content\/uploads\/2022\/11\/MesseBodensee.001-300x194.jpg 300w, https:\/\/brcnews.net\/wp-content\/uploads\/2022\/11\/MesseBodensee.001-768x498.jpg 768w\" sizes=\"(max-width: 1000px) 100vw, 1000px\" \/><\/a><figcaption>Eine ganze Halle f\u00fcr den RC-Car-Sport<\/figcaption><\/figure><\/div>\n\n\n\n<p>Die Messe Friedrichshafen hat heute Morgen wieder ihre Tore ge\u00f6ffnet. Der DMC ist dabei. Der MSC Greuthof veranstaltet das traditionelle RC-Car-Rennen.  In neun Klassen pr\u00e4sentiert  der Verein beim Germany Open RC Masters 2022 in der Halle B1 die Faszination des RC-Car-Rennens. Die Rennleitung liegt in den H\u00e4nden von Fredy Dietrich, Daniel Hoffmann und Thomas Mayer. Gefahren werden Nitro 1:8 (VG8) und Nitro 1:10 (VG10), Elektro 1:8 Modified (EG8) und 1:8 Stock (EG8Stock), EG8GT sowie Tourenwagen 1:10 (EGTW 1:10) Tourenwagen Fronti (EGTWFR 1:10). Dazu kommen die Klassen Motorrad 1:8 Modified (EMOTMO) und Standard (EMOTST). &nbsp;<\/p>\n\n\n\n<div class=\"wp-block-image\"><figure class=\"aligncenter size-large\"><a href=\"https:\/\/brcnews.net\/wp-content\/uploads\/2022\/11\/MesseBodensee.002-1-scaled.jpg\"><img loading=\"lazy\" width=\"1024\" height=\"498\" src=\"https:\/\/brcnews.net\/wp-content\/uploads\/2022\/11\/MesseBodensee.002-1-1024x498.jpg\" alt=\"\" class=\"wp-image-23082 colorbox-23064\" srcset=\"https:\/\/brcnews.net\/wp-content\/uploads\/2022\/11\/MesseBodensee.002-1-1024x498.jpg 1024w, https:\/\/brcnews.net\/wp-content\/uploads\/2022\/11\/MesseBodensee.002-1-300x146.jpg 300w, https:\/\/brcnews.net\/wp-content\/uploads\/2022\/11\/MesseBodensee.002-1-768x373.jpg 768w, https:\/\/brcnews.net\/wp-content\/uploads\/2022\/11\/MesseBodensee.002-1-1536x746.jpg 1536w, https:\/\/brcnews.net\/wp-content\/uploads\/2022\/11\/MesseBodensee.002-1-2048x995.jpg 2048w\" sizes=\"(max-width: 1024px) 100vw, 1024px\" \/><\/a><figcaption>Das Fahrerlager ist direkt neben derRennstrecke<\/figcaption><\/figure><\/div>\n\n\n\n<p>104 Teilnehmer aus Deutschland, \u00d6sterreich und der Schweiz haben genannt. Das Gros der Fahrer startet in den beiden Nitroklassen 1:8 und 1:10 an den Start.<\/p>\n\n\n\n<hr class=\"wp-block-separator\"\/>\n\n\n\n<div class=\"wp-block-image\"><figure class=\"aligncenter size-full\"><a href=\"https:\/\/brcnews.net\/wp-content\/uploads\/2016\/08\/tischhusse3x.jpg\"><img loading=\"lazy\" width=\"750\" height=\"217\" src=\"https:\/\/brcnews.net\/wp-content\/uploads\/2016\/08\/tischhusse3x.jpg\" alt=\"\" class=\"wp-image-13505 colorbox-23064\" srcset=\"https:\/\/brcnews.net\/wp-content\/uploads\/2016\/08\/tischhusse3x.jpg 750w, https:\/\/brcnews.net\/wp-content\/uploads\/2016\/08\/tischhusse3x-300x87.jpg 300w\" sizes=\"(max-width: 750px) 100vw, 750px\" \/><\/a><\/figure><\/div>\n\n\n\n<p><strong>Der Bericht wird vom Deutschen Minicar Club gesponsert.<\/strong><\/p>\n<div class=\"twoclick_social_bookmarks_post_23064 social_share_privacy clearfix 1.6.4 locale-de_DE sprite-de_DE\"><\/div><div class=\"twoclick-js\"><script type=\"text\/javascript\">\/* <![CDATA[ *\/\njQuery(document).ready(function($){if($('.twoclick_social_bookmarks_post_23064')){$('.twoclick_social_bookmarks_post_23064').socialSharePrivacy({\"services\":{\"facebook\":{\"status\":\"on\",\"txt_info\":\"2 Klicks f\\u00fcr mehr Datenschutz: Erst wenn Sie hier klicken, wird der Button aktiv und Sie k\\u00f6nnen Ihre Empfehlung an Facebook senden. Schon beim Aktivieren werden Daten an Dritte \\u00fcbertragen - siehe <em>i<\\\/em>.\",\"perma_option\":\"off\",\"action\":\"recommend\",\"language\":\"de_DE\"},\"twitter\":{\"reply_to\":\"\",\"tweet_text\":\"%20Faszination%20Modellbau%20in%20%20Friedrichshafen%202022%20%E2%80%93%20German%20Open%20Masters%20%C2%BB%20...\",\"status\":\"on\",\"txt_info\":\"2 Klicks f\\u00fcr mehr Datenschutz: Erst wenn Sie hier klicken, wird der Button aktiv und Sie k\\u00f6nnen Ihre Empfehlung an Twitter senden. Schon beim Aktivieren werden Daten an Dritte \\u00fcbertragen - siehe <em>i<\\\/em>.\",\"perma_option\":\"off\",\"language\":\"de\",\"referrer_track\":\"\"},\"gplus\":{\"status\":\"on\",\"txt_info\":\"2 Klicks f\\u00fcr mehr Datenschutz: Erst wenn Sie hier klicken, wird der Button aktiv und Sie k\\u00f6nnen Ihre Empfehlung an Google+ senden. Schon beim Aktivieren werden Daten an Dritte \\u00fcbertragen - siehe <em>i<\\\/em>.\",\"perma_option\":\"off\",\"referrer_track\":\"\"}},\"txt_help\":\"Wenn Sie diese Felder durch einen Klick aktivieren, werden Informationen an Facebook, Twitter, Flattr, Xing, t3n, LinkedIn, Pinterest oder Google eventuell ins Ausland \\u00fcbertragen und unter Umst\\u00e4nden auch dort gespeichert. N\\u00e4heres erfahren Sie durch einen Klick auf das <em>i<\\\/em>.\",\"settings_perma\":\"Dauerhaft aktivieren und Daten\\u00fcber-tragung zustimmen:\",\"info_link\":\"http:\\\/\\\/www.heise.de\\\/ct\\\/artikel\\\/2-Klicks-fuer-mehr-Datenschutz-1333879.html\",\"uri\":\"https:\\\/\\\/brcnews.net\\\/?p=23064\",\"post_id\":23064,\"post_title_referrer_track\":\"Faszination+Modellbau+in++Friedrichshafen+2022+%26%238211%3B+German+Open+Masters\",\"display_infobox\":\"on\"});}});\n\/* ]]> *\/<\/script><\/div>","protected":false},"excerpt":{"rendered":"<p>23. Meldung: Sonntag 6. November; 17:10 Uhr Die Siegerehrung 22. Meldung: Sonntag 6. November; 16:15 Uhr Thilo Diekmann gewinnt Nitro 1:8 Thilo Diekmann lie\u00df sich im letzten Rennen des Tages nicht aus der Ruhe bringen. Mit knapp sechs Runden Vorsprung gewann er die Klasse Nitro 1:8. 1432 Runden absolvierte er in den 30 Minuten. Zweiter &hellip; <a href=\"https:\/\/brcnews.net\/?p=23064\" class=\"more-link\"><span class=\"screen-reader-text\">Faszination Modellbau in  Friedrichshafen 2022 &#8211; German Open Masters<\/span> weiterlesen <span class=\"meta-nav\">&rarr;<\/span><\/a><\/p>\n","protected":false},"author":1,"featured_media":23084,"comment_status":"closed","ping_status":"open","sticky":false,"template":"","format":"standard","meta":[],"categories":[539,13],"tags":[54,750,749,748],"_links":{"self":[{"href":"https:\/\/brcnews.net\/index.php?rest_route=\/wp\/v2\/posts\/23064"}],"collection":[{"href":"https:\/\/brcnews.net\/index.php?rest_route=\/wp\/v2\/posts"}],"about":[{"href":"https:\/\/brcnews.net\/index.php?rest_route=\/wp\/v2\/types\/post"}],"author":[{"embeddable":true,"href":"https:\/\/brcnews.net\/index.php?rest_route=\/wp\/v2\/users\/1"}],"replies":[{"embeddable":true,"href":"https:\/\/brcnews.net\/index.php?rest_route=%2Fwp%2Fv2%2Fcomments&post=23064"}],"version-history":[{"count":47,"href":"https:\/\/brcnews.net\/index.php?rest_route=\/wp\/v2\/posts\/23064\/revisions"}],"predecessor-version":[{"id":23166,"href":"https:\/\/brcnews.net\/index.php?rest_route=\/wp\/v2\/posts\/23064\/revisions\/23166"}],"wp:featuredmedia":[{"embeddable":true,"href":"https:\/\/brcnews.net\/index.php?rest_route=\/wp\/v2\/media\/23084"}],"wp:attachment":[{"href":"https:\/\/brcnews.net\/index.php?rest_route=%2Fwp%2Fv2%2Fmedia&parent=23064"}],"wp:term":[{"taxonomy":"category","embeddable":true,"href":"https:\/\/brcnews.net\/index.php?rest_route=%2Fwp%2Fv2%2Fcategories&post=23064"},{"taxonomy":"post_tag","embeddable":true,"href":"https:\/\/brcnews.net\/index.php?rest_route=%2Fwp%2Fv2%2Ftags&post=23064"}],"curies":[{"name":"wp","href":"https:\/\/api.w.org\/{rel}","templated":true}]}}