{"id":22794,"date":"2022-08-19T08:49:31","date_gmt":"2022-08-19T06:49:31","guid":{"rendered":"https:\/\/brcnews.net\/?p=22794"},"modified":"2022-08-20T09:17:21","modified_gmt":"2022-08-20T07:17:21","slug":"kurzer-rueckblick-auf-die-dm-tourenwagen-und-formel-in-andernach","status":"publish","type":"post","link":"https:\/\/brcnews.net\/?p=22794","title":{"rendered":"Kurzer R\u00fcckblick auf die DM Tourenwagen und Formel in Andernach"},"content":{"rendered":"\n<p>Zum 25. Mal k\u00e4mpften am ersten Augustwochenende (6 und 7. August) Fahrer der Klasse Tourenwagen Modified um den deutschen Meistertitel. Dazu kamen weitere f\u00fcnf Rennklassen. Knapp 70 Starter hatten insgesamt genannt. Als Rennleiter fungierte Bruno Czernik, als Zeitnehmer Uwe Baldes und Hugo Keller.<\/p>\n\n\n\n<div class=\"wp-block-image\"><figure class=\"aligncenter\"><a href=\"https:\/\/dmc-online.com\/wordpress\/wp-content\/uploads\/2022\/08\/DMTW22.52-1.jpg\"><img src=\"https:\/\/dmc-online.com\/wordpress\/wp-content\/uploads\/2022\/08\/DMTW22.52-1.jpg\" alt=\"\" class=\"wp-image-13815 colorbox-22794\"\/><\/a><figcaption>Siegerehrung Tourenwagen Modified. Auf dem Podium (von links): Ronald V\u00f6lker (Platz 2), Marc Rheinard (Platz 1) und Christopher Krapp (Platz 3) <\/figcaption><\/figure><\/div>\n\n\n\n<!--more-->\n\n\n\n<p>Zum f\u00fcnften Mal setzte sich dabei Marc Rheinard (Awesomatix) die Krone auf. Nach zwei gewonnen Finall\u00e4ufen stand er Deutscher Meister fest. Der neunfache Titelgewinner und damit Rekordmeister, Ronald V\u00f6lker, sicherte sich mit einem Sieg im dritten Finallauf die Vizemeisterschaft. Dritter wurde Christopher Krapp (Yokomo). Der Kampf um die Pole blieb bis zum f\u00fcnften Qualilauf spannend, in dem sich Marc Rheinard durchsetzte. In den vier L\u00e4ufen davor gab es mit Christopher Krapp, Marc Rheinard, Marco Kaufmann (Xray) und Ronald V\u00f6lker vier verschiedene Sieger.<\/p>\n\n\n\n<div class=\"wp-block-image\"><figure class=\"aligncenter\"><a href=\"https:\/\/dmc-online.com\/wordpress\/wp-content\/uploads\/2022\/08\/DMTW22.46.jpg\"><img src=\"https:\/\/dmc-online.com\/wordpress\/wp-content\/uploads\/2022\/08\/DMTW22.46.jpg\" alt=\"\" class=\"wp-image-13809 colorbox-22794\"\/><\/a><figcaption>Die erfolgreichen Junioren und Jugendlichen<\/figcaption><\/figure><\/div>\n\n\n\n<div class=\"wp-block-image\"><figure class=\"aligncenter\"><a href=\"https:\/\/dmc-online.com\/wordpress\/wp-content\/uploads\/2022\/08\/DMTW22.51.jpg\"><img src=\"https:\/\/dmc-online.com\/wordpress\/wp-content\/uploads\/2022\/08\/DMTW22.51.jpg\" alt=\"\" class=\"wp-image-13814 colorbox-22794\"\/><\/a><figcaption>Siegerehrung Tourenwagen Sport. Auf dem Podium (von links): Alex Kunkler (Platz 2), Simon Lauter (Platz 1) und Max M\u00e4chler (Platz 3)<\/figcaption><\/figure><\/div>\n\n\n\n<p>Auch in den Klassen Tourenwagen Sport, Tourenwagen Fun und in Formel standen die neuen Deutschen Meister bereits nach dem zweiten Finallauf fest. In Tourenwagen Sport setze sich Simon Lauter (Awesomatix) vor Alex Kunkler (Awesomatix) und Max M\u00e4chler (Awesomatix) durch. Titelverteidiger Tim Benson wurde Sechster. In Tourenwagen Fun holte sich Sascha Knodel den Titel. Manfred Pfister belegte Rang zwei, Moritz Schmidt Rang drei Nur vier Starter z\u00e4hlte der Veranstalter in dieser Anf\u00e4ngerklass<\/p>\n\n\n\n<div class=\"wp-block-image\"><figure class=\"aligncenter\"><a href=\"https:\/\/dmc-online.com\/wordpress\/wp-content\/uploads\/2022\/08\/DMTW22.47.jpg\"><img src=\"https:\/\/dmc-online.com\/wordpress\/wp-content\/uploads\/2022\/08\/DMTW22.47.jpg\" alt=\"\" class=\"wp-image-13810 colorbox-22794\"\/><\/a><figcaption>Siegerehrung Formel. Auf dem Podium (von links): Chris Grenz (Platz 2), Jan Ratheisky (Platz 1) und Rainer Haller (Platz 3)<\/figcaption><\/figure><\/div>\n\n\n\n<p>Jan Ratheisky dominierte die Formelklasse nach Belieben. Er gewann alle f\u00fcnf Vorl\u00e4ufe und siegte dann auch in allen drei Finall\u00e4ufen deutlich vor seinen Konkurrenten. Bereits nach dem zweiten Finallaufsieg stand er als Meister fest. Zweiter wurde Chris Grenz. Den dritten Platz belegte Rainer Haller. Lediglich f\u00fcnf Fahrer gingen in dieser Klasse an den Start. F\u00fcr Jan Ratheisky, vierfacher Europameister und amtierender Weltmeister, war es der zweite DM-Titel in dieser Klasse.<\/p>\n\n\n\n<div class=\"wp-block-image\"><figure class=\"aligncenter\"><a href=\"https:\/\/dmc-online.com\/wordpress\/wp-content\/uploads\/2022\/08\/DMTW22.48.jpg\"><img src=\"https:\/\/dmc-online.com\/wordpress\/wp-content\/uploads\/2022\/08\/DMTW22.48.jpg\" alt=\"\" class=\"wp-image-13811 colorbox-22794\"\/><\/a><figcaption>Siegerehrung Tourenwagen Fun: Auf dem Podium (von links): Manfred Pfister (Platz 2), Stefan Knodel (Platz 1) und Moritz Schmidt (Platz 3)<\/figcaption><\/figure><\/div>\n\n\n\n<div class=\"wp-block-image\"><figure class=\"aligncenter\"><a href=\"https:\/\/dmc-online.com\/wordpress\/wp-content\/uploads\/2022\/08\/DMTW22.49.jpg\"><img src=\"https:\/\/dmc-online.com\/wordpress\/wp-content\/uploads\/2022\/08\/DMTW22.49.jpg\" alt=\"\" class=\"wp-image-13812 colorbox-22794\"\/><\/a><figcaption>Siegerehrung Tourenwagen Fronti: Auf dem Podium (von links): Soeren Sparbier (Platz 2), Roman Borschel (Platz 1) und Stefan Schulz (Platz 3)<\/figcaption><\/figure><\/div>\n\n\n\n<div class=\"wp-block-image\"><figure class=\"aligncenter\"><a href=\"https:\/\/dmc-online.com\/wordpress\/wp-content\/uploads\/2022\/08\/DMTW22.50.jpg\"><img src=\"https:\/\/dmc-online.com\/wordpress\/wp-content\/uploads\/2022\/08\/DMTW22.50.jpg\" alt=\"\" class=\"wp-image-13813 colorbox-22794\"\/><\/a><figcaption>Siegerehrung Tourenwagen Hobby: Auf dem Podium (von links): Niclas Storm (Platz 2), Daniel P\u00f6hlmann (Platz 1) und Rainer Haller (Platz 3)<\/figcaption><\/figure><\/div>\n\n\n\n<p>In Tourenwagen Fronti und Tourenwagen Hobby mussten die Deutschen Meister durch drei Finall\u00e4ufe. Am Ende setzten sich Roman Borschel in der Frontiklasse und Daniel P\u00f6hlmann in der Hobbyklasse, die mit 19 Startern die teilnehmerst\u00e4rkste Klasse bei der DM war, durch. In der Klasse Fronti begleiteten Soeren Sparbier als Zweiter und Stefan Schulz als Dritter den Sieger aufs Podium. In Hobby waren es Niclas Storm (Platz 2) und Tristan Bergheim (Platz 3).<\/p>\n\n\n\n<div class=\"wp-block-image\"><figure class=\"aligncenter\"><a href=\"https:\/\/dmc-online.com\/wordpress\/wp-content\/uploads\/2022\/08\/MeisterFTW.jpg\"><img src=\"https:\/\/dmc-online.com\/wordpress\/wp-content\/uploads\/2022\/08\/MeisterFTW-1024x215.jpg\" alt=\"\" class=\"wp-image-13817 colorbox-22794\"\/><\/a><figcaption>Der Deutsche Minicar Club ehrt zus\u00e4tzlich zu den Meistern auch noch die Meister in den einzelnen Altersklassen \u2013 Junioren, Jugend, Senior (40 plus) und Veteran (55 plus).<\/figcaption><\/figure><\/div>\n\n\n\n<h3>Motoren \u00fcberpr\u00fcft, markiert, ausgegeben<\/h3>\n\n\n\n<p>Die f\u00fcnf Tourenwagenklassen unterscheiden sich vor allem durch die St\u00e4rke der Motorisierung. In Modified ist es jedem Fahrer selbst \u00fcberlassen, wie stark der Motor ist, den er einsetzt. In den anderen Klassen ist die Leistung limitiert. Als Folge der Begrenzung wurden die Motoren \u00fcberpr\u00fcft. Daf\u00fcr zust\u00e4ndig war Thomas Kohmann, DMC-Elektroreferent und DMC-Offizieller bei dieser DM. Die von den Fahrern eingesetzten 13,5 Turns-Motoren in der Klasse Sport versiegelt er vor dem ersten Einsatz. Nur dann, wenn auf der Strecke festgestellt wird, dass ein Motor \u201enach oben ausrei\u00dft\u201c, nahm ihn Thomas Kohmann genauer unter die Lupe. Die 17,5 Turns-Motoren der Klasse, die sehr stark streuen, versuchte Thomas Kohmann so \u201eeinzustellen\u201c, dass die Drehzahl in etwa gleich war. In Tourenwagen Fronti wurde an diesem Wochenende eine Hobbywing-Kombo (Regler und Motor) ausgegeben.<\/p>\n\n\n\n<hr class=\"wp-block-separator\"\/>\n\n\n\n<p><strong><em><span class=\"has-inline-color has-green-color\">BRCNEWS<\/span><\/em><\/strong> berichtete zwei Tage lang live im RennTicker: <a href=\"https:\/\/brcnews.net\/?p=22591.\">https:\/\/brcnews.net\/?p=22591.<\/a><\/p>\n<div class=\"twoclick_social_bookmarks_post_22794 social_share_privacy clearfix 1.6.4 locale-de_DE sprite-de_DE\"><\/div><div class=\"twoclick-js\"><script type=\"text\/javascript\">\/* <![CDATA[ *\/\njQuery(document).ready(function($){if($('.twoclick_social_bookmarks_post_22794')){$('.twoclick_social_bookmarks_post_22794').socialSharePrivacy({\"services\":{\"facebook\":{\"status\":\"on\",\"txt_info\":\"2 Klicks f\\u00fcr mehr Datenschutz: Erst wenn Sie hier klicken, wird der Button aktiv und Sie k\\u00f6nnen Ihre Empfehlung an Facebook senden. Schon beim Aktivieren werden Daten an Dritte \\u00fcbertragen - siehe <em>i<\\\/em>.\",\"perma_option\":\"off\",\"action\":\"recommend\",\"language\":\"de_DE\"},\"twitter\":{\"reply_to\":\"\",\"tweet_text\":\"%20Kurzer%20R%C3%BCckblick%20auf%20die%20DM%20Tourenwagen%20und%20Formel%20in%20Andernach%20%C2%BB%20...\",\"status\":\"on\",\"txt_info\":\"2 Klicks f\\u00fcr mehr Datenschutz: Erst wenn Sie hier klicken, wird der Button aktiv und Sie k\\u00f6nnen Ihre Empfehlung an Twitter senden. Schon beim Aktivieren werden Daten an Dritte \\u00fcbertragen - siehe <em>i<\\\/em>.\",\"perma_option\":\"off\",\"language\":\"de\",\"referrer_track\":\"\"},\"gplus\":{\"status\":\"on\",\"txt_info\":\"2 Klicks f\\u00fcr mehr Datenschutz: Erst wenn Sie hier klicken, wird der Button aktiv und Sie k\\u00f6nnen Ihre Empfehlung an Google+ senden. Schon beim Aktivieren werden Daten an Dritte \\u00fcbertragen - siehe <em>i<\\\/em>.\",\"perma_option\":\"off\",\"referrer_track\":\"\"}},\"txt_help\":\"Wenn Sie diese Felder durch einen Klick aktivieren, werden Informationen an Facebook, Twitter, Flattr, Xing, t3n, LinkedIn, Pinterest oder Google eventuell ins Ausland \\u00fcbertragen und unter Umst\\u00e4nden auch dort gespeichert. N\\u00e4heres erfahren Sie durch einen Klick auf das <em>i<\\\/em>.\",\"settings_perma\":\"Dauerhaft aktivieren und Daten\\u00fcber-tragung zustimmen:\",\"info_link\":\"http:\\\/\\\/www.heise.de\\\/ct\\\/artikel\\\/2-Klicks-fuer-mehr-Datenschutz-1333879.html\",\"uri\":\"https:\\\/\\\/brcnews.net\\\/?p=22794\",\"post_id\":22794,\"post_title_referrer_track\":\"Kurzer+R%C3%BCckblick+auf+die+DM+Tourenwagen+und+Formel+in+Andernach\",\"display_infobox\":\"on\"});}});\n\/* ]]> *\/<\/script><\/div>","protected":false},"excerpt":{"rendered":"<p>Zum 25. Mal k\u00e4mpften am ersten Augustwochenende (6 und 7. August) Fahrer der Klasse Tourenwagen Modified um den deutschen Meistertitel. Dazu kamen weitere f\u00fcnf Rennklassen. Knapp 70 Starter hatten insgesamt genannt. Als Rennleiter fungierte Bruno Czernik, als Zeitnehmer Uwe Baldes und Hugo Keller.<\/p>\n","protected":false},"author":1,"featured_media":22800,"comment_status":"closed","ping_status":"open","sticky":false,"template":"","format":"standard","meta":[],"categories":[539,16],"tags":[187,53,47,213],"_links":{"self":[{"href":"https:\/\/brcnews.net\/index.php?rest_route=\/wp\/v2\/posts\/22794"}],"collection":[{"href":"https:\/\/brcnews.net\/index.php?rest_route=\/wp\/v2\/posts"}],"about":[{"href":"https:\/\/brcnews.net\/index.php?rest_route=\/wp\/v2\/types\/post"}],"author":[{"embeddable":true,"href":"https:\/\/brcnews.net\/index.php?rest_route=\/wp\/v2\/users\/1"}],"replies":[{"embeddable":true,"href":"https:\/\/brcnews.net\/index.php?rest_route=%2Fwp%2Fv2%2Fcomments&post=22794"}],"version-history":[{"count":6,"href":"https:\/\/brcnews.net\/index.php?rest_route=\/wp\/v2\/posts\/22794\/revisions"}],"predecessor-version":[{"id":22807,"href":"https:\/\/brcnews.net\/index.php?rest_route=\/wp\/v2\/posts\/22794\/revisions\/22807"}],"wp:featuredmedia":[{"embeddable":true,"href":"https:\/\/brcnews.net\/index.php?rest_route=\/wp\/v2\/media\/22800"}],"wp:attachment":[{"href":"https:\/\/brcnews.net\/index.php?rest_route=%2Fwp%2Fv2%2Fmedia&parent=22794"}],"wp:term":[{"taxonomy":"category","embeddable":true,"href":"https:\/\/brcnews.net\/index.php?rest_route=%2Fwp%2Fv2%2Fcategories&post=22794"},{"taxonomy":"post_tag","embeddable":true,"href":"https:\/\/brcnews.net\/index.php?rest_route=%2Fwp%2Fv2%2Ftags&post=22794"}],"curies":[{"name":"wp","href":"https:\/\/api.w.org\/{rel}","templated":true}]}}