{"id":22591,"date":"2022-08-06T09:45:49","date_gmt":"2022-08-06T07:45:49","guid":{"rendered":"https:\/\/brcnews.net\/?p=22591"},"modified":"2022-08-11T09:34:15","modified_gmt":"2022-08-11T07:34:15","slug":"im-rennticker-deutsche-meisterschaften-2022-tourenwagen-und-formel","status":"publish","type":"post","link":"https:\/\/brcnews.net\/?p=22591","title":{"rendered":"Im RennTicker: Deutsche Meisterschaften 2022 Tourenwagen und Formel"},"content":{"rendered":"\n<p> <\/p>\n\n\n\n<p> <strong><span class=\"has-inline-color has-green-color\">28.<\/span> M<span class=\"has-inline-color has-green-color\">eldung: Sonntag 7. August 2022, 18:00  Uhr<\/span><\/strong>   <\/p>\n\n\n\n<h2>Die Siegerehrungen<\/h2>\n\n\n\n<div class=\"wp-block-image\"><figure class=\"aligncenter size-full\"><a href=\"https:\/\/brcnews.net\/wp-content\/uploads\/2022\/08\/DMTW22.52.jpg\"><img loading=\"lazy\" width=\"1000\" height=\"526\" src=\"https:\/\/brcnews.net\/wp-content\/uploads\/2022\/08\/DMTW22.52.jpg\" alt=\"\" class=\"wp-image-22682 colorbox-22591\" srcset=\"https:\/\/brcnews.net\/wp-content\/uploads\/2022\/08\/DMTW22.52.jpg 1000w, https:\/\/brcnews.net\/wp-content\/uploads\/2022\/08\/DMTW22.52-300x158.jpg 300w, https:\/\/brcnews.net\/wp-content\/uploads\/2022\/08\/DMTW22.52-768x404.jpg 768w\" sizes=\"(max-width: 1000px) 100vw, 1000px\" \/><\/a><figcaption>Siegerehrung Tourenwagen Modified<\/figcaption><\/figure><\/div>\n\n\n\n<div class=\"wp-block-image\"><figure class=\"aligncenter size-full\"><a href=\"https:\/\/brcnews.net\/wp-content\/uploads\/2022\/08\/DMTW22.51.jpg\"><img loading=\"lazy\" width=\"1000\" height=\"436\" src=\"https:\/\/brcnews.net\/wp-content\/uploads\/2022\/08\/DMTW22.51.jpg\" alt=\"\" class=\"wp-image-22683 colorbox-22591\" srcset=\"https:\/\/brcnews.net\/wp-content\/uploads\/2022\/08\/DMTW22.51.jpg 1000w, https:\/\/brcnews.net\/wp-content\/uploads\/2022\/08\/DMTW22.51-300x131.jpg 300w, https:\/\/brcnews.net\/wp-content\/uploads\/2022\/08\/DMTW22.51-768x335.jpg 768w\" sizes=\"(max-width: 1000px) 100vw, 1000px\" \/><\/a><figcaption>Siegerehrung Tourenwagen Sport<\/figcaption><\/figure><\/div>\n\n\n\n<div class=\"wp-block-image\"><figure class=\"aligncenter size-full\"><a href=\"https:\/\/brcnews.net\/wp-content\/uploads\/2022\/08\/DMTW22.50.jpg\"><img loading=\"lazy\" width=\"1000\" height=\"468\" src=\"https:\/\/brcnews.net\/wp-content\/uploads\/2022\/08\/DMTW22.50.jpg\" alt=\"\" class=\"wp-image-22684 colorbox-22591\" srcset=\"https:\/\/brcnews.net\/wp-content\/uploads\/2022\/08\/DMTW22.50.jpg 1000w, https:\/\/brcnews.net\/wp-content\/uploads\/2022\/08\/DMTW22.50-300x140.jpg 300w, https:\/\/brcnews.net\/wp-content\/uploads\/2022\/08\/DMTW22.50-768x359.jpg 768w\" sizes=\"(max-width: 1000px) 100vw, 1000px\" \/><\/a><figcaption>Siegerehrung Tourenwagen Hobby<\/figcaption><\/figure><\/div>\n\n\n\n<div class=\"wp-block-image\"><figure class=\"aligncenter size-full\"><a href=\"https:\/\/brcnews.net\/wp-content\/uploads\/2022\/08\/DMTW22.49.jpg\"><img loading=\"lazy\" width=\"1000\" height=\"485\" src=\"https:\/\/brcnews.net\/wp-content\/uploads\/2022\/08\/DMTW22.49.jpg\" alt=\"\" class=\"wp-image-22685 colorbox-22591\" srcset=\"https:\/\/brcnews.net\/wp-content\/uploads\/2022\/08\/DMTW22.49.jpg 1000w, https:\/\/brcnews.net\/wp-content\/uploads\/2022\/08\/DMTW22.49-300x146.jpg 300w, https:\/\/brcnews.net\/wp-content\/uploads\/2022\/08\/DMTW22.49-768x372.jpg 768w\" sizes=\"(max-width: 1000px) 100vw, 1000px\" \/><\/a><figcaption>Siegerehrung Tourenwagen Fronti<\/figcaption><\/figure><\/div>\n\n\n\n<div class=\"wp-block-image\"><figure class=\"aligncenter size-full\"><a href=\"https:\/\/brcnews.net\/wp-content\/uploads\/2022\/08\/DMTW22.47.jpg\"><img loading=\"lazy\" width=\"1000\" height=\"715\" src=\"https:\/\/brcnews.net\/wp-content\/uploads\/2022\/08\/DMTW22.47.jpg\" alt=\"\" class=\"wp-image-22686 colorbox-22591\" srcset=\"https:\/\/brcnews.net\/wp-content\/uploads\/2022\/08\/DMTW22.47.jpg 1000w, https:\/\/brcnews.net\/wp-content\/uploads\/2022\/08\/DMTW22.47-300x215.jpg 300w, https:\/\/brcnews.net\/wp-content\/uploads\/2022\/08\/DMTW22.47-768x549.jpg 768w\" sizes=\"(max-width: 1000px) 100vw, 1000px\" \/><\/a><figcaption>Siegerehrung Formel<\/figcaption><\/figure><\/div>\n\n\n\n<!--more-->\n\n\n\n<div class=\"wp-block-image\"><figure class=\"aligncenter size-full\"><a href=\"https:\/\/brcnews.net\/wp-content\/uploads\/2022\/08\/DMTW22.48.jpg\"><img loading=\"lazy\" width=\"1000\" height=\"525\" src=\"https:\/\/brcnews.net\/wp-content\/uploads\/2022\/08\/DMTW22.48.jpg\" alt=\"\" class=\"wp-image-22688 colorbox-22591\" srcset=\"https:\/\/brcnews.net\/wp-content\/uploads\/2022\/08\/DMTW22.48.jpg 1000w, https:\/\/brcnews.net\/wp-content\/uploads\/2022\/08\/DMTW22.48-300x158.jpg 300w, https:\/\/brcnews.net\/wp-content\/uploads\/2022\/08\/DMTW22.48-768x403.jpg 768w\" sizes=\"(max-width: 1000px) 100vw, 1000px\" \/><\/a><figcaption>Siegerehrung Tourenwagen Fun<\/figcaption><\/figure><\/div>\n\n\n\n<div class=\"wp-block-image\"><figure class=\"aligncenter size-full\"><a href=\"https:\/\/brcnews.net\/wp-content\/uploads\/2022\/08\/DMTW22.46.jpg\"><img loading=\"lazy\" width=\"1000\" height=\"569\" src=\"https:\/\/brcnews.net\/wp-content\/uploads\/2022\/08\/DMTW22.46.jpg\" alt=\"\" class=\"wp-image-22687 colorbox-22591\" srcset=\"https:\/\/brcnews.net\/wp-content\/uploads\/2022\/08\/DMTW22.46.jpg 1000w, https:\/\/brcnews.net\/wp-content\/uploads\/2022\/08\/DMTW22.46-300x171.jpg 300w, https:\/\/brcnews.net\/wp-content\/uploads\/2022\/08\/DMTW22.46-768x437.jpg 768w\" sizes=\"(max-width: 1000px) 100vw, 1000px\" \/><\/a><figcaption>Siegerehrung der erfolgreichen Junioren und Jugendlichen<\/figcaption><\/figure><\/div>\n\n\n\n<hr class=\"wp-block-separator\"\/>\n\n\n\n<p><strong><span class=\"has-inline-color has-green-color\">27.<\/span> M<span class=\"has-inline-color has-green-color\">eldung: Sonntag 7. August 2022, 15:50  Uhr<\/span><\/strong>   <\/p>\n\n\n\n<h2>Die Top 3 der Deutschen Meisterschaften<\/h2>\n\n\n\n<div class=\"wp-block-image\"><figure class=\"aligncenter size-full\"><a href=\"https:\/\/brcnews.net\/wp-content\/uploads\/2022\/08\/Top-3.jpg\"><img loading=\"lazy\" width=\"464\" height=\"496\" src=\"https:\/\/brcnews.net\/wp-content\/uploads\/2022\/08\/Top-3.jpg\" alt=\"\" class=\"wp-image-22681 colorbox-22591\" srcset=\"https:\/\/brcnews.net\/wp-content\/uploads\/2022\/08\/Top-3.jpg 464w, https:\/\/brcnews.net\/wp-content\/uploads\/2022\/08\/Top-3-281x300.jpg 281w\" sizes=\"(max-width: 464px) 100vw, 464px\" \/><\/a><\/figure><\/div>\n\n\n\n<hr class=\"wp-block-separator\"\/>\n\n\n\n<p> <strong><span class=\"has-inline-color has-green-color\">26.<\/span> M<span class=\"has-inline-color has-green-color\">eldung: Sonntag 7. August 2022, 15:50  Uhr<\/span><\/strong>   <\/p>\n\n\n\n<h2>Daniel Pohlmann neue Meister Hobby <\/h2>\n\n\n\n<div class=\"wp-block-image\"><figure class=\"aligncenter size-full\"><a href=\"https:\/\/brcnews.net\/wp-content\/uploads\/2022\/08\/DMTW22.43.jpg\"><img loading=\"lazy\" width=\"1000\" height=\"643\" src=\"https:\/\/brcnews.net\/wp-content\/uploads\/2022\/08\/DMTW22.43.jpg\" alt=\"\" class=\"wp-image-22677 colorbox-22591\" srcset=\"https:\/\/brcnews.net\/wp-content\/uploads\/2022\/08\/DMTW22.43.jpg 1000w, https:\/\/brcnews.net\/wp-content\/uploads\/2022\/08\/DMTW22.43-300x193.jpg 300w, https:\/\/brcnews.net\/wp-content\/uploads\/2022\/08\/DMTW22.43-768x494.jpg 768w\" sizes=\"(max-width: 1000px) 100vw, 1000px\" \/><\/a><figcaption>Daniel P\u00f6hlmann<\/figcaption><\/figure><\/div>\n\n\n\n<p>Daniel Pohlmann setzte sich im dritten Finale gegen seine Konkurrenten durch und gewann seinen ersten Titel in Tourenwagen Hobby. Zweiter wurde Niclas Storm, Dritter Christian L\u00fctjen.<\/p>\n\n\n\n<hr class=\"wp-block-separator\"\/>\n\n\n\n<p> <strong><span class=\"has-inline-color has-green-color\">25.<\/span> M<span class=\"has-inline-color has-green-color\">eldung: Sonntag 7. August 2022, 15:40  Uhr<\/span><\/strong>  <\/p>\n\n\n\n<h3>Roman Borschel siegt in Fronti <\/h3>\n\n\n\n<div class=\"wp-block-image\"><figure class=\"aligncenter size-full\"><a href=\"https:\/\/brcnews.net\/wp-content\/uploads\/2022\/08\/DMTW22.44.jpg\"><img loading=\"lazy\" width=\"1000\" height=\"591\" src=\"https:\/\/brcnews.net\/wp-content\/uploads\/2022\/08\/DMTW22.44.jpg\" alt=\"\" class=\"wp-image-22676 colorbox-22591\" srcset=\"https:\/\/brcnews.net\/wp-content\/uploads\/2022\/08\/DMTW22.44.jpg 1000w, https:\/\/brcnews.net\/wp-content\/uploads\/2022\/08\/DMTW22.44-300x177.jpg 300w, https:\/\/brcnews.net\/wp-content\/uploads\/2022\/08\/DMTW22.44-768x454.jpg 768w\" sizes=\"(max-width: 1000px) 100vw, 1000px\" \/><\/a><figcaption>Roman Borschel<\/figcaption><\/figure><\/div>\n\n\n\n<p>Mit seinem zweiten Sieg sicherte sich Roman Borschel den Sieg in Tourenwagen Fronti vor S\u00f6ren Sparbier und Stefan Schulz. \u00dcber drei L\u00e4ufe leiferte er sich spannende Duelle mit S\u00f6ren Sparbier.<\/p>\n\n\n\n<hr class=\"wp-block-separator\"\/>\n\n\n\n<p> <strong><span class=\"has-inline-color has-green-color\">24.<\/span> M<span class=\"has-inline-color has-green-color\">eldung: Sonntag 7. August 2022, 15:00  Uhr<\/span><\/strong> <\/p>\n\n\n\n<h2>Vertagt<\/h2>\n\n\n\n<p>In Fronti setzte sich im zweiten Lauf S\u00f6ren Sparbier durch. Den ersten hatte Roman Borschel gewonnen.<\/p>\n\n\n\n<p>In Tourenwagen Hobby fuhr Daniel P\u00f6hlmann mit einer Runde Vorsprung einen sicheren Sart-Ziel-Sieg ein. Den ersten Lauf hatte Tristan Bergheim gewonnen.<\/p>\n\n\n\n<hr class=\"wp-block-separator\"\/>\n\n\n\n<p><strong><span class=\"has-inline-color has-green-color\">23.<\/span> M<span class=\"has-inline-color has-green-color\">eldung: Sonntag 7. August 2022, 14:45 Uhr<\/span><\/strong>   <\/p>\n\n\n\n<h2>Marc Rheinard holt sich Titel in Modified. <\/h2>\n\n\n\n<div class=\"wp-block-image\"><figure class=\"aligncenter size-full\"><a href=\"https:\/\/brcnews.net\/wp-content\/uploads\/2022\/08\/DMTW22.39.jpg\"><img loading=\"lazy\" width=\"1000\" height=\"652\" src=\"https:\/\/brcnews.net\/wp-content\/uploads\/2022\/08\/DMTW22.39.jpg\" alt=\"\" class=\"wp-image-22668 colorbox-22591\" srcset=\"https:\/\/brcnews.net\/wp-content\/uploads\/2022\/08\/DMTW22.39.jpg 1000w, https:\/\/brcnews.net\/wp-content\/uploads\/2022\/08\/DMTW22.39-300x196.jpg 300w, https:\/\/brcnews.net\/wp-content\/uploads\/2022\/08\/DMTW22.39-768x501.jpg 768w\" sizes=\"(max-width: 1000px) 100vw, 1000px\" \/><\/a><figcaption>Marc Rheinard<\/figcaption><\/figure><\/div>\n\n\n\n<p>Marc Rheinard setzte sich auch bei seinem zweiten Finallaufsieg von Runde zu Runde etwas ab und \u00fcberquerte mit einem Vorsprung von gut f\u00fcnf Zehntelsekunden vor Ronald V\u00f6lker die Ziellinie. F\u00fcr den dreifachen Weltmeister Tourenwagen ist es der f\u00fcnfte DM-Titel seiner Karriere.<\/p>\n\n\n\n<hr class=\"wp-block-separator\"\/>\n\n\n\n<p><strong><span class=\"has-inline-color has-green-color\">22.<\/span> M<span class=\"has-inline-color has-green-color\">eldung: Sonntag 7. August 2022, 14:30 Uhr<\/span><\/strong>  <\/p>\n\n\n\n<h3>Simon Lauter neuer Deutscher Meister Stock <\/h3>\n\n\n\n<div class=\"wp-block-image is-style-default\"><figure class=\"aligncenter size-full\"><a href=\"https:\/\/brcnews.net\/wp-content\/uploads\/2022\/08\/DMTW22.40.jpg\"><img loading=\"lazy\" width=\"1000\" height=\"628\" src=\"https:\/\/brcnews.net\/wp-content\/uploads\/2022\/08\/DMTW22.40.jpg\" alt=\"\" class=\"wp-image-22669 colorbox-22591\" srcset=\"https:\/\/brcnews.net\/wp-content\/uploads\/2022\/08\/DMTW22.40.jpg 1000w, https:\/\/brcnews.net\/wp-content\/uploads\/2022\/08\/DMTW22.40-300x188.jpg 300w, https:\/\/brcnews.net\/wp-content\/uploads\/2022\/08\/DMTW22.40-768x482.jpg 768w\" sizes=\"(max-width: 1000px) 100vw, 1000px\" \/><\/a><figcaption>Simon Lauter<\/figcaption><\/figure><\/div>\n\n\n\n<p>Simon Lauter m\u00fcnzte auch im zweiten Finale seine Poleposition in einen Start-Ziel-Sieg um. Gut sechs Zehntelsekunden Vorsprung hatte er zum Schluss vor Alex Klunker. Es ist erste Meistertitel, den er in dieser Klasse gewinnt.<\/p>\n\n\n\n<hr class=\"wp-block-separator\"\/>\n\n\n\n<p> <strong><span class=\"has-inline-color has-green-color\">21.<\/span> M<span class=\"has-inline-color has-green-color\">eldung: Sonntag 7. August 2022, 14:10 Uhr<\/span><\/strong>  <\/p>\n\n\n\n<h2>Sascha Knodel neuer Deutscher Meister Fun <\/h2>\n\n\n\n<div class=\"wp-block-image\"><figure class=\"aligncenter size-full\"><a href=\"https:\/\/brcnews.net\/wp-content\/uploads\/2022\/08\/DMTW22.42.jpg\"><img loading=\"lazy\" width=\"1000\" height=\"511\" src=\"https:\/\/brcnews.net\/wp-content\/uploads\/2022\/08\/DMTW22.42.jpg\" alt=\"\" class=\"wp-image-22671 colorbox-22591\" srcset=\"https:\/\/brcnews.net\/wp-content\/uploads\/2022\/08\/DMTW22.42.jpg 1000w, https:\/\/brcnews.net\/wp-content\/uploads\/2022\/08\/DMTW22.42-300x153.jpg 300w, https:\/\/brcnews.net\/wp-content\/uploads\/2022\/08\/DMTW22.42-768x392.jpg 768w\" sizes=\"(max-width: 1000px) 100vw, 1000px\" \/><\/a><figcaption>Sascha Knodel<\/figcaption><\/figure><\/div>\n\n\n\n<p>Jochen Knodel hat sich mit seinem zweiten Finalsieg souver\u00e4n den Meistertitel in Tourenwagen Fun geholt<\/p>\n\n\n\n<hr class=\"wp-block-separator\"\/>\n\n\n\n<p> <strong><span class=\"has-inline-color has-green-color\">20.  <\/span>M<span class=\"has-inline-color has-green-color\">eldung: Sonntag 7. August 2022, 14:00 Uhr<\/span><\/strong> <\/p>\n\n\n\n<h3>Jan Ratheisky neuer Deutscher Meister Formel <\/h3>\n\n\n\n<div class=\"wp-block-image\"><figure class=\"aligncenter size-full\"><a href=\"https:\/\/brcnews.net\/wp-content\/uploads\/2022\/08\/DMTW22.41.jpg\"><img loading=\"lazy\" width=\"1000\" height=\"573\" src=\"https:\/\/brcnews.net\/wp-content\/uploads\/2022\/08\/DMTW22.41.jpg\" alt=\"\" class=\"wp-image-22672 colorbox-22591\" srcset=\"https:\/\/brcnews.net\/wp-content\/uploads\/2022\/08\/DMTW22.41.jpg 1000w, https:\/\/brcnews.net\/wp-content\/uploads\/2022\/08\/DMTW22.41-300x172.jpg 300w, https:\/\/brcnews.net\/wp-content\/uploads\/2022\/08\/DMTW22.41-768x440.jpg 768w\" sizes=\"(max-width: 1000px) 100vw, 1000px\" \/><\/a><figcaption>Jan Ratheisky<\/figcaption><\/figure><\/div>\n\n\n\n<p>Jan Ratheisky, amtierender Weltmeister dieser Klasse und vierfache Europameister ist neuer Deutscher Meister Formel. Er gewann auch das zweite Finale souver\u00e4n.<\/p>\n\n\n\n<hr class=\"wp-block-separator\"\/>\n\n\n\n<p><strong><span class=\"has-inline-color has-green-color\">19.  <\/span>M<span class=\"has-inline-color has-green-color\">eldung: Sonntag 7. August 2022, 13:50 Uhr<\/span><\/strong>  <\/p>\n\n\n\n<h3>Die Formelklasse im neuen Format <\/h3>\n\n\n\n<p>F\u00fcr die Formelklasse ist es die sechste Deutsche Meisterschaft in dem neuen Format. Den ersten Titel holte sich im Jahr 2016 Robert Klier. David Ehrbar gewann die Meisterschaft zwei Mal \u2013 2018 und 2021.<\/p>\n\n\n\n<div class=\"wp-block-image\"><figure class=\"aligncenter size-full\"><a href=\"https:\/\/brcnews.net\/wp-content\/uploads\/2022\/08\/Sieger-Formel.jpg\"><img loading=\"lazy\" width=\"377\" height=\"162\" src=\"https:\/\/brcnews.net\/wp-content\/uploads\/2022\/08\/Sieger-Formel.jpg\" alt=\"\" class=\"wp-image-22661 colorbox-22591\" srcset=\"https:\/\/brcnews.net\/wp-content\/uploads\/2022\/08\/Sieger-Formel.jpg 377w, https:\/\/brcnews.net\/wp-content\/uploads\/2022\/08\/Sieger-Formel-300x129.jpg 300w\" sizes=\"(max-width: 377px) 100vw, 377px\" \/><\/a><\/figure><\/div>\n\n\n\n<p>Deutsche Meisterschaften Formel gab es aber auch schon davor. Zwischen 1997 und 2007 richtete der Deutsche Minicar Club elf Meisterschaften aus. Erster Deutscher Meister war Markus Mobers, letzter Daniel Wohlgemuth. 2007 stellte der DMC die Austragung ein.<\/p>\n\n\n\n<p>Mit der Aufnahme der Formelklasse in die Euro Touring Series erlebte die Klasse einen wahren Boom. 2016 reiste Masami Hirosaka, die RC-Car-Legende aus Japan, zu einem Lauf der Euro Touring Series in M\u00fclheim-K\u00e4rlich an. \u00dcber 100 Starter z\u00e4hlten die Veranstalter in Formel. Rekord!<\/p>\n\n\n\n<p>Die erste Weltmeisterschaft in dieser Klasse wurde 2018 in S\u00fcdafrika ausgetragen. Den Titel gewann Jan Ratheisky. David Ehrbar stand als Dritter auf dem WM-Podium. Europameisterschaften in Formel 1 Elektro gibt es seit 2016. Alle vier Titel sicherte sich Jan Ratheisky.<\/p>\n\n\n\n<p>In den letzten Jahren wird es um diese Klasse wieder ruhiger. Die Starterzahlen gehen stark zur\u00fcck. Zu dieser DM starteten nur f\u00fcnf Fahrer.<\/p>\n\n\n\n<hr class=\"wp-block-separator\"\/>\n\n\n\n<p><strong><span class=\"has-inline-color has-green-color\">18.  <\/span>M<span class=\"has-inline-color has-green-color\">eldung: Sonntag 7. August 2022, 13:20 Uhr<\/span><\/strong>    <\/p>\n\n\n\n<h3>Erste Finale gefahren <\/h3>\n\n\n\n<p>Spannender Kampf in ersten A-Finale Fronti: 13 Runden lang machte S\u00f6ren Sparbier von Platz 2 aus Druck auf den vor ihm gestarteten Roman Borschel-. Doch der behielt die Nerven und \u00fcberquerte mit gut zwei Hundertstelsekunden Vorsprung die Ziellinie vor S\u00f6ren Sparbier.<\/p>\n\n\n\n<div class=\"wp-block-image\"><figure class=\"aligncenter size-full\"><a href=\"https:\/\/brcnews.net\/wp-content\/uploads\/2022\/08\/DMTW22.37.jpg\"><img loading=\"lazy\" width=\"1000\" height=\"447\" src=\"https:\/\/brcnews.net\/wp-content\/uploads\/2022\/08\/DMTW22.37.jpg\" alt=\"\" class=\"wp-image-22658 colorbox-22591\" srcset=\"https:\/\/brcnews.net\/wp-content\/uploads\/2022\/08\/DMTW22.37.jpg 1000w, https:\/\/brcnews.net\/wp-content\/uploads\/2022\/08\/DMTW22.37-300x134.jpg 300w, https:\/\/brcnews.net\/wp-content\/uploads\/2022\/08\/DMTW22.37-768x343.jpg 768w\" sizes=\"(max-width: 1000px) 100vw, 1000px\" \/><\/a><figcaption>S\u00f6ren Sparbier (Startnummer 2) machte \u00fcber f\u00fcnf Minuten kr\u00e4ftig Druck auf den F\u00fchrenden Roman Borschel. kam aber nicht vorbei<\/figcaption><\/figure><\/div>\n\n\n\n<p>Nach einem Fr\u00fchstart stellte Daniel P\u00f6hlmann in Hobby sein Fahrzeug nach der ersten Runde ab. Tristan Bergheim, gestartet von Platz 3, \u00fcbernahm die F\u00fchrung und gab die auch bis zum Ende des Finallaufes nicht mehr ab.<\/p>\n\n\n\n<div class=\"wp-block-image\"><figure class=\"aligncenter size-full\"><a href=\"https:\/\/brcnews.net\/wp-content\/uploads\/2022\/08\/DMTW22.38.jpg\"><img loading=\"lazy\" width=\"1000\" height=\"475\" src=\"https:\/\/brcnews.net\/wp-content\/uploads\/2022\/08\/DMTW22.38.jpg\" alt=\"\" class=\"wp-image-22659 colorbox-22591\" srcset=\"https:\/\/brcnews.net\/wp-content\/uploads\/2022\/08\/DMTW22.38.jpg 1000w, https:\/\/brcnews.net\/wp-content\/uploads\/2022\/08\/DMTW22.38-300x143.jpg 300w, https:\/\/brcnews.net\/wp-content\/uploads\/2022\/08\/DMTW22.38-768x365.jpg 768w\" sizes=\"(max-width: 1000px) 100vw, 1000px\" \/><\/a><figcaption>Kurz nach dem Start kagen die drei Topfahrer Marc Rheinard, Roman V\u00f6lker und Christopher Krapp noch eng zusammen. Danach setzte sich Marc Rheinard Runde f\u00fcr Runde ab<\/figcaption><\/figure><\/div>\n\n\n\n<p>Unspektakul\u00e4r verlief das Rennen in Modified. Marc Rheinard setzte sich Runde f\u00fcr Runde mehr von seinen Verfolgern Ronald V\u00f6lker und Christopher Krapp ab. Ein sicherer Start-Ziel -Sieg!<\/p>\n\n\n\n<p>Simon Lauter gewann das Finale Sport vor Alex Klunker. Im Ziel hatte er einen Vorsprung acht Hundertstelsekunden.<\/p>\n\n\n\n<p>In Formel setzte sich Jan Ratheisky wie erwartet souver\u00e4n durch. Beim \u00dcberqueren der Ziellinie hatte er fast eine Runde Vorsprung. In Hobby best\u00e4tigte Sascha Knodel seine Vormachtstellung und siegte mit knapp zehn Sekunden Vorsprung vor Manfred Pfister<\/p>\n\n\n\n<hr class=\"wp-block-separator\"\/>\n\n\n\n<p><strong><span class=\"has-inline-color has-green-color\">17.  <\/span>M<span class=\"has-inline-color has-green-color\">eldung: Sonntag 7. August 2022, 12:20 Uhr<\/span><\/strong> <\/p>\n\n\n\n<h2>Familienhobby<\/h2>\n\n\n\n<div class=\"wp-block-image\"><figure class=\"aligncenter size-full\"><a href=\"https:\/\/brcnews.net\/wp-content\/uploads\/2022\/08\/DMTW22.45.jpg\"><img loading=\"lazy\" width=\"1000\" height=\"550\" src=\"https:\/\/brcnews.net\/wp-content\/uploads\/2022\/08\/DMTW22.45.jpg\" alt=\"\" class=\"wp-image-22679 colorbox-22591\" srcset=\"https:\/\/brcnews.net\/wp-content\/uploads\/2022\/08\/DMTW22.45.jpg 1000w, https:\/\/brcnews.net\/wp-content\/uploads\/2022\/08\/DMTW22.45-300x165.jpg 300w, https:\/\/brcnews.net\/wp-content\/uploads\/2022\/08\/DMTW22.45-768x422.jpg 768w\" sizes=\"(max-width: 1000px) 100vw, 1000px\" \/><\/a><figcaption>Svantje, Emely, Marlon und Jan Ratheisky<\/figcaption><\/figure><\/div>\n\n\n\n<p>RC-Car-Fahren ist ihr gemeinsames gro\u00dfes Hobby und so wird  ein RC-Car-Rennen f\u00fcr Familie Ratheisky zum  Familienausflug. Bei der DM starten Svantje Ratheisky und die beiden Emely und Marlon  in der Klasse Fronti. Jan Ratheiski f\u00e4hrt in zwei Klassen: Formel und Tourenwagen Start. Keine Frage:  Das ganze Team setzt auf Xray!<\/p>\n\n\n\n<hr class=\"wp-block-separator\"\/>\n\n\n\n<p> <strong><span class=\"has-inline-color has-green-color\">16.  <\/span>M<span class=\"has-inline-color has-green-color\">eldung: Sonntag 7. August 2022, 12:10 Uhr<\/span><\/strong>   <\/p>\n\n\n\n<h3>Die Topplatzierten nach den Qualifikationsl\u00e4ufen<\/h3>\n\n\n\n<div class=\"wp-block-image\"><figure class=\"aligncenter size-full\"><a href=\"https:\/\/brcnews.net\/wp-content\/uploads\/2022\/08\/Top3_Quali.jpg\"><img loading=\"lazy\" width=\"480\" height=\"496\" src=\"https:\/\/brcnews.net\/wp-content\/uploads\/2022\/08\/Top3_Quali.jpg\" alt=\"\" class=\"wp-image-22655 colorbox-22591\" srcset=\"https:\/\/brcnews.net\/wp-content\/uploads\/2022\/08\/Top3_Quali.jpg 480w, https:\/\/brcnews.net\/wp-content\/uploads\/2022\/08\/Top3_Quali-290x300.jpg 290w\" sizes=\"(max-width: 480px) 100vw, 480px\" \/><\/a><\/figure><\/div>\n\n\n\n<hr class=\"wp-block-separator\"\/>\n\n\n\n<p><strong><span class=\"has-inline-color has-green-color\">15.  <\/span>M<span class=\"has-inline-color has-green-color\">eldung: Sonntag 7. August 2022, 12:00 Uhr<\/span><\/strong>    <\/p>\n\n\n\n<h3>Borschel, P\u00f6hlmann, Lauter und Rheinard setzen sich durch<\/h3>\n\n\n\n<p><\/p>\n\n\n\n<p><\/p>\n\n\n\n<div class=\"wp-block-image\"><figure class=\"aligncenter size-full\"><a href=\"https:\/\/brcnews.net\/wp-content\/uploads\/2022\/08\/DMTW22.33.jpg\"><img loading=\"lazy\" width=\"1000\" height=\"622\" src=\"https:\/\/brcnews.net\/wp-content\/uploads\/2022\/08\/DMTW22.33.jpg\" alt=\"\" class=\"wp-image-22650 colorbox-22591\" srcset=\"https:\/\/brcnews.net\/wp-content\/uploads\/2022\/08\/DMTW22.33.jpg 1000w, https:\/\/brcnews.net\/wp-content\/uploads\/2022\/08\/DMTW22.33-300x187.jpg 300w, https:\/\/brcnews.net\/wp-content\/uploads\/2022\/08\/DMTW22.33-768x478.jpg 768w\" sizes=\"(max-width: 1000px) 100vw, 1000px\" \/><\/a><figcaption>Marc Rheinard, Tourenwagen Modified<\/figcaption><\/figure><\/div>\n\n\n\n<div class=\"wp-block-image\"><figure class=\"aligncenter size-full\"><a href=\"https:\/\/brcnews.net\/wp-content\/uploads\/2022\/08\/DMTW22.34.jpg\"><img loading=\"lazy\" width=\"1000\" height=\"603\" src=\"https:\/\/brcnews.net\/wp-content\/uploads\/2022\/08\/DMTW22.34.jpg\" alt=\"\" class=\"wp-image-22651 colorbox-22591\" srcset=\"https:\/\/brcnews.net\/wp-content\/uploads\/2022\/08\/DMTW22.34.jpg 1000w, https:\/\/brcnews.net\/wp-content\/uploads\/2022\/08\/DMTW22.34-300x181.jpg 300w, https:\/\/brcnews.net\/wp-content\/uploads\/2022\/08\/DMTW22.34-768x463.jpg 768w\" sizes=\"(max-width: 1000px) 100vw, 1000px\" \/><\/a><figcaption>Simon Lauter, Tourenwagen Sport<\/figcaption><\/figure><\/div>\n\n\n\n<div class=\"wp-block-image\"><figure class=\"aligncenter size-full\"><a href=\"https:\/\/brcnews.net\/wp-content\/uploads\/2022\/08\/DMTW22.36.jpg\"><img loading=\"lazy\" width=\"1000\" height=\"614\" src=\"https:\/\/brcnews.net\/wp-content\/uploads\/2022\/08\/DMTW22.36.jpg\" alt=\"\" class=\"wp-image-22652 colorbox-22591\" srcset=\"https:\/\/brcnews.net\/wp-content\/uploads\/2022\/08\/DMTW22.36.jpg 1000w, https:\/\/brcnews.net\/wp-content\/uploads\/2022\/08\/DMTW22.36-300x184.jpg 300w, https:\/\/brcnews.net\/wp-content\/uploads\/2022\/08\/DMTW22.36-768x472.jpg 768w\" sizes=\"(max-width: 1000px) 100vw, 1000px\" \/><\/a><figcaption>Daniel Pohlmann, Tourenwagen Hobby<\/figcaption><\/figure><\/div>\n\n\n\n<div class=\"wp-block-image\"><figure class=\"aligncenter size-large\"><a href=\"https:\/\/brcnews.net\/wp-content\/uploads\/2022\/08\/DMTW22.35-scaled.jpg\"><img loading=\"lazy\" width=\"1024\" height=\"605\" src=\"https:\/\/brcnews.net\/wp-content\/uploads\/2022\/08\/DMTW22.35-1024x605.jpg\" alt=\"\" class=\"wp-image-22653 colorbox-22591\" srcset=\"https:\/\/brcnews.net\/wp-content\/uploads\/2022\/08\/DMTW22.35-1024x605.jpg 1024w, https:\/\/brcnews.net\/wp-content\/uploads\/2022\/08\/DMTW22.35-300x177.jpg 300w, https:\/\/brcnews.net\/wp-content\/uploads\/2022\/08\/DMTW22.35-768x454.jpg 768w, https:\/\/brcnews.net\/wp-content\/uploads\/2022\/08\/DMTW22.35-1536x908.jpg 1536w, https:\/\/brcnews.net\/wp-content\/uploads\/2022\/08\/DMTW22.35-2048x1210.jpg 2048w\" sizes=\"(max-width: 1024px) 100vw, 1024px\" \/><\/a><figcaption>Roman Borschel, Tourenwagen Fronti<\/figcaption><\/figure><\/div>\n\n\n\n<p>Roman Borschel, Daniel P\u00f6hlmann, Simon Lauter und Marc Rheinard haben sich im Kampf um die Poleposition im letzten Qualilauf in ihren Klassen durchgesetzt. Roman Borschel holte sich im f\u00fcnften Qualilauf den dritten Sieg und sicherte sich so die Poleposition in Fronti. Daniel P\u00f6hlmann gewann in Hobby gewann auch den f\u00fcnften Qualilauf. Es war sein vierter Sieg. In Tourenwagen Sport setzte sich Simon Lauter vor Alex Kunkler durch. Den f\u00fcnften Qualilauf gewann Max M\u00e4chler und fuhr mit 16 Runden in 5:15,196 den schnellsten Vorlauf in Sport. Marc Rheinard sicherte sich mit seinem zweiten Sieg in der Qualifikation die Pole in Modified.<\/p>\n\n\n\n<hr class=\"wp-block-separator\"\/>\n\n\n\n<p> <strong><span class=\"has-inline-color has-green-color\">14.  <\/span>M<span class=\"has-inline-color has-green-color\">eldung: Sonntag 7. August 2022, 10:30 Uhr<\/span><\/strong>   <\/p>\n\n\n\n<h3>Es bleibt spannend<\/h3>\n\n\n\n<p><\/p>\n\n\n\n<p>In vier Klassen bleibt es auch nach dem vierten Vorlauf spannend. Mit Ronald V\u00f6lker hat nun der vierte Fahrer einen der vier Qualifikationsl\u00e4ufe in Modified f\u00fcr sich entschieden. Damit hat er wie Marc Rheinard, Christoher Krapp und Marco Kaufmann noch eine Chance auf die Poleposition. Simon Lauter hat mit seinem zweiten Qualilaufsieg in Sport mit Alex Kunkler gleichgezogen. In Fronti hat Roman Borschel zwei der vier Qu\u00e1lil\u00e4ufe gewonnen. Im letzten Lauf kann er aber noch von Kevin Sparbier oder S\u00f6ren Sparbier \u00fcberholt werden, die je einen Laufsieg auf ihrem Konto haben. Und auch Daniel P\u00f6hlmann kann sich mit seinen bisherigen drei Siegen in Hobby noch nicht ganz sicher sein, von der Pole zu starten. Da nur zwei L\u00e4ufe gewertet werden, kann Christian L\u00fctjen kann noch mit ihm gleichziehen. Wer in den vier Klassen von Startplatz 1 in die Finall\u00e4ufe geht, entscheidet sich nun im letzten Qualilauf.<\/p>\n\n\n\n<hr class=\"wp-block-separator\"\/>\n\n\n\n<p><strong><span class=\"has-inline-color has-green-color\">13.  <\/span>M<span class=\"has-inline-color has-green-color\">eldung: Sonntag 7. August 2022, 9:30 Uhr<\/span><\/strong>  <\/p>\n\n\n\n<h3> Startplatz in Fun und Formel vergeben <\/h3>\n\n\n\n<div class=\"wp-block-image\"><figure class=\"aligncenter size-full\"><a href=\"https:\/\/brcnews.net\/wp-content\/uploads\/2022\/08\/DMTW22.32.jpg\"><img loading=\"lazy\" width=\"1000\" height=\"545\" src=\"https:\/\/brcnews.net\/wp-content\/uploads\/2022\/08\/DMTW22.32.jpg\" alt=\"\" class=\"wp-image-22646 colorbox-22591\" srcset=\"https:\/\/brcnews.net\/wp-content\/uploads\/2022\/08\/DMTW22.32.jpg 1000w, https:\/\/brcnews.net\/wp-content\/uploads\/2022\/08\/DMTW22.32-300x164.jpg 300w, https:\/\/brcnews.net\/wp-content\/uploads\/2022\/08\/DMTW22.32-768x419.jpg 768w\" sizes=\"(max-width: 1000px) 100vw, 1000px\" \/><\/a><figcaption>Sascha Knodel steht in Tourenwagen Fun auf der Pole<\/figcaption><\/figure><\/div>\n\n\n\n<p>Jan Ratheisky und Sascha Knodel starten in den Finalen von der Pole. Beide haben in ihrer Klasse jeweils den vierten von vier Vorl\u00e4ufen gewonnen. Jan Ratheisky in Formel und Sascha Knodel in Tourenwagen Fun.<\/p>\n\n\n\n<hr class=\"wp-block-separator\"\/>\n\n\n\n<p><strong>Z<span class=\"has-inline-color has-green-color\">w\u00f6lfte <\/span>M<span class=\"has-inline-color has-green-color\">eldung: Sonntag 7. August 2022, 9:00 Uhr<\/span><\/strong>  <\/p>\n\n\n\n<h3>Guten Morgen<\/h3>\n\n\n\n<p>Der letzte Tag der DM Tourenwagen und Fronto hat begonnen. Bruno Czernik startete vierten Qualidurchgang p\u00fcnktlich um 9:00 Uhr. Auf dem Programm stehen f\u00fcr heute ein weitere Vorlauf und die Finall\u00e4ufe. Die Siegerehrung wird gegen 16:00 Uhr stattfinden.<\/p>\n\n\n\n<hr class=\"wp-block-separator\"\/>\n\n\n\n<div class=\"wp-block-image\"><figure class=\"aligncenter size-full\"><a href=\"https:\/\/brcnews.net\/wp-content\/uploads\/2016\/08\/tischhusse3x.jpg\"><img loading=\"lazy\" width=\"750\" height=\"217\" src=\"https:\/\/brcnews.net\/wp-content\/uploads\/2016\/08\/tischhusse3x.jpg\" alt=\"\" class=\"wp-image-13505 colorbox-22591\" srcset=\"https:\/\/brcnews.net\/wp-content\/uploads\/2016\/08\/tischhusse3x.jpg 750w, https:\/\/brcnews.net\/wp-content\/uploads\/2016\/08\/tischhusse3x-300x87.jpg 300w\" sizes=\"(max-width: 750px) 100vw, 750px\" \/><\/a><\/figure><\/div>\n\n\n\n<p> <strong>Der Bericht wird gesponsert vom Deutschen Minicar Club<\/strong> <\/p>\n\n\n\n<hr class=\"wp-block-separator\"\/>\n\n\n\n<p><strong><span class=\"has-inline-color has-green-color\">Elfte <\/span>M<span class=\"has-inline-color has-green-color\">eldung: Samstag 6. August 2022, 18:40 Uhr<\/span><\/strong> <\/p>\n\n\n\n<h3>Alles noch offen<\/h3>\n\n\n\n<div class=\"wp-block-image\"><figure class=\"aligncenter size-full\"><a href=\"https:\/\/brcnews.net\/wp-content\/uploads\/2022\/08\/DM2022.16.jpg\"><img loading=\"lazy\" width=\"1000\" height=\"431\" src=\"https:\/\/brcnews.net\/wp-content\/uploads\/2022\/08\/DM2022.16.jpg\" alt=\"\" class=\"wp-image-22642 colorbox-22591\" srcset=\"https:\/\/brcnews.net\/wp-content\/uploads\/2022\/08\/DM2022.16.jpg 1000w, https:\/\/brcnews.net\/wp-content\/uploads\/2022\/08\/DM2022.16-300x129.jpg 300w, https:\/\/brcnews.net\/wp-content\/uploads\/2022\/08\/DM2022.16-768x331.jpg 768w\" sizes=\"(max-width: 1000px) 100vw, 1000px\" \/><\/a><figcaption>Die f\u00fcnf Modifiedfahrer gingen als letzte Gruppe an den Start.  Die drei Vorl\u00e4ufe gewannen drei verschiedene Fahrer. Spannender geht es nicht<\/figcaption><\/figure><\/div>\n\n\n\n<p>Mit dem dritten Vorlauf geht ein langer Tag bei den Deutschen Meisterschaften Tourenwagen und Formel in Andernach zu Ende. V\u00f6llig offen ist der Kampf um die Pole in den Klassen Modified und Sport. In Modified gewannen Christopher Krapp, Marc Rheinard und Marco Kaufmann je einen Lauf. Alex Kunter hat in Tourenwagen Sport zwei der drei Vorl\u00e4ufe gewonnen. Simon Lauter hat einen gewonnenen Lauf auf seinem Konto. Max M\u00e4chler ist mit beiden eng auf den Fersen. Er kann morgen noch zwei Siege einfahren.<\/p>\n\n\n\n<p>Aufgrund des Reglements, dass nur zwei von f\u00fcnf Vorl\u00e4ufen f\u00fcr die Startpl\u00e4tze in den Finall\u00e4ufen gewertet werden, ist der Startplatz 1 in allen Klassen noch offen. Selbst in den Klassen, in denen Fahrer heute alle drei Vorl\u00e4ufe gewonnen haben. Denn theoretisch ist es m\u00f6glich, dass morgen Fr\u00fch ein Fahrer zwei schnellere Vorl\u00e4ufe hinlegt. &nbsp;<\/p>\n\n\n\n<hr class=\"wp-block-separator\"\/>\n\n\n\n<p><strong>Zehnte<span class=\"has-inline-color has-green-color\"> <\/span>M<span class=\"has-inline-color has-green-color\">eldung: Samstag 6. August 2022, 18:40 Uhr<\/span><\/strong> <\/p>\n\n\n\n<h3><strong>Jan Ratheisky gewinnt auch den dritten Vorlauf<\/strong> <\/h3>\n\n\n\n<div class=\"wp-block-image\"><figure class=\"aligncenter size-full\"><a href=\"https:\/\/brcnews.net\/wp-content\/uploads\/2022\/08\/DM2022.15.jpg\"><img loading=\"lazy\" width=\"1000\" height=\"559\" src=\"https:\/\/brcnews.net\/wp-content\/uploads\/2022\/08\/DM2022.15.jpg\" alt=\"\" class=\"wp-image-22640 colorbox-22591\" srcset=\"https:\/\/brcnews.net\/wp-content\/uploads\/2022\/08\/DM2022.15.jpg 1000w, https:\/\/brcnews.net\/wp-content\/uploads\/2022\/08\/DM2022.15-300x168.jpg 300w, https:\/\/brcnews.net\/wp-content\/uploads\/2022\/08\/DM2022.15-768x429.jpg 768w\" sizes=\"(max-width: 1000px) 100vw, 1000px\" \/><\/a><figcaption>Die Pole in Formel ist Jan Ratheisky sicher<\/figcaption><\/figure><\/div>\n\n\n\n<p>Jan Ratheisky hat auch den dritten Vorlauf in Formel gewonnen. Die Pole ist damit morgen sicher. Es sein denn, morgen Fr\u00fch f\u00e4hrt einer der anderen Starter in dieser Klasse zwei schnelle L\u00e4ufe, was aber sehr unwahrscheinlich ist.<\/p>\n\n\n\n<p>Das Gleiche gilt auch f\u00fcr Sascha Knodel, der in jedem Vorlauf in Fun die Nase vorn hatte.<\/p>\n\n\n\n<hr class=\"wp-block-separator\"\/>\n\n\n\n<p><strong>N<span class=\"has-inline-color has-green-color\">eunte <\/span>M<span class=\"has-inline-color has-green-color\">eldung: Samstag 6. August 2022, 18:40 Uhr<\/span><\/strong>   <\/p>\n\n\n\n<h3>Das wichtigste nach dem zweiten Vorlauf<\/h3>\n\n\n\n<p>Marc Rheinard fuhr den bisher schnellsten Vorlauf in Modified mit 16 Runden in 5:07.020 Minuten. Er war damit gut vier Sekunden schneller als Christopher Krapp im ersten Durchgang.<\/p>\n\n\n\n<p>Simon Lauter war mit 5:17.658 Minuten schnellster Fahrer in Sport. Den ersten Lauf hat Alex Kunkler gewonnen.<\/p>\n\n\n\n<p>In Fronti haben Roman Boschel und Kevin Sparbier je einen Lauf gewonnen.<\/p>\n\n\n\n<p>Christian L\u00fctjen, der im ersten Lauf in Hobby nicht gestartet war, fuhr jetzt den schnellsten Vorlauf in dieser Klasse. Den ersten hatte<\/p>\n\n\n\n<p>Jan Ratheisky hat beide L\u00e4ufe in Formel gewonnen.<\/p>\n\n\n\n<p>Sascha Knodel hat in Fun auch im zweiten Vorl\u00e4ufen die Nase vorn.<\/p>\n\n\n\n<hr class=\"wp-block-separator\"\/>\n\n\n\n<hr class=\"wp-block-separator\"\/>\n\n\n\n<p><strong><span class=\"has-inline-color has-green-color\">Achte<span class=\"has-inline-color has-green-color\"><\/span> <\/span>M<span class=\"has-inline-color has-green-color\">eldung: Samstag 6. August 2022, 18:00 Uhr<\/span><\/strong>  <\/p>\n\n\n\n<h3> Vorgestellt: Jasmin Donath und Nele Knodel <\/h3>\n\n\n\n<p>Als Junioren- und Jugendmeisterin sind Jasmin Donath und Nele Knodel nach Andernach gekommen. Diese im letzten Jahr in Bernau bei der DM 2021 gewonnenen Titel wollen sie in Andernach verteidigen. Beide in der Klasse Tourenwagen Hobby. Jasmin Donath auch noch in Tourenwagen Fronti. Im freien Trainin g und im ersten Vorlaufmachten sie ihre Anspr\u00fcche auf den Titel bereits deutlich geltend.<\/p>\n\n\n\n<div class=\"wp-block-image\"><figure class=\"aligncenter size-large\"><a href=\"https:\/\/brcnews.net\/wp-content\/uploads\/2022\/08\/DMTW2022.07-scaled.jpg\"><img loading=\"lazy\" width=\"1024\" height=\"684\" src=\"https:\/\/brcnews.net\/wp-content\/uploads\/2022\/08\/DMTW2022.07-1024x684.jpg\" alt=\"\" class=\"wp-image-22635 colorbox-22591\" srcset=\"https:\/\/brcnews.net\/wp-content\/uploads\/2022\/08\/DMTW2022.07-1024x684.jpg 1024w, https:\/\/brcnews.net\/wp-content\/uploads\/2022\/08\/DMTW2022.07-300x200.jpg 300w, https:\/\/brcnews.net\/wp-content\/uploads\/2022\/08\/DMTW2022.07-768x513.jpg 768w, https:\/\/brcnews.net\/wp-content\/uploads\/2022\/08\/DMTW2022.07-1536x1026.jpg 1536w, https:\/\/brcnews.net\/wp-content\/uploads\/2022\/08\/DMTW2022.07-2048x1368.jpg 2048w\" sizes=\"(max-width: 1024px) 100vw, 1024px\" \/><\/a><figcaption>Jasmin Donath<\/figcaption><\/figure><\/div>\n\n\n\n<div class=\"wp-block-image\"><figure class=\"aligncenter size-full\"><a href=\"https:\/\/brcnews.net\/wp-content\/uploads\/2022\/08\/DMTW2022.05-1.jpg\"><img loading=\"lazy\" width=\"1000\" height=\"603\" src=\"https:\/\/brcnews.net\/wp-content\/uploads\/2022\/08\/DMTW2022.05-1.jpg\" alt=\"\" class=\"wp-image-22636 colorbox-22591\" srcset=\"https:\/\/brcnews.net\/wp-content\/uploads\/2022\/08\/DMTW2022.05-1.jpg 1000w, https:\/\/brcnews.net\/wp-content\/uploads\/2022\/08\/DMTW2022.05-1-300x181.jpg 300w, https:\/\/brcnews.net\/wp-content\/uploads\/2022\/08\/DMTW2022.05-1-768x463.jpg 768w\" sizes=\"(max-width: 1000px) 100vw, 1000px\" \/><\/a><figcaption>Jasmin Knodel<\/figcaption><\/figure><\/div>\n\n\n\n<p>Jasmin Donath ist 14 Jahre alt und Mitglied im 1. Marzahner Racing Club. Sie f\u00e4hrt in beiden Klassen eine Awesomatix. Jasmin Donath ist seit drei Jahren dabei. International startet sie in der Euro Touring Series. Nele Knodel ist 17 Jahre alt. Sie steuert einen ARC. Nele Knodel kommt aus Crailsheim. Zum Hobby kam sie vor sechs Jahren. Ihre ersten Rennen fuhr sie in der Rookie-Klasse in der LRP Challenge.<\/p>\n\n\n\n<hr class=\"wp-block-separator\"\/>\n\n\n\n<p><strong><span class=\"has-inline-color has-green-color\">Siebte<\/span><\/strong><span class=\"has-inline-color has-green-color\"><strong> <\/strong><\/span><strong>M<span class=\"has-inline-color has-green-color\">eldung: Samstag 6. August 2022, 16:00 Uhr<\/span><\/strong> <\/p>\n\n\n\n<h2>Erste Quali gefahren <\/h2>\n\n\n\n<p>Der erste Qualidurchgang ist beendet. \u00dcberraschend viele Fahrer in Stock und Modified kurz nach dem Start sind ausgefallen. Die Sieger: Jan Ratheisky (Formel \u2013 19 Runden in 7:03.068 Minuten); Sascha Knodel (Fun \u2013 5 Runden in 5:04.716 Minuten); Roman Borschel (Fronti \u2013 13 Runden in 5:10.244 Minuten); Daniel P\u00f6hlmann (Hobby \u2013 14 Runden in 5:00.400 Minuten); Alex Kunkler (Sport \u2013 16 Runden in 5:18.107 Minuten) und Christopher Krapp (Modified \u2013 16 Runden in 5:11.209 Minuten).<\/p>\n\n\n\n<hr class=\"wp-block-separator\"\/>\n\n\n\n<p><span class=\"has-inline-color has-green-color\"><strong>Sechste <\/strong><\/span><strong>M<span class=\"has-inline-color has-green-color\">eldung: Samstag 6. August 2022, 17:30 Uhr<\/span><\/strong>   <\/p>\n\n\n\n<h2>Auf in die Qualil\u00e4ufe \u2013 Formel macht den Anfang <\/h2>\n\n\n\n<p><\/p>\n\n\n\n<div class=\"wp-block-image\"><figure class=\"aligncenter size-full\"><a href=\"https:\/\/brcnews.net\/wp-content\/uploads\/2022\/08\/DM2022.12-1.jpg\"><img loading=\"lazy\" width=\"1000\" height=\"557\" src=\"https:\/\/brcnews.net\/wp-content\/uploads\/2022\/08\/DM2022.12-1.jpg\" alt=\"\" class=\"wp-image-22629 colorbox-22591\" srcset=\"https:\/\/brcnews.net\/wp-content\/uploads\/2022\/08\/DM2022.12-1.jpg 1000w, https:\/\/brcnews.net\/wp-content\/uploads\/2022\/08\/DM2022.12-1-300x167.jpg 300w, https:\/\/brcnews.net\/wp-content\/uploads\/2022\/08\/DM2022.12-1-768x428.jpg 768w\" sizes=\"(max-width: 1000px) 100vw, 1000px\" \/><\/a><figcaption>Bereit zum ersten Qualilauf: Die f\u00fcnf Fahrer der Klasse Formel<\/figcaption><\/figure><\/div>\n\n\n\n<p>Der erste Qualifikationslauf ist gefahren. Die Formelklasse machte den Anfang. Jan Ratheisky gewann den Lauf mit gro\u00dfem Vorsprung vor. Er fuhr 19 Runden in 7:03.068 Minuten. Chris Grenz war als Zweiter gut sieben Sekunden langsamer.<\/p>\n\n\n\n<div class=\"wp-block-image\"><figure class=\"aligncenter size-full\"><a href=\"https:\/\/brcnews.net\/wp-content\/uploads\/2022\/08\/DM2022.14-1.jpg\"><img loading=\"lazy\" width=\"1000\" height=\"473\" src=\"https:\/\/brcnews.net\/wp-content\/uploads\/2022\/08\/DM2022.14-1.jpg\" alt=\"\" class=\"wp-image-22630 colorbox-22591\" srcset=\"https:\/\/brcnews.net\/wp-content\/uploads\/2022\/08\/DM2022.14-1.jpg 1000w, https:\/\/brcnews.net\/wp-content\/uploads\/2022\/08\/DM2022.14-1-300x142.jpg 300w, https:\/\/brcnews.net\/wp-content\/uploads\/2022\/08\/DM2022.14-1-768x363.jpg 768w\" sizes=\"(max-width: 1000px) 100vw, 1000px\" \/><\/a><figcaption>Der Xray F1 von Jan Ratheisky<\/figcaption><\/figure><\/div>\n\n\n\n<div class=\"wp-block-image\"><figure class=\"aligncenter size-full\"><a href=\"https:\/\/brcnews.net\/wp-content\/uploads\/2022\/08\/DM2022.13-1.jpg\"><img loading=\"lazy\" width=\"1000\" height=\"468\" src=\"https:\/\/brcnews.net\/wp-content\/uploads\/2022\/08\/DM2022.13-1.jpg\" alt=\"\" class=\"wp-image-22631 colorbox-22591\" srcset=\"https:\/\/brcnews.net\/wp-content\/uploads\/2022\/08\/DM2022.13-1.jpg 1000w, https:\/\/brcnews.net\/wp-content\/uploads\/2022\/08\/DM2022.13-1-300x140.jpg 300w, https:\/\/brcnews.net\/wp-content\/uploads\/2022\/08\/DM2022.13-1-768x359.jpg 768w\" sizes=\"(max-width: 1000px) 100vw, 1000px\" \/><\/a><figcaption>Der EF1 von Chris Grenz<\/figcaption><\/figure><\/div>\n\n\n\n<p>Es wird sp\u00e4t heute! Drei Qualidurchg\u00e4nge stehen auf dem Programm. Fr\u00fchestens kurz vor 20:00 Uhr geht die letzte Qualigruppe auf die Strecke.<\/p>\n\n\n\n<hr class=\"wp-block-separator\"\/>\n\n\n\n<p><span class=\"has-inline-color has-green-color\"><strong>F\u00fcnfte <\/strong><\/span><strong>M<span class=\"has-inline-color has-green-color\">eldung: Samstag 6. August 2022, 14:45Uhr<\/span><\/strong>  <\/p>\n\n\n\n<h3>Jubil\u00e4um &#8211; zum 25. Mal  wird eine DM in Tourenwagen Elektro gefahren<\/h3>\n\n\n\n<p><\/p>\n\n\n\n<div class=\"wp-block-image\"><figure class=\"aligncenter size-full\"><a href=\"https:\/\/brcnews.net\/wp-content\/uploads\/2022\/08\/DeutscheMeisterTourenwagen.jpg\"><img loading=\"lazy\" width=\"678\" height=\"664\" src=\"https:\/\/brcnews.net\/wp-content\/uploads\/2022\/08\/DeutscheMeisterTourenwagen.jpg\" alt=\"\" class=\"wp-image-22624 colorbox-22591\" srcset=\"https:\/\/brcnews.net\/wp-content\/uploads\/2022\/08\/DeutscheMeisterTourenwagen.jpg 678w, https:\/\/brcnews.net\/wp-content\/uploads\/2022\/08\/DeutscheMeisterTourenwagen-300x294.jpg 300w\" sizes=\"(max-width: 678px) 100vw, 678px\" \/><\/a><\/figure><\/div>\n\n\n\n<p>Die DM in Andernach ist die insgesamt 25. Deutsche Meisterschaft in Tourenwagen Elektro. Den ersten Titel holte sich Ralf Helbing, vielen noch als genialer Entwickler von Motoren, Reglern oder Ladern f\u00fcr GM bekannt. In der Klasse Tourenwagen Standard\/Sport werden seit 2002 Meisterschaftsl\u00e4ufe gefahren. F\u00fcr die Fahrer in Tourenwagen Hobby ist es die 13. Meisterschaft.<\/p>\n\n\n\n<p>Rekordsieger in Modified ist Ronald V\u00f6lker. Der Mugenfahrer war neun Mal erfolgreich. Vier Mal stand Marc Fischer ganz oben auf dem Treppchen. Marc Rheinard gewann drei Mal. Alexander Stocker war drei Mal in Tourenwagen Standard\/Sport Deutscher Meister \u2013 und dass in drei aufeinanderfolgenden Jahren. Jens Br\u00fcstle sicherte sich den Titel zwei Mal in Tourenwagen Hobby.<\/p>\n\n\n\n<p>Deutsche Fahrer sind auch international in dieser Sparte sehr erfolgreich. Marc Rheinard wure drei Mal Weltmeister, Ronald V\u00f6lker einmal. Neunmal standen beide Fahrer auch bei Europameisterschaften ganz oben auf dem Treppchen \u2013 Ronald V\u00f6lker sieben Mal, Marc Rheinard zwei Mal. Jan Ratheisky und Max M\u00e4chler holten sich je einen Titel in Tourenwagen Sport.<\/p>\n\n\n\n<hr class=\"wp-block-separator\"\/>\n\n\n\n<p><strong><span class=\"has-inline-color has-green-color\">Vierte <\/span>M<span class=\"has-inline-color has-green-color\">eldung: Samstag 6. August 2022, 13:10 Uhr<\/span><\/strong> <\/p>\n\n\n\n<h3>Motoren \u00fcberpr\u00fcft, markiert, ausgegeben<\/h3>\n\n\n\n<div class=\"wp-block-image\"><figure class=\"aligncenter size-full\"><a href=\"https:\/\/brcnews.net\/wp-content\/uploads\/2022\/08\/DM2022.10.jpg\"><img loading=\"lazy\" width=\"1000\" height=\"666\" src=\"https:\/\/brcnews.net\/wp-content\/uploads\/2022\/08\/DM2022.10.jpg\" alt=\"\" class=\"wp-image-22622 colorbox-22591\" srcset=\"https:\/\/brcnews.net\/wp-content\/uploads\/2022\/08\/DM2022.10.jpg 1000w, https:\/\/brcnews.net\/wp-content\/uploads\/2022\/08\/DM2022.10-300x200.jpg 300w, https:\/\/brcnews.net\/wp-content\/uploads\/2022\/08\/DM2022.10-768x511.jpg 768w\" sizes=\"(max-width: 1000px) 100vw, 1000px\" \/><\/a><figcaption>Rin gewohntes Bild in der Tourenwagensparte Elektro: Thomas Kohmann \u00fcberpr\u00fcft die Motoren<\/figcaption><\/figure><\/div>\n\n\n\n<p>Die f\u00fcnf Tourenwagenklassen sind unterschiedlich motorisiert. In Modified ist es jedem Fahrer selbst \u00fcberlassen, wie stark der Motor ist, den er einsetzt. In den anderen Klassen ist die Leistung limitiert. Thomas Kohmann, DMC-Elektroreferent und DMC-Offizieller bei dieser DM, \u00fcberpr\u00fcft dies. Die 13,5 Turns-Motoren in der Klasse Sport versiegelt er vor dem ersten Einsatz. Sp\u00e4testens dann, wenn auf der Strecke festgestellt wird, dass ein Motor \u201enach oben ausrei\u00dft\u201c, nimmt ihn Thomas Kohmann ihn genau unter die Lupe. Die 17,5 Turns-Motoren der Klasse, die sehr stark streuen, versucht Thomas Kohmann so einzustellen, dass die Drehzahl in etwa gleich ist. In Tourenwagen Fronti wird an diesem Wochenende eine Hobbywing-Kombo (Regler und Motor) ausgegeben.<\/p>\n\n\n\n<hr class=\"wp-block-separator\"\/>\n\n\n\n<p><strong><span class=\"has-inline-color has-green-color\">Dritte Meldung: Samstag 6. August 2022, 12:20 Uhr<\/span><\/strong> <\/p>\n\n\n\n<h3>Trainingszeiten werden schneller<\/h3>\n\n\n\n<div class=\"wp-block-image\"><figure class=\"aligncenter size-full\"><a href=\"https:\/\/brcnews.net\/wp-content\/uploads\/2022\/08\/FreiesTraining.jpg\"><img loading=\"lazy\" width=\"549\" height=\"513\" src=\"https:\/\/brcnews.net\/wp-content\/uploads\/2022\/08\/FreiesTraining.jpg\" alt=\"\" class=\"wp-image-22616 colorbox-22591\" srcset=\"https:\/\/brcnews.net\/wp-content\/uploads\/2022\/08\/FreiesTraining.jpg 549w, https:\/\/brcnews.net\/wp-content\/uploads\/2022\/08\/FreiesTraining-300x280.jpg 300w\" sizes=\"(max-width: 549px) 100vw, 549px\" \/><\/a><\/figure><\/div>\n\n\n\n<p>Das freie Training ist vorbei. In f\u00fcnf der sechs Klassen waren die Fahrerinnen und Fahrer heute schneller als gestern. In Modified war der Trainingsschnellste Christopher Krapp heute gut eine Sekunde auf seine drei schnellsten zusammenh\u00e4ngenden Runden langsamer<\/p>\n\n\n\n<div class=\"wp-block-image\"><figure class=\"aligncenter size-full\"><a href=\"https:\/\/brcnews.net\/wp-content\/uploads\/2022\/08\/DM2022.08-2.jpg\"><img loading=\"lazy\" width=\"1000\" height=\"591\" src=\"https:\/\/brcnews.net\/wp-content\/uploads\/2022\/08\/DM2022.08-2.jpg\" alt=\"\" class=\"wp-image-22618 colorbox-22591\" srcset=\"https:\/\/brcnews.net\/wp-content\/uploads\/2022\/08\/DM2022.08-2.jpg 1000w, https:\/\/brcnews.net\/wp-content\/uploads\/2022\/08\/DM2022.08-2-300x177.jpg 300w, https:\/\/brcnews.net\/wp-content\/uploads\/2022\/08\/DM2022.08-2-768x454.jpg 768w\" sizes=\"(max-width: 1000px) 100vw, 1000px\" \/><\/a><figcaption>Im Training: Fahrer der Klasse Tourewagen Sport<\/figcaption><\/figure><\/div>\n\n\n\n<div class=\"wp-block-image\"><figure class=\"aligncenter size-large is-resized\"><a href=\"https:\/\/brcnews.net\/wp-content\/uploads\/2022\/08\/DM2022.09-scaled.jpg\"><img loading=\"lazy\" src=\"https:\/\/brcnews.net\/wp-content\/uploads\/2022\/08\/DM2022.09-1024x500.jpg\" alt=\"\" class=\"wp-image-22619 colorbox-22591\" width=\"504\" height=\"246\" srcset=\"https:\/\/brcnews.net\/wp-content\/uploads\/2022\/08\/DM2022.09-1024x500.jpg 1024w, https:\/\/brcnews.net\/wp-content\/uploads\/2022\/08\/DM2022.09-300x147.jpg 300w, https:\/\/brcnews.net\/wp-content\/uploads\/2022\/08\/DM2022.09-768x375.jpg 768w, https:\/\/brcnews.net\/wp-content\/uploads\/2022\/08\/DM2022.09-1536x751.jpg 1536w, https:\/\/brcnews.net\/wp-content\/uploads\/2022\/08\/DM2022.09-2048x1001.jpg 2048w\" sizes=\"(max-width: 504px) 100vw, 504px\" \/><\/a><figcaption>Warten auf das Startzeichen<\/figcaption><\/figure><\/div>\n\n\n\n<p>Die besten Trainingszeiten fuhren: Christopher Krapp (Modified), Mach M\u00e4chler (Sport), Jan Ratheisky (Formel), S\u00f6ren Sparbier (Fronti), Christian L\u00fctjen (Hobby) und Sascha Knodel (Fun)<\/p>\n\n\n\n<hr class=\"wp-block-separator\"\/>\n\n\n\n<p><strong><span class=\"has-inline-color has-green-color\">Zweite Meldung: Samstag 6. August 2022, 9:50 Uhr<\/span><\/strong><\/p>\n\n\n\n<h3>Ein R\u00fcckblick auf das Training am Freitag<\/h3>\n\n\n\n<div class=\"wp-block-image\"><figure class=\"aligncenter size-full\"><a href=\"https:\/\/brcnews.net\/wp-content\/uploads\/2022\/08\/Training-Freitag.jpg\"><img loading=\"lazy\" width=\"549\" height=\"489\" src=\"https:\/\/brcnews.net\/wp-content\/uploads\/2022\/08\/Training-Freitag.jpg\" alt=\"\" class=\"wp-image-22605 colorbox-22591\" srcset=\"https:\/\/brcnews.net\/wp-content\/uploads\/2022\/08\/Training-Freitag.jpg 549w, https:\/\/brcnews.net\/wp-content\/uploads\/2022\/08\/Training-Freitag-300x267.jpg 300w\" sizes=\"(max-width: 549px) 100vw, 549px\" \/><\/a><\/figure><\/div>\n\n\n\n<p>Die Deutschen Meisterschaften Tourenwagen und Formel Elektro begannen gestern mit mehreren Traingsdurchg\u00e4ngen. Geplant waren zehn \u2013 gefahren wurden letztendlich sechs, weil es in der Nacht von Donnerstag auf Freitag stark geregnet hatte und die Strecke am Morgen noch nass war. In die Wertung kommen jeweils die drei schnellsten zusammenh\u00e4ngenden Runden. <\/p>\n\n\n\n<p>Die Zeiten der einzelnen Klassen sind stark unterschiedlich. Drei zusammenh\u00e4ngende Runden in unter einer Minuten schaffen nur die Fahrer in den beiden Tourenwagen-Klassen Modified und Sport.<\/p>\n\n\n\n<hr class=\"wp-block-separator\"\/>\n\n\n\n<p> <strong><span class=\"has-inline-color has-green-color\">Erste Meldung: Samstag 6. August 2022, 9:40 Uhr<\/span><\/strong> <\/p>\n\n\n\n<h3>Guten Morgen<\/h3>\n\n\n\n<div class=\"wp-block-image\"><figure class=\"aligncenter size-full\"><a href=\"https:\/\/brcnews.net\/wp-content\/uploads\/2022\/08\/DM2022.04.jpg\"><img loading=\"lazy\" width=\"1000\" height=\"606\" src=\"https:\/\/brcnews.net\/wp-content\/uploads\/2022\/08\/DM2022.04.jpg\" alt=\"\" class=\"wp-image-22608 colorbox-22591\" srcset=\"https:\/\/brcnews.net\/wp-content\/uploads\/2022\/08\/DM2022.04.jpg 1000w, https:\/\/brcnews.net\/wp-content\/uploads\/2022\/08\/DM2022.04-300x182.jpg 300w, https:\/\/brcnews.net\/wp-content\/uploads\/2022\/08\/DM2022.04-768x465.jpg 768w\" sizes=\"(max-width: 1000px) 100vw, 1000px\" \/><\/a><figcaption>Geben letzte Instruktionen: Thomas Kohmann vom DMC und Rennleiter Bruno Czernik<\/figcaption><\/figure><\/div>\n\n\n\n<p>Um 9:30 Uhr hat Rennleiter Bruno Czernik den ersten von zwei freien Trainingsdurchg\u00e4ngen gestartet. Als erstes gingen die Formelfahrer an den Start.<\/p>\n\n\n\n<p>Gegen 13:00 Uhr beginnt ein kontrolliertes Training, dessen Ergebnis \u00fcber die Einteilung in die Vorlaufgruppen entscheidet. Danach stehen noch drei Qualikationdurchg\u00e4nge auf dem Programm.<\/p>\n\n\n\n<div class=\"wp-block-image\"><figure class=\"aligncenter size-full\"><a href=\"https:\/\/brcnews.net\/wp-content\/uploads\/2022\/08\/DM2022.06.jpg\"><img loading=\"lazy\" width=\"1000\" height=\"546\" src=\"https:\/\/brcnews.net\/wp-content\/uploads\/2022\/08\/DM2022.06.jpg\" alt=\"\" class=\"wp-image-22609 colorbox-22591\" srcset=\"https:\/\/brcnews.net\/wp-content\/uploads\/2022\/08\/DM2022.06.jpg 1000w, https:\/\/brcnews.net\/wp-content\/uploads\/2022\/08\/DM2022.06-300x164.jpg 300w, https:\/\/brcnews.net\/wp-content\/uploads\/2022\/08\/DM2022.06-768x419.jpg 768w\" sizes=\"(max-width: 1000px) 100vw, 1000px\" \/><\/a><figcaption>Fahrerbesprechung vor dem ersten Trainingslauf<\/figcaption><\/figure><\/div>\n\n\n\n<p>Zuvor gab es noch die obligatorische Fahrerbesprechung, in der Rennleiter Bruno Czernik, und Thomas Kohmann vom DMC die Fahrerinnen und Fahrer \u00fcber den Ablauf der Veranstaltung informierten. Als Zeitnehmer fungieren Uwe Baldes und Hugo Keller.<\/p>\n\n\n\n<hr class=\"wp-block-separator\"\/>\n\n\n\n<div class=\"wp-block-image\"><figure class=\"aligncenter size-full\"><a href=\"https:\/\/brcnews.net\/wp-content\/uploads\/2016\/08\/tischhusse3x.jpg\"><img loading=\"lazy\" width=\"750\" height=\"217\" src=\"https:\/\/brcnews.net\/wp-content\/uploads\/2016\/08\/tischhusse3x.jpg\" alt=\"\" class=\"wp-image-13505 colorbox-22591\" srcset=\"https:\/\/brcnews.net\/wp-content\/uploads\/2016\/08\/tischhusse3x.jpg 750w, https:\/\/brcnews.net\/wp-content\/uploads\/2016\/08\/tischhusse3x-300x87.jpg 300w\" sizes=\"(max-width: 750px) 100vw, 750px\" \/><\/a><\/figure><\/div>\n\n\n\n<p><strong>Der Bericht wird gesponsert vom Deutschen Minicar Club<\/strong><\/p>\n<div class=\"twoclick_social_bookmarks_post_22591 social_share_privacy clearfix 1.6.4 locale-de_DE sprite-de_DE\"><\/div><div class=\"twoclick-js\"><script type=\"text\/javascript\">\/* <![CDATA[ *\/\njQuery(document).ready(function($){if($('.twoclick_social_bookmarks_post_22591')){$('.twoclick_social_bookmarks_post_22591').socialSharePrivacy({\"services\":{\"facebook\":{\"status\":\"on\",\"txt_info\":\"2 Klicks f\\u00fcr mehr Datenschutz: Erst wenn Sie hier klicken, wird der Button aktiv und Sie k\\u00f6nnen Ihre Empfehlung an Facebook senden. Schon beim Aktivieren werden Daten an Dritte \\u00fcbertragen - siehe <em>i<\\\/em>.\",\"perma_option\":\"off\",\"action\":\"recommend\",\"language\":\"de_DE\"},\"twitter\":{\"reply_to\":\"\",\"tweet_text\":\"%20Im%20RennTicker%3A%20Deutsche%20Meisterschaften%202022%20Tourenwagen%20und%20Formel%20%C2%BB%20BRCNEWS.NET%20...\",\"status\":\"on\",\"txt_info\":\"2 Klicks f\\u00fcr mehr Datenschutz: Erst wenn Sie hier klicken, wird der Button aktiv und Sie k\\u00f6nnen Ihre Empfehlung an Twitter senden. Schon beim Aktivieren werden Daten an Dritte \\u00fcbertragen - siehe <em>i<\\\/em>.\",\"perma_option\":\"off\",\"language\":\"de\",\"referrer_track\":\"\"},\"gplus\":{\"status\":\"on\",\"txt_info\":\"2 Klicks f\\u00fcr mehr Datenschutz: Erst wenn Sie hier klicken, wird der Button aktiv und Sie k\\u00f6nnen Ihre Empfehlung an Google+ senden. Schon beim Aktivieren werden Daten an Dritte \\u00fcbertragen - siehe <em>i<\\\/em>.\",\"perma_option\":\"off\",\"referrer_track\":\"\"}},\"txt_help\":\"Wenn Sie diese Felder durch einen Klick aktivieren, werden Informationen an Facebook, Twitter, Flattr, Xing, t3n, LinkedIn, Pinterest oder Google eventuell ins Ausland \\u00fcbertragen und unter Umst\\u00e4nden auch dort gespeichert. N\\u00e4heres erfahren Sie durch einen Klick auf das <em>i<\\\/em>.\",\"settings_perma\":\"Dauerhaft aktivieren und Daten\\u00fcber-tragung zustimmen:\",\"info_link\":\"http:\\\/\\\/www.heise.de\\\/ct\\\/artikel\\\/2-Klicks-fuer-mehr-Datenschutz-1333879.html\",\"uri\":\"https:\\\/\\\/brcnews.net\\\/?p=22591\",\"post_id\":22591,\"post_title_referrer_track\":\"Im+RennTicker%3A+Deutsche+Meisterschaften+2022+Tourenwagen+und+Formel\",\"display_infobox\":\"on\"});}});\n\/* ]]> *\/<\/script><\/div>","protected":false},"excerpt":{"rendered":"<p>28. Meldung: Sonntag 7. August 2022, 18:00 Uhr Die Siegerehrungen<\/p>\n","protected":false},"author":1,"featured_media":22604,"comment_status":"closed","ping_status":"open","sticky":false,"template":"","format":"standard","meta":[],"categories":[13],"tags":[53,47,213],"_links":{"self":[{"href":"https:\/\/brcnews.net\/index.php?rest_route=\/wp\/v2\/posts\/22591"}],"collection":[{"href":"https:\/\/brcnews.net\/index.php?rest_route=\/wp\/v2\/posts"}],"about":[{"href":"https:\/\/brcnews.net\/index.php?rest_route=\/wp\/v2\/types\/post"}],"author":[{"embeddable":true,"href":"https:\/\/brcnews.net\/index.php?rest_route=\/wp\/v2\/users\/1"}],"replies":[{"embeddable":true,"href":"https:\/\/brcnews.net\/index.php?rest_route=%2Fwp%2Fv2%2Fcomments&post=22591"}],"version-history":[{"count":49,"href":"https:\/\/brcnews.net\/index.php?rest_route=\/wp\/v2\/posts\/22591\/revisions"}],"predecessor-version":[{"id":22699,"href":"https:\/\/brcnews.net\/index.php?rest_route=\/wp\/v2\/posts\/22591\/revisions\/22699"}],"wp:featuredmedia":[{"embeddable":true,"href":"https:\/\/brcnews.net\/index.php?rest_route=\/wp\/v2\/media\/22604"}],"wp:attachment":[{"href":"https:\/\/brcnews.net\/index.php?rest_route=%2Fwp%2Fv2%2Fmedia&parent=22591"}],"wp:term":[{"taxonomy":"category","embeddable":true,"href":"https:\/\/brcnews.net\/index.php?rest_route=%2Fwp%2Fv2%2Fcategories&post=22591"},{"taxonomy":"post_tag","embeddable":true,"href":"https:\/\/brcnews.net\/index.php?rest_route=%2Fwp%2Fv2%2Ftags&post=22591"}],"curies":[{"name":"wp","href":"https:\/\/api.w.org\/{rel}","templated":true}]}}