{"id":22449,"date":"2020-08-30T08:35:59","date_gmt":"2020-08-30T06:35:59","guid":{"rendered":"https:\/\/brcnews.net\/?p=22449"},"modified":"2022-08-11T09:35:35","modified_gmt":"2022-08-11T07:35:35","slug":"offene-deutsche-meisterschaften-pro-10-beim-mcc-rhein-ahr","status":"publish","type":"post","link":"https:\/\/brcnews.net\/?p=22449","title":{"rendered":"Offene Deutsche Meisterschaften Pro 10 beim MCC Rhein-Ahr"},"content":{"rendered":"<p><span style=\"text-decoration: underline;\"><span style=\"color: #008000;\"><strong>13. Meldung: 16:45 Uhr<\/strong><\/span><\/span><\/p>\n\n\n<h4>Die Siegerehrung<\/h4>\n\n\n\n<figure class=\"wp-block-image size-large\"><img loading=\"lazy\" width=\"800\" height=\"302\" src=\"https:\/\/brcnews.net\/wp-content\/uploads\/2020\/08\/DMPro10Breisig.14.jpg\" alt=\"\" class=\"wp-image-22484 colorbox-22449\" srcset=\"https:\/\/brcnews.net\/wp-content\/uploads\/2020\/08\/DMPro10Breisig.14.jpg 800w, https:\/\/brcnews.net\/wp-content\/uploads\/2020\/08\/DMPro10Breisig.14-300x113.jpg 300w, https:\/\/brcnews.net\/wp-content\/uploads\/2020\/08\/DMPro10Breisig.14-768x290.jpg 768w\" sizes=\"(max-width: 800px) 100vw, 800px\" \/><figcaption>Siegerehrung Pro10 Expert. Auf dem Podium (von links): Tobias Weist (Platz zwei), Tim Altmann (Platz eins) und Andreas Dick (Platz drei)<\/figcaption><\/figure>\n\n\n\n<figure class=\"wp-block-image size-large\"><img loading=\"lazy\" width=\"800\" height=\"287\" src=\"https:\/\/brcnews.net\/wp-content\/uploads\/2020\/08\/DMPro10Breisig.13.jpg\" alt=\"\" class=\"wp-image-22486 colorbox-22449\" srcset=\"https:\/\/brcnews.net\/wp-content\/uploads\/2020\/08\/DMPro10Breisig.13.jpg 800w, https:\/\/brcnews.net\/wp-content\/uploads\/2020\/08\/DMPro10Breisig.13-300x108.jpg 300w, https:\/\/brcnews.net\/wp-content\/uploads\/2020\/08\/DMPro10Breisig.13-768x276.jpg 768w\" sizes=\"(max-width: 800px) 100vw, 800px\" \/><figcaption>Siegerehrung Pro10 Sport. Auf dem Podium (von links): Max Johenneken (Platz zwei), Timo Schad (Platz eins) und Mathijs Hermens (Platz drei)<\/figcaption><\/figure>\n\n\n\n<figure class=\"wp-block-image size-large\"><img loading=\"lazy\" width=\"800\" height=\"341\" src=\"https:\/\/brcnews.net\/wp-content\/uploads\/2020\/08\/DMPro10Breisig.15.jpg\" alt=\"\" class=\"wp-image-22487 colorbox-22449\" srcset=\"https:\/\/brcnews.net\/wp-content\/uploads\/2020\/08\/DMPro10Breisig.15.jpg 800w, https:\/\/brcnews.net\/wp-content\/uploads\/2020\/08\/DMPro10Breisig.15-300x128.jpg 300w, https:\/\/brcnews.net\/wp-content\/uploads\/2020\/08\/DMPro10Breisig.15-768x327.jpg 768w\" sizes=\"(max-width: 800px) 100vw, 800px\" \/><figcaption>Erfolgreiche Nachwuchsfahrer (von links): Florian K\u00f6lsch (Juniorenmeister Pro10 Sport, Josephine Klein (Vizejuniorenmeisterin Pro10 Sport) und Philipp Lischke (Jugendmeister Pro10 Sport)<\/figcaption><\/figure>\n\n\n\n<!--more-->\n\n\n\n<hr class=\"wp-block-separator\"\/>\n\n\n<p><span style=\"text-decoration: underline;\"><span style=\"color: #008000;\"><strong>Zw\u00f6lfte Meldung: 15:45 Uhr<\/strong><\/span><\/span><\/p>\n\n\n<h4> Alle Finale gefahren <\/h4>\n\n\n\n<p>Alle Finale sind gefahren.\nMit seinem Sieg im dritten Finallauf Pro10 Sport sicherte sich Max Johenneken\nden zweiten Platz hinter Timo Schad. Den dritten Platz auf dem Podium holte\nsich Mathijs Hermens. Dahinter folgen Joachim Behnken und Sascha Lennartz.<\/p>\n\n\n\n<p>Der Sieg von Tobias Weist im\ndritten Finallauf Pro 10 Expert brachte ihm schlie\u00dflich noch den zweiten Platz\nauf dem Podium ein. Andreas Dick wurde Gesamtdritter. Die Pl\u00e4tze vier und f\u00fcnf\nbelegen Dirk Eisebusch und Kai Altmann.<\/p>\n\n\n\n<p>Das B-Finale Pro 10 Sport\ngewann Florian K\u00f6lsch vor Klaus Kolbe und Josephine Klein.<\/p>\n\n\n<hr class=\"wp-block-separator\">\n<p><!-- \/wp:separator --><\/p>\n<p><span style=\"text-decoration: underline;\"><span style=\"color: #008000;\"><strong>Elfte Meldung: 15:00 Uhr<\/strong><\/span><\/span><\/p>\n<p><!-- wp:heading {\"level\":4} --><\/p>\n<h4>Siebter Titel f\u00fcr Tim Altmann <\/h4>\n<p><!-- \/wp:heading --><\/p>\n<p><!-- wp:image {\"id\":22479,\"sizeSlug\":\"large\"} --><\/p>\n<figure class=\"wp-block-image size-large\"><img loading=\"lazy\" width=\"800\" height=\"529\" src=\"https:\/\/brcnews.net\/wp-content\/uploads\/2020\/08\/DMPro10Breisig.11.jpg\" alt=\"\" class=\"wp-image-22479 colorbox-22449\" srcset=\"https:\/\/brcnews.net\/wp-content\/uploads\/2020\/08\/DMPro10Breisig.11.jpg 800w, https:\/\/brcnews.net\/wp-content\/uploads\/2020\/08\/DMPro10Breisig.11-300x198.jpg 300w, https:\/\/brcnews.net\/wp-content\/uploads\/2020\/08\/DMPro10Breisig.11-768x508.jpg 768w\" sizes=\"(max-width: 800px) 100vw, 800px\" \/><figcaption>Tim Altmann<\/figcaption><\/figure>\n<p><!-- \/wp:image --><\/p>\n<p><!-- wp:paragraph --><\/p>\n<p>Tim Altmann sicherte sich<br>\nmit dem zweiten Sieg im zweiten Finale seinen siebten Meistertitel in der<br>\nKlasse Pro10 Expert. Tobias Weist schied an Platz zwei liegend nach einer<br>\nKollision mit einem Helfer in der f\u00fcnften Runde aus. Zweiter wurde \u2013 wie schon<br>\nim ersten Finale Andreas Dick.<\/p>\n<p><!-- \/wp:paragraph --><\/p>\n<p><!-- wp:separator --><\/p>\n<hr class=\"wp-block-separator\">\n<p><!-- \/wp:separator --><\/p>\n<p><span style=\"text-decoration: underline;\"><span style=\"color: #008000;\"><strong>Zehnte Meldung: 14:40 Uhr<\/strong><\/span><\/span><\/p>\n<p><!-- wp:heading {\"level\":4} --><\/p>\n<h4>Timo Schad holt sich Meistertitel  <\/h4>\n<p><!-- \/wp:heading --><\/p>\n<p><!-- wp:image {\"align\":\"center\",\"id\":22481,\"width\":424,\"height\":328,\"sizeSlug\":\"large\"} --><\/p>\n<div class=\"wp-block-image\">\n<figure class=\"aligncenter size-large is-resized\"><img loading=\"lazy\" src=\"https:\/\/brcnews.net\/wp-content\/uploads\/2020\/08\/DMPro10Breisig.10.jpg\" alt=\"\" class=\"wp-image-22481 colorbox-22449\" width=\"424\" height=\"328\" srcset=\"https:\/\/brcnews.net\/wp-content\/uploads\/2020\/08\/DMPro10Breisig.10.jpg 800w, https:\/\/brcnews.net\/wp-content\/uploads\/2020\/08\/DMPro10Breisig.10-300x233.jpg 300w, https:\/\/brcnews.net\/wp-content\/uploads\/2020\/08\/DMPro10Breisig.10-768x596.jpg 768w\" sizes=\"(max-width: 424px) 100vw, 424px\" \/><p><\/p>\n<figcaption>Timo Schad<\/figcaption>\n<\/figure>\n<\/div>\n<p><!-- \/wp:image --><\/p>\n<p><!-- wp:paragraph --><\/p>\n<p>Timo Schad hat sich mit dem<br>\nzweiten Sieg im zweiten Finallauf den Titel in der Klasse Pro10 Sport<br>\ngesichert. Von&nbsp; Startplatz drei ins<br>\nRennen gegangen lag er bereits in der zweiten Runde auf Platz zwei. In der<br>\nsiebten Runde \u00fcberholte er dann den F\u00fchrenden Max Johenneken. Beim \u00dcberqueren<br>\nder Zielline hatte er auf den Zweiten, Max Johenneken einen Vorsprung von 1,3<br>\nSekunden. Dritter in diesem Lauf wurde Mathijs Hermens.<\/p>\n<p><!-- \/wp:paragraph --><\/p>\n<p><!-- wp:separator --><\/p>\n<hr class=\"wp-block-separator\">\n<!-- \/wp:separator --><p><\/p>\n<p><span style=\"text-decoration: underline;\"><span style=\"color: #008000;\"><strong>Neunte&nbsp; Meldung: 14:30 Uhr<\/strong><\/span><\/span><\/p>\n<p><!-- wp:heading {\"level\":4} --><\/p>\n<h4>Josephine Klein \u2013 die einzige Fahrerin  <\/h4>\n<p><!-- \/wp:heading --><\/p>\n<p><!-- wp:image {\"id\":22474,\"sizeSlug\":\"large\"} --><\/p>\n<figure class=\"wp-block-image size-large\"><img loading=\"lazy\" width=\"800\" height=\"697\" src=\"https:\/\/brcnews.net\/wp-content\/uploads\/2020\/08\/DMPro10Breisig.09.jpg\" alt=\"\" class=\"wp-image-22474 colorbox-22449\" srcset=\"https:\/\/brcnews.net\/wp-content\/uploads\/2020\/08\/DMPro10Breisig.09.jpg 800w, https:\/\/brcnews.net\/wp-content\/uploads\/2020\/08\/DMPro10Breisig.09-300x261.jpg 300w, https:\/\/brcnews.net\/wp-content\/uploads\/2020\/08\/DMPro10Breisig.09-768x669.jpg 768w\" sizes=\"(max-width: 800px) 100vw, 800px\" \/><p><\/p>\n<figcaption>Josephine Klein <\/figcaption>\n<\/figure>\n<p><!-- \/wp:image --><\/p>\n<p><!-- wp:paragraph --><\/p>\n<p>Josephine Klein ist die<br>\neinzige Fahrerin im Fahrerfeld dieser Offenen Deutschen Meisterschaften. Sie<br>\nist zw\u00f6lf Jahre alt. Pro10 in der Sportversion f\u00e4hrt sie seit rund drei Monaten.<br>\nEs ist deshalb auch ihre erste Deutsche Meisterschaft in der Klasse. <\/p>\n<p><!-- \/wp:paragraph --><\/p>\n<p><!-- wp:paragraph --><\/p>\n<p>Die junge RC-Car-Pilotin ist<br>\nMitglied im AMC Langenfeld, ein Verein, der \u00fcber eine eigene Offroad-Strecke<br>\nverf\u00fcgt. Kein Wunder, dass Pro10 nicht ihre eigentliche Rennklasse ist. Seit<br>\nrund vier Jahren f\u00e4hrt sie leidenschaftlich Buggy 2WD und Truck 2WD. Zum Hobby<br>\nkam sie \u00fcber ihren Vater Thorsten (46). Er ist in seiner Jugend RC-Car<br>\ngefahren, hat dann pausiert und vor f\u00fcnf, sechs Jahren den Weg zur\u00fcck in die<br>\nSzene gefunden.<\/p>\n<p><!-- \/wp:paragraph --><\/p>\n<p><!-- wp:paragraph --><\/p>\n<p>Josephine Klein hat auch<br>\nnoch ganz andere Hobbies. Sie singt im Chor und spielt Geige. Daneben betreibt<br>\nsie noch den asiatischen Kampfsport Kung Fu.<\/p>\n<p><!-- \/wp:paragraph --><\/p>\n<p><!-- wp:separator --><\/p>\n<hr class=\"wp-block-separator\">\n<!-- \/wp:separator --><p><\/p>\n<p><span style=\"text-decoration: underline;\"><span style=\"color: #008000;\"><strong>Achte&nbsp; Meldung: 13:50 Uhr<\/strong><\/span><\/span><\/p>\n<p><!-- wp:heading {\"level\":4} --><\/p>\n<h4>Erste Finalrunde gefahren<\/h4>\n<p><!-- \/wp:heading --><\/p>\n<p><!-- wp:image {\"id\":22472,\"sizeSlug\":\"large\"} --><\/p>\n<figure class=\"wp-block-image size-large\"><img loading=\"lazy\" width=\"1000\" height=\"479\" src=\"https:\/\/brcnews.net\/wp-content\/uploads\/2020\/08\/DMPro10Breisig.08.jpg\" alt=\"\" class=\"wp-image-22472 colorbox-22449\" srcset=\"https:\/\/brcnews.net\/wp-content\/uploads\/2020\/08\/DMPro10Breisig.08.jpg 1000w, https:\/\/brcnews.net\/wp-content\/uploads\/2020\/08\/DMPro10Breisig.08-300x144.jpg 300w, https:\/\/brcnews.net\/wp-content\/uploads\/2020\/08\/DMPro10Breisig.08-768x368.jpg 768w\" sizes=\"(max-width: 1000px) 100vw, 1000px\" \/><p><\/p>\n<figcaption>Die A-Finalisten Pro10 Wxpert auf dem Fahrerstand<\/figcaption>\n<\/figure>\n<p><!-- \/wp:image --><\/p>\n<p><!-- wp:paragraph --><\/p>\n<p>Die erste Finalrunde ist durch. Im A-Finale Pro10 Sport setzte sich Timo Schad vor Joachim Behnken und Sascha Lennartz durch. Max Johenneken, der von der Pole gestartet war, verlor in der achten Runde die F\u00fchrung an Timo Schad und wurde am Schluss Sechster.<\/p>\n<p><!-- \/wp:paragraph --><\/p>\n<p><!-- wp:paragraph --><\/p>\n<p>In Pro 10 Expert schaffte Tim Altmann einen Start-Ziel-Sieg. Runde um Runde zog er dem Feld davon. Tobias West, Kai Altmann und Andreas Dick k\u00e4mpften um Platz zwei. Kai Altmann fiel nach einem Fehler in der zehnten von 21 Runden auf Platz f\u00fcnf zur\u00fcck. Zwei Runden sp\u00e4ter verlor Tobias Weist nach einem \u00dcberschlag diesen Platz an Andreas Dick, der diesen Platz dann \u00fcber die Ziellinie rettete. Tobias Weist wurde Dritter.<\/p>\n<p><!-- \/wp:paragraph --><\/p>\n<p><!-- wp:separator --><\/p>\n<hr class=\"wp-block-separator\">\n<!-- \/wp:separator --><p><\/p>\n<p><span style=\"text-decoration: underline;\"><span style=\"color: #008000;\"><strong>Siebte&nbsp; Meldung: 13:20 Uhr<\/strong><\/span><\/span><\/p>\n<p><!-- wp:heading {\"level\":4} --><\/p>\n<h4>Die Rennstrecke &#8211; eine kurz Beschreibung <\/h4>\n<p><!-- \/wp:heading --><\/p>\n<p><!-- wp:paragraph --><\/p>\n<p>Exakt 254 Meter lang ist die Rennstrecke des MCC Rhein-Ahr im Industriegebiet Goldene Meile in Bad Breisig. Die Breite betr\u00e4gt zwischen vier und viereinhalb Meter. Die Gr\u00f6\u00dfe und die Lage in einem Industriegebiet machen sie ideal f\u00fcr RC-Car-Sport mit Verbrennerfahrzeugen, vor allem auch f\u00fcr Gro\u00dfmodelle im Ma\u00dfstab 1:5. L\u00e4rm ist hier kein Problem. Aber auch Elektrofahrer kommen hier auf ihre Kosten, wie zum Beispiel an diesem Wochenende die Fahrer der Offenen Deutschen Meisterschaften Pro10.<\/p>\n<p><!-- \/wp:paragraph --><\/p>\n<p><!-- wp:image {\"id\":22470,\"sizeSlug\":\"large\"} --><\/p>\n<figure class=\"wp-block-image size-large\"><img loading=\"lazy\" width=\"1000\" height=\"434\" src=\"https:\/\/brcnews.net\/wp-content\/uploads\/2020\/08\/DMPro10Breisig.07.jpg\" alt=\"\" class=\"wp-image-22470 colorbox-22449\" srcset=\"https:\/\/brcnews.net\/wp-content\/uploads\/2020\/08\/DMPro10Breisig.07.jpg 1000w, https:\/\/brcnews.net\/wp-content\/uploads\/2020\/08\/DMPro10Breisig.07-300x130.jpg 300w, https:\/\/brcnews.net\/wp-content\/uploads\/2020\/08\/DMPro10Breisig.07-768x333.jpg 768w\" sizes=\"(max-width: 1000px) 100vw, 1000px\" \/><\/figure>\n<p><!-- \/wp:image --><\/p>\n<p><!-- wp:paragraph --><\/p>\n<p>Gebaut wurde die Strecke im<br>\nJahr 2004. Ihr heutiges Aussehen erhielt sie im Jahr 2009. Viel Arbeit und viel<br>\nGeld haben die Mitglieder auch in den Ausbau des Vereinsheims gesteckt. Seit<br>\ndiesem Jahr verf\u00fcgt der MCC Rhein Ahr \u00fcber eine erh\u00f6hte Boxengasse. Die hat er<br>\nvom RCC D\u00fcren \u00fcbernommen, der zur Jahresmitte sein Gel\u00e4nde verlassen musste.<\/p>\n<p><!-- \/wp:paragraph --><\/p>\n<p><!-- wp:paragraph --><\/p>\n<p>Die Strecke ist technisch<br>\nanspruchsvoll. Sie hat sechs Links- und f\u00fcnf Rechtskurven. Die Bahn hat kaum<br>\nharte Begrenzungen. Sie gilt deshalb als \u201ematerialschonend\u201c.<\/p>\n<p><!-- \/wp:paragraph --><\/p>\n<p><!-- wp:paragraph --><\/p>\n<p>Das Fahrerlager fasst gut 80<br>\nFahrer. Auf dem Fahrerstand haben 12 Personen bequem Platz.<\/p>\n<p><!-- \/wp:paragraph --><\/p>\n<p><!-- wp:separator --><\/p>\n<hr class=\"wp-block-separator\">\n<!-- \/wp:separator --><p><\/p>\n<p><span style=\"text-decoration: underline;\"><strong><span style=\"color: #008000; text-decoration: underline;\">Sechste&nbsp; Meldung: 12:20 Uhr<\/span><\/strong><\/span><\/p>\n<p><!-- wp:heading {\"level\":4} --><\/p>\n<h4>Finalaufstellungen stehen fest <\/h4>\n<p><!-- \/wp:heading --><\/p>\n<p><!-- wp:image {\"id\":22466,\"sizeSlug\":\"large\"} --><\/p>\n<figure class=\"wp-block-image size-large\"><img loading=\"lazy\" width=\"800\" height=\"638\" src=\"https:\/\/brcnews.net\/wp-content\/uploads\/2020\/08\/DMPro10Breisig.05.jpg\" alt=\"\" class=\"wp-image-22466 colorbox-22449\" srcset=\"https:\/\/brcnews.net\/wp-content\/uploads\/2020\/08\/DMPro10Breisig.05.jpg 800w, https:\/\/brcnews.net\/wp-content\/uploads\/2020\/08\/DMPro10Breisig.05-300x239.jpg 300w, https:\/\/brcnews.net\/wp-content\/uploads\/2020\/08\/DMPro10Breisig.05-768x612.jpg 768w\" sizes=\"(max-width: 800px) 100vw, 800px\" \/><p><\/p>\n<figcaption>Kai und Tim Altmann geh\u00f6ren seit Jahren zu den besten Fahrern in der Klasse Pro10. Tim (rechts) startet in Pro Expert von der Pole<\/figcaption>\n<\/figure>\n<p><!-- \/wp:image --><\/p>\n<p><!-- wp:paragraph --><\/p>\n<p>Tim Altmann und Max Johenneken starten in ihren Klassen von der Poleposition. In Pro10 Expert r\u00fcckte Tobias Weist mit seinem dritten Vorlaufsieg auf Platz zwei vor. Kai Altmann rutschte auf Platz drei zur\u00fcck. Bis Platz f\u00fcnf folgen Andreas Dick und Christian Fischer.<\/p>\n<p><!-- \/wp:paragraph --><\/p>\n<p><!-- wp:image {\"id\":22468,\"sizeSlug\":\"large\"} --><\/p>\n<figure class=\"wp-block-image size-large\"><img loading=\"lazy\" width=\"800\" height=\"450\" src=\"https:\/\/brcnews.net\/wp-content\/uploads\/2020\/08\/DMPro10Breisig.06.jpg\" alt=\"\" class=\"wp-image-22468 colorbox-22449\" srcset=\"https:\/\/brcnews.net\/wp-content\/uploads\/2020\/08\/DMPro10Breisig.06.jpg 800w, https:\/\/brcnews.net\/wp-content\/uploads\/2020\/08\/DMPro10Breisig.06-300x169.jpg 300w, https:\/\/brcnews.net\/wp-content\/uploads\/2020\/08\/DMPro10Breisig.06-768x432.jpg 768w\" sizes=\"(max-width: 800px) 100vw, 800px\" \/><p><\/p>\n<figcaption>Max Johenneken geht in Pro10 Sport von Startplatz eins in die Finalla\u00e4ufe<\/figcaption>\n<\/figure>\n<p><!-- \/wp:image --><\/p>\n<p><!-- wp:paragraph --><\/p>\n<p>In Pro10 Sport r\u00fcckte Sascha<br>\nLennartz mit seinem Sieg im f\u00fcnften Vorlauf auf Platz zwei vor. Er fuhr mit 26<br>\nRunden in 7.01,622 Minuten den schnellsten Vorlauf in dieser Klasse. Timo<br>\nSchad, Mathijs Hermens und Joachim Behnken starten von den Pl\u00e4tzen drei bis<br>\nf\u00fcnf. <\/p>\n<p><!-- \/wp:paragraph --><\/p>\n<p><!-- wp:separator --><\/p>\n<hr class=\"wp-block-separator\">\n<!-- \/wp:separator --><p><\/p>\n<p><strong><span style=\"text-decoration: underline;\"><span style=\"color: #008000; text-decoration: underline;\">F\u00fcnfte&nbsp; Meldung: 11:20 Uhr<\/span><\/span><\/strong><\/p>\n<p><!-- wp:heading {\"level\":4} --><\/p>\n<h4>Tim Altmann und Max Johenneken weiter vorn <\/h4>\n<p><!-- \/wp:heading --><\/p>\n<p><!-- wp:paragraph --><\/p>\n<p>Tim Altmann und Max<br>\nJohenneken stehen in ihren Klassen weiter an der Spitze. In Pro 10 expert ist<br>\njetzt Kai Altmann wieder Zweiter. Er war jetzt schnellster Fahrer im vierten<br>\nVorlauf. Dritter ist Tobias Weist. Die drei sind die einzigen Fahrer die bisher<br>\nin f\u00fcnf Minuten plus \u00dcberzeit die 21-Runden-Marke knackten.<\/p>\n<p><!-- \/wp:paragraph --><\/p>\n<p><!-- wp:paragraph --><\/p>\n<p>In Pro10 Sport hat sich der Niederl\u00e4nder Mathijs Hermens mit einem Sieg im vierten Vorlauf auf Platz drei vorgefahren. Timo Schad bleibt Zweiter.<\/p>\n<p><!-- \/wp:paragraph --><\/p>\n<p><!-- wp:paragraph --><\/p>\n<p>Jetzt gleich beginnt der f\u00fcnfte und letzte Vorlauf.<\/p>\n<p><!-- \/wp:paragraph --><\/p>\n<p><!-- wp:separator --><\/p>\n<hr class=\"wp-block-separator\">\n<!-- \/wp:separator --><p><\/p>\n<p><strong><span style=\"text-decoration: underline;\"><span style=\"color: #008000; text-decoration: underline;\">Vierte&nbsp; Meldung: 10:45 Uhr<\/span><\/span><\/strong><\/p>\n<p><!-- wp:heading {\"level\":4} --><\/p>\n<h4>Gegen\u00fcberstellung: Pro 10  und Pro10 Sport  <\/h4>\n<p><!-- \/wp:heading --><\/p>\n<p><!-- wp:paragraph --><\/p>\n<p>Die Fahrzeuge der beiden Klassen unterscheiden sich im Wesentlichsten durch die Motoren und die Einstellung der Regler. <\/p>\n<p><!-- \/wp:paragraph --><\/p>\n<p><!-- wp:image {\"id\":22462,\"sizeSlug\":\"large\"} --><\/p>\n<figure class=\"wp-block-image size-large\"><img loading=\"lazy\" width=\"800\" height=\"477\" src=\"https:\/\/brcnews.net\/wp-content\/uploads\/2020\/08\/DMPro10Breisig.03.jpg\" alt=\"\" class=\"wp-image-22462 colorbox-22449\" srcset=\"https:\/\/brcnews.net\/wp-content\/uploads\/2020\/08\/DMPro10Breisig.03.jpg 800w, https:\/\/brcnews.net\/wp-content\/uploads\/2020\/08\/DMPro10Breisig.03-300x179.jpg 300w, https:\/\/brcnews.net\/wp-content\/uploads\/2020\/08\/DMPro10Breisig.03-768x458.jpg 768w\" sizes=\"(max-width: 800px) 100vw, 800px\" \/><p><\/p>\n<figcaption> Der Pro10 Sport von Philipp Lischke. Konstruiert wurde er von Jan Dietmar  <\/figcaption>\n<\/figure>\n<p><!-- \/wp:image --><\/p>\n<p><!-- wp:paragraph --><\/p>\n<p>In Pro10 Sport sind Motoren<br>\nbis maximal 10,5 Turns zugelassen. Sie werden von Reglern im Null-Boost-Modus<br>\nangesteuert. Ihr Minimalgewicht liegt bei 1150 Gramm. Wegen des geringeren<br>\nStromverbrauchs gehen die Vor- und Finall\u00e4ufe \u00fcber sieben Minuten. Die<br>\nRundenzeiten der st\u00e4rkeren Fahrer liegen im Schnitt bei rund 16,5 Sekunden.<\/p>\n<p><!-- \/wp:paragraph --><\/p>\n<p><!-- wp:image {\"id\":22461,\"sizeSlug\":\"large\"} --><\/p>\n<figure class=\"wp-block-image size-large\"><img loading=\"lazy\" width=\"800\" height=\"430\" src=\"https:\/\/brcnews.net\/wp-content\/uploads\/2020\/08\/DMPro10Breisig.04.jpg\" alt=\"\" class=\"wp-image-22461 colorbox-22449\" srcset=\"https:\/\/brcnews.net\/wp-content\/uploads\/2020\/08\/DMPro10Breisig.04.jpg 800w, https:\/\/brcnews.net\/wp-content\/uploads\/2020\/08\/DMPro10Breisig.04-300x161.jpg 300w, https:\/\/brcnews.net\/wp-content\/uploads\/2020\/08\/DMPro10Breisig.04-768x413.jpg 768w\" sizes=\"(max-width: 800px) 100vw, 800px\" \/><p><\/p>\n<figcaption>Der Pro 10 von Tobias Weist.  Es ist eine Eigenkonstruktion<\/figcaption>\n<\/figure>\n<p><!-- \/wp:image --><\/p>\n<p><!-- wp:paragraph --><\/p>\n<p>In Pro 10 ist alles offen. Die Fahrer setzen Motoren bis maximal 4,5 Turns ein. Die Reglereinstellungen sind ebenfalls freigegeben. Die Laufdauer betr\u00e4gt f\u00fcnf Minuten. Die Rundenzeiten sind deutlich k\u00fcrzer. Tim Altmann fuhr in seinem schnellsten Vorlauf eine durchschnittliche Rundenzeit von 14,512 Sekunden.<\/p>\n<p><!-- \/wp:paragraph --><\/p>\n<p><!-- wp:separator --><\/p>\n<hr class=\"wp-block-separator\">\n<!-- \/wp:separator --><p><\/p>\n<p><strong><span style=\"text-decoration: underline;\"><span style=\"color: #008000; text-decoration: underline;\">Dritte&nbsp; Meldung: 10:15 Uhr<\/span><\/span><\/strong><\/p>\n<p><!-- wp:heading {\"level\":4} --><\/p>\n<h4>Nach Vorlauf drei: Tim Altmann und Max Joenneken weiter  vorn   <\/h4>\n<p><!-- \/wp:heading --><\/p>\n<p><!-- wp:image {\"id\":22458,\"sizeSlug\":\"large\"} --><\/p>\n<figure class=\"wp-block-image size-large\"><img loading=\"lazy\" width=\"1024\" height=\"339\" src=\"https:\/\/brcnews.net\/wp-content\/uploads\/2020\/08\/DMPro10Breisig.02-1024x339.jpg\" alt=\"\" class=\"wp-image-22458 colorbox-22449\" srcset=\"https:\/\/brcnews.net\/wp-content\/uploads\/2020\/08\/DMPro10Breisig.02-1024x339.jpg 1024w, https:\/\/brcnews.net\/wp-content\/uploads\/2020\/08\/DMPro10Breisig.02-300x99.jpg 300w, https:\/\/brcnews.net\/wp-content\/uploads\/2020\/08\/DMPro10Breisig.02-768x254.jpg 768w, https:\/\/brcnews.net\/wp-content\/uploads\/2020\/08\/DMPro10Breisig.02-1536x508.jpg 1536w, https:\/\/brcnews.net\/wp-content\/uploads\/2020\/08\/DMPro10Breisig.02-2048x678.jpg 2048w\" sizes=\"(max-width: 1024px) 100vw, 1024px\" \/><p><\/p>\n<figcaption>Vorlaufstart Gruppe 3<\/figcaption>\n<\/figure>\n<p><!-- \/wp:image --><\/p>\n<p><!-- wp:paragraph --><\/p>\n<p>Nach dem dritten Vorlauf<br>\nf\u00fchrt in Pro10 Expert weiter Tim Altmann. Er fuhr den bisher schnellsten Vorlauf<br>\nmit 21 Runden in 5:04,757 Minuten. Auf Platz zwei folgt Tobias Weist. Dritter<br>\nist Kai Altmann.<\/p>\n<p><!-- \/wp:paragraph --><\/p>\n<p><!-- wp:paragraph --><\/p>\n<p>In Pro10 hat weiter Max<br>\nJohenneken die Nase vorn. Timo Schad und Joachim Behnken. <\/p>\n<p><!-- \/wp:paragraph --><\/p>\n<p><!-- wp:separator --><\/p>\n<hr class=\"wp-block-separator\">\n<!-- \/wp:separator --><p><\/p>\n<p><strong><span style=\"text-decoration: underline;\"><span style=\"color: #008000; text-decoration: underline;\">Zweite&nbsp; Meldung: 9:15 Uhr<\/span><\/span><\/strong><\/p>\n<p><!-- wp:heading {\"level\":4} --><\/p>\n<h4>Vorl\u00e4ufe gehen weiter <\/h4>\n<p><!-- \/wp:heading --><\/p>\n<p><!-- wp:image {\"id\":22455,\"sizeSlug\":\"large\"} --><\/p>\n<figure class=\"wp-block-image size-large\"><img loading=\"lazy\" width=\"800\" height=\"356\" src=\"https:\/\/brcnews.net\/wp-content\/uploads\/2020\/08\/DMPro10Breisig.01.jpg\" alt=\"\" class=\"wp-image-22455 colorbox-22449\" srcset=\"https:\/\/brcnews.net\/wp-content\/uploads\/2020\/08\/DMPro10Breisig.01.jpg 800w, https:\/\/brcnews.net\/wp-content\/uploads\/2020\/08\/DMPro10Breisig.01-300x134.jpg 300w, https:\/\/brcnews.net\/wp-content\/uploads\/2020\/08\/DMPro10Breisig.01-768x342.jpg 768w\" sizes=\"(max-width: 800px) 100vw, 800px\" \/><p><\/p>\n<figcaption>Fahrerbesprechung:   Rennleiter Reinhard Treutler stellt kurz die wesentlichen Punkte f\u00fcr den Rennablauf dar<\/figcaption>\n<\/figure>\n<p><!-- \/wp:image --><\/p>\n<p><!-- wp:paragraph --><\/p>\n<p>Ab 9:30 Uhr sind die Fahrer der Offenen Deutschen Meisterschaften Pro10 wieder im Vorlauf-Modus. Die Vorl\u00e4ufe drei bis f\u00fcnf stehen heute Morgen an. Von den insgesamt f\u00fcnf Vorl\u00e4ufgen werden die zwei besten nach Pzbkten gewertet.<\/p>\n<p><!-- \/wp:paragraph --><\/p>\n<p><!-- wp:paragraph --><\/p>\n<p>Den schnellsten Vorlauf fuhr gestern Tim Altmann in Pro10 Expert.. Er legte 21 Runden in 5:10,213 Minuten zur\u00fcck. Schnellster Fahrer in Pro10 Sport war Max Johenneken mit 26 Runden in 7:08,252 Minuten.<\/p>\n<p><!-- \/wp:paragraph --><\/p>\n<p><!-- wp:separator --><\/p>\n<hr class=\"wp-block-separator\">\n<!-- \/wp:separator --><p><\/p>\n<p><strong><span style=\"text-decoration: underline;\"><span style=\"color: #008000; text-decoration: underline;\">Erste Meldung: 8:30 Uhr<\/span><\/span><\/strong><\/p>\n<p><!-- wp:heading {\"level\":4} --><\/p>\n<h4>Guten Morgen <\/h4>\n<p><!-- \/wp:heading --><\/p>\n<p><!-- wp:paragraph --><\/p>\n<p>Noch ist es ruhig an der Strecke. Die Fahrer trudeln langsam ein. Die Vorl\u00e4ufe gehen erst um 9:30 Uhr weiter. <\/p>\n<p><!-- \/wp:paragraph --><\/p>\n<p><!-- wp:paragraph --><\/p>\n<p>Schnellster im Training war gestern in Pro10 Expert Tim Altmann. Er fuhr die schnellsten drei zusammenh\u00e4ngenden Runden in 43,263 Sekunden. Er war damit knapp vier Zehntelsekunden schneller als sein Bruder Kai Altmann auf Platz zwei. Drittschnellster war Andreas Dick (44,647 Sekunden).<\/p>\n<p><!-- \/wp:paragraph --><\/p>\n<p><!-- wp:paragraph --><\/p>\n<p>Sascha Lennartz war Trainingsschnellster in Pro10 Sport. F\u00fcr<br>\ndie schnellsten drei zusammenh\u00e4ngenden Runden brauchte er 48,634 Sekunden. Dahinter<br>\nfolgen Timo Schad und Joachim Behnken.<\/p>\n<p><!-- \/wp:paragraph --><\/p>\n<p><!-- wp:separator --><\/p>\n<hr class=\"wp-block-separator\">\n<!-- \/wp:separator --><p><\/p>\n<p><!-- wp:image {\"id\":13505,\"sizeSlug\":\"large\"} --><\/p>\n<figure class=\"wp-block-image size-large\"><img loading=\"lazy\" width=\"750\" height=\"217\" src=\"https:\/\/brcnews.net\/wp-content\/uploads\/2016\/08\/tischhusse3x.jpg\" alt=\"\" class=\"wp-image-13505 colorbox-22449\" srcset=\"https:\/\/brcnews.net\/wp-content\/uploads\/2016\/08\/tischhusse3x.jpg 750w, https:\/\/brcnews.net\/wp-content\/uploads\/2016\/08\/tischhusse3x-300x87.jpg 300w\" sizes=\"(max-width: 750px) 100vw, 750px\" \/><\/figure>\n<p><!-- \/wp:image --><\/p>\n<p><!-- wp:paragraph --><\/p>\n<p>Der Bericht wird vom Deutschen Minicar Club (DMC) gesponsert<\/p>\n<p><!-- \/wp:paragraph --><\/p><div class=\"twoclick_social_bookmarks_post_22449 social_share_privacy clearfix 1.6.4 locale-de_DE sprite-de_DE\"><\/div><div class=\"twoclick-js\"><script type=\"text\/javascript\">\/* <![CDATA[ *\/\njQuery(document).ready(function($){if($('.twoclick_social_bookmarks_post_22449')){$('.twoclick_social_bookmarks_post_22449').socialSharePrivacy({\"services\":{\"facebook\":{\"status\":\"on\",\"txt_info\":\"2 Klicks f\\u00fcr mehr Datenschutz: Erst wenn Sie hier klicken, wird der Button aktiv und Sie k\\u00f6nnen Ihre Empfehlung an Facebook senden. Schon beim Aktivieren werden Daten an Dritte \\u00fcbertragen - siehe <em>i<\\\/em>.\",\"perma_option\":\"off\",\"action\":\"recommend\",\"language\":\"de_DE\"},\"twitter\":{\"reply_to\":\"\",\"tweet_text\":\"Offene%20Deutsche%20Meisterschaften%20Pro%2010%20beim%20MCC%20Rhein-Ahr%20%C2%BB%20BRCNEWS.NET\",\"status\":\"on\",\"txt_info\":\"2 Klicks f\\u00fcr mehr Datenschutz: Erst wenn Sie hier klicken, wird der Button aktiv und Sie k\\u00f6nnen Ihre Empfehlung an Twitter senden. Schon beim Aktivieren werden Daten an Dritte \\u00fcbertragen - siehe <em>i<\\\/em>.\",\"perma_option\":\"off\",\"language\":\"de\",\"referrer_track\":\"\"},\"gplus\":{\"status\":\"on\",\"txt_info\":\"2 Klicks f\\u00fcr mehr Datenschutz: Erst wenn Sie hier klicken, wird der Button aktiv und Sie k\\u00f6nnen Ihre Empfehlung an Google+ senden. Schon beim Aktivieren werden Daten an Dritte \\u00fcbertragen - siehe <em>i<\\\/em>.\",\"perma_option\":\"off\",\"referrer_track\":\"\"}},\"txt_help\":\"Wenn Sie diese Felder durch einen Klick aktivieren, werden Informationen an Facebook, Twitter, Flattr, Xing, t3n, LinkedIn, Pinterest oder Google eventuell ins Ausland \\u00fcbertragen und unter Umst\\u00e4nden auch dort gespeichert. N\\u00e4heres erfahren Sie durch einen Klick auf das <em>i<\\\/em>.\",\"settings_perma\":\"Dauerhaft aktivieren und Daten\\u00fcber-tragung zustimmen:\",\"info_link\":\"http:\\\/\\\/www.heise.de\\\/ct\\\/artikel\\\/2-Klicks-fuer-mehr-Datenschutz-1333879.html\",\"uri\":\"https:\\\/\\\/brcnews.net\\\/?p=22449\",\"post_id\":22449,\"post_title_referrer_track\":\"Offene+Deutsche+Meisterschaften+Pro+10+beim+MCC+Rhein-Ahr\",\"display_infobox\":\"on\"});}});\n\/* ]]> *\/<\/script><\/div>","protected":false},"excerpt":{"rendered":"<p>13. Meldung: 16:45 Uhr Die Siegerehrung<\/p>\n","protected":false},"author":1,"featured_media":22472,"comment_status":"closed","ping_status":"open","sticky":false,"template":"","format":"standard","meta":[],"categories":[13],"tags":[],"_links":{"self":[{"href":"https:\/\/brcnews.net\/index.php?rest_route=\/wp\/v2\/posts\/22449"}],"collection":[{"href":"https:\/\/brcnews.net\/index.php?rest_route=\/wp\/v2\/posts"}],"about":[{"href":"https:\/\/brcnews.net\/index.php?rest_route=\/wp\/v2\/types\/post"}],"author":[{"embeddable":true,"href":"https:\/\/brcnews.net\/index.php?rest_route=\/wp\/v2\/users\/1"}],"replies":[{"embeddable":true,"href":"https:\/\/brcnews.net\/index.php?rest_route=%2Fwp%2Fv2%2Fcomments&post=22449"}],"version-history":[{"count":23,"href":"https:\/\/brcnews.net\/index.php?rest_route=\/wp\/v2\/posts\/22449\/revisions"}],"predecessor-version":[{"id":22701,"href":"https:\/\/brcnews.net\/index.php?rest_route=\/wp\/v2\/posts\/22449\/revisions\/22701"}],"wp:featuredmedia":[{"embeddable":true,"href":"https:\/\/brcnews.net\/index.php?rest_route=\/wp\/v2\/media\/22472"}],"wp:attachment":[{"href":"https:\/\/brcnews.net\/index.php?rest_route=%2Fwp%2Fv2%2Fmedia&parent=22449"}],"wp:term":[{"taxonomy":"category","embeddable":true,"href":"https:\/\/brcnews.net\/index.php?rest_route=%2Fwp%2Fv2%2Fcategories&post=22449"},{"taxonomy":"post_tag","embeddable":true,"href":"https:\/\/brcnews.net\/index.php?rest_route=%2Fwp%2Fv2%2Ftags&post=22449"}],"curies":[{"name":"wp","href":"https:\/\/api.w.org\/{rel}","templated":true}]}}