{"id":22445,"date":"2020-08-28T19:17:45","date_gmt":"2020-08-28T17:17:45","guid":{"rendered":"https:\/\/brcnews.net\/?p=22445"},"modified":"2020-08-28T19:18:19","modified_gmt":"2020-08-28T17:18:19","slug":"internationale-deutsche-meisterschaften-pro10-in-bad-breisig","status":"publish","type":"post","link":"https:\/\/brcnews.net\/?p=22445","title":{"rendered":"Internationale Deutsche Meisterschaften Pro10 in Bad Breisig"},"content":{"rendered":"\n<p>Am kommenden Wochenende finden\nauf der Rennstrecke des MCC Rhein-Ahr die Internationalen Deutschen\nMeisterschaften in den beiden Pro 10-Klassen statt. Das erste Trainingslauf beginnt\nam Samstag gegen 13:30 Uhr. Die Qualifikationsl\u00e4ufe starten gegen 15:30 Uhr. Sonntag\ngeht es dann weiter mit den Qualil\u00e4ufen drei bis f\u00fcnf. Der erste Finallauf\nbeginnt gegen 13:00 Uhr. Es ist die einzige DM, die in diesem Jahr in einer der\nElektroklassen stattfindet.<\/p>\n\n\n<p><em><strong><span style=\"color: #008000;\">BRCNews<\/span><\/strong><\/em> berichtet am Sonntag live im RennTicker.<\/p>\n\n\n<p><\/p>\n<div class=\"twoclick_social_bookmarks_post_22445 social_share_privacy clearfix 1.6.4 locale-de_DE sprite-de_DE\"><\/div><div class=\"twoclick-js\"><script type=\"text\/javascript\">\/* <![CDATA[ *\/\njQuery(document).ready(function($){if($('.twoclick_social_bookmarks_post_22445')){$('.twoclick_social_bookmarks_post_22445').socialSharePrivacy({\"services\":{\"facebook\":{\"status\":\"on\",\"txt_info\":\"2 Klicks f\\u00fcr mehr Datenschutz: Erst wenn Sie hier klicken, wird der Button aktiv und Sie k\\u00f6nnen Ihre Empfehlung an Facebook senden. Schon beim Aktivieren werden Daten an Dritte \\u00fcbertragen - siehe <em>i<\\\/em>.\",\"perma_option\":\"off\",\"action\":\"recommend\",\"language\":\"de_DE\"},\"twitter\":{\"reply_to\":\"\",\"tweet_text\":\"%20Internationale%20Deutsche%20Meisterschaften%20Pro10%20in%20Bad%20Breisig%20%C2%BB%20BRCNEWS.NET%20%23DM%20...\",\"status\":\"on\",\"txt_info\":\"2 Klicks f\\u00fcr mehr Datenschutz: Erst wenn Sie hier klicken, wird der Button aktiv und Sie k\\u00f6nnen Ihre Empfehlung an Twitter senden. Schon beim Aktivieren werden Daten an Dritte \\u00fcbertragen - siehe <em>i<\\\/em>.\",\"perma_option\":\"off\",\"language\":\"de\",\"referrer_track\":\"\"},\"gplus\":{\"status\":\"on\",\"txt_info\":\"2 Klicks f\\u00fcr mehr Datenschutz: Erst wenn Sie hier klicken, wird der Button aktiv und Sie k\\u00f6nnen Ihre Empfehlung an Google+ senden. Schon beim Aktivieren werden Daten an Dritte \\u00fcbertragen - siehe <em>i<\\\/em>.\",\"perma_option\":\"off\",\"referrer_track\":\"\"}},\"txt_help\":\"Wenn Sie diese Felder durch einen Klick aktivieren, werden Informationen an Facebook, Twitter, Flattr, Xing, t3n, LinkedIn, Pinterest oder Google eventuell ins Ausland \\u00fcbertragen und unter Umst\\u00e4nden auch dort gespeichert. N\\u00e4heres erfahren Sie durch einen Klick auf das <em>i<\\\/em>.\",\"settings_perma\":\"Dauerhaft aktivieren und Daten\\u00fcber-tragung zustimmen:\",\"info_link\":\"http:\\\/\\\/www.heise.de\\\/ct\\\/artikel\\\/2-Klicks-fuer-mehr-Datenschutz-1333879.html\",\"uri\":\"https:\\\/\\\/brcnews.net\\\/?p=22445\",\"post_id\":22445,\"post_title_referrer_track\":\"Internationale+Deutsche+Meisterschaften+Pro10+in+Bad+Breisig\",\"display_infobox\":\"on\"});}});\n\/* ]]> *\/<\/script><\/div>","protected":false},"excerpt":{"rendered":"<p>Am kommenden Wochenende finden auf der Rennstrecke des MCC Rhein-Ahr die Internationalen Deutschen Meisterschaften in den beiden Pro 10-Klassen statt. Das erste Trainingslauf beginnt am Samstag gegen 13:30 Uhr. Die Qualifikationsl\u00e4ufe starten gegen 15:30 Uhr. Sonntag geht es dann weiter mit den Qualil\u00e4ufen drei bis f\u00fcnf. Der erste Finallauf beginnt gegen 13:00 Uhr. Es ist &hellip; <a href=\"https:\/\/brcnews.net\/?p=22445\" class=\"more-link\"><span class=\"screen-reader-text\">Internationale Deutsche Meisterschaften Pro10 in Bad Breisig<\/span> weiterlesen <span class=\"meta-nav\">&rarr;<\/span><\/a><\/p>\n","protected":false},"author":1,"featured_media":22448,"comment_status":"closed","ping_status":"open","sticky":false,"template":"","format":"standard","meta":[],"categories":[12],"tags":[737],"_links":{"self":[{"href":"https:\/\/brcnews.net\/index.php?rest_route=\/wp\/v2\/posts\/22445"}],"collection":[{"href":"https:\/\/brcnews.net\/index.php?rest_route=\/wp\/v2\/posts"}],"about":[{"href":"https:\/\/brcnews.net\/index.php?rest_route=\/wp\/v2\/types\/post"}],"author":[{"embeddable":true,"href":"https:\/\/brcnews.net\/index.php?rest_route=\/wp\/v2\/users\/1"}],"replies":[{"embeddable":true,"href":"https:\/\/brcnews.net\/index.php?rest_route=%2Fwp%2Fv2%2Fcomments&post=22445"}],"version-history":[{"count":2,"href":"https:\/\/brcnews.net\/index.php?rest_route=\/wp\/v2\/posts\/22445\/revisions"}],"predecessor-version":[{"id":22447,"href":"https:\/\/brcnews.net\/index.php?rest_route=\/wp\/v2\/posts\/22445\/revisions\/22447"}],"wp:featuredmedia":[{"embeddable":true,"href":"https:\/\/brcnews.net\/index.php?rest_route=\/wp\/v2\/media\/22448"}],"wp:attachment":[{"href":"https:\/\/brcnews.net\/index.php?rest_route=%2Fwp%2Fv2%2Fmedia&parent=22445"}],"wp:term":[{"taxonomy":"category","embeddable":true,"href":"https:\/\/brcnews.net\/index.php?rest_route=%2Fwp%2Fv2%2Fcategories&post=22445"},{"taxonomy":"post_tag","embeddable":true,"href":"https:\/\/brcnews.net\/index.php?rest_route=%2Fwp%2Fv2%2Ftags&post=22445"}],"curies":[{"name":"wp","href":"https:\/\/api.w.org\/{rel}","templated":true}]}}