{"id":22165,"date":"2019-09-18T19:41:41","date_gmt":"2019-09-18T17:41:41","guid":{"rendered":"https:\/\/brcnews.net\/?p=22165"},"modified":"2019-09-18T19:42:20","modified_gmt":"2019-09-18T17:42:20","slug":"deutsche-meisterschaft-tourenwagen-15-in-bad-breisig-ein-rueckblick","status":"publish","type":"post","link":"https:\/\/brcnews.net\/?p=22165","title":{"rendered":"Deutsche Meisterschaft Tourenwagen 1:5 in Bad Breisig &#8211; ein R\u00fcckblick"},"content":{"rendered":"\n<p>G\u00fcnter Honert hat es wieder geschafft. Er hatte ein perfekt vorbereitetes und abgestimmtes Fahrzeug f\u00fcr die nasse und rutschige Fahrbahn. So wie beim Gewinn seines ersten Meistertitels in Tourenwagen 1:5 Expert vor drei Jahren in Braunschweig bei fast gleichen Bedingungen auf dem L\u00f6wenring. In der Standardklasse setzte sich Robert Franicevic durch. Es war sein erster Meistertitel. <\/p>\n\n\n\n<!--more-->\n\n\n\n<figure class=\"wp-block-image\"><img loading=\"lazy\" width=\"555\" height=\"314\" src=\"https:\/\/brcnews.net\/wp-content\/uploads\/2019\/09\/Top5.jpg\" alt=\"\" class=\"wp-image-22150 colorbox-22165\" srcset=\"https:\/\/brcnews.net\/wp-content\/uploads\/2019\/09\/Top5.jpg 555w, https:\/\/brcnews.net\/wp-content\/uploads\/2019\/09\/Top5-300x170.jpg 300w\" sizes=\"(max-width: 555px) 100vw, 555px\" \/><\/figure>\n\n\n\n<p>Die rund 260 Meter lange\nStrecke des MCC Rhein-Ahr erwies sich an diesem ersten Septemberwochenende einmal\nmehr als idealer Austragungsort f\u00fcr eine Deutsche Meisterschaft in den beiden\nTourenwagenklassen 1:5. Sie ist breit genug f\u00fcr die knapp 40 Zentimeter breiten\nund bis zu 10 Kilogramm schweren Boliden im Ma\u00dfstab 1:8. Da es kaum harte\nStreckenbegrenzungen gibt, ist sie materialschonend. Sie gilt mit ihren langen\nGeraden und 11 unterschiedlich weiten und engen Kurven obendrein als technisch\nanspruchsvoll. Die Wetterkapriolen an diesem Wochenende stellten eine ganz\nbesondere Herausforderung an diesem Wochenende dar.<\/p>\n\n\n\n<figure class=\"wp-block-image\"><img loading=\"lazy\" width=\"1024\" height=\"666\" src=\"https:\/\/brcnews.net\/wp-content\/uploads\/2019\/09\/DMMCCRheinAhr.43-1024x666.jpg\" alt=\"\" class=\"wp-image-22153 colorbox-22165\" srcset=\"https:\/\/brcnews.net\/wp-content\/uploads\/2019\/09\/DMMCCRheinAhr.43-1024x666.jpg 1024w, https:\/\/brcnews.net\/wp-content\/uploads\/2019\/09\/DMMCCRheinAhr.43-300x195.jpg 300w, https:\/\/brcnews.net\/wp-content\/uploads\/2019\/09\/DMMCCRheinAhr.43-768x499.jpg 768w\" sizes=\"(max-width: 1024px) 100vw, 1024px\" \/><figcaption> Die Top 10 in Tourenwagen Expert. Auf dem Podium (von links): Michael  Donovan (Platz 2), G\u00fcnter Honert (Platz 1) und Tobias Schmidt (Platz 3).  G\u00fcnter Honert ist auch Deutscher Meister 55 plus <\/figcaption><\/figure>\n\n\n\n<p><strong>Training und Vorl\u00e4ufe<\/strong><\/p>\n\n\n\n<p>Die Fahrer f\u00fcrchten sich\ndavor: Im Training ist es trocken, die Fahrbahn hat viel Griff. Kaum beginnen\ndie Vorl\u00e4ufe macht eine nasse und rutschige Strecke alle Abstimmungen aus dem\nTraining zu Nichte. Die Karten werden dann oft v\u00f6llig neu gemischt. So war es\ndann auch an diesem DM-Wochenende in Bad Breisig. <\/p>\n\n\n\n<figure class=\"wp-block-image\"><img loading=\"lazy\" width=\"1000\" height=\"641\" src=\"https:\/\/brcnews.net\/wp-content\/uploads\/2019\/09\/DMMCCRheinAhr.44.jpg\" alt=\"\" class=\"wp-image-22155 colorbox-22165\" srcset=\"https:\/\/brcnews.net\/wp-content\/uploads\/2019\/09\/DMMCCRheinAhr.44.jpg 1000w, https:\/\/brcnews.net\/wp-content\/uploads\/2019\/09\/DMMCCRheinAhr.44-300x192.jpg 300w, https:\/\/brcnews.net\/wp-content\/uploads\/2019\/09\/DMMCCRheinAhr.44-768x492.jpg 768w\" sizes=\"(max-width: 1000px) 100vw, 1000px\" \/><figcaption> Die Top 10 in Tourenwagen Standard. Auf dem Podium (von links): Silvio  B\u00f6hmichen (Platz 2), Robert Franicevic (Platz 1) und Tobias Marcus  Oppenhorst (Platz 3) <\/figcaption><\/figure>\n\n\n\n<p>Der Freitag endete mit zwei\ngezeiteten Trainingsdurchg\u00e4ngen. Maximilian Hornig fuhr mit 1:30,509 Minuten\nf\u00fcr die schnellsten f\u00fcnf zusammenh\u00e4ngenden Runden Bestzeit in Tourenwagen\nExpert. Zweitschnellster war Michael Mielke, Drittschnellster Michael Donovan.\nIn Standard setzte sich Uwe Pauly vor Marcus Oppenhorst und Miles Treufler\ndurch. <\/p>\n\n\n\n<p>In der Nacht regnete es. Beim\nStart zu den Vorl\u00e4ufen war die Strecke nass. Nur wenige Fahrer versuchten im\nersten Vorlauf ihr Gl\u00fcck. Beg\u00fcnstig durch ein Reglement, nach dem f\u00fcr die\nGesamtwertung der Vorl\u00e4ufe nur der schnellste pers\u00f6nliche Vorlauf herangezogen\nwird, traten viele zu ihren Vorl\u00e4ufen am Vormittag an. Einer davon war G\u00fcnter\nHonert. Der FG-Fahrer fuhr im ersten Vorlauf Bestzeit in Expert, Robert\nFranicevic tat es ihm in Standard gleich. Die Strecke trocknete nach und nach\nab. Die Entscheidung fiel in den noch anstehenden L\u00e4ufen auf trockener\nFahrbahn. In Expert fuhren Michael Donovan, Michael Mielke und Maximilian\nHornig die drei schnellsten Vorl\u00e4ufe, in Standard Uwe Pauly, Marcus Oppenhorst\nund Thomas Staab. <\/p>\n\n\n\n<figure class=\"wp-block-image\"><img loading=\"lazy\" width=\"1000\" height=\"507\" src=\"https:\/\/brcnews.net\/wp-content\/uploads\/2019\/09\/DMMCCRheinAhr.38-1.jpg\" alt=\"\" class=\"wp-image-22167 colorbox-22165\" srcset=\"https:\/\/brcnews.net\/wp-content\/uploads\/2019\/09\/DMMCCRheinAhr.38-1.jpg 1000w, https:\/\/brcnews.net\/wp-content\/uploads\/2019\/09\/DMMCCRheinAhr.38-1-300x152.jpg 300w, https:\/\/brcnews.net\/wp-content\/uploads\/2019\/09\/DMMCCRheinAhr.38-1-768x389.jpg 768w\" sizes=\"(max-width: 1000px) 100vw, 1000px\" \/><figcaption> Thomas Kleiner pfl\u00fcgt durch Pf\u00fctze in der Kurve vor der langen Geraden <\/figcaption><\/figure>\n\n\n\n<p>Am Finaltag stand die\nStrecke wieder unter Wasser. Einige Fahrer traten in den Viertelfinalen deshalb\nnicht an und schieden so schon kampflos aus. Zu den Aufsteigern ins Halbfinale Standard\ngeh\u00f6rte der sp\u00e4tere Sieger Robert Franicevic. Der setzte sich dann in seinem\nHalbfinale auch als schnellster Aufsteiger ins Finale durch. In Expert waren\nMichael Donovan vor G\u00fcnter Honert und Michael Mielke vor Tobias Schmidt die\njeweils schnellsten in ihren Halbfinale. Auch in den Halbfinalen verzichteten\neinzelne Fahrer auf einen Start. Der prominenteste davon war Marco Weigerding,\nder Deutsche Meister der Jahre <\/p>\n\n\n\n<figure class=\"wp-block-image\"><img loading=\"lazy\" width=\"1000\" height=\"576\" src=\"https:\/\/brcnews.net\/wp-content\/uploads\/2019\/09\/DMMCCRheinAhr.02.jpg\" alt=\"\" class=\"wp-image-22039 colorbox-22165\" srcset=\"https:\/\/brcnews.net\/wp-content\/uploads\/2019\/09\/DMMCCRheinAhr.02.jpg 1000w, https:\/\/brcnews.net\/wp-content\/uploads\/2019\/09\/DMMCCRheinAhr.02-300x173.jpg 300w, https:\/\/brcnews.net\/wp-content\/uploads\/2019\/09\/DMMCCRheinAhr.02-768x442.jpg 768w\" sizes=\"(max-width: 1000px) 100vw, 1000px\" \/><figcaption>Blick ins Fahrerlager<\/figcaption><\/figure>\n\n\n\n<p><strong>Die Finall\u00e4ufe<\/strong><\/p>\n\n\n\n<p>Nass und rutschig war die\nStrecke dann auch in den beiden Hauptfinalen. Zwei der Mitfavoriten in Expert\nfielen gleich zu Beginn im Kampf um den Sieg aus: Maximilian Hornig konnte das\nRennen erst gar nicht aufnehmen, Michael Mielke musste wiederholt zu\nReparaturen in die Box. Vorne machten zun\u00e4chst Michael Donovan und G\u00fcnter\nHonert das Tempo. Schon nach wenigen Minuten holte sich G\u00fcnter Honert die\nF\u00fchrung und baute sie dann Meter f\u00fcr Meter bis zum Ende des Rennens auf gut\neine Runde aus. Michael Donovan wurde Zweiter, Tobias Schmidt Dritter.<\/p>\n\n\n\n<p>In Standard f\u00fchrte bis etwa\nzur H\u00e4lfte des Rennens Thomas Staab, der von der Pole gestartet war. Ein Defekt\nzwang ihn da zum Ausstieg und Robert Franicevic \u00fcbernahm die Spitze und behielt\nsie bis zum Ende der Renndauer. Silvio B\u00f6hmischen, von Startplatz acht ins\nRennen gegangen, wurde Zweiter. Marcus Oppenhorst belegte Platz 3. <\/p>\n\n\n\n<p><strong>Gut vorbereitet<\/strong><\/p>\n\n\n\n<figure class=\"wp-block-image\"><img loading=\"lazy\" width=\"1000\" height=\"556\" src=\"https:\/\/brcnews.net\/wp-content\/uploads\/2019\/09\/DMMCCRheinAhr.22.jpg\" alt=\"\" class=\"wp-image-22105 colorbox-22165\" srcset=\"https:\/\/brcnews.net\/wp-content\/uploads\/2019\/09\/DMMCCRheinAhr.22.jpg 1000w, https:\/\/brcnews.net\/wp-content\/uploads\/2019\/09\/DMMCCRheinAhr.22-300x167.jpg 300w, https:\/\/brcnews.net\/wp-content\/uploads\/2019\/09\/DMMCCRheinAhr.22-768x427.jpg 768w\" sizes=\"(max-width: 1000px) 100vw, 1000px\" \/><figcaption> Das Regenauto von G\u00fcnter Honert<\/figcaption><\/figure>\n\n\n\n<p>Dass G\u00fcnter Honert \u2013 wie\nschon 2016 in Braunschweig \u2013 Deutscher Meister wurde, verdankt er seiner\nakribischen Vorbereitung auf ein Regentrennen. Er reiste \u2013 wie andere auch \u2013\nmit zwei komplett ausgestatteten Autos an, ein Trocken- und ein Regenauto. Das\nRegenauto konnte er, nachdem er es in einem Vorlauf getestet hatte, abgedichtet\nund eingestellt im Halbfinale auf die Strecke stellen. Allein die Abdichtung der Airbox und der vier\nwasserempfindlichen Servos l\u00e4sst erahnen, welche Arbeit dahintersteckt, aber\nauch, \u00fcber wie viel Erfahrung G\u00fcnter Honert in seinem Hobby verf\u00fcgt. Zur Vorbereitung\ngeh\u00f6rt auch, die m\u00f6glichst perfekte Abstimmung des Regenautos \u2013 von der\nKupplung \u00fcber die Federung bis hin zum Differenzial. Dass das Regenauto weniger\nstark motorisiert ist, ist selbstverst\u00e4ndlich. Kupplung, Federung und Differenzial. Spezielle Regenreifen,\naber auch Intermediens geh\u00f6ren zu seiner Grundausstattung. Zum Sieg braucht es\ndann aber auch noch viel Erfahrung und eine gute Strategie. Die verr\u00e4t der\nstets freundliche und auch immer behilfliche Fahrer aber nicht.<\/p>\n\n\n\n<p><strong>Gro\u00dfmodelle<\/strong><\/p>\n\n\n\n<figure class=\"wp-block-image\"><img loading=\"lazy\" width=\"1000\" height=\"535\" src=\"https:\/\/brcnews.net\/wp-content\/uploads\/2019\/09\/DMMCCRheinAhr.42.jpg\" alt=\"\" class=\"wp-image-22148 colorbox-22165\" srcset=\"https:\/\/brcnews.net\/wp-content\/uploads\/2019\/09\/DMMCCRheinAhr.42.jpg 1000w, https:\/\/brcnews.net\/wp-content\/uploads\/2019\/09\/DMMCCRheinAhr.42-300x161.jpg 300w, https:\/\/brcnews.net\/wp-content\/uploads\/2019\/09\/DMMCCRheinAhr.42-768x411.jpg 768w\" sizes=\"(max-width: 1000px) 100vw, 1000px\" \/><figcaption> Michael Donovan versucht noch ein Mal zu kontern, nachdem G\u00fcnter Honert kurz zuvor in F\u00fchrung gegangen war. Vergeblich! <\/figcaption><\/figure>\n\n\n\n<p>Tourenwagen im Ma\u00dfstab 1:5\n\u00e4hneln in ihrer Dimension am ehesten ihren Vorbildern. Sie machen au\u00dferdem\nL\u00e4rm, riechen nach verbranntem \u00d6l und Benzin und lassen richtig Rennatmosph\u00e4re\naufkommen. Die Fahrzeuge wiegen an die zehn Kilogramm. Angetrieben werden sie\nvon einem 23 Kubikzentimeter Motoren. Der Tankinhalt ist auf maximal 700\nMilliliter begrenzt und reicht f\u00fcr ein 30-min\u00fctiges Finale. Die Fahrzeuge\nverf\u00fcgen \u00fcber einen Hinterachsantrieb und Hydraulikbremsen an allen vier\nR\u00e4dern. <\/p>\n\n\n\n<p>Der Deutsche Minicar Club\n(DMC) tr\u00e4gt Deutsche Meisterschaften in Tourenwagen 1:5 seit 1994 aus.\nRekordmeister in dieser Klasse ist mit 14 Titeln Markus Feldmann. 2013 holte\nsich Feldmann in Lostallo den WM-Titel.<\/p>\n\n\n\n<hr class=\"wp-block-separator\"\/>\n\n\n\n<div class=\"wp-block-image\"><figure class=\"aligncenter is-resized\"><img loading=\"lazy\" src=\"https:\/\/brcnews.net\/wp-content\/uploads\/2019\/09\/IMG_0615-1024x683.jpg\" alt=\"\" class=\"wp-image-22158 colorbox-22165\" width=\"470\" height=\"313\" srcset=\"https:\/\/brcnews.net\/wp-content\/uploads\/2019\/09\/IMG_0615-1024x683.jpg 1024w, https:\/\/brcnews.net\/wp-content\/uploads\/2019\/09\/IMG_0615-300x200.jpg 300w, https:\/\/brcnews.net\/wp-content\/uploads\/2019\/09\/IMG_0615-768x512.jpg 768w\" sizes=\"(max-width: 470px) 100vw, 470px\" \/><figcaption> Siegerehrung Top 3 &#8211; 40 plus Standard (von links): Marcus Oppenhorst  (Platz 2), Robert Franicevic (Platz 1) und Uwe Pauly (Platz 3) <\/figcaption><\/figure><\/div>\n\n\n\n<figure class=\"wp-block-image is-resized\"><img loading=\"lazy\" src=\"https:\/\/brcnews.net\/wp-content\/uploads\/2019\/09\/DMMCCRheinAhr.45.jpg\" alt=\"\" class=\"wp-image-22157 colorbox-22165\" width=\"472\" height=\"250\" srcset=\"https:\/\/brcnews.net\/wp-content\/uploads\/2019\/09\/DMMCCRheinAhr.45.jpg 1000w, https:\/\/brcnews.net\/wp-content\/uploads\/2019\/09\/DMMCCRheinAhr.45-300x160.jpg 300w, https:\/\/brcnews.net\/wp-content\/uploads\/2019\/09\/DMMCCRheinAhr.45-768x409.jpg 768w\" sizes=\"(max-width: 472px) 100vw, 472px\" \/><figcaption> Siegerehrung Top 3 &#8211; 40 plus Expert (von links):  Thomas Kleiner (Platz 2), J\u00f6rg Leopoldt (Platz 1) und Michael Mielke (Platz 3) <\/figcaption><\/figure>\n\n\n\n<figure class=\"wp-block-image\"><img loading=\"lazy\" width=\"1000\" height=\"560\" src=\"https:\/\/brcnews.net\/wp-content\/uploads\/2019\/09\/DMMCCRheinAhr.46.jpg\" alt=\"\" class=\"wp-image-22156 colorbox-22165\" srcset=\"https:\/\/brcnews.net\/wp-content\/uploads\/2019\/09\/DMMCCRheinAhr.46.jpg 1000w, https:\/\/brcnews.net\/wp-content\/uploads\/2019\/09\/DMMCCRheinAhr.46-300x168.jpg 300w, https:\/\/brcnews.net\/wp-content\/uploads\/2019\/09\/DMMCCRheinAhr.46-768x430.jpg 768w\" sizes=\"(max-width: 1000px) 100vw, 1000px\" \/><figcaption> Heinz Kroezemann \u00fcberreicht Tim Graf den Pokal f\u00fcr den deutschen Juniorenmeister <\/figcaption><\/figure>\n\n\n\n<figure class=\"wp-block-image\"><img loading=\"lazy\" width=\"1000\" height=\"548\" src=\"https:\/\/brcnews.net\/wp-content\/uploads\/2019\/09\/DMMCCRheinAhr.48-1.jpg\" alt=\"\" class=\"wp-image-22168 colorbox-22165\" srcset=\"https:\/\/brcnews.net\/wp-content\/uploads\/2019\/09\/DMMCCRheinAhr.48-1.jpg 1000w, https:\/\/brcnews.net\/wp-content\/uploads\/2019\/09\/DMMCCRheinAhr.48-1-300x164.jpg 300w, https:\/\/brcnews.net\/wp-content\/uploads\/2019\/09\/DMMCCRheinAhr.48-1-768x421.jpg 768w\" sizes=\"(max-width: 1000px) 100vw, 1000px\" \/><figcaption> Siegerehrung Top 3 &#8211; 55 plus Standard (von links): Stefan Israel (Platz  2), Silvio B\u00f6hmichen (Platz 1) und Uwe Pauly (Platz 2) und Gerd Mehrhof  (Platz  <\/figcaption><\/figure>\n<div class=\"twoclick_social_bookmarks_post_22165 social_share_privacy clearfix 1.6.4 locale-de_DE sprite-de_DE\"><\/div><div class=\"twoclick-js\"><script type=\"text\/javascript\">\/* <![CDATA[ *\/\njQuery(document).ready(function($){if($('.twoclick_social_bookmarks_post_22165')){$('.twoclick_social_bookmarks_post_22165').socialSharePrivacy({\"services\":{\"facebook\":{\"status\":\"on\",\"txt_info\":\"2 Klicks f\\u00fcr mehr Datenschutz: Erst wenn Sie hier klicken, wird der Button aktiv und Sie k\\u00f6nnen Ihre Empfehlung an Facebook senden. Schon beim Aktivieren werden Daten an Dritte \\u00fcbertragen - siehe <em>i<\\\/em>.\",\"perma_option\":\"off\",\"action\":\"recommend\",\"language\":\"de_DE\"},\"twitter\":{\"reply_to\":\"\",\"tweet_text\":\"%20Deutsche%20Meisterschaft%20Tourenwagen%201%3A5%20in%20Bad%20Breisig%20%E2%80%93%20ein%20R%C3%BCckblick%20...\",\"status\":\"on\",\"txt_info\":\"2 Klicks f\\u00fcr mehr Datenschutz: Erst wenn Sie hier klicken, wird der Button aktiv und Sie k\\u00f6nnen Ihre Empfehlung an Twitter senden. Schon beim Aktivieren werden Daten an Dritte \\u00fcbertragen - siehe <em>i<\\\/em>.\",\"perma_option\":\"off\",\"language\":\"de\",\"referrer_track\":\"\"},\"gplus\":{\"status\":\"on\",\"txt_info\":\"2 Klicks f\\u00fcr mehr Datenschutz: Erst wenn Sie hier klicken, wird der Button aktiv und Sie k\\u00f6nnen Ihre Empfehlung an Google+ senden. Schon beim Aktivieren werden Daten an Dritte \\u00fcbertragen - siehe <em>i<\\\/em>.\",\"perma_option\":\"off\",\"referrer_track\":\"\"}},\"txt_help\":\"Wenn Sie diese Felder durch einen Klick aktivieren, werden Informationen an Facebook, Twitter, Flattr, Xing, t3n, LinkedIn, Pinterest oder Google eventuell ins Ausland \\u00fcbertragen und unter Umst\\u00e4nden auch dort gespeichert. N\\u00e4heres erfahren Sie durch einen Klick auf das <em>i<\\\/em>.\",\"settings_perma\":\"Dauerhaft aktivieren und Daten\\u00fcber-tragung zustimmen:\",\"info_link\":\"http:\\\/\\\/www.heise.de\\\/ct\\\/artikel\\\/2-Klicks-fuer-mehr-Datenschutz-1333879.html\",\"uri\":\"https:\\\/\\\/brcnews.net\\\/?p=22165\",\"post_id\":22165,\"post_title_referrer_track\":\"Deutsche+Meisterschaft+Tourenwagen+1%3A5+in+Bad+Breisig+%26%238211%3B+ein+R%C3%BCckblick\",\"display_infobox\":\"on\"});}});\n\/* ]]> *\/<\/script><\/div>","protected":false},"excerpt":{"rendered":"<p>G\u00fcnter Honert hat es wieder geschafft. Er hatte ein perfekt vorbereitetes und abgestimmtes Fahrzeug f\u00fcr die nasse und rutschige Fahrbahn. So wie beim Gewinn seines ersten Meistertitels in Tourenwagen 1:5 Expert vor drei Jahren in Braunschweig bei fast gleichen Bedingungen auf dem L\u00f6wenring. In der Standardklasse setzte sich Robert Franicevic durch. Es war sein erster &hellip; <a href=\"https:\/\/brcnews.net\/?p=22165\" class=\"more-link\"><span class=\"screen-reader-text\">Deutsche Meisterschaft Tourenwagen 1:5 in Bad Breisig &#8211; ein R\u00fcckblick<\/span> weiterlesen <span class=\"meta-nav\">&rarr;<\/span><\/a><\/p>\n","protected":false},"author":1,"featured_media":22171,"comment_status":"closed","ping_status":"open","sticky":false,"template":"","format":"standard","meta":[],"categories":[16],"tags":[199,53,427,611,733],"_links":{"self":[{"href":"https:\/\/brcnews.net\/index.php?rest_route=\/wp\/v2\/posts\/22165"}],"collection":[{"href":"https:\/\/brcnews.net\/index.php?rest_route=\/wp\/v2\/posts"}],"about":[{"href":"https:\/\/brcnews.net\/index.php?rest_route=\/wp\/v2\/types\/post"}],"author":[{"embeddable":true,"href":"https:\/\/brcnews.net\/index.php?rest_route=\/wp\/v2\/users\/1"}],"replies":[{"embeddable":true,"href":"https:\/\/brcnews.net\/index.php?rest_route=%2Fwp%2Fv2%2Fcomments&post=22165"}],"version-history":[{"count":3,"href":"https:\/\/brcnews.net\/index.php?rest_route=\/wp\/v2\/posts\/22165\/revisions"}],"predecessor-version":[{"id":22172,"href":"https:\/\/brcnews.net\/index.php?rest_route=\/wp\/v2\/posts\/22165\/revisions\/22172"}],"wp:featuredmedia":[{"embeddable":true,"href":"https:\/\/brcnews.net\/index.php?rest_route=\/wp\/v2\/media\/22171"}],"wp:attachment":[{"href":"https:\/\/brcnews.net\/index.php?rest_route=%2Fwp%2Fv2%2Fmedia&parent=22165"}],"wp:term":[{"taxonomy":"category","embeddable":true,"href":"https:\/\/brcnews.net\/index.php?rest_route=%2Fwp%2Fv2%2Fcategories&post=22165"},{"taxonomy":"post_tag","embeddable":true,"href":"https:\/\/brcnews.net\/index.php?rest_route=%2Fwp%2Fv2%2Ftags&post=22165"}],"curies":[{"name":"wp","href":"https:\/\/api.w.org\/{rel}","templated":true}]}}