{"id":21998,"date":"2019-09-05T12:15:51","date_gmt":"2019-09-05T10:15:51","guid":{"rendered":"https:\/\/brcnews.net\/?p=21998"},"modified":"2019-09-05T12:17:42","modified_gmt":"2019-09-05T10:17:42","slug":"deutsche-meisterschaften-in-bad-breisig-und-in-andernach","status":"publish","type":"post","link":"https:\/\/brcnews.net\/?p=21998","title":{"rendered":"Deutsche Meisterschaften in Bad Breisig und in Andernach"},"content":{"rendered":"\n<p>Am kommenden Wochenende stehen wieder zwei Deutsche\nMeisterschaften auf dem Programm. Auf der Strecke des MCC Rhein-Ahr in Bad\nBreisig k\u00fcren die Gro\u00dfmodellfahrer in der Klasse Tourenwagen ihre Deutschen\nMeister, auf der Offroadstrecke in der Arena 33 in Andernach treffen sich die\nbesten deutschen Buggyfahrer 2WD. Die beiden Rennstrecken sind gut 20 Kilometer\nvoneinander entfernt. <\/p>\n\n\n\n<!--more-->\n\n\n\n<figure class=\"wp-block-image\"><img loading=\"lazy\" width=\"1000\" height=\"452\" src=\"https:\/\/brcnews.net\/wp-content\/uploads\/2019\/09\/Plakat.jpg\" alt=\"\" class=\"wp-image-22003 colorbox-21998\" srcset=\"https:\/\/brcnews.net\/wp-content\/uploads\/2019\/09\/Plakat.jpg 1000w, https:\/\/brcnews.net\/wp-content\/uploads\/2019\/09\/Plakat-300x136.jpg 300w, https:\/\/brcnews.net\/wp-content\/uploads\/2019\/09\/Plakat-768x347.jpg 768w\" sizes=\"(max-width: 1000px) 100vw, 1000px\" \/><\/figure>\n\n\n\n<p>Gut 50 Nennungen z\u00e4hlte der MCC Rhein-Ahr (<a href=\"https:\/\/mcc-rhein-ahr.de\/\">https:\/\/mcc-rhein-ahr.de\/<\/a>) f\u00fcr Tourenwagen DM. Gefahren werden die Klassen Tourenwagen 1:5 Modified und Standard. Titelverteidiger in Modified ist Markus Feldmann. Der Weltmeister 2013 und deutsche Rekordmeister (allein 14 Titel in Tourenwagen 1:5) startet allerdings bei dieser DM nicht. In der Klasse Standard will Ralf Kiesele seinen Titel verteidigen. Die gut 250 Meter lange Strecke des MCC Rhein-Ahr hat in der Gro\u00dfmodellszne einen guten Namen und war schon h\u00e4ufiger Austragungsort von L\u00e4ufen zu Deutschen Meisterschaften.<\/p>\n\n\n\n<figure class=\"wp-block-image\"><img loading=\"lazy\" width=\"800\" height=\"445\" src=\"https:\/\/brcnews.net\/wp-content\/uploads\/2019\/09\/DMBuggy4WDAnd.18.jpg\" alt=\"\" class=\"wp-image-22004 colorbox-21998\" srcset=\"https:\/\/brcnews.net\/wp-content\/uploads\/2019\/09\/DMBuggy4WDAnd.18.jpg 800w, https:\/\/brcnews.net\/wp-content\/uploads\/2019\/09\/DMBuggy4WDAnd.18-300x167.jpg 300w, https:\/\/brcnews.net\/wp-content\/uploads\/2019\/09\/DMBuggy4WDAnd.18-768x427.jpg 768w\" sizes=\"(max-width: 800px) 100vw, 800px\" \/><figcaption>Im letztenb Jahr trafen sic die Buggyfahrer 4WD zur DM in der Arena 33<\/figcaption><\/figure>\n\n\n\n<p>In Arena 33 (<a href=\"https:\/\/www.arena33.de\/\">https:\/\/www.arena33.de\/<\/a>)\nin Andernach treffen knapp 90 Buggypiloten in zwei Klassen aufeinander. In\nBuggy 2WD Standard reist J\u00f6rn Neumann zur Titelverteidigung an. Der\nSchumacherpilot, der in diesem Jahr seine ansehnliche Titelsammlung schon um schon\ndrei DM-Titel vergr\u00f6\u00dfert hat, ist Favorit. Vor drei Wochen verteidigte J\u00f6rn\nNeumann bereits seinen DM-Titel in Buggy 4WD in Langenfeld. Mirko Morgenstern will\nin der Arena 33 seinen Titel in der Klasse Standard verteidigen, den er sich\nletztes Jahr auf der Strecke der Eifel Elos (<a href=\"https:\/\/www.mac-eifel-elos.de\/\">https:\/\/www.mac-eifel-elos.de\/<\/a> ) in\nHellenthal holte. Im letzten Jahr war die Arena 33 Gastgeber der Deutschen\nMeisterschaften Buggy 4WD.<\/p>\n\n\n\n<hr class=\"wp-block-separator\"\/>\n\n\n\n<ul><li>Regelm\u00e4\u00dfige News zu den beiden Deutschen Meisterschaften und zur Euro gibt es auf der Facebookseite des Deutschen Minicar Clubs: <a href=\"https:\/\/www.facebook.com\/deutscherminicarclub\/\">https:\/\/www.facebook.com\/deutscherminicarclub\/<\/a><\/li><\/ul>\n\n\n<ul>\n<li><span style=\"color: #008000;\"><em><strong>BRCNEWS<\/strong><\/em><\/span> berichtet von Freitagmorgen bis Sonntagabend live von der DM Tourenwagen 1:5 in Bad Breisig.<\/li>\n<\/ul>\n\n\n<hr class=\"wp-block-separator\"\/>\n<div class=\"twoclick_social_bookmarks_post_21998 social_share_privacy clearfix 1.6.4 locale-de_DE sprite-de_DE\"><\/div><div class=\"twoclick-js\"><script type=\"text\/javascript\">\/* <![CDATA[ *\/\njQuery(document).ready(function($){if($('.twoclick_social_bookmarks_post_21998')){$('.twoclick_social_bookmarks_post_21998').socialSharePrivacy({\"services\":{\"facebook\":{\"status\":\"on\",\"txt_info\":\"2 Klicks f\\u00fcr mehr Datenschutz: Erst wenn Sie hier klicken, wird der Button aktiv und Sie k\\u00f6nnen Ihre Empfehlung an Facebook senden. Schon beim Aktivieren werden Daten an Dritte \\u00fcbertragen - siehe <em>i<\\\/em>.\",\"perma_option\":\"off\",\"action\":\"recommend\",\"language\":\"de_DE\"},\"twitter\":{\"reply_to\":\"\",\"tweet_text\":\"%20Deutsche%20Meisterschaften%20in%20Bad%20Breisig%20und%20in%20Andernach%20%C2%BB%20BRCNEWS.NET%20%23Buggy%20...\",\"status\":\"on\",\"txt_info\":\"2 Klicks f\\u00fcr mehr Datenschutz: Erst wenn Sie hier klicken, wird der Button aktiv und Sie k\\u00f6nnen Ihre Empfehlung an Twitter senden. Schon beim Aktivieren werden Daten an Dritte \\u00fcbertragen - siehe <em>i<\\\/em>.\",\"perma_option\":\"off\",\"language\":\"de\",\"referrer_track\":\"\"},\"gplus\":{\"status\":\"on\",\"txt_info\":\"2 Klicks f\\u00fcr mehr Datenschutz: Erst wenn Sie hier klicken, wird der Button aktiv und Sie k\\u00f6nnen Ihre Empfehlung an Google+ senden. Schon beim Aktivieren werden Daten an Dritte \\u00fcbertragen - siehe <em>i<\\\/em>.\",\"perma_option\":\"off\",\"referrer_track\":\"\"}},\"txt_help\":\"Wenn Sie diese Felder durch einen Klick aktivieren, werden Informationen an Facebook, Twitter, Flattr, Xing, t3n, LinkedIn, Pinterest oder Google eventuell ins Ausland \\u00fcbertragen und unter Umst\\u00e4nden auch dort gespeichert. N\\u00e4heres erfahren Sie durch einen Klick auf das <em>i<\\\/em>.\",\"settings_perma\":\"Dauerhaft aktivieren und Daten\\u00fcber-tragung zustimmen:\",\"info_link\":\"http:\\\/\\\/www.heise.de\\\/ct\\\/artikel\\\/2-Klicks-fuer-mehr-Datenschutz-1333879.html\",\"uri\":\"https:\\\/\\\/brcnews.net\\\/?p=21998\",\"post_id\":21998,\"post_title_referrer_track\":\"Deutsche+Meisterschaften+in+Bad+Breisig+und+in+Andernach\",\"display_infobox\":\"on\"});}});\n\/* ]]> *\/<\/script><\/div>","protected":false},"excerpt":{"rendered":"<p>Am kommenden Wochenende stehen wieder zwei Deutsche Meisterschaften auf dem Programm. Auf der Strecke des MCC Rhein-Ahr in Bad Breisig k\u00fcren die Gro\u00dfmodellfahrer in der Klasse Tourenwagen ihre Deutschen Meister, auf der Offroadstrecke in der Arena 33 in Andernach treffen sich die besten deutschen Buggyfahrer 2WD. Die beiden Rennstrecken sind gut 20 Kilometer voneinander entfernt.<\/p>\n","protected":false},"author":1,"featured_media":17534,"comment_status":"closed","ping_status":"open","sticky":false,"template":"","format":"standard","meta":[],"categories":[539,12],"tags":[731,53,54,427],"_links":{"self":[{"href":"https:\/\/brcnews.net\/index.php?rest_route=\/wp\/v2\/posts\/21998"}],"collection":[{"href":"https:\/\/brcnews.net\/index.php?rest_route=\/wp\/v2\/posts"}],"about":[{"href":"https:\/\/brcnews.net\/index.php?rest_route=\/wp\/v2\/types\/post"}],"author":[{"embeddable":true,"href":"https:\/\/brcnews.net\/index.php?rest_route=\/wp\/v2\/users\/1"}],"replies":[{"embeddable":true,"href":"https:\/\/brcnews.net\/index.php?rest_route=%2Fwp%2Fv2%2Fcomments&post=21998"}],"version-history":[{"count":6,"href":"https:\/\/brcnews.net\/index.php?rest_route=\/wp\/v2\/posts\/21998\/revisions"}],"predecessor-version":[{"id":22006,"href":"https:\/\/brcnews.net\/index.php?rest_route=\/wp\/v2\/posts\/21998\/revisions\/22006"}],"wp:featuredmedia":[{"embeddable":true,"href":"https:\/\/brcnews.net\/index.php?rest_route=\/wp\/v2\/media\/17534"}],"wp:attachment":[{"href":"https:\/\/brcnews.net\/index.php?rest_route=%2Fwp%2Fv2%2Fmedia&parent=21998"}],"wp:term":[{"taxonomy":"category","embeddable":true,"href":"https:\/\/brcnews.net\/index.php?rest_route=%2Fwp%2Fv2%2Fcategories&post=21998"},{"taxonomy":"post_tag","embeddable":true,"href":"https:\/\/brcnews.net\/index.php?rest_route=%2Fwp%2Fv2%2Ftags&post=21998"}],"curies":[{"name":"wp","href":"https:\/\/api.w.org\/{rel}","templated":true}]}}