{"id":21834,"date":"2019-08-18T12:37:08","date_gmt":"2019-08-18T10:37:08","guid":{"rendered":"https:\/\/brcnews.net\/?p=21834"},"modified":"2019-08-18T12:42:33","modified_gmt":"2019-08-18T10:42:33","slug":"dominic-greiner-ist-neuer-europameister-nitro-110","status":"publish","type":"post","link":"https:\/\/brcnews.net\/?p=21834","title":{"rendered":"Dominic Greiner ist neuer Europameister Nitro 1:10"},"content":{"rendered":"\n<p>Dominic Greiner (Serpent\/O.S.) ist neuer Europameister 1:10. Auf seiner Heimstrecke in T\u00fcrkheim holte sich der Weltmeister 2016 mit seinem Serpent auf seiner Heimstrecke nun auch den Europameistertitel in dieser Klasse. F\u00fcr den zweifachen deutschen Meister war es der erste Europameistertitel. Vizemeister wurde der Italiener Dario Balestri (Infinity\/Max). Platz drei belegte sein Landsmann Francesco Tironi (Infinty\/Max).<\/p>\n\n\n\n<!--more-->\n\n\n\n<p>Dominic Greiner ging von der Pole in das 45-min\u00fctige Finale. Schon kurz nach dem Start setzte er sich vom Feld ab und \u00fcberquerte nach 199 Runden und 45:12,437 Minuten die Ziellinie mit einem Vorsprung von fast zwei Runden. Die Fahrer hinter ihm waren unterdessen in viele Positionsk\u00e4mpfe verwickelt. Im Kampf um Position zwei setzte sich letztlich Dario Balestri durch. Rober Pietsch (Mugen), von Startplatz zwei in die Finale gegangen, musste sich mit dem undankbaren vierten Platz begn\u00fcgen. Der Finne Teemu Leino (Infinity\/Novarossi), der als Titelverteidiger nach T\u00fcrkheim gereist war, fiel in Runde 19 mit einem technischen Defekt aus. <\/p>\n\n\n\n<figure class=\"wp-block-image\"><img loading=\"lazy\" width=\"801\" height=\"353\" src=\"https:\/\/brcnews.net\/wp-content\/uploads\/2019\/08\/Top10_EMNitroScale_T\u00fcrkheim.jpg\" alt=\"\" class=\"wp-image-21842 colorbox-21834\" srcset=\"https:\/\/brcnews.net\/wp-content\/uploads\/2019\/08\/Top10_EMNitroScale_T\u00fcrkheim.jpg 801w, https:\/\/brcnews.net\/wp-content\/uploads\/2019\/08\/Top10_EMNitroScale_T\u00fcrkheim-300x132.jpg 300w, https:\/\/brcnews.net\/wp-content\/uploads\/2019\/08\/Top10_EMNitroScale_T\u00fcrkheim-768x338.jpg 768w\" sizes=\"(max-width: 801px) 100vw, 801px\" \/><\/figure>\n\n\n\n<p>Neben Dominic Greiner und Robert Pietsch fuhren mit Thilo\nT\u00f6dtmann (Shepherd\/Gimar) und Patrick N\u00e4hr (Shepherd\/Novarossi) zwei weitere\ndeutsche Fahrer im Hauptfinale. Melvin Diekmann (Shepherd\/Gimar), Patrick\nSch\u00e4fer (Shepherd\/Gimar), Toni Gruber (Shepherd(Novarossi) und Tobias Kerler\n(Capricorn\/One) schieden im Halbfinale aus. <\/p>\n\n\n<p>Nach seinem Sieg wird Dominic Greiner sicher auch an seinen langj\u00e4hrigen F\u00f6rderer Heiner Martin, wie Dominic Greiner ebenfalls Mitglied des TCC T\u00fcrkheim, gedacht haben. &nbsp;Ihm habe er alles zu verdanken, sagte Dominic Greiner in einem Interview mit <span style=\"color: #008000;\"><em><strong>BRCNEWS<\/strong> <\/em><\/span>im <em>S<\/em>eptember 2016<em>.<\/em> \u201eEgal, ob es anfangs Material war oder sein unerreichtes Wissen \u00fcber die Fahrzeuggeometrie und Motorentechnik.&#8220;<\/p>\n\n\n<p>Nach seinem Sieg wird Dominic Greiner sicher auch an seinen langj\u00e4hrigen F\u00f6rderer Heiner Martin, wie Dominic Greiner ebenfalls  Mitglied des TCC T\u00fcrkheim,  gedacht haben. &nbsp;Ihm habe er alles zu verdanken, sagte Dominic Greiner in einem Interview mit <em><strong>BRCNEWS <\/strong><\/em>im <em>S<\/em>eptember 2016<em>.<\/em> \u201eEgal, ob es anfangs Material war oder sein unerreichtes Wissen \u00fcber die Fahrzeuggeometrie und Motorentechnik.&#8220;<\/p>\n\n\n\n<hr class=\"wp-block-separator\"\/>\n\n\n\n<div class=\"wp-block-image\"><figure class=\"alignleft is-resized\"><img loading=\"lazy\" src=\"https:\/\/brcnews.net\/wp-content\/uploads\/2019\/08\/EMT\u00fcrkheim.01.jpg\" alt=\"\" class=\"wp-image-21837 colorbox-21834\" width=\"163\" height=\"115\" srcset=\"https:\/\/brcnews.net\/wp-content\/uploads\/2019\/08\/EMT\u00fcrkheim.01.jpg 600w, https:\/\/brcnews.net\/wp-content\/uploads\/2019\/08\/EMT\u00fcrkheim.01-300x213.jpg 300w\" sizes=\"(max-width: 163px) 100vw, 163px\" \/><\/figure><\/div>\n\n\n\n<p>Das Beitragsbild zeigt Dominic Greiner (links) und seinen Helfer Thomas G\u00fcnsel. Seit Jahren sind beide ein erfolgreiches Paar &#8211; Bildquelle: Michael Salven<\/p>\n\n\n\n<hr class=\"wp-block-separator\"\/>\n\n\n\n<figure class=\"wp-block-embed-facebook wp-block-embed is-type-video is-provider-facebook\"><div class=\"wp-block-embed__wrapper\">\n<div id=\"fb-root\"><\/div><script async=\"1\" defer=\"1\" crossorigin=\"anonymous\" src=\"https:\/\/connect.facebook.net\/de_DE\/sdk.js#xfbml=1&amp;version=v4.0\"><\/script><div class=\"fb-video\" data-href=\"https:\/\/www.facebook.com\/deutscherminicarclub\/videos\/435040953765875\/\" data-width=\"474\"><blockquote cite=\"https:\/\/www.facebook.com\/deutscherminicarclub\/videos\/435040953765875\/\" class=\"fb-xfbml-parse-ignore\"><a href=\"https:\/\/www.facebook.com\/deutscherminicarclub\/videos\/435040953765875\/\"><\/a><p>EM VG10 T\u00fcrkheim\/DE die letzten vier Minuten<\/p>Gepostet von <a href=\"https:\/\/www.facebook.com\/deutscherminicarclub\/\">Deutscher Minicar Club e.V.<\/a> am Samstag, 17. August 2019<\/blockquote><\/div>\n<\/div><\/figure>\n<div class=\"twoclick_social_bookmarks_post_21834 social_share_privacy clearfix 1.6.4 locale-de_DE sprite-de_DE\"><\/div><div class=\"twoclick-js\"><script type=\"text\/javascript\">\/* <![CDATA[ *\/\njQuery(document).ready(function($){if($('.twoclick_social_bookmarks_post_21834')){$('.twoclick_social_bookmarks_post_21834').socialSharePrivacy({\"services\":{\"facebook\":{\"status\":\"on\",\"txt_info\":\"2 Klicks f\\u00fcr mehr Datenschutz: Erst wenn Sie hier klicken, wird der Button aktiv und Sie k\\u00f6nnen Ihre Empfehlung an Facebook senden. Schon beim Aktivieren werden Daten an Dritte \\u00fcbertragen - siehe <em>i<\\\/em>.\",\"perma_option\":\"off\",\"action\":\"recommend\",\"language\":\"de_DE\"},\"twitter\":{\"reply_to\":\"\",\"tweet_text\":\"%20Dominic%20Greiner%20ist%20neuer%20Europameister%20Nitro%201%3A10%20%C2%BB%20BRCNEWS.NET%20%23Dominic%20...\",\"status\":\"on\",\"txt_info\":\"2 Klicks f\\u00fcr mehr Datenschutz: Erst wenn Sie hier klicken, wird der Button aktiv und Sie k\\u00f6nnen Ihre Empfehlung an Twitter senden. Schon beim Aktivieren werden Daten an Dritte \\u00fcbertragen - siehe <em>i<\\\/em>.\",\"perma_option\":\"off\",\"language\":\"de\",\"referrer_track\":\"\"},\"gplus\":{\"status\":\"on\",\"txt_info\":\"2 Klicks f\\u00fcr mehr Datenschutz: Erst wenn Sie hier klicken, wird der Button aktiv und Sie k\\u00f6nnen Ihre Empfehlung an Google+ senden. Schon beim Aktivieren werden Daten an Dritte \\u00fcbertragen - siehe <em>i<\\\/em>.\",\"perma_option\":\"off\",\"referrer_track\":\"\"}},\"txt_help\":\"Wenn Sie diese Felder durch einen Klick aktivieren, werden Informationen an Facebook, Twitter, Flattr, Xing, t3n, LinkedIn, Pinterest oder Google eventuell ins Ausland \\u00fcbertragen und unter Umst\\u00e4nden auch dort gespeichert. N\\u00e4heres erfahren Sie durch einen Klick auf das <em>i<\\\/em>.\",\"settings_perma\":\"Dauerhaft aktivieren und Daten\\u00fcber-tragung zustimmen:\",\"info_link\":\"http:\\\/\\\/www.heise.de\\\/ct\\\/artikel\\\/2-Klicks-fuer-mehr-Datenschutz-1333879.html\",\"uri\":\"https:\\\/\\\/brcnews.net\\\/?p=21834\",\"post_id\":21834,\"post_title_referrer_track\":\"Dominic+Greiner+ist+neuer+Europameister+Nitro+1%3A10\",\"display_infobox\":\"on\"});}});\n\/* ]]> *\/<\/script><\/div>","protected":false},"excerpt":{"rendered":"<p>Dominic Greiner (Serpent\/O.S.) ist neuer Europameister 1:10. Auf seiner Heimstrecke in T\u00fcrkheim holte sich der Weltmeister 2016 mit seinem Serpent auf seiner Heimstrecke nun auch den Europameistertitel in dieser Klasse. F\u00fcr den zweifachen deutschen Meister war es der erste Europameistertitel. Vizemeister wurde der Italiener Dario Balestri (Infinity\/Max). Platz drei belegte sein Landsmann Francesco Tironi (Infinty\/Max).<\/p>\n","protected":false},"author":1,"featured_media":21837,"comment_status":"closed","ping_status":"open","sticky":false,"template":"","format":"standard","meta":[],"categories":[16],"tags":[448,96,557],"_links":{"self":[{"href":"https:\/\/brcnews.net\/index.php?rest_route=\/wp\/v2\/posts\/21834"}],"collection":[{"href":"https:\/\/brcnews.net\/index.php?rest_route=\/wp\/v2\/posts"}],"about":[{"href":"https:\/\/brcnews.net\/index.php?rest_route=\/wp\/v2\/types\/post"}],"author":[{"embeddable":true,"href":"https:\/\/brcnews.net\/index.php?rest_route=\/wp\/v2\/users\/1"}],"replies":[{"embeddable":true,"href":"https:\/\/brcnews.net\/index.php?rest_route=%2Fwp%2Fv2%2Fcomments&post=21834"}],"version-history":[{"count":6,"href":"https:\/\/brcnews.net\/index.php?rest_route=\/wp\/v2\/posts\/21834\/revisions"}],"predecessor-version":[{"id":21843,"href":"https:\/\/brcnews.net\/index.php?rest_route=\/wp\/v2\/posts\/21834\/revisions\/21843"}],"wp:featuredmedia":[{"embeddable":true,"href":"https:\/\/brcnews.net\/index.php?rest_route=\/wp\/v2\/media\/21837"}],"wp:attachment":[{"href":"https:\/\/brcnews.net\/index.php?rest_route=%2Fwp%2Fv2%2Fmedia&parent=21834"}],"wp:term":[{"taxonomy":"category","embeddable":true,"href":"https:\/\/brcnews.net\/index.php?rest_route=%2Fwp%2Fv2%2Fcategories&post=21834"},{"taxonomy":"post_tag","embeddable":true,"href":"https:\/\/brcnews.net\/index.php?rest_route=%2Fwp%2Fv2%2Ftags&post=21834"}],"curies":[{"name":"wp","href":"https:\/\/api.w.org\/{rel}","templated":true}]}}