{"id":21815,"date":"2019-08-17T10:15:41","date_gmt":"2019-08-17T08:15:41","guid":{"rendered":"https:\/\/brcnews.net\/?p=21815"},"modified":"2019-08-17T10:16:54","modified_gmt":"2019-08-17T08:16:54","slug":"deutsche-meisterschaft-tourenwagen-und-formel-elektro-ein-rueckblick","status":"publish","type":"post","link":"https:\/\/brcnews.net\/?p=21815","title":{"rendered":"Deutsche Meisterschaft Tourenwagen und Formel Elektro \u2013 ein R\u00fcckblick"},"content":{"rendered":"\n<p>Ronald V\u00f6lker hat als\nEinziger seinen Titel aus dem letzten Jahr verteidigt. In den anderen Klassen\nmussten die Titelverteidiger zum Teil kr\u00e4ftig Federn lassen. Die Teilnehmer des\ngastgebenden Vereins nutzten ihren Heimvorteil und boten der im Kampf um die\nTitel den angereisten Favoriten Paroli.<\/p>\n\n\n\n<!--more-->\n\n\n\n<h4><strong>Ronald V\u00f6lker verteidigt Titel<\/strong><\/h4>\n\n\n\n<figure class=\"wp-block-image\"><img loading=\"lazy\" width=\"1000\" height=\"488\" src=\"https:\/\/brcnews.net\/wp-content\/uploads\/2019\/08\/DM2019_M\u00fcnden.44.jpg\" alt=\"\" class=\"wp-image-21781 colorbox-21815\" srcset=\"https:\/\/brcnews.net\/wp-content\/uploads\/2019\/08\/DM2019_M\u00fcnden.44.jpg 1000w, https:\/\/brcnews.net\/wp-content\/uploads\/2019\/08\/DM2019_M\u00fcnden.44-300x146.jpg 300w, https:\/\/brcnews.net\/wp-content\/uploads\/2019\/08\/DM2019_M\u00fcnden.44-768x375.jpg 768w\" sizes=\"(max-width: 1000px) 100vw, 1000px\" \/><figcaption> Siegerehrung Tourenwagen Modified. Auf dem Podium (von links):  Cristopher Krapp (Platz 2), Ronald V\u00f6lker (Platz 1) und Frederik S\u00fcdhoff  (Platz 3)<\/figcaption><\/figure>\n\n\n\n<p>Zwei Weltmeister versprachen\nvon Anfang Spannung in der Klasse Modified. Doch bei seiner erfolgreichen\nTitelverteidigung musste sich der Weltmeister des Jahres 2016, Ronald V\u00f6lker\n(Yokomo), eher den Angriffen von Christopher Krapp (Yokomo) und Frederik\nS\u00fcdhoff (Awesomatix) erwehren. Die beiden begleiteten Ronald V\u00f6lker dann auch\nauf das Podium \u2013 Christopher Krapp als Zweiter, Ferderik S\u00fcdhoff als Dritter. Der\ndreifache Weltmeister Marc Rheinard (Infinity) belegte in der Schlussabrechnung\nPlatz f\u00fcnf. Im Training hatte es noch nach einem Kopf an Kopf-Rennen zwischen\nden beiden Dauerrivalen V\u00f6lker und Rheinard ausgesehen. F\u00fcr Ronald V\u00f6lker war\nes der achte DM-Titel. Dazu kommen noch sechs Hallenmeistershaften. <\/p>\n\n\n\n<h2><strong>Max Weffers fordert Weltmeister heraus<\/strong><\/h2>\n\n\n\n<figure class=\"wp-block-image\"><img loading=\"lazy\" width=\"1000\" height=\"569\" src=\"https:\/\/brcnews.net\/wp-content\/uploads\/2019\/08\/DM2019_M\u00fcnden.41.jpg\" alt=\"\" class=\"wp-image-21784 colorbox-21815\" srcset=\"https:\/\/brcnews.net\/wp-content\/uploads\/2019\/08\/DM2019_M\u00fcnden.41.jpg 1000w, https:\/\/brcnews.net\/wp-content\/uploads\/2019\/08\/DM2019_M\u00fcnden.41-300x171.jpg 300w, https:\/\/brcnews.net\/wp-content\/uploads\/2019\/08\/DM2019_M\u00fcnden.41-768x437.jpg 768w\" sizes=\"(max-width: 1000px) 100vw, 1000px\" \/><figcaption> Siegerehrung Formel. Auf dem Podium (von links): Max Weffers (Platz 2), Jan Ratheisky (Platz 1) und S\u00f6ren Sparbier (Platz 3)<\/figcaption><\/figure>\n\n\n\n<p>Max Weffers (Roche) vom RCCT\nM\u00fcnden war an diesem Wochenende der st\u00e4rkste Herausforderer des amtierenden\nWeltmeisters Jan Ratheisky (Xray). Im dritten Finallauf entschieden knapp vier\nZehntelsekunden \u00fcber den neuen Deutschen Meister. Mit diesem knappen Vorsprung\nrettete sich Jan Ratheisky \u00fcber die Ziellinie. F\u00fcr Jan Ratheisky, der in seiner\nKarriere viele Troph\u00e4en sammelte, war es der erste Deutsche Meistertitel in der\nFormelklasse. Max Weffers freute sich schlie\u00dflich, Vizemeister geworden zu\nsein. Platz drei belegte S\u00f6ren Sparbier vom RCCT M\u00fcnden. Der dritte Platz\nbedeutete f\u00fcr S\u00f6ren Sparbier der zweite Deutsche Juniorentitel neben dem in\nTourenwagen Modified an diesem Wochenende. <\/p>\n\n\n\n<h4><strong>Martin Hoffer holt sich Titel in Tourenwagen Sport zur\u00fcck<\/strong><\/h4>\n\n\n\n<figure class=\"wp-block-image\"><img loading=\"lazy\" width=\"1000\" height=\"523\" src=\"https:\/\/brcnews.net\/wp-content\/uploads\/2019\/08\/DM2019_M\u00fcnden.43.jpg\" alt=\"\" class=\"wp-image-21783 colorbox-21815\" srcset=\"https:\/\/brcnews.net\/wp-content\/uploads\/2019\/08\/DM2019_M\u00fcnden.43.jpg 1000w, https:\/\/brcnews.net\/wp-content\/uploads\/2019\/08\/DM2019_M\u00fcnden.43-300x157.jpg 300w, https:\/\/brcnews.net\/wp-content\/uploads\/2019\/08\/DM2019_M\u00fcnden.43-768x402.jpg 768w\" sizes=\"(max-width: 1000px) 100vw, 1000px\" \/><figcaption> Siegerehrung Tourenwagen Sport. Auf dem Podium (von links): Max M\u00e4chler  (Platz 2), Martin Hofer (Platz 1) und Kevin Sparbier (Platz 3) <\/figcaption><\/figure>\n\n\n\n<p>Martin Hoffer (Yokomo) hat\nsich seinen im letzten Jahr gegen Max M\u00e4chler verlorenen Titel in diesem Jahr\nwiedergeholt. Neben Titelverteidiger Max M\u00e4chler (Awesomatix) entpuppten sich\nKevin Sparbier (ARC) und Benjamin Eggerstedt <\/p>\n\n\n\n<p>(Xray) (Beide vom RCCT\nM\u00fcnden) als seine st\u00e4rksten Gegner. Erst im letzten Vorlauf holte er sich d\u00ede\nPoleposition vor Benjamin Eggerstedt und Max M\u00e4chler. Bei seinen zwei\nFinallaufsiegen profitierte er auch von den zum Teil harten Zweik\u00e4mpfen um den\nzweiten Platz zwischen Max M\u00e4cher, Benjamin Eggerstedt und Kevin Sparbier. Von\ndieser Dreiergruppe konnte sich Martin Hoffer jeweils absetzen.<\/p>\n\n\n\n<h4><strong>Uwe Kortehaneberg gewinnt Tourenwagen Hobby <\/strong><\/h4>\n\n\n\n<figure class=\"wp-block-image\"><img loading=\"lazy\" width=\"1000\" height=\"604\" src=\"https:\/\/brcnews.net\/wp-content\/uploads\/2019\/08\/DM2019_M\u00fcnden.42.jpg\" alt=\"\" class=\"wp-image-21785 colorbox-21815\" srcset=\"https:\/\/brcnews.net\/wp-content\/uploads\/2019\/08\/DM2019_M\u00fcnden.42.jpg 1000w, https:\/\/brcnews.net\/wp-content\/uploads\/2019\/08\/DM2019_M\u00fcnden.42-300x181.jpg 300w, https:\/\/brcnews.net\/wp-content\/uploads\/2019\/08\/DM2019_M\u00fcnden.42-768x464.jpg 768w\" sizes=\"(max-width: 1000px) 100vw, 1000px\" \/><figcaption> Siegerehrung Tourenwagen Hobby. Auf dem Podium (von links): Torsten  Baggndorf (Platz 2), Uwe Kortehaneberg (Platz 1) und Helge Behrens  (Platz 3)<\/figcaption><\/figure>\n\n\n\n<p>Uwe Kortehanberg ist neuer\nDeutscher Meister in der Klasse Tourenwagen Sport. In spannenden\nPositionsk\u00e4mpfen setzte er sich gegen Thorsten Baggendorf und Helge Behrens\ndurch. In diesem Jahr durften in dieser Klasse zum ersten Mal nur Fahrer im\nAlter von \u00fcber 40 Jahren starten. <\/p>\n\n\n\n<h2><strong>Tourenwagen Fun Open<\/strong><\/h2>\n\n\n\n<figure class=\"wp-block-image\"><img loading=\"lazy\" width=\"1000\" height=\"522\" src=\"https:\/\/brcnews.net\/wp-content\/uploads\/2019\/08\/DM2019_M\u00fcnden.40.jpg\" alt=\"\" class=\"wp-image-21786 colorbox-21815\" srcset=\"https:\/\/brcnews.net\/wp-content\/uploads\/2019\/08\/DM2019_M\u00fcnden.40.jpg 1000w, https:\/\/brcnews.net\/wp-content\/uploads\/2019\/08\/DM2019_M\u00fcnden.40-300x157.jpg 300w, https:\/\/brcnews.net\/wp-content\/uploads\/2019\/08\/DM2019_M\u00fcnden.40-768x401.jpg 768w\" sizes=\"(max-width: 1000px) 100vw, 1000px\" \/><figcaption> Siegerehrung Fun Open. Auf dem Podium (von links): Mark Peters (Platz 2), Stefan Kunze (Platz 1) und Florian Schaffer (Platz 3)<\/figcaption><\/figure>\n\n\n\n<p>Stefan Kunze strahlte, als\nsein Sieg feststand. Wie Mark Peters und Florian Schaffer hatte er einen der\ndrei Finall\u00e4ufe gewonnen. Stefan Kunze war davon den schnellsten gefahren. Dies\nund ein zweiter Platz reichten zum Gesamtsieg.<\/p>\n\n\n\n<p>Erwartungsgem\u00e4\u00df fuhren in\ndieser Klasse die meisten Jugendlichen mit, von denen Shia Ferrara mit sieben\nJahren der j\u00fcngste war. <\/p>\n\n\n\n<figure class=\"wp-block-image\"><img loading=\"lazy\" width=\"1000\" height=\"692\" src=\"https:\/\/brcnews.net\/wp-content\/uploads\/2019\/08\/DM2019_M\u00fcnden.39.jpg\" alt=\"\" class=\"wp-image-21787 colorbox-21815\" srcset=\"https:\/\/brcnews.net\/wp-content\/uploads\/2019\/08\/DM2019_M\u00fcnden.39.jpg 1000w, https:\/\/brcnews.net\/wp-content\/uploads\/2019\/08\/DM2019_M\u00fcnden.39-300x208.jpg 300w, https:\/\/brcnews.net\/wp-content\/uploads\/2019\/08\/DM2019_M\u00fcnden.39-768x531.jpg 768w\" sizes=\"(max-width: 1000px) 100vw, 1000px\" \/><figcaption> Die erfolgreichen Junioren und Jugendlichen an diesem Wochenende<\/figcaption><\/figure>\n\n\n\n<h4><strong>Klein aber fein<\/strong><\/h4>\n\n\n\n<p>F\u00fcr die DM in Hann. M\u00fcnden gilt, was auch schon f\u00fcr die letztj\u00e4hrige DM in Andernach galt: Klein aber fein. In Tourenwagen Modified waren Fahrer am Start, die nicht nur national, sondern auch international seit Jahren in der Spitze mitfahren, viele Rennen gewonnen und viele nationale und internationale Titel errungen haben. Zu nennen sind Marc Rheinard, Ronald V\u00f6lker, Christopher Krapp. Yannic Pr\u00fcmper und Frederik S\u00fcdhoff. Max M\u00e4chler und Martin Hofer sind europaweit erfolgreich in Tourenwagen Sport\/Standard unterwegs. Das gleiche gilt f\u00fcr Jan Ratheisky und David Ehrbar in Formel. Dazu kommen Jahr f\u00fcr Jahr neue Fahrer, die f\u00fcr Spannung sorgen. In Hann. M\u00fcnden waren das vor allem Fahrer aus dem eigenen Verein: Max Weffers in Formel, Kevin Sparbier und Benjamin Eggerstedt in Tourenwagen Sport und schlie\u00dflich der doppelte Juniorenmeister S\u00f6ren Sparbier. <\/p>\n\n\n\n<p>Die Deutschen Meisterschaften Tourenwagen und Formel haben auf jeden Fall deutlich mehr Teilnehmer verdient.<\/p>\n\n\n\n<p><\/p>\n<div class=\"twoclick_social_bookmarks_post_21815 social_share_privacy clearfix 1.6.4 locale-de_DE sprite-de_DE\"><\/div><div class=\"twoclick-js\"><script type=\"text\/javascript\">\/* <![CDATA[ *\/\njQuery(document).ready(function($){if($('.twoclick_social_bookmarks_post_21815')){$('.twoclick_social_bookmarks_post_21815').socialSharePrivacy({\"services\":{\"facebook\":{\"status\":\"on\",\"txt_info\":\"2 Klicks f\\u00fcr mehr Datenschutz: Erst wenn Sie hier klicken, wird der Button aktiv und Sie k\\u00f6nnen Ihre Empfehlung an Facebook senden. Schon beim Aktivieren werden Daten an Dritte \\u00fcbertragen - siehe <em>i<\\\/em>.\",\"perma_option\":\"off\",\"action\":\"recommend\",\"language\":\"de_DE\"},\"twitter\":{\"reply_to\":\"\",\"tweet_text\":\"%20Deutsche%20Meisterschaft%20Tourenwagen%20und%20Formel%20Elektro%20%E2%80%93%20ein%20R%C3%BCckblick%20%C2%BB%20...\",\"status\":\"on\",\"txt_info\":\"2 Klicks f\\u00fcr mehr Datenschutz: Erst wenn Sie hier klicken, wird der Button aktiv und Sie k\\u00f6nnen Ihre Empfehlung an Twitter senden. Schon beim Aktivieren werden Daten an Dritte \\u00fcbertragen - siehe <em>i<\\\/em>.\",\"perma_option\":\"off\",\"language\":\"de\",\"referrer_track\":\"\"},\"gplus\":{\"status\":\"on\",\"txt_info\":\"2 Klicks f\\u00fcr mehr Datenschutz: Erst wenn Sie hier klicken, wird der Button aktiv und Sie k\\u00f6nnen Ihre Empfehlung an Google+ senden. Schon beim Aktivieren werden Daten an Dritte \\u00fcbertragen - siehe <em>i<\\\/em>.\",\"perma_option\":\"off\",\"referrer_track\":\"\"}},\"txt_help\":\"Wenn Sie diese Felder durch einen Klick aktivieren, werden Informationen an Facebook, Twitter, Flattr, Xing, t3n, LinkedIn, Pinterest oder Google eventuell ins Ausland \\u00fcbertragen und unter Umst\\u00e4nden auch dort gespeichert. N\\u00e4heres erfahren Sie durch einen Klick auf das <em>i<\\\/em>.\",\"settings_perma\":\"Dauerhaft aktivieren und Daten\\u00fcber-tragung zustimmen:\",\"info_link\":\"http:\\\/\\\/www.heise.de\\\/ct\\\/artikel\\\/2-Klicks-fuer-mehr-Datenschutz-1333879.html\",\"uri\":\"https:\\\/\\\/brcnews.net\\\/?p=21815\",\"post_id\":21815,\"post_title_referrer_track\":\"Deutsche+Meisterschaft+Tourenwagen+und+Formel+Elektro+%E2%80%93+ein+R%C3%BCckblick\",\"display_infobox\":\"on\"});}});\n\/* ]]> *\/<\/script><\/div>","protected":false},"excerpt":{"rendered":"<p>Ronald V\u00f6lker hat als Einziger seinen Titel aus dem letzten Jahr verteidigt. In den anderen Klassen mussten die Titelverteidiger zum Teil kr\u00e4ftig Federn lassen. Die Teilnehmer des gastgebenden Vereins nutzten ihren Heimvorteil und boten der im Kampf um die Titel den angereisten Favoriten Paroli.<\/p>\n","protected":false},"author":1,"featured_media":21820,"comment_status":"closed","ping_status":"open","sticky":false,"template":"","format":"standard","meta":[],"categories":[539,16],"tags":[53,54,726,716,439],"_links":{"self":[{"href":"https:\/\/brcnews.net\/index.php?rest_route=\/wp\/v2\/posts\/21815"}],"collection":[{"href":"https:\/\/brcnews.net\/index.php?rest_route=\/wp\/v2\/posts"}],"about":[{"href":"https:\/\/brcnews.net\/index.php?rest_route=\/wp\/v2\/types\/post"}],"author":[{"embeddable":true,"href":"https:\/\/brcnews.net\/index.php?rest_route=\/wp\/v2\/users\/1"}],"replies":[{"embeddable":true,"href":"https:\/\/brcnews.net\/index.php?rest_route=%2Fwp%2Fv2%2Fcomments&post=21815"}],"version-history":[{"count":5,"href":"https:\/\/brcnews.net\/index.php?rest_route=\/wp\/v2\/posts\/21815\/revisions"}],"predecessor-version":[{"id":21828,"href":"https:\/\/brcnews.net\/index.php?rest_route=\/wp\/v2\/posts\/21815\/revisions\/21828"}],"wp:featuredmedia":[{"embeddable":true,"href":"https:\/\/brcnews.net\/index.php?rest_route=\/wp\/v2\/media\/21820"}],"wp:attachment":[{"href":"https:\/\/brcnews.net\/index.php?rest_route=%2Fwp%2Fv2%2Fmedia&parent=21815"}],"wp:term":[{"taxonomy":"category","embeddable":true,"href":"https:\/\/brcnews.net\/index.php?rest_route=%2Fwp%2Fv2%2Fcategories&post=21815"},{"taxonomy":"post_tag","embeddable":true,"href":"https:\/\/brcnews.net\/index.php?rest_route=%2Fwp%2Fv2%2Ftags&post=21815"}],"curies":[{"name":"wp","href":"https:\/\/api.w.org\/{rel}","templated":true}]}}