{"id":21532,"date":"2019-07-19T08:13:00","date_gmt":"2019-07-19T06:13:00","guid":{"rendered":"https:\/\/brcnews.net\/?p=21532"},"modified":"2019-07-19T14:17:14","modified_gmt":"2019-07-19T12:17:14","slug":"jetzt-noch-schnell-nennen-zur-dm-2019-tourenwagen-und-formel","status":"publish","type":"post","link":"https:\/\/brcnews.net\/?p=21532","title":{"rendered":"Jetzt noch schnell nennen zur DM 2019 Tourenwagen und Formel"},"content":{"rendered":"\n<p>Am zweiten Augustwochenende (9. bis 11. August) treffen sich\nauf der Rennstrecke des RCCT M\u00fcnden im Weserpark in Hann. M\u00fcnden Deutschlands\nbeste RC-Car-Fahrer in den Elektroklassen Tourenwagen und Formel im Ma\u00dfstab\n1:10, um aus ihren Reihen den jeweiligen Deutschen Meister zu k\u00fcren. <\/p>\n\n\n\n<!--more-->\n\n\n\n<p>Gefahren werden \u2013 wie im letzten Jahr bei der DM in der Arena 33 in Andernach \u2013 vier Rennklassen: Tourenwagen Modified, Tourenwagen Sport, Tourenwagen Hobby sowie die Formelklasse. Zus\u00e4tzlich k\u00f6nnen bis zu 20 Fahrer, Erwachsene und vor allem Nachwuchsfahrer, in der Gastklasse Fun Open bei dieser DM starten. Nennschluss ist Sonntag, der 28. Juli 2019 auf myrcm.ch. Die Ausschreibung gibt es <a href=\"http:\/\/dmc-online.com\/wordpress\/terminuploads\/1562868934_190707_OV241_Ausschreibung_HannMuenden_DM_EG.pdf\">hier<\/a>.<\/p>\n\n\n\n<p>Die amtierenden Deutschen Meister Ronald V\u00f6lker (Tourenwagen\nModified), Max M\u00e4chler (Tourenwagen Sport) und David Ehrbar (Formel) reisen zur\nTitelverteidigung nach Hann. M\u00fcnden anreisen. Die bisherigen Nennungen lassen\nbesondere Spannung in der Klasse Tourenwagen Modified erwarten. Genannt haben\nhier neben Ronald V\u00f6lker (Yokomo) auch der dreifache Weltmeister Marc Rheinard\n(Infinity), und die international erfolgreichen Fahrer Frederik S\u00fcdhoff\n(Awesomatix), der sich zuletzt in die Siegerliste der Euro Touring Series\neintrug, sowie Christopher Krapp (Infinity). Christopher Krapp holte sich 2009\nauf der Strecke des RCCT M\u00fcnden seinen bisher einzigen DM-Titel in dieser\nKlasse.<\/p>\n\n\n\n<figure class=\"wp-block-image\"><img loading=\"lazy\" width=\"960\" height=\"484\" src=\"https:\/\/brcnews.net\/wp-content\/uploads\/2019\/07\/RCCT_M\u00fcnden.02.jpg\" alt=\"\" class=\"wp-image-21536 colorbox-21532\" srcset=\"https:\/\/brcnews.net\/wp-content\/uploads\/2019\/07\/RCCT_M\u00fcnden.02.jpg 960w, https:\/\/brcnews.net\/wp-content\/uploads\/2019\/07\/RCCT_M\u00fcnden.02-300x151.jpg 300w, https:\/\/brcnews.net\/wp-content\/uploads\/2019\/07\/RCCT_M\u00fcnden.02-768x387.jpg 768w\" sizes=\"(max-width: 960px) 100vw, 960px\" \/><\/figure>\n\n\n\n<p>Die Strecke des RCCT M\u00fcnden ist rund 130 Meter lang. Die\nStreckenbegrenzungen sind aus Holz. <\/p>\n\n\n\n<p><\/p>\n<div class=\"twoclick_social_bookmarks_post_21532 social_share_privacy clearfix 1.6.4 locale-de_DE sprite-de_DE\"><\/div><div class=\"twoclick-js\"><script type=\"text\/javascript\">\/* <![CDATA[ *\/\njQuery(document).ready(function($){if($('.twoclick_social_bookmarks_post_21532')){$('.twoclick_social_bookmarks_post_21532').socialSharePrivacy({\"services\":{\"facebook\":{\"status\":\"on\",\"txt_info\":\"2 Klicks f\\u00fcr mehr Datenschutz: Erst wenn Sie hier klicken, wird der Button aktiv und Sie k\\u00f6nnen Ihre Empfehlung an Facebook senden. Schon beim Aktivieren werden Daten an Dritte \\u00fcbertragen - siehe <em>i<\\\/em>.\",\"perma_option\":\"off\",\"action\":\"recommend\",\"language\":\"de_DE\"},\"twitter\":{\"reply_to\":\"\",\"tweet_text\":\"%20Jetzt%20noch%20schnell%20nennen%20zur%20DM%202019%20Tourenwagen%20und%20Formel%20%C2%BB%20BRCNEWS.NET%20...\",\"status\":\"on\",\"txt_info\":\"2 Klicks f\\u00fcr mehr Datenschutz: Erst wenn Sie hier klicken, wird der Button aktiv und Sie k\\u00f6nnen Ihre Empfehlung an Twitter senden. Schon beim Aktivieren werden Daten an Dritte \\u00fcbertragen - siehe <em>i<\\\/em>.\",\"perma_option\":\"off\",\"language\":\"de\",\"referrer_track\":\"\"},\"gplus\":{\"status\":\"on\",\"txt_info\":\"2 Klicks f\\u00fcr mehr Datenschutz: Erst wenn Sie hier klicken, wird der Button aktiv und Sie k\\u00f6nnen Ihre Empfehlung an Google+ senden. Schon beim Aktivieren werden Daten an Dritte \\u00fcbertragen - siehe <em>i<\\\/em>.\",\"perma_option\":\"off\",\"referrer_track\":\"\"}},\"txt_help\":\"Wenn Sie diese Felder durch einen Klick aktivieren, werden Informationen an Facebook, Twitter, Flattr, Xing, t3n, LinkedIn, Pinterest oder Google eventuell ins Ausland \\u00fcbertragen und unter Umst\\u00e4nden auch dort gespeichert. N\\u00e4heres erfahren Sie durch einen Klick auf das <em>i<\\\/em>.\",\"settings_perma\":\"Dauerhaft aktivieren und Daten\\u00fcber-tragung zustimmen:\",\"info_link\":\"http:\\\/\\\/www.heise.de\\\/ct\\\/artikel\\\/2-Klicks-fuer-mehr-Datenschutz-1333879.html\",\"uri\":\"https:\\\/\\\/brcnews.net\\\/?p=21532\",\"post_id\":21532,\"post_title_referrer_track\":\"Jetzt+noch+schnell+nennen+zur+DM+2019+Tourenwagen+und+Formel\",\"display_infobox\":\"on\"});}});\n\/* ]]> *\/<\/script><\/div>","protected":false},"excerpt":{"rendered":"<p>Am zweiten Augustwochenende (9. bis 11. August) treffen sich auf der Rennstrecke des RCCT M\u00fcnden im Weserpark in Hann. M\u00fcnden Deutschlands beste RC-Car-Fahrer in den Elektroklassen Tourenwagen und Formel im Ma\u00dfstab 1:10, um aus ihren Reihen den jeweiligen Deutschen Meister zu k\u00fcren.<\/p>\n","protected":false},"author":1,"featured_media":21533,"comment_status":"closed","ping_status":"open","sticky":false,"template":"","format":"standard","meta":[],"categories":[539,12],"tags":[573,54,716],"_links":{"self":[{"href":"https:\/\/brcnews.net\/index.php?rest_route=\/wp\/v2\/posts\/21532"}],"collection":[{"href":"https:\/\/brcnews.net\/index.php?rest_route=\/wp\/v2\/posts"}],"about":[{"href":"https:\/\/brcnews.net\/index.php?rest_route=\/wp\/v2\/types\/post"}],"author":[{"embeddable":true,"href":"https:\/\/brcnews.net\/index.php?rest_route=\/wp\/v2\/users\/1"}],"replies":[{"embeddable":true,"href":"https:\/\/brcnews.net\/index.php?rest_route=%2Fwp%2Fv2%2Fcomments&post=21532"}],"version-history":[{"count":4,"href":"https:\/\/brcnews.net\/index.php?rest_route=\/wp\/v2\/posts\/21532\/revisions"}],"predecessor-version":[{"id":21538,"href":"https:\/\/brcnews.net\/index.php?rest_route=\/wp\/v2\/posts\/21532\/revisions\/21538"}],"wp:featuredmedia":[{"embeddable":true,"href":"https:\/\/brcnews.net\/index.php?rest_route=\/wp\/v2\/media\/21533"}],"wp:attachment":[{"href":"https:\/\/brcnews.net\/index.php?rest_route=%2Fwp%2Fv2%2Fmedia&parent=21532"}],"wp:term":[{"taxonomy":"category","embeddable":true,"href":"https:\/\/brcnews.net\/index.php?rest_route=%2Fwp%2Fv2%2Fcategories&post=21532"},{"taxonomy":"post_tag","embeddable":true,"href":"https:\/\/brcnews.net\/index.php?rest_route=%2Fwp%2Fv2%2Ftags&post=21532"}],"curies":[{"name":"wp","href":"https:\/\/api.w.org\/{rel}","templated":true}]}}