{"id":21506,"date":"2019-07-19T10:52:57","date_gmt":"2019-07-19T08:52:57","guid":{"rendered":"https:\/\/brcnews.net\/?p=21506"},"modified":"2019-07-28T12:22:48","modified_gmt":"2019-07-28T10:22:48","slug":"deutsche-meisterschaft-buggy-18-elektro-2019-beim-esv-bischofsheim","status":"publish","type":"post","link":"https:\/\/brcnews.net\/?p=21506","title":{"rendered":"Deutsche Meisterschaft Buggy 1:8 Elektro 2019 beim ESV Bischofsheim"},"content":{"rendered":"<p><span style=\"text-decoration: underline;\"><span style=\"color: #008000; text-decoration: underline;\"><strong>31. Meldung: Sonntag&nbsp; 16:10<\/strong><strong> Uhr<\/strong><\/span><\/span><\/p>\n<h4>Die Siegerehrung<\/h4>\n\n\n<figure class=\"wp-block-image\"><img loading=\"lazy\" width=\"800\" height=\"544\" src=\"https:\/\/brcnews.net\/wp-content\/uploads\/2019\/07\/DMBuggyElo.59.jpg\" alt=\"\" class=\"wp-image-21645 colorbox-21506\" srcset=\"https:\/\/brcnews.net\/wp-content\/uploads\/2019\/07\/DMBuggyElo.59.jpg 800w, https:\/\/brcnews.net\/wp-content\/uploads\/2019\/07\/DMBuggyElo.59-300x204.jpg 300w, https:\/\/brcnews.net\/wp-content\/uploads\/2019\/07\/DMBuggyElo.59-768x522.jpg 768w\" sizes=\"(max-width: 800px) 100vw, 800px\" \/><figcaption>Siegerehrung Top 12. Auf dem Podium (von links): Burak Kilic (Platz 2), J\u00f6rn Neumann (Platz 1) und Aaron R\u00f6nick (Platz 3)<\/figcaption><\/figure>\n\n\n\n<figure class=\"wp-block-image\"><img loading=\"lazy\" width=\"800\" height=\"577\" src=\"https:\/\/brcnews.net\/wp-content\/uploads\/2019\/07\/DMBuggyElo.60.jpg\" alt=\"\" class=\"wp-image-21646 colorbox-21506\" srcset=\"https:\/\/brcnews.net\/wp-content\/uploads\/2019\/07\/DMBuggyElo.60.jpg 800w, https:\/\/brcnews.net\/wp-content\/uploads\/2019\/07\/DMBuggyElo.60-300x216.jpg 300w, https:\/\/brcnews.net\/wp-content\/uploads\/2019\/07\/DMBuggyElo.60-768x554.jpg 768w\" sizes=\"(max-width: 800px) 100vw, 800px\" \/><figcaption>Siegerehrung Junioren. Auf dem Podium (von links): Ilias Reise (Platz 2), Berkan Kilic (Platz 1) und Stev Krause (Platz 3)<\/figcaption><\/figure>\n\n\n\n<figure class=\"wp-block-image\"><img loading=\"lazy\" width=\"800\" height=\"433\" src=\"https:\/\/brcnews.net\/wp-content\/uploads\/2019\/07\/DMBuggyElo.61.jpg\" alt=\"\" class=\"wp-image-21648 colorbox-21506\" srcset=\"https:\/\/brcnews.net\/wp-content\/uploads\/2019\/07\/DMBuggyElo.61.jpg 800w, https:\/\/brcnews.net\/wp-content\/uploads\/2019\/07\/DMBuggyElo.61-300x162.jpg 300w, https:\/\/brcnews.net\/wp-content\/uploads\/2019\/07\/DMBuggyElo.61-768x416.jpg 768w\" sizes=\"(max-width: 800px) 100vw, 800px\" \/><figcaption>Siegerehrung 40 plus (von links): Robert Hart (Platz 2), Markus M\u00fcncheberg (Platz 1) und Ralf Schiestel (Platz 3)<\/figcaption><\/figure>\n\n\n\n<figure class=\"wp-block-image\"><img loading=\"lazy\" width=\"800\" height=\"535\" src=\"https:\/\/brcnews.net\/wp-content\/uploads\/2019\/07\/DMBuggyElo.62.jpg\" alt=\"\" class=\"wp-image-21649 colorbox-21506\" srcset=\"https:\/\/brcnews.net\/wp-content\/uploads\/2019\/07\/DMBuggyElo.62.jpg 800w, https:\/\/brcnews.net\/wp-content\/uploads\/2019\/07\/DMBuggyElo.62-300x201.jpg 300w, https:\/\/brcnews.net\/wp-content\/uploads\/2019\/07\/DMBuggyElo.62-768x514.jpg 768w\" sizes=\"(max-width: 800px) 100vw, 800px\" \/><figcaption>Siegerehrung 55 plus (von links): Jens Henningsen (Platz 2), Uwe Schubert Platz 1) und J\u00fcrgen Knott (Platz 3)<\/figcaption><\/figure>\n\n\n\n<!--more-->\n\n\n\n<hr class=\"wp-block-separator\"\/>\n\n\n<p><span style=\"text-decoration: underline;\"><span style=\"color: #008000; text-decoration: underline;\"><strong>30. Meldung: Sonntag&nbsp; 16:10<\/strong><strong> Uhr<\/strong><\/span><\/span><\/p>\n<h4>J\u00f6rn Neumann ist neuer Deutscher Meister Buggy Elektro 1:8<\/h4>\n\n\n<figure class=\"wp-block-image\"><img loading=\"lazy\" width=\"800\" height=\"498\" src=\"https:\/\/brcnews.net\/wp-content\/uploads\/2019\/07\/DMBuggyElo.58.jpg\" alt=\"\" class=\"wp-image-21643 colorbox-21506\" srcset=\"https:\/\/brcnews.net\/wp-content\/uploads\/2019\/07\/DMBuggyElo.58.jpg 800w, https:\/\/brcnews.net\/wp-content\/uploads\/2019\/07\/DMBuggyElo.58-300x187.jpg 300w, https:\/\/brcnews.net\/wp-content\/uploads\/2019\/07\/DMBuggyElo.58-768x478.jpg 768w\" sizes=\"(max-width: 800px) 100vw, 800px\" \/><figcaption>Geschafft! J\u00f6rn Neumann holt sich den Titel<\/figcaption><\/figure>\n\n\n\n<p>J\u00f6rn Neumann hat die Erfahrung, er hat die Nerven, um auch\nunter Druck schwieriger Situationen zu meistern. Einmal von Platz vier nach\nvorn gefahren, lie\u00df er sich diesen Sieg nicht mehr nehmen. Auch wenn Aaron\nR\u00f6nick immer wieder ganz nah rankam. Schon nach gut der H\u00e4lften des Rennens\nhatten weder Burak Kilic noch Micha Widmaier etwas mit dem Sieg in diesem\nletzten und entscheidenden Lauf zu tun. So ganz neben bei fuhr J\u00f6rn Neumann\nauch den schnellsten Finallauf. Zweiter im Gesamtklassement ist Burak Kilic,\nder sich damit auch den Titel als deutscher Jugendmeister sicherte. R\u00f6nick\nAaron wird f\u00fcr seinen starken Auftritt bei dieser Meisterschaft mit dem dritten\nPodiumsplatz belohnt.<\/p>\n\n\n\n<hr class=\"wp-block-separator\"\/>\n\n\n<p><span style=\"text-decoration: underline;\"><span style=\"color: #008000; text-decoration: underline;\"><strong>29. Meldung: Sonntag&nbsp; 15:40<\/strong><strong> Uhr<\/strong><\/span><\/span><\/p>\n<h4>Die ersten Meister<\/h4>\n\n\n<figure class=\"wp-block-image\"><img loading=\"lazy\" width=\"800\" height=\"293\" src=\"https:\/\/brcnews.net\/wp-content\/uploads\/2019\/07\/DMBuggyElo.57.jpg\" alt=\"\" class=\"wp-image-21640 colorbox-21506\" srcset=\"https:\/\/brcnews.net\/wp-content\/uploads\/2019\/07\/DMBuggyElo.57.jpg 800w, https:\/\/brcnews.net\/wp-content\/uploads\/2019\/07\/DMBuggyElo.57-300x110.jpg 300w, https:\/\/brcnews.net\/wp-content\/uploads\/2019\/07\/DMBuggyElo.57-768x281.jpg 768w\" sizes=\"(max-width: 800px) 100vw, 800px\" \/><figcaption>Die Fahrer des Finales 40 plus<\/figcaption><\/figure>\n\n\n\n<p>Berkan Kilic ist neuer Deutscher Meister Junioren. In den\nbeiden Finalen fuhr er seinen Konkurrenten auf und davon. Deutscher Meister.\nMarkus M\u00fcncheberg ist Meister 40plus. Bei Punktegleichheit war er bei seinem Laufsieg\nknapp zwei Sekunden schneller als Robert Hart, Sieger der Klasse 55 plus ist\nUwe Schubert.<\/p>\n\n\n\n<hr class=\"wp-block-separator\"\/>\n\n\n<p><span style=\"text-decoration: underline;\"><span style=\"color: #008000; text-decoration: underline;\"><strong>28. Meldung: Sonntag&nbsp; 14:50<\/strong><strong> Uhr<\/strong><\/span><\/span><\/p>\n<h4>Burak Kilic zur\u00fcck im Kampf um den Titel<\/h4>\n\n\n<figure class=\"wp-block-image\"><img loading=\"lazy\" width=\"800\" height=\"424\" src=\"https:\/\/brcnews.net\/wp-content\/uploads\/2019\/07\/DMBuggyElo.56.jpg\" alt=\"\" class=\"wp-image-21637 colorbox-21506\" srcset=\"https:\/\/brcnews.net\/wp-content\/uploads\/2019\/07\/DMBuggyElo.56.jpg 800w, https:\/\/brcnews.net\/wp-content\/uploads\/2019\/07\/DMBuggyElo.56-300x159.jpg 300w, https:\/\/brcnews.net\/wp-content\/uploads\/2019\/07\/DMBuggyElo.56-768x407.jpg 768w\" sizes=\"(max-width: 800px) 100vw, 800px\" \/><figcaption>Spannende Zweik\u00e4mpfe gab es im zweiten A-Finale zu Hauf, wie hier zwischen Burak Kilic (Startnummer 2), Aaron R\u00f6nick (Startnummer 4) und J\u00f6rn Neumann (Startnummer 3)<\/figcaption><\/figure>\n\n\n\n<p>Burak Kilic ist zur\u00fcck im Kampf um den Titel. Mit nur knapp 0,4 Sekunden Vorsprung gewann er den zweiten A-Finallauf vor J\u00f6rn Neumann und Aaron R\u00f6nick. Bis zum Schluss lieferten sich J\u00f6rn Neumann und Aaron R\u00f6nick einen spannenden Fight um Platz zwei und holten dabe auch noch auf den F\u00fchrenden Burak Kilic auf. Micha Widmaier fiel in der zw\u00f6lften Runde aus. Damit hat er jetzt keine Chance mehr auf eine erfolgreiche Titelverteidigung. <\/p>\n\n\n\n<hr class=\"wp-block-separator\"\/>\n\n\n<p><span style=\"color: #008000;\"><strong>27. Meldung: Sonntag&nbsp; 14:40<\/strong><strong> Uhr<\/strong><\/span><\/p>\n<h4>Vorgestellt: Jody M\u00fcller \u2013 j\u00fcngste Fahrerin<\/h4>\n\n\n<figure class=\"wp-block-image\"><img loading=\"lazy\" width=\"800\" height=\"437\" src=\"https:\/\/brcnews.net\/wp-content\/uploads\/2019\/07\/DMBuggyElo.54.jpg\" alt=\"\" class=\"wp-image-21633 colorbox-21506\" srcset=\"https:\/\/brcnews.net\/wp-content\/uploads\/2019\/07\/DMBuggyElo.54.jpg 800w, https:\/\/brcnews.net\/wp-content\/uploads\/2019\/07\/DMBuggyElo.54-300x164.jpg 300w, https:\/\/brcnews.net\/wp-content\/uploads\/2019\/07\/DMBuggyElo.54-768x420.jpg 768w\" sizes=\"(max-width: 800px) 100vw, 800px\" \/><figcaption>Jody M\u00fcller ganz entspannt<\/figcaption><\/figure>\n\n\n\n<p>Jody M\u00fcller ist elf Jahre alt \u2013 und damit die j\u00fcngste Fahrerin &#8211; im Teilnehmerfeld. Hier in Bischofsheim f\u00e4hrt sie ihre erste DM in der Klasse Buggy 1:8 Elo. Sie hat aber bereits Erfahrungen bei Deutschen Meisterschaften in der Klasse 1:12 GT gesammelt. 2018 und 2019 holte sie sich jeweils den Juniorentitel in dieser Klasse.<\/p>\n\n\n\n<figure class=\"wp-block-image\"><img loading=\"lazy\" width=\"450\" height=\"290\" src=\"https:\/\/brcnews.net\/wp-content\/uploads\/2019\/07\/DMBuggyElo.55.jpg\" alt=\"\" class=\"wp-image-21634 colorbox-21506\" srcset=\"https:\/\/brcnews.net\/wp-content\/uploads\/2019\/07\/DMBuggyElo.55.jpg 450w, https:\/\/brcnews.net\/wp-content\/uploads\/2019\/07\/DMBuggyElo.55-300x193.jpg 300w\" sizes=\"(max-width: 450px) 100vw, 450px\" \/><figcaption>Jody M\u00fcller &#8211; konzentriert auf dem Fahrerstand<\/figcaption><\/figure>\n\n\n\n<p>Die junge RC-Car-Fahrerin stammt aus einer RC-Car begeisterten\nFamilie. Ihr Opa, Bertram Kessler, ist ein Urgestein der Szene. Als noch junger\nund erfolgreicher Verbrennerfahrer hatte er den Mut, das Hoby zum Beruf zu\nmachen. SMI Modellsport in Siegen &#8211; seine Tochter Anke und Jodys Mutter ist\nheute Gesch\u00e4ftsf\u00fchrerin \u2013 ist nicht zuletzt wegen der Hausmarke Orcan weltbekannt.\n<\/p>\n\n\n\n<p>Als Enkelin und Tochter lernte Jody die Rennstrecken\nDeutschlands kennen. Schon in j\u00fcngsten Jahren war sie mit ihren Eltern und dem\nOpa unterwegs. Seit ihrem achten Lebensjahr ist sie selbst aktiv. Im Sommer\nf\u00e4hrt sie Buggy 1:8 Nitro und Elektro, im Winter steuert sie einen 1:12er \u00fcber\nden Parcour. In allen Klassen setzt sie nat\u00fcrlich auf Xray. In Bischofsheim ist\nsie mit der 2018er Version des Xraybuggys unterwegs. Die Elektronik ist von\nAbsima, die Akkus von Gens Ace. <\/p>\n\n\n\n<hr class=\"wp-block-separator\"\/>\n\n\n<p><span style=\"text-decoration: underline;\"><span style=\"color: #008000; text-decoration: underline;\"><strong>26. Meldung: Sonntag&nbsp; 14:10<\/strong><strong> Uhr<\/strong><\/span><\/span><\/p>\n<h4>Sonderfinale<\/h4>\n\n\n<figure class=\"wp-block-image\"><img loading=\"lazy\" width=\"800\" height=\"212\" src=\"https:\/\/brcnews.net\/wp-content\/uploads\/2019\/07\/DMBuggyElo.53.jpg\" alt=\"\" class=\"wp-image-21631 colorbox-21506\" srcset=\"https:\/\/brcnews.net\/wp-content\/uploads\/2019\/07\/DMBuggyElo.53.jpg 800w, https:\/\/brcnews.net\/wp-content\/uploads\/2019\/07\/DMBuggyElo.53-300x80.jpg 300w, https:\/\/brcnews.net\/wp-content\/uploads\/2019\/07\/DMBuggyElo.53-768x204.jpg 768w\" sizes=\"(max-width: 800px) 100vw, 800px\" \/><figcaption>Acht Fahrer starteten im ersten Juniorfinale<\/figcaption><\/figure>\n\n\n\n<p>Bei der Buggy 1:8 Elo-Meisterschaft werden au\u00dfer dem Haupttitel noch weitere Meistertitel in gesonderten Finalen ausgefahren. So k\u00fcren die Fahrer 55 plus und 40 plus, sowie die Junioren (maximal 14 Jahre) ihre Meister in gesonderten Finall\u00e4ufen. Diese Finale werden jeweils zwei Mal gefahren. Das erste Finale 55 plus gewann Jens Henningsen vom MCS Karksfeld.  Im ersten Finale 40 plus setzte sich Robert Hart vom MRC M\u00fcnchen durch. Schnellster bei den Junioren war Berkan Kilic vom BIG Hamburg. <\/p>\n\n\n\n<p>Die zweiten L\u00e4ufe finden erst nach dem zweiten A-Finale statt. <\/p>\n\n\n\n<hr class=\"wp-block-separator\"\/>\n\n\n<p><span style=\"text-decoration: underline;\"><span style=\"color: #008000; text-decoration: underline;\"><strong>25. Meldung: Sonntag&nbsp; 13:30<\/strong><strong> Uhr<\/strong><\/span><\/span><\/p>\n<h4>J\u00f6rn Neumann gewinnt erstes A-Finale<\/h4>\n\n\n<figure class=\"wp-block-image\"><img loading=\"lazy\" width=\"800\" height=\"466\" src=\"https:\/\/brcnews.net\/wp-content\/uploads\/2019\/07\/DMBuggyElo.50.jpg\" alt=\"\" class=\"wp-image-21626 colorbox-21506\" srcset=\"https:\/\/brcnews.net\/wp-content\/uploads\/2019\/07\/DMBuggyElo.50.jpg 800w, https:\/\/brcnews.net\/wp-content\/uploads\/2019\/07\/DMBuggyElo.50-300x175.jpg 300w, https:\/\/brcnews.net\/wp-content\/uploads\/2019\/07\/DMBuggyElo.50-768x447.jpg 768w\" sizes=\"(max-width: 800px) 100vw, 800px\" \/><figcaption>Das erste A-Finale ist gestartet. Micha Widmaier auf der Pole gibt Gas. Dahinter Burak Kilic und J\u00f6rn Neumann<\/figcaption><\/figure>\n\n\n\n<p>Das war ein Finale! Die Favoriten wechselten sich auf den ersten\nvier Pl\u00e4tzen regelm\u00e4\u00dfig. Und als Burak Kilic wegne technischer Probleme\nausfiel, \u00fcbernahm sein j\u00fcngerer Bruder Berkan dessen Rolle. Lange k\u00e4mpfte er\nmit Aaron R\u00f6nick um Position zwei und setzte sich in der letzten Kurve gegen\nihn durch. <\/p>\n\n\n\n<figure class=\"wp-block-image\"><img loading=\"lazy\" width=\"800\" height=\"332\" src=\"https:\/\/brcnews.net\/wp-content\/uploads\/2019\/07\/DMBuggyElo.52.jpg\" alt=\"\" class=\"wp-image-21627 colorbox-21506\" srcset=\"https:\/\/brcnews.net\/wp-content\/uploads\/2019\/07\/DMBuggyElo.52.jpg 800w, https:\/\/brcnews.net\/wp-content\/uploads\/2019\/07\/DMBuggyElo.52-300x125.jpg 300w, https:\/\/brcnews.net\/wp-content\/uploads\/2019\/07\/DMBuggyElo.52-768x319.jpg 768w\" sizes=\"(max-width: 800px) 100vw, 800px\" \/><figcaption>Bei der Zufahrt zum gro\u00dfen Doppelsprung macht Aaron R\u00f6nick (Startnummer 4) einen Fehler . . .<\/figcaption><\/figure>\n\n\n\n<figure class=\"wp-block-image\"><img loading=\"lazy\" width=\"800\" height=\"395\" src=\"https:\/\/brcnews.net\/wp-content\/uploads\/2019\/07\/DMBuggyElo.51.jpg\" alt=\"\" class=\"wp-image-21629 colorbox-21506\" srcset=\"https:\/\/brcnews.net\/wp-content\/uploads\/2019\/07\/DMBuggyElo.51.jpg 800w, https:\/\/brcnews.net\/wp-content\/uploads\/2019\/07\/DMBuggyElo.51-300x148.jpg 300w, https:\/\/brcnews.net\/wp-content\/uploads\/2019\/07\/DMBuggyElo.51-768x379.jpg 768w\" sizes=\"(max-width: 800px) 100vw, 800px\" \/><figcaption>. . . dennoch bleibt er zun\u00e4chst vorn. Am Schluss hatte Berkan Kilic (Startnummer 5) die Nase vorn<\/figcaption><\/figure>\n\n\n\n<p>Aaron R\u00f6nick hatte sich seinerseits spektakul\u00e4re K\u00e4mpfe mit\nMicha Widmaier, der von der Pole ins Rennen ging, und mit J\u00f6rn Neumann &#8211; auch um\nPlatz eins \u2013 geliefert. Im Kampf um den Sieg setzte sich schlie\u00dflich J\u00f6rn\nNeumann durch. Beim \u00dcberqueren der Ziellinie hatte er gegen\u00fcber dem Zeiten\nBerkan Kilic einen Vorsprung von gut 4,8 Sekunden. Dritter wurde Aaron R\u00f6nick,\nVierter Micha Widmaier. <\/p>\n\n\n\n<hr class=\"wp-block-separator\"\/>\n\n\n\n<p><\/p>\n\n\n<p><span style=\"text-decoration: underline;\"><span style=\"color: #008000; text-decoration: underline;\"><strong>24. Meldung: Sonntag&nbsp; 11:45<\/strong><strong> Uhr<\/strong><\/span><\/span><\/p>\n<h4>Die Favoriten sind durch<\/h4>\n\n\n<hr class=\"wp-block-separator\"\/>\n\n\n\n<figure class=\"wp-block-image\"><img loading=\"lazy\" width=\"800\" height=\"398\" src=\"https:\/\/brcnews.net\/wp-content\/uploads\/2019\/07\/DMBuggyElo.48.jpg\" alt=\"\" class=\"wp-image-21621 colorbox-21506\" srcset=\"https:\/\/brcnews.net\/wp-content\/uploads\/2019\/07\/DMBuggyElo.48.jpg 800w, https:\/\/brcnews.net\/wp-content\/uploads\/2019\/07\/DMBuggyElo.48-300x149.jpg 300w, https:\/\/brcnews.net\/wp-content\/uploads\/2019\/07\/DMBuggyElo.48-768x382.jpg 768w\" sizes=\"(max-width: 800px) 100vw, 800px\" \/><figcaption>Die Halbfinalisten B<\/figcaption><\/figure>\n\n\n\n<p>Die vier Favoriten auf den Titel und die drei Podiumspl\u00e4tze haben sich in den Halbfinalen durchgesetzt. J\u00f6rn Neumann und Aaron R\u00f6nick setzen sich im Halbfinale A als Erster du Zweiter durch. Micha Widmaier hatte zuvor das Halbfinale B vor Burak Kilic gewonnen. Die vier Fahrer fuhren jeweils 15 Runden, wobei Micha Widmaier und Burak Kilic die schnelleren Finale aufzuweisen haben. Die beiden lieferten sich auch den engsten und spannendsten Kampf um Platz 1.<\/p>\n\n\n\n<figure class=\"wp-block-image\"><img loading=\"lazy\" width=\"537\" height=\"196\" src=\"https:\/\/brcnews.net\/wp-content\/uploads\/2019\/07\/Die-Finalisten.jpg\" alt=\"\" class=\"wp-image-21619 colorbox-21506\" srcset=\"https:\/\/brcnews.net\/wp-content\/uploads\/2019\/07\/Die-Finalisten.jpg 537w, https:\/\/brcnews.net\/wp-content\/uploads\/2019\/07\/Die-Finalisten-300x109.jpg 300w\" sizes=\"(max-width: 537px) 100vw, 537px\" \/><\/figure>\n\n\n\n<p>Der Deutsche Meister wird jetzt in den drei anstehenden\nA-Finalen ausgefahren. <\/p>\n\n\n\n<hr class=\"wp-block-separator\"\/>\n\n\n<p><span style=\"text-decoration: underline;\"><span style=\"color: #008000; text-decoration: underline;\"><strong>23. Meldung: Sonntag&nbsp; 10:45<\/strong><strong> Uhr<\/strong><\/span><\/span><\/p>\n<h4>Halbfinale komplett<\/h4>\n\n\n<figure class=\"wp-block-image\"><img loading=\"lazy\" width=\"800\" height=\"448\" src=\"https:\/\/brcnews.net\/wp-content\/uploads\/2019\/07\/DMBuggyElo.49.jpg\" alt=\"\" class=\"wp-image-21622 colorbox-21506\" srcset=\"https:\/\/brcnews.net\/wp-content\/uploads\/2019\/07\/DMBuggyElo.49.jpg 800w, https:\/\/brcnews.net\/wp-content\/uploads\/2019\/07\/DMBuggyElo.49-300x168.jpg 300w, https:\/\/brcnews.net\/wp-content\/uploads\/2019\/07\/DMBuggyElo.49-768x430.jpg 768w\" sizes=\"(max-width: 800px) 100vw, 800px\" \/><figcaption>Start Viertelfinale A. Auf Startoplatz 1 steht der Asso von Robert Hart<\/figcaption><\/figure>\n\n\n\n<p>Die beiden Halbfinale sind komplett. Das Viertelfinale B\ngewann Johannes Schropp vom MAC Brombachsee, das Viertelfinale A Robert Hart\nvom MRC M\u00fcnchen.<\/p>\n\n\n\n<figure class=\"wp-block-image\"><img loading=\"lazy\" width=\"537\" height=\"150\" src=\"https:\/\/brcnews.net\/wp-content\/uploads\/2019\/07\/Aufsteiger_Halbfinale-1.jpg\" alt=\"\" class=\"wp-image-21617 colorbox-21506\" srcset=\"https:\/\/brcnews.net\/wp-content\/uploads\/2019\/07\/Aufsteiger_Halbfinale-1.jpg 537w, https:\/\/brcnews.net\/wp-content\/uploads\/2019\/07\/Aufsteiger_Halbfinale-1-300x84.jpg 300w\" sizes=\"(max-width: 537px) 100vw, 537px\" \/><\/figure>\n\n\n\n<p>Im anschlie\u00dfend gestarteten ersten E-Finale setzte sich\nManfred Bluhm vor Peter Theuerkorn und Annika R\u00fc\u00df durch.<\/p>\n\n\n\n<hr class=\"wp-block-separator\"\/>\n\n\n<p><span style=\"text-decoration: underline;\"><span style=\"color: #008000; text-decoration: underline;\"><strong>22. Meldung: Sonntag 9:45<\/strong><strong> Uhr<\/strong><\/span><\/span><\/p>\n<h4>Vorgestellt: Die Favorite<\/h4>\n\n\n<div class=\"wp-block-image\"><figure class=\"aligncenter is-resized\"><img loading=\"lazy\" src=\"https:\/\/brcnews.net\/wp-content\/uploads\/2019\/07\/DMBuggyElo.46.jpg\" alt=\"\" class=\"wp-image-21613 colorbox-21506\" width=\"397\" height=\"415\" srcset=\"https:\/\/brcnews.net\/wp-content\/uploads\/2019\/07\/DMBuggyElo.46.jpg 600w, https:\/\/brcnews.net\/wp-content\/uploads\/2019\/07\/DMBuggyElo.46-286x300.jpg 286w\" sizes=\"(max-width: 397px) 100vw, 397px\" \/><figcaption>In den Vorl\u00e4ufen standen die vier schnellsten Fahrer direkt nebeneinander<\/figcaption><\/figure><\/div>\n\n\n\n<p>Drei, vier Fahrer galten von Anfang an Favoriten auf den Meistertitel. Dazu z\u00e4hlten in erster Linie der Titelverteidiger Micha Widmaier und J\u00f6rn Neumann. Titelchancen wurden von Anfang an auch Burak Kilic einger\u00e4umt. Nach Carsten Kellers Ausstieg nach dem ersten Renntag hat sich Aaron R\u00f6nick als m\u00f6glicher im Training und den Vorl\u00e4ufen als Aspirant f\u00fcr das Podium herausgesch\u00e4lt. Ein Blick auf das Alter der Fahrer gen\u00fcgt, um zu sehen, dass es in der Klasse Buggy 1:8 keinen Nachwuchsmangel gibt.<\/p>\n\n\n\n<p><strong>Micha Widmaier (18 Jahre)<\/strong>: Der Titelverteidiger vom MCC Nufringen hat seinen Anspruch auf eine erfolgreiche Titelverteidigung best\u00e4tigt. Drei Mal ist er in den Vorl\u00e4ufen ausgefallen. Da blieb zuletzt nur ein vierter Platz. Das Tempo der anderen Favoriten konnte er jederzeit mitgehen. Micha Widmaier ist mit bereits zwei frischen Deutschen Meistertitel nach Bischofsheim angereist. In Laupheim holte er sich die Titel in den Truggyklassen 1:8 Nitro und Elektro. 2017 sicherte er sich den hei\u00dfumk\u00e4mpften Titel in Buggy Nitro 1:8. Micha Widmeier f\u00e4hrt einen Sworkz mit Elektronik von Nosram.<\/p>\n\n\n\n<p><strong>J\u00f6rn Neumann (28 Jahre)<\/strong>: J\u00f6rn Neumann vom AMC Langenfeld ist der erfolgreichste deutsche Offroadfahrer. In seiner langen Karriere holte er sich allein 34 deutsche Meistertitel. Sieben Mal war er bisher Europameister. Vier Mal war er Deutscher Meister Buggy 1:8 Nitro. Der Titel in der Klasse Buggy 1:8 Nitro fehlt allerdings noch in seiner Sammlung. Die vier Vorlaufsiege und seine Erfahrungen sprechen daf\u00fcr, dass er sich den Titel in diesem Jahr holt. J\u00f6rn Neumann startet in den Offroadklassen 1:8 f\u00fcr das Team Sworkz. Die Elektronik stammt von seinem langj\u00e4hrigen Sponsor Orion.<\/p>\n\n\n\n<p><strong>Burak Kilic (15 Jahre)<\/strong>: Der junge und starke Nachwuchsfahrer des BIG Hamburg hat in den Offroadklassen 1:8 immer wieder f\u00fcr Furore gesorgt. Wiederholt wurde er Deutscher Juniorenmeister. 2014 holte er sich den Meistertitel in der Klasse Truggy 1:8 Nitro. Vor einer Woche stand er als Dritter auf dem Podium bei der Euro Buggy 1:8 Nitro in Italien. Damit sicherte er sich auch den Titel Jugendeuropameister. In Bischofsheim gewann er einen Vorlauf und blieb bei seiner schnellsten Runde als einziger Fahrer unter der 40-Sekunden-Marke. Kilic Burak f\u00e4hrt seit einen Agama. Die Elektronik ist von Reds, der Akku von Gens Ace.<\/p>\n\n\n\n<p><strong>Aaron R\u00f6nick (18 Jahre)<\/strong>: Der Fahrer des RC-Racing Clubs Eisenach war in seiner jungen Karriere noch nie so nah an der Spitze dran wie hier in Bischofsheim. Er \u00fcberzeugte vor allem durch seine konstant schnelle und fehlerfreie Fahrweise auf der schwierigen Strecke. 2014 wurde er in dieser Klasse Juniorenmeister. Der Mugenfahrer mit der Elektronik von Hobbywing und Akkus von Ultimate hat gro\u00dfe Chancen auf einen der begehrten Podiumspl\u00e4tze. <\/p>\n\n\n\n<hr class=\"wp-block-separator\"\/>\n\n\n<p><span style=\"text-decoration: underline;\"><span style=\"color: #008000; text-decoration: underline;\"><strong>21. Meldung: Sonntag 9:30<\/strong><strong> Uhr<\/strong><\/span><\/span><\/p>\n<h4>Die Aufsteiger zum Viertelfinale stehen fest<\/h4>\n\n\n<figure class=\"wp-block-image\"><img loading=\"lazy\" width=\"800\" height=\"380\" src=\"https:\/\/brcnews.net\/wp-content\/uploads\/2019\/07\/DMBuggyElo.47.jpg\" alt=\"\" class=\"wp-image-21610 colorbox-21506\" srcset=\"https:\/\/brcnews.net\/wp-content\/uploads\/2019\/07\/DMBuggyElo.47.jpg 800w, https:\/\/brcnews.net\/wp-content\/uploads\/2019\/07\/DMBuggyElo.47-300x143.jpg 300w, https:\/\/brcnews.net\/wp-content\/uploads\/2019\/07\/DMBuggyElo.47-768x365.jpg 768w\" sizes=\"(max-width: 800px) 100vw, 800px\" \/><figcaption>Die Achtelfinalisten A auf dem Fahrerstand<\/figcaption><\/figure>\n\n\n\n<p>Die acht Aufsteiger f\u00fcr die Viertelfinale stehen fest. Florian\nM\u00fcller (BIG Hamburg) gewann das Achtelfinale B, Anastasia F\u00f6rg (MSC\nOber-Moerlen) siegte im Achtelfinale A<\/p>\n\n\n\n<figure class=\"wp-block-image\"><img loading=\"lazy\" width=\"537\" height=\"151\" src=\"https:\/\/brcnews.net\/wp-content\/uploads\/2019\/07\/Aufsteiger_Viertelfinale.jpg\" alt=\"\" class=\"wp-image-21611 colorbox-21506\" srcset=\"https:\/\/brcnews.net\/wp-content\/uploads\/2019\/07\/Aufsteiger_Viertelfinale.jpg 537w, https:\/\/brcnews.net\/wp-content\/uploads\/2019\/07\/Aufsteiger_Viertelfinale-300x84.jpg 300w\" sizes=\"(max-width: 537px) 100vw, 537px\" \/><\/figure>\n\n\n\n<p><\/p>\n\n\n\n<hr class=\"wp-block-separator\"\/>\n\n\n<p><span style=\"text-decoration: underline;\"><span style=\"color: #008000; text-decoration: underline;\"><strong>20. Meldung: Sonntag 8:45<\/strong><strong> Uhr<\/strong><\/span><\/span><\/p>\n<h4>1\/16-Finale gefahren<\/h4>\n\n\n<figure class=\"wp-block-image\"><img loading=\"lazy\" width=\"800\" height=\"526\" src=\"https:\/\/brcnews.net\/wp-content\/uploads\/2019\/07\/DMBuggyElo.45.jpg\" alt=\"\" class=\"wp-image-21606 colorbox-21506\" srcset=\"https:\/\/brcnews.net\/wp-content\/uploads\/2019\/07\/DMBuggyElo.45.jpg 800w, https:\/\/brcnews.net\/wp-content\/uploads\/2019\/07\/DMBuggyElo.45-300x197.jpg 300w, https:\/\/brcnews.net\/wp-content\/uploads\/2019\/07\/DMBuggyElo.45-768x505.jpg 768w\" sizes=\"(max-width: 800px) 100vw, 800px\" \/><figcaption>Die letzten vier Sekunden vor dem Start laufen. Gleich hebt Referee Marcus Krause die Startflagge<\/figcaption><\/figure>\n\n\n\n<p>P\u00fcnktlich um 8:00 Uhr hob Referee Markus Krause zum ersten Mal die Startflagge und schickte die Fahrer des 1\/16-Finale B auf die Strecke. Sechs Fahrer nahmen den Kampf um die ersten vier Pl\u00e4tze, die zum Aufstieg ins 1\/8-Finale berechtigen. Der erste Finalsieger nach zehn Minuten Laufdauer hie\u00df Uwe Schubert von der RC RaceCrew. Das 1\/16-Finale A gewann Johannes Wagner vom MRC Senden.<\/p>\n\n\n\n<figure class=\"wp-block-image\"><img loading=\"lazy\" width=\"537\" height=\"152\" src=\"https:\/\/brcnews.net\/wp-content\/uploads\/2019\/07\/Aufsteiger_Achtelfinale.jpg\" alt=\"\" class=\"wp-image-21608 colorbox-21506\" srcset=\"https:\/\/brcnews.net\/wp-content\/uploads\/2019\/07\/Aufsteiger_Achtelfinale.jpg 537w, https:\/\/brcnews.net\/wp-content\/uploads\/2019\/07\/Aufsteiger_Achtelfinale-300x85.jpg 300w\" sizes=\"(max-width: 537px) 100vw, 537px\" \/><\/figure>\n\n\n\n<p><\/p>\n\n\n\n<hr class=\"wp-block-separator\"\/>\n\n\n<p><span style=\"text-decoration: underline;\"><span style=\"color: #008000; text-decoration: underline;\"><strong>19. Meldung: Samstag 19:0<\/strong><strong>0 Uhr<\/strong><\/span><\/span><\/p>\n<h4>J\u00f6rn Neumann gewann souver\u00e4n<\/h4>\n\n\n<p>Es war noch einmal ein spannender f\u00fcnfter Vorlauf. Bis kurz\nvor Schluss f\u00fchrte Mischa Widmaier. Das Aus f\u00fcr ihn kam kurz vor Schluss, als\nseine Elektronik versagte. J\u00f6rn Neumann \u00fcbernahm die Spitze und fuhr seinen\nvierten Vorlaufsieg ein. Zweiter wurde in diesem Lauf Berkan Kilic mit gut\neiner Sekunde Vorsprung vor seinem Bruder Burak, der mit 39,823 Sekunden die\nschnellste Rennrunde der Veranstaltung fuhr. <\/p>\n\n\n\n<p>Die <strong>Top 10 nach den Vorl\u00e4ufen<\/strong><\/p>\n\n\n\n<ol><li>J\u00f6rn Neumann<\/li><li>Burak Kilic<\/li><li>Aaron R\u00f6nick<\/li><li>Micha Widmaier<\/li><li>Berkan Kilic<\/li><li>Maximilian Cantarero<\/li><li>Maik Wiesweg<\/li><li>Morris Voldenauer<\/li><li>Tom Sommer<\/li><li>Tim Kraus<\/li><\/ol>\n\n\n\n<p>Die Fahrerinnen und Fahrer, die wir heute und gestern gesondert vorgestellt haben, erreichten folgende Platzierungen: Sophie (Platz 14), Vanessa Elterman (Platz 32), Aaron Waitz (Platz 39), Sven Elfering (Platz 53) und Annika R\u00fc\u00df (Platz 57).<\/p>\n\n\n\n<p>Morgen geht es mit den Aufstiegsfinalen weiter. Los geht es mit den 1\/16 Finalen. Die besten vier steigen jeweils auf. Aus den beiden Halbfinalen bestreiten die jeweils ersten Sechs das A-Finale. <\/p>\n\n\n\n<ul><li>Zur<a href=\"http:\/\/www.rc-timing.de\/V40C0\/20190718\/\"> Gesamtrangliste<\/a> nach dem f\u00fcnften Vorlauf<\/li><li>Zur <a href=\"http:\/\/www.rc-timing.de\/V40C0\/20190718\/\">Finalaufteilung<\/a> <\/li><\/ul>\n\n\n\n<hr class=\"wp-block-separator\"\/>\n\n\n<p><span style=\"text-decoration: underline;\"><span style=\"color: #339966; text-decoration: underline;\"><strong>18. Meldung: Samstag 17:5<\/strong><strong>0 Uhr<\/strong><\/span><\/span><\/p>\n<h4>Vorgestellt. Die beiden J\u00fcngsten \u2013 Levin Elfering und Aaron Waitz<\/h4>\n\n\n<figure class=\"wp-block-image\"><img loading=\"lazy\" width=\"800\" height=\"461\" src=\"https:\/\/brcnews.net\/wp-content\/uploads\/2019\/07\/DMBuggyElo.40.jpg\" alt=\"\" class=\"wp-image-21590 colorbox-21506\" srcset=\"https:\/\/brcnews.net\/wp-content\/uploads\/2019\/07\/DMBuggyElo.40.jpg 800w, https:\/\/brcnews.net\/wp-content\/uploads\/2019\/07\/DMBuggyElo.40-300x173.jpg 300w, https:\/\/brcnews.net\/wp-content\/uploads\/2019\/07\/DMBuggyElo.40-768x443.jpg 768w\" sizes=\"(max-width: 800px) 100vw, 800px\" \/><figcaption>Nachwuchsfahrer (von links): Levin Elfering und Aaron Waitz <\/figcaption><\/figure>\n\n\n\n<p>Levin Elfering f\u00e4hrt seine erste Deutsche Meisterschaft. F\u00fcr Aaron Waitz ist es bereits die zweite. Er war letztes Jahr schon In Sand am Main dabei. <\/p>\n\n\n\n<p>Levin Elfering ist mit sechs Jahren der j\u00fcngste Fahrer dieser DM. Aaron Waitz ist acht Jahre alt. Hochmotiviert und mit gro\u00dfem Ehrgeiz steuern sie ihre Buggys \u00fcber die anspruchsvolle Strecke. Sie und ihre V\u00e4ter haben hier eine Menge Spa\u00df.<\/p>\n\n\n\n<div class=\"wp-block-image\"><figure class=\"alignright is-resized\"><img loading=\"lazy\" src=\"https:\/\/brcnews.net\/wp-content\/uploads\/2019\/07\/DMBuggyElo.41.jpg\" alt=\"\" class=\"wp-image-21591 colorbox-21506\" width=\"255\" height=\"209\" srcset=\"https:\/\/brcnews.net\/wp-content\/uploads\/2019\/07\/DMBuggyElo.41.jpg 450w, https:\/\/brcnews.net\/wp-content\/uploads\/2019\/07\/DMBuggyElo.41-300x245.jpg 300w\" sizes=\"(max-width: 255px) 100vw, 255px\" \/><\/figure><\/div>\n\n\n\n<p>Levin kommt aus M\u00fcnster. Mit seinem Vater Sven (41) stieg er\nvor zwei Jahren in die Szene ein. Der sechsj\u00e4hrige ist mittlerweile der\nschnellere der beiden. Vater und Sohn starten f\u00fcr den Verein Modellsport\nM\u00fcnsterland. Levin Elfering f\u00e4hrt einen Sworkz mit Tekin-Regler, Performa-Motor\nund Akkus von Gens Ace. <\/p>\n\n\n\n<div class=\"wp-block-image\"><figure class=\"alignleft is-resized\"><img loading=\"lazy\" src=\"https:\/\/brcnews.net\/wp-content\/uploads\/2019\/07\/DMBuggyElo.39.jpg\" alt=\"\" class=\"wp-image-21592 colorbox-21506\" width=\"250\" height=\"231\" srcset=\"https:\/\/brcnews.net\/wp-content\/uploads\/2019\/07\/DMBuggyElo.39.jpg 450w, https:\/\/brcnews.net\/wp-content\/uploads\/2019\/07\/DMBuggyElo.39-300x277.jpg 300w\" sizes=\"(max-width: 250px) 100vw, 250px\" \/><\/figure><\/div>\n\n\n\n<p>Aaron Waitz kommt aus Heiligenstadt in Th\u00fcringen. Er f\u00e4hrt seit gut 2,5 Jahren einen Buggy 1:8. Sein Vater Ricky (41) fuhr fr\u00fcher selbst, ist jetzt aber als Schrauber f\u00fcr seinen Sohn t\u00e4tig. Der Achtj\u00e4hrige steuert einen Agama A215 mit Hobbywing-Regler, Hacker-Motor und Akkus von RoaringTop. Er f\u00e4hrt f\u00fcr den Verein RC Offroad Heligenstadt.<\/p>\n\n\n\n<hr class=\"wp-block-separator\"\/>\n\n\n<p><span style=\"text-decoration: underline;\"><span style=\"color: #008000; text-decoration: underline;\"><strong>17. Meldung: Samstag 17:1<\/strong><strong>0 Uhr<\/strong><\/span><\/span><\/p>\n<h4>Burak Kilic schnellster Fahrer im vierten Vorlauf<\/h4>\n\n\n<figure class=\"wp-block-image\"><img loading=\"lazy\" width=\"800\" height=\"462\" src=\"https:\/\/brcnews.net\/wp-content\/uploads\/2019\/07\/DMBuggyElo.38.jpg\" alt=\"\" class=\"wp-image-21588 colorbox-21506\" srcset=\"https:\/\/brcnews.net\/wp-content\/uploads\/2019\/07\/DMBuggyElo.38.jpg 800w, https:\/\/brcnews.net\/wp-content\/uploads\/2019\/07\/DMBuggyElo.38-300x173.jpg 300w, https:\/\/brcnews.net\/wp-content\/uploads\/2019\/07\/DMBuggyElo.38-768x444.jpg 768w\" sizes=\"(max-width: 800px) 100vw, 800px\" \/><figcaption>Der Agama (Startnummer 3) von Burak Kilic auf dem Weg zum Vorlaufsieg. Im Hintergrund der Habao von Tom Sommer<\/figcaption><\/figure>\n\n\n\n<p>Im vierten Vorlauf setzte sich Burak Kilic durch. Er fuhr 15\nRunden in 10:25,619 Minuten. Es war der bisher zweitschnellste Vorlauf. Zweiter\nwurde mit einem R\u00fcckstand von gut f\u00fcnf Sekunden Aaron R\u00f6nick. J\u00f6rn Neumann kam\nals Dritter ins Ziel. Berkan Kilic wurde Vierter, Morris Voldenauer F\u00fcnfter.<\/p>\n\n\n\n<hr class=\"wp-block-separator\"\/>\n\n\n<p><span style=\"text-decoration: underline; color: #339966;\"><strong>16. Meldung: Samstag 16:0<\/strong><strong>0 Uhr<\/strong><\/span><\/p>\n<h4>Vorgestellt: Sophie M\u00fcller \u2013 schnellste Fahrerin im Feld<\/h4>\n\n\n<figure class=\"wp-block-image\"><img loading=\"lazy\" width=\"800\" height=\"542\" src=\"https:\/\/brcnews.net\/wp-content\/uploads\/2019\/07\/DMBuggyElo.36.jpg\" alt=\"\" class=\"wp-image-21582 colorbox-21506\" srcset=\"https:\/\/brcnews.net\/wp-content\/uploads\/2019\/07\/DMBuggyElo.36.jpg 800w, https:\/\/brcnews.net\/wp-content\/uploads\/2019\/07\/DMBuggyElo.36-300x203.jpg 300w, https:\/\/brcnews.net\/wp-content\/uploads\/2019\/07\/DMBuggyElo.36-768x520.jpg 768w\" sizes=\"(max-width: 800px) 100vw, 800px\" \/><figcaption>Sophie M\u00fcller ist ganz bei der Sache. In diesem dritten Vorlauf war sie f\u00fcnfschnellste Fahrerin<\/figcaption><\/figure>\n\n\n\n<p>Sophie M\u00fcller vom RCCR Munzig (Sachsen) ist derzeit die schnellste Fahrerin im Feld. Im gezeiteten Training belegte sie Platz 20. Im dritten Vorlauf ist sie mit 14 Runden in 10:33,284 Minuten die sechsbeste Zeit gefahren. Bei der Elo-DM 2018 in Sand am Main belegte sie Platz 22. Im letzten Jahr gewann sie den Sachsencup in der Elektroklasse. Aktuell setzt sie auf einen Sworkz, der mit Elektronik (Motor, Regler und Akku) von Hobbywing ausgestattet ist. <\/p>\n\n\n\n<figure class=\"wp-block-image\"><img loading=\"lazy\" width=\"800\" height=\"401\" src=\"https:\/\/brcnews.net\/wp-content\/uploads\/2019\/07\/DMBuggyElo.37.jpg\" alt=\"\" class=\"wp-image-21583 colorbox-21506\" srcset=\"https:\/\/brcnews.net\/wp-content\/uploads\/2019\/07\/DMBuggyElo.37.jpg 800w, https:\/\/brcnews.net\/wp-content\/uploads\/2019\/07\/DMBuggyElo.37-300x150.jpg 300w, https:\/\/brcnews.net\/wp-content\/uploads\/2019\/07\/DMBuggyElo.37-768x385.jpg 768w\" sizes=\"(max-width: 800px) 100vw, 800px\" \/><figcaption>Nach dem Einbiegen auf die lange Gerade vor dem Fahrerstand zieht Sophie M\u00fcller den Gashebel voll durch<\/figcaption><\/figure>\n\n\n\n<p>Die 15-J\u00e4hrige ist seit vier Jahren im Rennzirkus dabei. Sie\nstartet in beiden Buggyklassen 1:8. Ihr Vater Harry, der selbst Glattbahn Verbrenner\ngefahren ist, brachte ihr den Spa\u00df am RC-Car-Fahren nahe. Heute fungiert er als\nihr Schrauber. <\/p>\n\n\n\n<figure class=\"wp-block-image\"><img loading=\"lazy\" width=\"800\" height=\"481\" src=\"https:\/\/brcnews.net\/wp-content\/uploads\/2019\/07\/DMBuggyElo.35.jpg\" alt=\"\" class=\"wp-image-21584 colorbox-21506\" srcset=\"https:\/\/brcnews.net\/wp-content\/uploads\/2019\/07\/DMBuggyElo.35.jpg 800w, https:\/\/brcnews.net\/wp-content\/uploads\/2019\/07\/DMBuggyElo.35-300x180.jpg 300w, https:\/\/brcnews.net\/wp-content\/uploads\/2019\/07\/DMBuggyElo.35-768x462.jpg 768w\" sizes=\"(max-width: 800px) 100vw, 800px\" \/><figcaption>Sophie M\u00fcller vor dem Rhein-Main-Circuit<\/figcaption><\/figure>\n\n\n\n<p>Sophie M\u00fcller f\u00e4hrt auch in den Buggyklassen 1:10 Rennen. In\ndiesem Jahr wird sie noch an den deutschen Meisterschaften Buggy 4WD in\nLangenfeld und Buggy 2WD in Andernach teilnehmen. <\/p>\n\n\n\n<hr class=\"wp-block-separator\"\/>\n\n\n<p><span style=\"text-decoration: underline;\"><span style=\"color: #008000; text-decoration: underline;\"><strong>15. Meldung: Samstag 15:3<\/strong><strong>0 Uhr<\/strong><\/span><\/span><\/p>\n<h4>Neumann gewinnt auch dritten Vorlauf<\/h4>\n\n\n<p>J\u00f6rn Neumann hat auch den dritten Vorlauf gewonnen. Dieses\nMal mit 8,5 Sekunden vor Burak Kilic. <\/p>\n\n\n\n<p><\/p>\n\n\n\n<hr class=\"wp-block-separator\"\/>\n\n\n<p><span style=\"text-decoration: underline; color: #339966;\"><strong>14. Meldung: Samstag 13:0<\/strong><strong>0 Uhr<\/strong><\/span><\/p>\n<h4>J\u00f6rn Neumann wieder Schnellster<\/h4>\n\n\n<p>J\u00f6rn Neumann fuhr auch im zweiten Vorlauf die schnellste\nZeit. Er war dabei allerdings \u00fcber sieben Sekunden langsamer. Auch der Zweite\nund Dritte, Aaron R\u00f6nick und Micha Widmaier, waren langsamer als im ersten\nVorlauf. Dahinter folgten dann Berkan Kilic und Maik Wiesweg<\/p>\n\n\n\n<p><\/p>\n\n\n\n<hr class=\"wp-block-separator\"\/>\n\n\n<p><span style=\"text-decoration: underline;\"><span style=\"color: #008000; text-decoration: underline;\"><strong>13. Meldung: Samstag 12:4<\/strong><strong>0 Uhr<\/strong><\/span><\/span><\/p>\n<h4>Die Top 5 am gro\u00dfen Doppelsprung<\/h4>\n\n\n<figure class=\"wp-block-image\"><img loading=\"lazy\" width=\"800\" height=\"431\" src=\"https:\/\/brcnews.net\/wp-content\/uploads\/2019\/07\/DMBuggyElo.28.jpg\" alt=\"\" class=\"wp-image-21575 colorbox-21506\" srcset=\"https:\/\/brcnews.net\/wp-content\/uploads\/2019\/07\/DMBuggyElo.28.jpg 800w, https:\/\/brcnews.net\/wp-content\/uploads\/2019\/07\/DMBuggyElo.28-300x162.jpg 300w, https:\/\/brcnews.net\/wp-content\/uploads\/2019\/07\/DMBuggyElo.28-768x414.jpg 768w\" sizes=\"(max-width: 800px) 100vw, 800px\" \/><figcaption>J\u00f6rn Neumann<\/figcaption><\/figure>\n\n\n\n<figure class=\"wp-block-image\"><img loading=\"lazy\" width=\"800\" height=\"365\" src=\"https:\/\/brcnews.net\/wp-content\/uploads\/2019\/07\/DMBuggyElo.31.jpg\" alt=\"\" class=\"wp-image-21576 colorbox-21506\" srcset=\"https:\/\/brcnews.net\/wp-content\/uploads\/2019\/07\/DMBuggyElo.31.jpg 800w, https:\/\/brcnews.net\/wp-content\/uploads\/2019\/07\/DMBuggyElo.31-300x137.jpg 300w, https:\/\/brcnews.net\/wp-content\/uploads\/2019\/07\/DMBuggyElo.31-768x350.jpg 768w\" sizes=\"(max-width: 800px) 100vw, 800px\" \/><figcaption>Micha Widmaier<\/figcaption><\/figure>\n\n\n\n<figure class=\"wp-block-image\"><img loading=\"lazy\" width=\"800\" height=\"415\" src=\"https:\/\/brcnews.net\/wp-content\/uploads\/2019\/07\/DMBuggyElo.32.jpg\" alt=\"\" class=\"wp-image-21577 colorbox-21506\" srcset=\"https:\/\/brcnews.net\/wp-content\/uploads\/2019\/07\/DMBuggyElo.32.jpg 800w, https:\/\/brcnews.net\/wp-content\/uploads\/2019\/07\/DMBuggyElo.32-300x156.jpg 300w, https:\/\/brcnews.net\/wp-content\/uploads\/2019\/07\/DMBuggyElo.32-768x398.jpg 768w\" sizes=\"(max-width: 800px) 100vw, 800px\" \/><figcaption>Aaron R\u00f6nick<\/figcaption><\/figure>\n\n\n\n<figure class=\"wp-block-image\"><img loading=\"lazy\" width=\"800\" height=\"416\" src=\"https:\/\/brcnews.net\/wp-content\/uploads\/2019\/07\/DMBuggyElo.33.jpg\" alt=\"\" class=\"wp-image-21578 colorbox-21506\" srcset=\"https:\/\/brcnews.net\/wp-content\/uploads\/2019\/07\/DMBuggyElo.33.jpg 800w, https:\/\/brcnews.net\/wp-content\/uploads\/2019\/07\/DMBuggyElo.33-300x156.jpg 300w, https:\/\/brcnews.net\/wp-content\/uploads\/2019\/07\/DMBuggyElo.33-768x399.jpg 768w\" sizes=\"(max-width: 800px) 100vw, 800px\" \/><figcaption>Burak Kilic<\/figcaption><\/figure>\n\n\n\n<figure class=\"wp-block-image\"><img loading=\"lazy\" width=\"800\" height=\"405\" src=\"https:\/\/brcnews.net\/wp-content\/uploads\/2019\/07\/DMBuggyElo.27.jpg\" alt=\"\" class=\"wp-image-21579 colorbox-21506\" srcset=\"https:\/\/brcnews.net\/wp-content\/uploads\/2019\/07\/DMBuggyElo.27.jpg 800w, https:\/\/brcnews.net\/wp-content\/uploads\/2019\/07\/DMBuggyElo.27-300x152.jpg 300w, https:\/\/brcnews.net\/wp-content\/uploads\/2019\/07\/DMBuggyElo.27-768x389.jpg 768w\" sizes=\"(max-width: 800px) 100vw, 800px\" \/><figcaption>Berkan Kilic<\/figcaption><\/figure>\n\n\n\n<hr class=\"wp-block-separator\"\/>\n\n\n<p><span style=\"text-decoration: underline;\"><span style=\"color: #008000;\"><strong>Zw\u00f6fte&nbsp; Meldung: Samstag 12:00 Uhr<\/strong><\/span><\/span><\/p>\n<h4>J\u00f6rn Neumann gewinnt Vorlauf 1<\/h4>\n\n\n<figure class=\"wp-block-image\"><img loading=\"lazy\" width=\"800\" height=\"371\" src=\"https:\/\/brcnews.net\/wp-content\/uploads\/2019\/07\/DMBuggyElo.34.jpg\" alt=\"\" class=\"wp-image-21573 colorbox-21506\" srcset=\"https:\/\/brcnews.net\/wp-content\/uploads\/2019\/07\/DMBuggyElo.34.jpg 800w, https:\/\/brcnews.net\/wp-content\/uploads\/2019\/07\/DMBuggyElo.34-300x139.jpg 300w, https:\/\/brcnews.net\/wp-content\/uploads\/2019\/07\/DMBuggyElo.34-768x356.jpg 768w\" sizes=\"(max-width: 800px) 100vw, 800px\" \/><figcaption>J\u00f6rn Neumann (Startnummer 1) geht an Markus M\u00fcncheberg (Startnummer 11)<\/figcaption><\/figure>\n\n\n\n<p>J\u00f6rn Neumann hat den ersten Vorlauf gewonnen. In 10:21,846\nMinuten fuhr er 15 Runden. Gut drei Sekunden zur\u00fcck folgte Micha Widmaier.\nAaron R\u00f6nick wurde Dritter vor Burak Kilic und dessen j\u00fcngerem Bruder Berkan.\nSie alle fuhren 15 Runden.<\/p>\n\n\n\n<p>Im Lauf wechselten sich die beiden Sworkz-Fahrer immer\nwieder an Position eins ab. Mal lag Maik Widmaier, mal J\u00f6rn Neumann vorn. Erst\nkurz vor Schluss setzte sich J\u00f6rn Neumann etwas ab. Mit diesem Zweikampf\nmachten die Beiden deutlich, dass sie die Topfavoriten f\u00fcr den DM-Titel sind.<\/p>\n\n\n\n<p>\u00dcbrigens: Maik Wieweg, der den ersten Vorlauf der Gruppe 1\ngewann, erreichte mit seinen 14 Runden im Gesamtklassement Platz 18.<\/p>\n\n\n\n<hr class=\"wp-block-separator\"\/>\n\n\n<p><span style=\"text-decoration: underline; color: #008000;\"><strong>Elfte&nbsp; Meldung: Samstag 10:30 Uhr<\/strong><\/span><\/p>\n<h4>14 Runden im ersten Vorlauf der Gruppe 1<\/h4>\n\n\n<figure class=\"wp-block-image\"><img loading=\"lazy\" width=\"800\" height=\"465\" src=\"https:\/\/brcnews.net\/wp-content\/uploads\/2019\/07\/DMBuggyElo.25.jpg\" alt=\"\" class=\"wp-image-21566 colorbox-21506\" srcset=\"https:\/\/brcnews.net\/wp-content\/uploads\/2019\/07\/DMBuggyElo.25.jpg 800w, https:\/\/brcnews.net\/wp-content\/uploads\/2019\/07\/DMBuggyElo.25-300x174.jpg 300w, https:\/\/brcnews.net\/wp-content\/uploads\/2019\/07\/DMBuggyElo.25-768x446.jpg 768w\" sizes=\"(max-width: 800px) 100vw, 800px\" \/><figcaption>Startvorbereitung f\u00fcr den ersten Vorlauf<\/figcaption><\/figure>\n\n\n\n<p>Maik Wiesweg fuhr im ersten Vorlauf der Gruppe 1 in zehn\nMinuten plus \u00dcberzeit 14 Runden. Der Zweitplatzierte, Lucas Thomas, hatte eine\nRunde R\u00fcckstand. <\/p>\n\n\n\n<figure class=\"wp-block-image\"><img loading=\"lazy\" width=\"800\" height=\"531\" src=\"https:\/\/brcnews.net\/wp-content\/uploads\/2019\/07\/DMBuggyElo.26.jpg\" alt=\"\" class=\"wp-image-21567 colorbox-21506\" srcset=\"https:\/\/brcnews.net\/wp-content\/uploads\/2019\/07\/DMBuggyElo.26.jpg 800w, https:\/\/brcnews.net\/wp-content\/uploads\/2019\/07\/DMBuggyElo.26-300x199.jpg 300w, https:\/\/brcnews.net\/wp-content\/uploads\/2019\/07\/DMBuggyElo.26-768x510.jpg 768w\" sizes=\"(max-width: 800px) 100vw, 800px\" \/><figcaption>Fahrer der ersten Gruppe kurz vor dem Start<\/figcaption><\/figure>\n\n\n\n<p>Rennleiter Florian Schrenk hatte den ersten Vorlaufdurchgang\np\u00fcnktlich um 10:00 Uhr gestartet. Es ist der erste von insgesamt f\u00fcnf. <\/p>\n\n\n\n<p>Die drei pers\u00f6nlich besten L\u00e4ufe flie\u00dfen f\u00fcr jeden Fahrer in die Gesamtwertung ein. Die Wertung erfolgt nach Punkte. Die Fahrzeit betr\u00e4gt jeweils zehn Minuten plus \u00dcberzeit.<\/p>\n\n\n\n<hr class=\"wp-block-separator\"\/>\n\n\n<p><span style=\"text-decoration: underline;\"><span style=\"color: #008000;\"><strong>Zehnte&nbsp; Meldung: Samstag 9:30 Uhr<\/strong><\/span><\/span><\/p>\n<h4>Zweiter Renntag hat begonnen<\/h4>\n\n\n<figure class=\"wp-block-image\"><img loading=\"lazy\" width=\"800\" height=\"497\" src=\"https:\/\/brcnews.net\/wp-content\/uploads\/2019\/07\/DMBuggyElo.21.jpg\" alt=\"\" class=\"wp-image-21555 colorbox-21506\" srcset=\"https:\/\/brcnews.net\/wp-content\/uploads\/2019\/07\/DMBuggyElo.21.jpg 800w, https:\/\/brcnews.net\/wp-content\/uploads\/2019\/07\/DMBuggyElo.21-300x186.jpg 300w, https:\/\/brcnews.net\/wp-content\/uploads\/2019\/07\/DMBuggyElo.21-768x477.jpg 768w\" sizes=\"(max-width: 800px) 100vw, 800px\" \/><figcaption>Burak Kilic beim Sprung \u00fcber den gro\u00dfen Doppelsprung<\/figcaption><\/figure>\n\n\n\n<p>Mit einem freien Training hat der zweite Renntag begonnen. Schnellster\nwar wieder J\u00f6rn Neumann, der seine schnellsten drei zusammenh\u00e4ngenden Runden in\n2:02,682 Minuten absolvierte, gefolgt von Micha Widmaier. Die beiden\nSworkz-Piloten trennten gerade Mal knapp sieben Zehntelsekunden. Aaron R\u00f6nick,\nBurak Kilic und Berkan Burak. Belegten die Pl\u00e4tze drei bis f\u00fcnf.<\/p>\n\n\n\n<figure class=\"wp-block-image\"><img loading=\"lazy\" width=\"1024\" height=\"494\" src=\"https:\/\/brcnews.net\/wp-content\/uploads\/2019\/07\/DMBuggyElo.23-1024x494.jpg\" alt=\"\" class=\"wp-image-21556 colorbox-21506\" srcset=\"https:\/\/brcnews.net\/wp-content\/uploads\/2019\/07\/DMBuggyElo.23-1024x494.jpg 1024w, https:\/\/brcnews.net\/wp-content\/uploads\/2019\/07\/DMBuggyElo.23-300x145.jpg 300w, https:\/\/brcnews.net\/wp-content\/uploads\/2019\/07\/DMBuggyElo.23-768x370.jpg 768w\" sizes=\"(max-width: 1024px) 100vw, 1024px\" \/><figcaption>Fahrerbesprechung (von links):  Referee Marcus Krause, der DMC-Offizille Rafl Bauer, Rennleiter Florian Schrenk, ESV-Abteilungsleiter Armin Birkenfeld und Moderator\/Zeitnehmer Florian Schimm<\/figcaption><\/figure>\n\n\n\n<p>Danach gab es die obligatorische Fahrerbesprechung, in der\ndie Rennleitung noch einmal auf den Rennablauf und das Prozedere bei der\ntechnischen Abnahme einging.<\/p>\n\n\n\n<figure class=\"wp-block-image\"><img loading=\"lazy\" width=\"800\" height=\"292\" src=\"https:\/\/brcnews.net\/wp-content\/uploads\/2019\/07\/DMBuggyElo.24.jpg\" alt=\"\" class=\"wp-image-21559 colorbox-21506\" srcset=\"https:\/\/brcnews.net\/wp-content\/uploads\/2019\/07\/DMBuggyElo.24.jpg 800w, https:\/\/brcnews.net\/wp-content\/uploads\/2019\/07\/DMBuggyElo.24-300x110.jpg 300w, https:\/\/brcnews.net\/wp-content\/uploads\/2019\/07\/DMBuggyElo.24-768x280.jpg 768w\" sizes=\"(max-width: 800px) 100vw, 800px\" \/><\/figure>\n\n\n\n<hr class=\"wp-block-separator\"\/>\n\n\n\n<figure class=\"wp-block-image\"><img class=\"colorbox-21506\"  src=\"blob:https:\/\/brcnews.net\/15c85f56-46c6-4358-a09c-b28241d5e162\" alt=\"\"\/><\/figure>\n\n\n<p><span style=\"text-decoration: underline;\"><span style=\"color: #008000;\"><strong>Neunte&nbsp; Meldung: Freitag 19:15 Uhr<\/strong><\/span><\/span><\/p>\n<h4>Der erste Renntag ist zu Ende<\/h4>\n\n\n<p>Mit dem zweiten gezeiteten Training endet der erste Renntag.\nDie Favoriten stehen fest. J\u00f6rn Neumann fuhr mit 2:00,960 Minuten die\nschnellste Zeit. Dahinter folgen Titelverteidiger Micha Widmaier, Burak Kilic,\nder bei der EM Buggy 1:8 Nitro am letzten Wochenende auf dem Podium stand,\nAaron R\u00f6nick und Carsten Keller. <\/p>\n\n\n\n<hr class=\"wp-block-separator\"\/>\n\n\n<p><span style=\"text-decoration: underline;\"><span style=\"color: #008000;\"><strong>Achte Meldung: Freitag 19:00 Uhr<\/strong><\/span><\/span><\/p>\n<h4>Vorgestellt: Annika R\u00fc\u00df und Vanessa Eltermann vom Offroad Club Ostsee<\/h4>\n\n\n<figure class=\"wp-block-image\"><img loading=\"lazy\" width=\"800\" height=\"450\" src=\"https:\/\/brcnews.net\/wp-content\/uploads\/2019\/07\/DMBuggyElo.17.jpg\" alt=\"\" class=\"wp-image-21552 colorbox-21506\" srcset=\"https:\/\/brcnews.net\/wp-content\/uploads\/2019\/07\/DMBuggyElo.17.jpg 800w, https:\/\/brcnews.net\/wp-content\/uploads\/2019\/07\/DMBuggyElo.17-300x169.jpg 300w, https:\/\/brcnews.net\/wp-content\/uploads\/2019\/07\/DMBuggyElo.17-768x432.jpg 768w\" sizes=\"(max-width: 800px) 100vw, 800px\" \/><figcaption>Nehmen zum ersten Mal an einer Deutschen Meisterschaft teil: Annika R\u00fc\u00df und Vanessa Eltermann<\/figcaption><\/figure>\n\n\n\n<p>Vanessa Eltermann f\u00e4hrt seit vier Jahren einen Buggy 1:8\nElektro. Bei der DM startet sie mit einem Mugen MBX8, der von einem Orion-Motor\nangetrieben wird. Annika R\u00fc\u00df steuert einen Sworkz S35-3E. Ihr Motor kommt von\nHobbywing. Sie f\u00e4hrt jetzt ihre zweite Saison.<\/p>\n\n\n\n<p>Annika R\u00fc\u00df (28 Jahre) und Vanessa Eltermann (17 Jahre) starten beide zum ersten Mal bei einer Deutschen Meisterschaft. Sie kommen vom Offroad Club Ostsee in Neustadt in Holstein. Den Weg zum Hobby fanden sie durch ihre V\u00e4ter Jens Eltermann und Reiner Mehnert. Annika R\u00fc\u00df hat jahrelang den Buggy ihres Vaters getankt. An diesem Wochenende bet\u00e4tigen sich die V\u00e4ter als Schrauber. Vanessa Eltermann ist Sch\u00fclerin, Annika R\u00fc\u00df arbeitet beim Finanzamt in L\u00fcbeck.<\/p>\n\n\n\n<p><\/p>\n\n\n\n<p><\/p>\n\n\n\n<p><\/p>\n\n\n\n<p>Nach dem gezeiteten Training steht Vanessa Eltermann auf Platz 36 , Annika R\u00fc\u00df auf Platz 50. Auf dem Rhein-Main-Circuit fahren sie zum ersten Mal. F\u00fcr die beiden RC-Car-Pilotinnen waren es heute die ersten Runden auf dem Parcours. \u201eDie Strecke ist anspruchsvoll\u201c, sagt Annika R\u00fc\u00df. <\/p>\n\n\n\n<hr class=\"wp-block-separator\"\/>\n\n\n<p><span style=\"text-decoration: underline;\"><span style=\"color: #008000;\"><strong>Siebte Meldung: 17:50 Uhr<\/strong><\/span><\/span><\/p>\n<h4>Erstes gezeitetes Training: J\u00f6rn Neumann \u00fcbernimmt F\u00fchrung<\/h4>\n\n\n<p>Im ersten gezeiteten Training war J\u00f6rn Neumann schnellster Fahrer. Er fuhr seine schnellsten drei zusammenh\u00e4ngenden Runden in 2:01,042 Minuten. Micha Widmaier war knapp acht Zehntelsekunden langsamer. Burak Kilic auf Platz drei brauchte knapp 2,7 Sekunden l\u00e4nger. Auf den Pl\u00e4tzen dahinter folgten Aaron R\u00f6nick und Carsten Keller. Micha Widmaier h\u00e4lt nach wie vor die Bestzeit mit  2:00,163 Minuten im ersten freien Training.<\/p>\n\n\n\n<hr class=\"wp-block-separator\"\/>\n\n\n<p><span style=\"text-decoration: underline;\"><span style=\"color: #008000;\"><strong>Sechste Meldung: 16:45 Uhr<\/strong><\/span><\/span><\/p>\n<h4>Micha Widmaier bleibt vorn<\/h4>\n\n\n<figure class=\"wp-block-image\"><img loading=\"lazy\" width=\"800\" height=\"608\" src=\"https:\/\/brcnews.net\/wp-content\/uploads\/2019\/07\/DMBuggyElo.16.jpg\" alt=\"\" class=\"wp-image-21549 colorbox-21506\" srcset=\"https:\/\/brcnews.net\/wp-content\/uploads\/2019\/07\/DMBuggyElo.16.jpg 800w, https:\/\/brcnews.net\/wp-content\/uploads\/2019\/07\/DMBuggyElo.16-300x228.jpg 300w, https:\/\/brcnews.net\/wp-content\/uploads\/2019\/07\/DMBuggyElo.16-768x584.jpg 768w\" sizes=\"(max-width: 800px) 100vw, 800px\" \/><figcaption>Mischa Widmaier, J\u00f6rn Neumann und Burak Kilic stehen imTraining nebeneinander. Sie sind die wohl hei\u00dfesten Favoriten auf den Meistertitel<\/figcaption><\/figure>\n\n\n\n<p>Auch nach dem dritten freien Trainingsdurchgang bleibt Micha Widmaier vorn. Seine Bestzeit aus dem ersten Traningsdurchgang (von 2:00,163 Minuten) wurde bis jetzt nicht unterboten. Zweitschnellster bleibt Aaron R\u00f6nick (2:02,151 Minuten). J\u00f6rn Neumann verbesserte sich mit 2:02,341 (Minuten) auf den dritten Platz, gefolgt von Burak Kilic (2:02,460 Minuten) und Carsten Keller (2:03,035 Minuten). <\/p>\n\n\n\n<p>Derzeit l\u00e4uft der erste von zwei gezeiteten Trainingsdurchg\u00e4ngen.<\/p>\n\n\n\n<hr class=\"wp-block-separator\"\/>\n\n\n<p><strong><span style=\"text-decoration: underline;\"><span style=\"color: #008000; text-decoration: underline;\">F\u00fcnfte Meldung: 16:00 Uhr<\/span><\/span><\/strong><\/p>\n<h4>Der weitere Rennablauf<\/h4>\n\n\n<figure class=\"wp-block-image\"><img loading=\"lazy\" width=\"800\" height=\"352\" src=\"https:\/\/brcnews.net\/wp-content\/uploads\/2019\/07\/DMBuggyElo.15.jpg\" alt=\"\" class=\"wp-image-21544 colorbox-21506\" srcset=\"https:\/\/brcnews.net\/wp-content\/uploads\/2019\/07\/DMBuggyElo.15.jpg 800w, https:\/\/brcnews.net\/wp-content\/uploads\/2019\/07\/DMBuggyElo.15-300x132.jpg 300w, https:\/\/brcnews.net\/wp-content\/uploads\/2019\/07\/DMBuggyElo.15-768x338.jpg 768w\" sizes=\"(max-width: 800px) 100vw, 800px\" \/><figcaption>Die Fahrer der Gruppe eins starten zum dritten Trainingsdurchgang<\/figcaption><\/figure>\n\n\n\n<p>Heute gibt es noch drei weitere Trainingsdurchl\u00e4ufe. Morgen geht\nes zun\u00e4chst mit einem Trainingslauf weiter. Danach folgen die Vorl\u00e4ufe. F\u00fcnf\nwerden insgesamt gefahren. Die drei besten werden nach Punkten gewertet. <\/p>\n\n\n\n<p>Der Sonntag ist den Finall\u00e4ufen vorbehalten. Begonnen wird\nmit den Sub-und Halbfinalen, aus denen jeweils vier Fahrer aufsteigen. Danach\nfinden dann die Finall\u00e4ufe statt. Die unteren Finale werden zwei Mal, das\nA-Finale drei Mal gefahren.<\/p>\n\n\n\n<p>Die Laufdauer ist jeweils auf zehn Minuten plus \u00dcberzeit\nfestgelegt.<\/p>\n\n\n\n<hr class=\"wp-block-separator\"\/>\n\n\n<p><strong><span style=\"text-decoration: underline;\"><span style=\"color: #008000; text-decoration: underline;\">Vierte Meldung: 15:30 Uhr<\/span><\/span><\/strong><\/p>\n<h4>Die DM hat jetzt an Fahrt aufgenommen<\/h4>\n\n\n<figure class=\"wp-block-image\"><img loading=\"lazy\" width=\"800\" height=\"388\" src=\"https:\/\/brcnews.net\/wp-content\/uploads\/2019\/07\/DMBuggyElo.12.jpg\" alt=\"\" class=\"wp-image-21541 colorbox-21506\" srcset=\"https:\/\/brcnews.net\/wp-content\/uploads\/2019\/07\/DMBuggyElo.12.jpg 800w, https:\/\/brcnews.net\/wp-content\/uploads\/2019\/07\/DMBuggyElo.12-300x146.jpg 300w, https:\/\/brcnews.net\/wp-content\/uploads\/2019\/07\/DMBuggyElo.12-768x372.jpg 768w\" sizes=\"(max-width: 800px) 100vw, 800px\" \/><\/figure>\n\n\n\n<p>Mit dem zweiten Trainingdurchgang hat die DM an Fahrt aufgenommen. Die Rundenzeiten werden deutlich besser. Schnellster Fahrer nach zwei Trainingsdurchg\u00e4ngen ist Titelverteidiger Micha Widmaier. Er fuhr seine drei schnellsten zusammenh\u00e4ngenden Runden in 2:00,163 Minuten. Dahinter folgen Aaron R\u00f6nick (2:02,151 Minuten). Burak Kilic (2:02,559 Minuten), Carsten Keller (2:03,035 Minuten) und Maximilian Cantarero (2:06,968 Minuten). <\/p>\n\n\n\n<figure class=\"wp-block-image\"><img loading=\"lazy\" width=\"800\" height=\"396\" src=\"https:\/\/brcnews.net\/wp-content\/uploads\/2019\/07\/DMBuggyElo.13.jpg\" alt=\"\" class=\"wp-image-21542 colorbox-21506\" srcset=\"https:\/\/brcnews.net\/wp-content\/uploads\/2019\/07\/DMBuggyElo.13.jpg 800w, https:\/\/brcnews.net\/wp-content\/uploads\/2019\/07\/DMBuggyElo.13-300x149.jpg 300w, https:\/\/brcnews.net\/wp-content\/uploads\/2019\/07\/DMBuggyElo.13-768x380.jpg 768w\" sizes=\"(max-width: 800px) 100vw, 800px\" \/><figcaption>Markus M\u00fcncheberg schafft mit seinem Buggy die schnellsten drei zusammenh\u00e4ngenden Runden in 2:11,553 Minuten. Er war f\u00fcnf Sekunden schneller als im ersten Trainingsdurchgang und belegt mit dieser Zeit Platz zwei<\/figcaption><\/figure>\n\n\n\n<p><\/p>\n\n\n\n<hr class=\"wp-block-separator\"\/>\n\n\n<p><strong><span style=\"text-decoration: underline;\"><span style=\"color: #008000; text-decoration: underline;\">Dritte Meldung: 13:30 Uhr<\/span><\/span><\/strong><\/p>\n<h4>Zweiter Versuch klappt<\/h4>\n\n\n<figure class=\"wp-block-image\"><img loading=\"lazy\" width=\"800\" height=\"421\" src=\"https:\/\/brcnews.net\/wp-content\/uploads\/2019\/07\/DMBuggyElo.10.jpg\" alt=\"\" class=\"wp-image-21527 colorbox-21506\" srcset=\"https:\/\/brcnews.net\/wp-content\/uploads\/2019\/07\/DMBuggyElo.10.jpg 800w, https:\/\/brcnews.net\/wp-content\/uploads\/2019\/07\/DMBuggyElo.10-300x158.jpg 300w, https:\/\/brcnews.net\/wp-content\/uploads\/2019\/07\/DMBuggyElo.10-768x404.jpg 768w\" sizes=\"(max-width: 800px) 100vw, 800px\" \/><figcaption>Andreas Peukert beschleunigt seinen Buggy von Assoviated auf der Einfahrt zur langen Geraden<\/figcaption><\/figure>\n\n\n\n<p>Um 12:00 Uhr startete Rennleiter Florian Schrenk den zweiten Versuch, einen Vorlaufdurchgang zu starten. Immerhin f\u00fcnf Fahrer der Gruppe 1 gingen dieses Mal an den Start. Von der Gruppe zwei nutzten sieben Fahrer die Chance, sich mit der Strecke vertraut zu machen. Gar neun Fahrer der Gruppe drei nahmen am Trainingslauf teil.<\/p>\n\n\n\n<figure class=\"wp-block-image\"><img loading=\"lazy\" width=\"800\" height=\"449\" src=\"https:\/\/brcnews.net\/wp-content\/uploads\/2019\/07\/DMBuggyElo.09.jpg\" alt=\"\" class=\"wp-image-21528 colorbox-21506\" srcset=\"https:\/\/brcnews.net\/wp-content\/uploads\/2019\/07\/DMBuggyElo.09.jpg 800w, https:\/\/brcnews.net\/wp-content\/uploads\/2019\/07\/DMBuggyElo.09-300x168.jpg 300w, https:\/\/brcnews.net\/wp-content\/uploads\/2019\/07\/DMBuggyElo.09-768x431.jpg 768w\" sizes=\"(max-width: 800px) 100vw, 800px\" \/><figcaption>Da wird noch mal in die H\u00e4nde gespuckt . . . <\/figcaption><\/figure>\n\n\n\n<p>Vor diesem Trainingsdurchgang hatten das Team des ESV Bischofsheim alle H\u00e4nde voll zu tun, die Strecke fahrbar zu machen. Sie streuten S\u00e4gesp\u00e4ne auf die Strecke und walzten die dann ein, um die Feuchtigkeit aus dem Lehm zu pressen \u2013 mit gro\u00dfem Erfolg.<\/p>\n\n\n\n<hr class=\"wp-block-separator\"\/>\n\n\n<p><strong><span style=\"text-decoration: underline;\"><span style=\"color: #008000; text-decoration: underline;\">Zweite Meldung: 12:00 Uhr<\/span><\/span><\/strong><\/p>\n\n\n<hr class=\"wp-block-separator\"\/>\n\n\n\n<h4>Training &#8211; Erster Versuch abgebrochen <\/h4>\n\n\n\n<figure class=\"wp-block-image is-resized\"><img loading=\"lazy\" src=\"https:\/\/brcnews.net\/wp-content\/uploads\/2019\/07\/DMBuggyElo.05.jpg\" alt=\"\" class=\"wp-image-21520 colorbox-21506\" width=\"474\" height=\"261\" srcset=\"https:\/\/brcnews.net\/wp-content\/uploads\/2019\/07\/DMBuggyElo.05.jpg 800w, https:\/\/brcnews.net\/wp-content\/uploads\/2019\/07\/DMBuggyElo.05-300x166.jpg 300w, https:\/\/brcnews.net\/wp-content\/uploads\/2019\/07\/DMBuggyElo.05-768x424.jpg 768w, https:\/\/brcnews.net\/wp-content\/uploads\/2019\/07\/DMBuggyElo.05-672x372.jpg 672w\" sizes=\"(max-width: 474px) 100vw, 474px\" \/><figcaption>Jody M\u00fcller wagte sich als erste Fahrerin durch das Matschloch zu Beginn der langen Geraden . . .<\/figcaption><\/figure>\n\n\n\n<figure class=\"wp-block-image\"><img loading=\"lazy\" width=\"800\" height=\"417\" src=\"https:\/\/brcnews.net\/wp-content\/uploads\/2019\/07\/DMBuggyElo.06.jpg\" alt=\"\" class=\"wp-image-21522 colorbox-21506\" srcset=\"https:\/\/brcnews.net\/wp-content\/uploads\/2019\/07\/DMBuggyElo.06.jpg 800w, https:\/\/brcnews.net\/wp-content\/uploads\/2019\/07\/DMBuggyElo.06-300x156.jpg 300w, https:\/\/brcnews.net\/wp-content\/uploads\/2019\/07\/DMBuggyElo.06-768x400.jpg 768w\" sizes=\"(max-width: 800px) 100vw, 800px\" \/><figcaption>. . . entsprechend sah ihr Fahrzeug, ein Xray, nach wenigen Runden so aus<\/figcaption><\/figure>\n\n\n\n<p>P\u00fcnktlich zum ersten Trainingsdurchgang begr\u00fc\u00dfte die Sonne die Teilnehmer des ersten Rennlaufes. Doch die Streck war noch nass und matschig. So wagten sich nur drei Fahrer auf die Strecke: Peter Woznik, Peter Eickermann und Jody M\u00fcller. <\/p>\n\n\n\n<div class=\"wp-block-image\"><figure class=\"aligncenter\"><img loading=\"lazy\" width=\"800\" height=\"419\" src=\"https:\/\/brcnews.net\/wp-content\/uploads\/2019\/07\/DMBuggyElo.07.jpg\" alt=\"\" class=\"wp-image-21523 colorbox-21506\" srcset=\"https:\/\/brcnews.net\/wp-content\/uploads\/2019\/07\/DMBuggyElo.07.jpg 800w, https:\/\/brcnews.net\/wp-content\/uploads\/2019\/07\/DMBuggyElo.07-300x157.jpg 300w, https:\/\/brcnews.net\/wp-content\/uploads\/2019\/07\/DMBuggyElo.07-768x402.jpg 768w\" sizes=\"(max-width: 800px) 100vw, 800px\" \/><figcaption>Peter Woznik zieht seinen Buggy am Ende der langen Geraden durch die rutschige Kurve<\/figcaption><\/figure><\/div>\n\n\n\n<p>Die Teilnehmer der zweiten und dritten Trainingsgruppe verzichteten\nauf einen Start, worauf &nbsp;Rennleiter\nFlorian Schrenk den Trainingsdurchgang komplett abbrach.<\/p>\n\n\n\n<figure class=\"wp-block-image\"><img loading=\"lazy\" width=\"800\" height=\"471\" src=\"https:\/\/brcnews.net\/wp-content\/uploads\/2019\/07\/DMBuggyElo.08.jpg\" alt=\"\" class=\"wp-image-21524 colorbox-21506\" srcset=\"https:\/\/brcnews.net\/wp-content\/uploads\/2019\/07\/DMBuggyElo.08.jpg 800w, https:\/\/brcnews.net\/wp-content\/uploads\/2019\/07\/DMBuggyElo.08-300x177.jpg 300w, https:\/\/brcnews.net\/wp-content\/uploads\/2019\/07\/DMBuggyElo.08-768x452.jpg 768w\" sizes=\"(max-width: 800px) 100vw, 800px\" \/><figcaption>Nach dem Lauf gab es f\u00fcr Peter Eickermann einiges zu tun<\/figcaption><\/figure>\n\n\n\n<hr class=\"wp-block-separator\"\/>\n\n\n<p><span style=\"color: #008000;\"><strong><span style=\"text-decoration: underline;\">Erste Meldung: 10:30 Uhr<\/span><\/strong><\/span><\/p>\n<h4>Guten Morgen aus Bischofsheim<br><!--StartFragment--><\/h4>\n\n\n<hr class=\"wp-block-separator\"\/>\n\n\n\n<p>Noch haben die Trainingsl\u00e4ufe nicht begonnen. Am Morgen hat\nes geregnet. Die Strecke ist nass. Einige Pf\u00fctzen haben sich gebildet. Die\nRennleitung hat die ersten zwei Vorl\u00e4ufe gestrichen. Los geht es dann mit dem\nersten Trainingslauf um 11:24 Uhr. <\/p>\n\n\n\n<hr class=\"wp-block-separator\"\/>\n\n\n\n<figure class=\"wp-block-image\"><img loading=\"lazy\" width=\"750\" height=\"217\" src=\"https:\/\/brcnews.net\/wp-content\/uploads\/2016\/08\/tischhusse3x.jpg\" alt=\"\" class=\"wp-image-13505 colorbox-21506\" srcset=\"https:\/\/brcnews.net\/wp-content\/uploads\/2016\/08\/tischhusse3x.jpg 750w, https:\/\/brcnews.net\/wp-content\/uploads\/2016\/08\/tischhusse3x-300x87.jpg 300w\" sizes=\"(max-width: 750px) 100vw, 750px\" \/><\/figure>\n\n\n\n<p>Der Bericht wird gesponsert vom Deutschen Minicar Club <\/p>\n\n\n\n<p><\/p>\n\n\n<p><!--EndFragment--><\/p><div class=\"twoclick_social_bookmarks_post_21506 social_share_privacy clearfix 1.6.4 locale-de_DE sprite-de_DE\"><\/div><div class=\"twoclick-js\"><script type=\"text\/javascript\">\/* <![CDATA[ *\/\njQuery(document).ready(function($){if($('.twoclick_social_bookmarks_post_21506')){$('.twoclick_social_bookmarks_post_21506').socialSharePrivacy({\"services\":{\"facebook\":{\"status\":\"on\",\"txt_info\":\"2 Klicks f\\u00fcr mehr Datenschutz: Erst wenn Sie hier klicken, wird der Button aktiv und Sie k\\u00f6nnen Ihre Empfehlung an Facebook senden. Schon beim Aktivieren werden Daten an Dritte \\u00fcbertragen - siehe <em>i<\\\/em>.\",\"perma_option\":\"off\",\"action\":\"recommend\",\"language\":\"de_DE\"},\"twitter\":{\"reply_to\":\"\",\"tweet_text\":\"%20Deutsche%20Meisterschaft%20Buggy%201%3A8%20Elektro%202019%20beim%20ESV%20Bischofsheim%20%C2%BB%20BRCNEWS.NET%20...\",\"status\":\"on\",\"txt_info\":\"2 Klicks f\\u00fcr mehr Datenschutz: Erst wenn Sie hier klicken, wird der Button aktiv und Sie k\\u00f6nnen Ihre Empfehlung an Twitter senden. Schon beim Aktivieren werden Daten an Dritte \\u00fcbertragen - siehe <em>i<\\\/em>.\",\"perma_option\":\"off\",\"language\":\"de\",\"referrer_track\":\"\"},\"gplus\":{\"status\":\"on\",\"txt_info\":\"2 Klicks f\\u00fcr mehr Datenschutz: Erst wenn Sie hier klicken, wird der Button aktiv und Sie k\\u00f6nnen Ihre Empfehlung an Google+ senden. Schon beim Aktivieren werden Daten an Dritte \\u00fcbertragen - siehe <em>i<\\\/em>.\",\"perma_option\":\"off\",\"referrer_track\":\"\"}},\"txt_help\":\"Wenn Sie diese Felder durch einen Klick aktivieren, werden Informationen an Facebook, Twitter, Flattr, Xing, t3n, LinkedIn, Pinterest oder Google eventuell ins Ausland \\u00fcbertragen und unter Umst\\u00e4nden auch dort gespeichert. N\\u00e4heres erfahren Sie durch einen Klick auf das <em>i<\\\/em>.\",\"settings_perma\":\"Dauerhaft aktivieren und Daten\\u00fcber-tragung zustimmen:\",\"info_link\":\"http:\\\/\\\/www.heise.de\\\/ct\\\/artikel\\\/2-Klicks-fuer-mehr-Datenschutz-1333879.html\",\"uri\":\"https:\\\/\\\/brcnews.net\\\/?p=21506\",\"post_id\":21506,\"post_title_referrer_track\":\"Deutsche+Meisterschaft+Buggy+1%3A8+Elektro+2019+beim+ESV+Bischofsheim\",\"display_infobox\":\"on\"});}});\n\/* ]]> *\/<\/script><\/div>","protected":false},"excerpt":{"rendered":"<p>31. Meldung: Sonntag&nbsp; 16:10 Uhr Die Siegerehrung<\/p>\n","protected":false},"author":1,"featured_media":21626,"comment_status":"closed","ping_status":"open","sticky":false,"template":"","format":"standard","meta":[],"categories":[13],"tags":[225,596,54],"_links":{"self":[{"href":"https:\/\/brcnews.net\/index.php?rest_route=\/wp\/v2\/posts\/21506"}],"collection":[{"href":"https:\/\/brcnews.net\/index.php?rest_route=\/wp\/v2\/posts"}],"about":[{"href":"https:\/\/brcnews.net\/index.php?rest_route=\/wp\/v2\/types\/post"}],"author":[{"embeddable":true,"href":"https:\/\/brcnews.net\/index.php?rest_route=\/wp\/v2\/users\/1"}],"replies":[{"embeddable":true,"href":"https:\/\/brcnews.net\/index.php?rest_route=%2Fwp%2Fv2%2Fcomments&post=21506"}],"version-history":[{"count":62,"href":"https:\/\/brcnews.net\/index.php?rest_route=\/wp\/v2\/posts\/21506\/revisions"}],"predecessor-version":[{"id":21665,"href":"https:\/\/brcnews.net\/index.php?rest_route=\/wp\/v2\/posts\/21506\/revisions\/21665"}],"wp:featuredmedia":[{"embeddable":true,"href":"https:\/\/brcnews.net\/index.php?rest_route=\/wp\/v2\/media\/21626"}],"wp:attachment":[{"href":"https:\/\/brcnews.net\/index.php?rest_route=%2Fwp%2Fv2%2Fmedia&parent=21506"}],"wp:term":[{"taxonomy":"category","embeddable":true,"href":"https:\/\/brcnews.net\/index.php?rest_route=%2Fwp%2Fv2%2Fcategories&post=21506"},{"taxonomy":"post_tag","embeddable":true,"href":"https:\/\/brcnews.net\/index.php?rest_route=%2Fwp%2Fv2%2Ftags&post=21506"}],"curies":[{"name":"wp","href":"https:\/\/api.w.org\/{rel}","templated":true}]}}