{"id":21486,"date":"2019-07-18T22:12:42","date_gmt":"2019-07-18T20:12:42","guid":{"rendered":"https:\/\/brcnews.net\/?p=21486"},"modified":"2019-07-18T22:13:35","modified_gmt":"2019-07-18T20:13:35","slug":"ab-in-die-eifel-zu-den-show-und-mitmachtagen-der-eifel-elos","status":"publish","type":"post","link":"https:\/\/brcnews.net\/?p=21486","title":{"rendered":"Ab in die Eifel zu den Show- und Mitmachtagen der Eifel Elos"},"content":{"rendered":"\n<p>Der Modellautoclub Eifel Elos in Hellenthal veranstaltet an diesem ersten Ferienwochenende  in Nordrhein-Westfalen  (19. bis zum 21. Juli) wieder Show- und Mitmachtage. Der Verein bietet dabei Interessierten jeden Alters die Chance, das Hobby RC-Car-Fahren kostenlos kennenzulernen. <\/p>\n\n\n\n<!--more-->\n\n\n\n<figure class=\"wp-block-image\"><img loading=\"lazy\" width=\"800\" height=\"425\" src=\"https:\/\/brcnews.net\/wp-content\/uploads\/2019\/07\/DMBuggy2WD.07.jpg\" alt=\"\" class=\"wp-image-21504 colorbox-21486\" srcset=\"https:\/\/brcnews.net\/wp-content\/uploads\/2019\/07\/DMBuggy2WD.07.jpg 800w, https:\/\/brcnews.net\/wp-content\/uploads\/2019\/07\/DMBuggy2WD.07-300x159.jpg 300w, https:\/\/brcnews.net\/wp-content\/uploads\/2019\/07\/DMBuggy2WD.07-768x408.jpg 768w\" sizes=\"(max-width: 800px) 100vw, 800px\" \/><figcaption> Auf der Offroadstrecke fanden 2018 die Finall\u00e4ufe zur Deutschen Meisterschaft Buggy 2WD statt <\/figcaption><\/figure>\n\n\n\n<p>Die vereinseigene Anlage mit Offroadrennstrecke, Scale-Parcour und Panzerstrecke am Fu\u00dfe der Olefstaumauer in Hellenthal ist an diesem Wochenende t\u00e4glich von 10 bis 19 Uhr ge\u00f6ffnet. Die sachkundigen Vereinsmitglieder freuen sich auf viele Fragen rund ums Hobby, die sie gerne beantworten. Egal ob Fragen zum Verein, zu Problemen mit einem vorhandenen ferngesteuerten Auto (gerne mitbringen, die Vereinsmitglieder schauen mal dr\u00fcber) oder auch Kaufempfehlungen f\u00fcr das erste RC-Modell. \u201eSprecht uns einfach an\u201c, fordert Teamchef Stephan Elgas die Besucher auf.<\/p>\n\n\n\n<figure class=\"wp-block-image\"><img loading=\"lazy\" width=\"800\" height=\"377\" src=\"https:\/\/brcnews.net\/wp-content\/uploads\/2019\/07\/DMBuggy2WD.02.jpg\" alt=\"\" class=\"wp-image-21502 colorbox-21486\" srcset=\"https:\/\/brcnews.net\/wp-content\/uploads\/2019\/07\/DMBuggy2WD.02.jpg 800w, https:\/\/brcnews.net\/wp-content\/uploads\/2019\/07\/DMBuggy2WD.02-300x141.jpg 300w, https:\/\/brcnews.net\/wp-content\/uploads\/2019\/07\/DMBuggy2WD.02-768x362.jpg 768w\" sizes=\"(max-width: 800px) 100vw, 800px\" \/><figcaption>Ein Buggy 2WD von Schumacher<\/figcaption><\/figure>\n\n\n\n<p>Auf der\nRennstrecke (Offroad) kann jeder mit seinem Elektromodellauto im Ma\u00dfstab 1:10\nRunden drehen. Wer kein eigenes Auto hat, bekommt ein Leihfahrzeug. Der Verein\nhat Fahrzeuge in verschiedenen Leistungsstufen am Start.<\/p>\n\n\n\n<p>Wer es\nlangsamer angehen m\u00f6chte kann sich kann sich mit viel Geschick auf dem daf\u00fcr\nextra angelegten Parcour Panzern und Milit\u00e4rfahrzeuge bewegen. <\/p>\n\n\n\n<figure class=\"wp-block-image\"><img loading=\"lazy\" width=\"800\" height=\"506\" src=\"https:\/\/brcnews.net\/wp-content\/uploads\/2019\/07\/TraxxasTRX4x.075.jpg\" alt=\"\" class=\"wp-image-21490 colorbox-21486\" srcset=\"https:\/\/brcnews.net\/wp-content\/uploads\/2019\/07\/TraxxasTRX4x.075.jpg 800w, https:\/\/brcnews.net\/wp-content\/uploads\/2019\/07\/TraxxasTRX4x.075-300x190.jpg 300w, https:\/\/brcnews.net\/wp-content\/uploads\/2019\/07\/TraxxasTRX4x.075-768x486.jpg 768w\" sizes=\"(max-width: 800px) 100vw, 800px\" \/><figcaption>Ein Land Rover (Traxas TRX 4) k\u00e4mpft sich \u00fcber den Scale-Parcours<\/figcaption><\/figure>\n\n\n\n<p>Im wahrsten Sinne \u00fcber Stock und Stein fahren die Real-Scale\nOffroader 1:10. Vom echten Land Rover, Jepp etc. kaum zu unterscheiden\nbew\u00e4ltigen sie den Parcours mit Bravour. Und wenn es nicht weiter geht, muss\nhalt die Seilwinde ran.<\/p>\n\n\n\n<div class=\"wp-block-image\"><figure class=\"alignleft is-resized\"><img loading=\"lazy\" src=\"https:\/\/brcnews.net\/wp-content\/uploads\/2019\/07\/MAC_Plakat.2x.jpg\" alt=\"\" class=\"wp-image-21488 colorbox-21486\" width=\"188\" height=\"266\" srcset=\"https:\/\/brcnews.net\/wp-content\/uploads\/2019\/07\/MAC_Plakat.2x.jpg 600w, https:\/\/brcnews.net\/wp-content\/uploads\/2019\/07\/MAC_Plakat.2x-212x300.jpg 212w\" sizes=\"(max-width: 188px) 100vw, 188px\" \/><\/figure><\/div>\n\n\n\n<p>Zum Austoben zwischendurch hat der Verein f\u00fcr die J\u00fcngsten\neine H\u00fcpfburg aufgebaut. Jedes Kind erh\u00e4lt nach der Fahrt mit einem Modell zur\nSt\u00e4rkung ein Getr\u00e4nk und einen Snack. <\/p>\n\n\n\n<p>Mehr zum Verein gibt es im Internet unter:  <a href=\"https:\/\/www.mac-eifel-elos.de\/\">https:\/\/www.mac-eifel-elos.de\/<\/a> <\/p>\n\n\n\n<figure class=\"wp-block-image\"><img class=\"colorbox-21486\"  alt=\"\"\/><\/figure>\n<div class=\"twoclick_social_bookmarks_post_21486 social_share_privacy clearfix 1.6.4 locale-de_DE sprite-de_DE\"><\/div><div class=\"twoclick-js\"><script type=\"text\/javascript\">\/* <![CDATA[ *\/\njQuery(document).ready(function($){if($('.twoclick_social_bookmarks_post_21486')){$('.twoclick_social_bookmarks_post_21486').socialSharePrivacy({\"services\":{\"facebook\":{\"status\":\"on\",\"txt_info\":\"2 Klicks f\\u00fcr mehr Datenschutz: Erst wenn Sie hier klicken, wird der Button aktiv und Sie k\\u00f6nnen Ihre Empfehlung an Facebook senden. Schon beim Aktivieren werden Daten an Dritte \\u00fcbertragen - siehe <em>i<\\\/em>.\",\"perma_option\":\"off\",\"action\":\"recommend\",\"language\":\"de_DE\"},\"twitter\":{\"reply_to\":\"\",\"tweet_text\":\"%20Ab%20in%20die%20Eifel%20zu%20den%20Show-%20und%20Mitmachtagen%20der%20Eifel%20Elos%20%C2%BB%20BRCNEWS.NET%20...\",\"status\":\"on\",\"txt_info\":\"2 Klicks f\\u00fcr mehr Datenschutz: Erst wenn Sie hier klicken, wird der Button aktiv und Sie k\\u00f6nnen Ihre Empfehlung an Twitter senden. Schon beim Aktivieren werden Daten an Dritte \\u00fcbertragen - siehe <em>i<\\\/em>.\",\"perma_option\":\"off\",\"language\":\"de\",\"referrer_track\":\"\"},\"gplus\":{\"status\":\"on\",\"txt_info\":\"2 Klicks f\\u00fcr mehr Datenschutz: Erst wenn Sie hier klicken, wird der Button aktiv und Sie k\\u00f6nnen Ihre Empfehlung an Google+ senden. Schon beim Aktivieren werden Daten an Dritte \\u00fcbertragen - siehe <em>i<\\\/em>.\",\"perma_option\":\"off\",\"referrer_track\":\"\"}},\"txt_help\":\"Wenn Sie diese Felder durch einen Klick aktivieren, werden Informationen an Facebook, Twitter, Flattr, Xing, t3n, LinkedIn, Pinterest oder Google eventuell ins Ausland \\u00fcbertragen und unter Umst\\u00e4nden auch dort gespeichert. N\\u00e4heres erfahren Sie durch einen Klick auf das <em>i<\\\/em>.\",\"settings_perma\":\"Dauerhaft aktivieren und Daten\\u00fcber-tragung zustimmen:\",\"info_link\":\"http:\\\/\\\/www.heise.de\\\/ct\\\/artikel\\\/2-Klicks-fuer-mehr-Datenschutz-1333879.html\",\"uri\":\"https:\\\/\\\/brcnews.net\\\/?p=21486\",\"post_id\":21486,\"post_title_referrer_track\":\"Ab+in+die+Eifel+zu+den+Show-+und+Mitmachtagen+der+Eifel+Elos\",\"display_infobox\":\"on\"});}});\n\/* ]]> *\/<\/script><\/div>","protected":false},"excerpt":{"rendered":"<p>Der Modellautoclub Eifel Elos in Hellenthal veranstaltet an diesem ersten Ferienwochenende in Nordrhein-Westfalen (19. bis zum 21. Juli) wieder Show- und Mitmachtage. Der Verein bietet dabei Interessierten jeden Alters die Chance, das Hobby RC-Car-Fahren kostenlos kennenzulernen.<\/p>\n","protected":false},"author":1,"featured_media":21489,"comment_status":"closed","ping_status":"open","sticky":false,"template":"","format":"standard","meta":[],"categories":[539,12],"tags":[54,574],"_links":{"self":[{"href":"https:\/\/brcnews.net\/index.php?rest_route=\/wp\/v2\/posts\/21486"}],"collection":[{"href":"https:\/\/brcnews.net\/index.php?rest_route=\/wp\/v2\/posts"}],"about":[{"href":"https:\/\/brcnews.net\/index.php?rest_route=\/wp\/v2\/types\/post"}],"author":[{"embeddable":true,"href":"https:\/\/brcnews.net\/index.php?rest_route=\/wp\/v2\/users\/1"}],"replies":[{"embeddable":true,"href":"https:\/\/brcnews.net\/index.php?rest_route=%2Fwp%2Fv2%2Fcomments&post=21486"}],"version-history":[{"count":8,"href":"https:\/\/brcnews.net\/index.php?rest_route=\/wp\/v2\/posts\/21486\/revisions"}],"predecessor-version":[{"id":21505,"href":"https:\/\/brcnews.net\/index.php?rest_route=\/wp\/v2\/posts\/21486\/revisions\/21505"}],"wp:featuredmedia":[{"embeddable":true,"href":"https:\/\/brcnews.net\/index.php?rest_route=\/wp\/v2\/media\/21489"}],"wp:attachment":[{"href":"https:\/\/brcnews.net\/index.php?rest_route=%2Fwp%2Fv2%2Fmedia&parent=21486"}],"wp:term":[{"taxonomy":"category","embeddable":true,"href":"https:\/\/brcnews.net\/index.php?rest_route=%2Fwp%2Fv2%2Fcategories&post=21486"},{"taxonomy":"post_tag","embeddable":true,"href":"https:\/\/brcnews.net\/index.php?rest_route=%2Fwp%2Fv2%2Ftags&post=21486"}],"curies":[{"name":"wp","href":"https:\/\/api.w.org\/{rel}","templated":true}]}}