{"id":2086,"date":"2019-08-15T20:12:34","date_gmt":"2019-08-15T18:12:34","guid":{"rendered":"http:\/\/brcnews.net\/?p=2086"},"modified":"2019-08-16T15:15:44","modified_gmt":"2019-08-16T13:15:44","slug":"jan-ratheisky","status":"publish","type":"post","link":"https:\/\/brcnews.net\/?p=2086","title":{"rendered":"Jan Ratheisky"},"content":{"rendered":"\n<ul><li>Deutschland<\/li><li>Fahrer<\/li><li>Team Xray<\/li><li>11. Juli 1988<\/li><\/ul>\n\n\n\n<p>Jan Ratheisky, geb. Asmer, l\u00e4sst\u00a0 seit \u00a0 Jahren immer wieder die Szene aufhorchen. Mit seinem fulminanten Fahrstil setzt er sich immer wieder national, vor allem auch international durch. Seit August 2018 ist Jan Ratheisky Weltmeister in der Klasse Formel. Der Xrayfahrer setzte sich in der Welcom Arena in S\u00fcdafrika souver\u00e4n gegen seine Mitkonkurrenten Dominic Quek (Xray) und David Ehrbar (Serpent) durch.  <\/p>\n\n\n\n<!--more-->\n\n\n\n<figure class=\"wp-block-image\"><img loading=\"lazy\" width=\"782\" height=\"453\" src=\"https:\/\/brcnews.net\/wp-content\/uploads\/2018\/08\/Ratheisky.100.jpg\" alt=\"\" class=\"wp-image-20755 colorbox-2086\" srcset=\"https:\/\/brcnews.net\/wp-content\/uploads\/2018\/08\/Ratheisky.100.jpg 782w, https:\/\/brcnews.net\/wp-content\/uploads\/2018\/08\/Ratheisky.100-300x174.jpg 300w, https:\/\/brcnews.net\/wp-content\/uploads\/2018\/08\/Ratheisky.100-768x445.jpg 768w\" sizes=\"(max-width: 782px) 100vw, 782px\" \/><figcaption>Jan Ratheisky feiert seinen WM-Titel in Formel<\/figcaption><\/figure>\n\n\n\n<p>Der Mann, der offenbar keine Nerven kennt, tritt bei vielen Rennen immer wieder in mehreren Klassen an. Und das sehr erfolgreich. Bei den prestigetr\u00e4chtigen Snowbirds in den USA r\u00e4umte er zum Beispiel\u00a0 2015 regelrecht ab. Bei dem Rennen im Park Inn-Hotel in Orlando (Florida) gewann er gleich<span id=\"more-4085\"><\/span> drei Klassen: Formula 1, Super Stock und Stock TC. In Tourenwagen Modied wurde er Vierter.<\/p>\n\n\n\n<div class=\"wp-block-image\"><figure class=\"aligncenter\"><a href=\"http:\/\/brcnews.net\/wp-content\/uploads\/2017\/04\/Ratheisky.021.jpg\"><img loading=\"lazy\" width=\"942\" height=\"602\" src=\"http:\/\/brcnews.net\/wp-content\/uploads\/2017\/04\/Ratheisky.021.jpg\" alt=\"\" class=\"wp-image-16821 colorbox-2086\" srcset=\"https:\/\/brcnews.net\/wp-content\/uploads\/2017\/04\/Ratheisky.021.jpg 942w, https:\/\/brcnews.net\/wp-content\/uploads\/2017\/04\/Ratheisky.021-300x192.jpg 300w, https:\/\/brcnews.net\/wp-content\/uploads\/2017\/04\/Ratheisky.021-768x491.jpg 768w\" sizes=\"(max-width: 942px) 100vw, 942px\" \/><\/a><figcaption>Der Abr\u00e4umer: In Shanghai gewann er drei Klassen und fuhr in weiteren drei Klassen im A-Finale<\/figcaption><\/figure><\/div>\n\n\n\n<p>Beim Saisonauftaktrennen der Asian Onroad Championchip (AOC) im April 2017 in Shanghai (China) ging der Xray-Pilot in gleich sechs Klassen an den Start. Er gewann drei Klassen: Tourenwagen Stock blinky, <span id=\"more-16819\"><\/span>Tourenwagen Stock boosted und 1:12 Stock. In drei weiteren Klassen (Tourenwagen Modified, 1:12 Modified und Formel 1) startete er im A-Finale.<\/p>\n\n\n\n<div class=\"wp-block-image\"><figure class=\"aligncenter\"><a href=\"http:\/\/brcnews.net\/wp-content\/uploads\/2016\/04\/Ratheisky.09w.jpg\"><img loading=\"lazy\" width=\"750\" height=\"443\" src=\"http:\/\/brcnews.net\/wp-content\/uploads\/2016\/04\/Ratheisky.09w.jpg\" alt=\"Ratheisky.09w\" class=\"wp-image-13190 colorbox-2086\" srcset=\"https:\/\/brcnews.net\/wp-content\/uploads\/2016\/04\/Ratheisky.09w.jpg 750w, https:\/\/brcnews.net\/wp-content\/uploads\/2016\/04\/Ratheisky.09w-300x177.jpg 300w\" sizes=\"(max-width: 750px) 100vw, 750px\" \/><\/a><figcaption>Bei den Europameiosterschaften 2016 steht Jan Ratheisky in der Stockklasse ganz oben auf dem Podium<\/figcaption><\/figure><\/div>\n\n\n\n<p>Seit&nbsp; 2016 ist er auch&nbsp; bei den Europameisterschaften erfolgreich. Im Juli 2016 holte er sich in der Hudy Arena in Trencin (Slowakei) gleich zwei Europameistertitel &#8211; in Tourenwagen Stock und in Formel. 2017 verteidigte er den Titel in der Klasse Formel erfolgreich.<\/p>\n\n\n\n<p>Regelm\u00e4\u00dfig\u00a0 sorgt Jan Ratheisky in der <a title=\"Euro Touring Series\" href=\"http:\/\/brcnews.net\/?p=12\">Euro Touring Series<\/a> f\u00fcr Furore. Im Jahr 2013 wurde er zum ersten Mal Champion in der Klasse Formel 1. Im Jahr 2019 hielt er die Troph\u00e4e zum sechsten Mal in seinen H\u00e4nden. <\/p>\n\n\n\n<div class=\"wp-block-image\"><figure class=\"aligncenter\"><a href=\"http:\/\/brcnews.net\/wp-content\/uploads\/2016\/07\/Ratheisky.10w.jpg\"><img loading=\"lazy\" width=\"750\" height=\"440\" src=\"http:\/\/brcnews.net\/wp-content\/uploads\/2016\/07\/Ratheisky.10w.jpg\" alt=\"Ratheisky.10w\" class=\"wp-image-13518 colorbox-2086\" srcset=\"https:\/\/brcnews.net\/wp-content\/uploads\/2016\/07\/Ratheisky.10w.jpg 750w, https:\/\/brcnews.net\/wp-content\/uploads\/2016\/07\/Ratheisky.10w-300x176.jpg 300w\" sizes=\"(max-width: 750px) 100vw, 750px\" \/><\/a><figcaption>Beim ETS-Finale 2016 in der Hudy Arena in Trencin erhielt Jan Ratheisky zum vierten Mal die Troph\u00e4e f\u00fcr den ETS-Championtitel in der Klasse Formel<\/figcaption><\/figure><\/div>\n\n\n\n<p>2016 und 2018 wurde Jan Ratheisky auch in der Klasse Pro Stock ETS-Champion.\u00a0 Regelm\u00e4\u00dfig startet Jan Ratheisky bei diesem harten Event in drei Klassen. Er geht auch in der Modified-Klasse an den Start. In f\u00fcnf Rennen (2013 in Hrotovice, 2014 auf Gran Canaria und in Mattsee, 2015 in Hrotovice, 2016 in Wels, 2017 in Wien, 2018 in Andernach und Apeldoorn) gewann er jeweils in zwei Klassen &#8211; in Stock und in Formel. In der Euro Touring Series gewann Jan Ratheisky in Formel\u00a0 24 von insgesamt 47 Rennen, in Pro Stock war er neun Mal erfolgreich. <\/p>\n\n\n\n<div class=\"wp-block-image\"><figure class=\"aligncenter\"><a href=\"http:\/\/brcnews.net\/wp-content\/uploads\/2014\/10\/Ratheisky.02w.jpg\"><img loading=\"lazy\" width=\"800\" height=\"729\" src=\"http:\/\/brcnews.net\/wp-content\/uploads\/2014\/10\/Ratheisky.02w.jpg\" alt=\"Ratheisky.02w\" class=\"wp-image-2092 colorbox-2086\" srcset=\"https:\/\/brcnews.net\/wp-content\/uploads\/2014\/10\/Ratheisky.02w.jpg 800w, https:\/\/brcnews.net\/wp-content\/uploads\/2014\/10\/Ratheisky.02w-300x273.jpg 300w\" sizes=\"(max-width: 800px) 100vw, 800px\" \/><\/a><figcaption>Beim einem Lauf der Euro Touring Series 2013 in Hrotovice (Tschechien) gewann er gleich zwei Klassen: Formel 1 und Tourenwagen Pro Stock Es war der erste von mittlerweile vier Doppelsiegen<\/figcaption><\/figure><\/div>\n\n\n\n<p>Im Sommer 2014 wurde er in der Klasse Tourenwagen Sport <a title=\"Deutsche Meisterschaften Tourenwagen Elektro\" href=\"http:\/\/brcnews.net\/?p=353\">Deutscher Meister<\/a>. Zwei weitere Deutsche Meistertitel errang er in 1:12 Standard sowie in Pro 10.<\/p>\n\n\n\n<p>Angefangen hat Jan Ratheisky mit einem Yokomo K1 in der Keil-DTM. Damals war er acht Jahre alt. Danach ist er Pan Car 1:12 (Corally) und 1:8 (Picco) gefahren. In die Rennszene voll eingestiegen ist er vor gut drei Jahren. Sein erstes RC-Car war \u2013 wie bei vielen, die heute in der Rennszene aktiv sind \u2013 ein Tamiya Fighter Buggy.<\/p>\n\n\n\n<p>F\u00fcr das Team Xray f\u00e4hrt er seit dem Jahr 2014. Davor fuhr er f\u00fcr Serpent. <\/p>\n\n\n\n<h3>&nbsp;<strong>Nationale Meisterschaften<\/strong><\/h3>\n\n\n\n<ul><li><strong>Deutscher Meister Tourenwagen Sport: <\/strong>2014<\/li><li><strong>Deutscher Meister 1:12 Standard<\/strong>: 2008<\/li><li><strong>Deutscher Meister Pro 10<\/strong>: 2011<\/li><li><strong>Deutscher Meister Formel: <\/strong>2019<\/li><\/ul>\n\n\n\n<h3><strong>Internationale Meisterschaften<\/strong><\/h3>\n\n\n\n<ul><li><strong>Weltmeister Formel Elektro: <\/strong>2018<\/li><li><strong>Europameister Formel Elektro : <\/strong>2016, 2017<\/li><li><strong>Europameister Tourenwagen Stock: <\/strong>2016<\/li><\/ul>\n\n\n\n<h3><strong>Sonstige Siege <\/strong><\/h3>\n\n\n\n<ul><li><strong>Euro Touring Series Champion Formel<\/strong>: 2013, 2014, 2015, 2016, 2018, 2019<\/li><li><strong>Euro Touring Series Champion Pro Stock<\/strong>: 2016, 2018<\/li><li><strong>Euro Touring Series Formel<\/strong>: 24 Siege<\/li><li><strong>Euro Touring Series Pro Stock<\/strong>: 9 Siege<\/li><li><strong>German F1 Masters: <\/strong>2016<\/li><li><strong>Snowbirds Formel: <\/strong>2015, 2016<\/li><li><strong>Snowbirds Super Stock : <\/strong>2015, 2016<\/li><li><strong>Snowbirds Stock TC: <\/strong>2015<\/li><li><strong>TITC Tourenwagen Brushless<\/strong>: 2017<\/li><\/ul>\n\n\n\n<address>&nbsp;Stand: 15. August&nbsp; 2019 (15. \u00dcberarbeitung)<\/address>\n\n\n\n<address>Erstellt: 25. Oktober 2014<\/address>\n<div class=\"twoclick_social_bookmarks_post_2086 social_share_privacy clearfix 1.6.4 locale-de_DE sprite-de_DE\"><\/div><div class=\"twoclick-js\"><script type=\"text\/javascript\">\/* <![CDATA[ *\/\njQuery(document).ready(function($){if($('.twoclick_social_bookmarks_post_2086')){$('.twoclick_social_bookmarks_post_2086').socialSharePrivacy({\"services\":{\"facebook\":{\"status\":\"on\",\"txt_info\":\"2 Klicks f\\u00fcr mehr Datenschutz: Erst wenn Sie hier klicken, wird der Button aktiv und Sie k\\u00f6nnen Ihre Empfehlung an Facebook senden. Schon beim Aktivieren werden Daten an Dritte \\u00fcbertragen - siehe <em>i<\\\/em>.\",\"perma_option\":\"off\",\"action\":\"recommend\",\"language\":\"de_DE\"},\"twitter\":{\"reply_to\":\"\",\"tweet_text\":\"Jan%20Ratheisky%20%C2%BB%20BRCNEWS.NET%20%23Ratheisky\",\"status\":\"on\",\"txt_info\":\"2 Klicks f\\u00fcr mehr Datenschutz: Erst wenn Sie hier klicken, wird der Button aktiv und Sie k\\u00f6nnen Ihre Empfehlung an Twitter senden. Schon beim Aktivieren werden Daten an Dritte \\u00fcbertragen - siehe <em>i<\\\/em>.\",\"perma_option\":\"off\",\"language\":\"de\",\"referrer_track\":\"\"},\"gplus\":{\"status\":\"on\",\"txt_info\":\"2 Klicks f\\u00fcr mehr Datenschutz: Erst wenn Sie hier klicken, wird der Button aktiv und Sie k\\u00f6nnen Ihre Empfehlung an Google+ senden. Schon beim Aktivieren werden Daten an Dritte \\u00fcbertragen - siehe <em>i<\\\/em>.\",\"perma_option\":\"off\",\"referrer_track\":\"\"}},\"txt_help\":\"Wenn Sie diese Felder durch einen Klick aktivieren, werden Informationen an Facebook, Twitter, Flattr, Xing, t3n, LinkedIn, Pinterest oder Google eventuell ins Ausland \\u00fcbertragen und unter Umst\\u00e4nden auch dort gespeichert. N\\u00e4heres erfahren Sie durch einen Klick auf das <em>i<\\\/em>.\",\"settings_perma\":\"Dauerhaft aktivieren und Daten\\u00fcber-tragung zustimmen:\",\"info_link\":\"http:\\\/\\\/www.heise.de\\\/ct\\\/artikel\\\/2-Klicks-fuer-mehr-Datenschutz-1333879.html\",\"uri\":\"https:\\\/\\\/brcnews.net\\\/?p=2086\",\"post_id\":2086,\"post_title_referrer_track\":\"Jan+Ratheisky\",\"display_infobox\":\"on\"});}});\n\/* ]]> *\/<\/script><\/div>","protected":false},"excerpt":{"rendered":"<p>Deutschland Fahrer Team Xray 11. Juli 1988 Jan Ratheisky, geb. Asmer, l\u00e4sst\u00a0 seit \u00a0 Jahren immer wieder die Szene aufhorchen. Mit seinem fulminanten Fahrstil setzt er sich immer wieder national, vor allem auch international durch. Seit August 2018 ist Jan Ratheisky Weltmeister in der Klasse Formel. Der Xrayfahrer setzte sich in der Welcom Arena in &hellip; <a href=\"https:\/\/brcnews.net\/?p=2086\" class=\"more-link\"><span class=\"screen-reader-text\">Jan Ratheisky<\/span> weiterlesen <span class=\"meta-nav\">&rarr;<\/span><\/a><\/p>\n","protected":false},"author":1,"featured_media":2088,"comment_status":"closed","ping_status":"open","sticky":false,"template":"","format":"standard","meta":[],"categories":[3],"tags":[85],"_links":{"self":[{"href":"https:\/\/brcnews.net\/index.php?rest_route=\/wp\/v2\/posts\/2086"}],"collection":[{"href":"https:\/\/brcnews.net\/index.php?rest_route=\/wp\/v2\/posts"}],"about":[{"href":"https:\/\/brcnews.net\/index.php?rest_route=\/wp\/v2\/types\/post"}],"author":[{"embeddable":true,"href":"https:\/\/brcnews.net\/index.php?rest_route=\/wp\/v2\/users\/1"}],"replies":[{"embeddable":true,"href":"https:\/\/brcnews.net\/index.php?rest_route=%2Fwp%2Fv2%2Fcomments&post=2086"}],"version-history":[{"count":32,"href":"https:\/\/brcnews.net\/index.php?rest_route=\/wp\/v2\/posts\/2086\/revisions"}],"predecessor-version":[{"id":21795,"href":"https:\/\/brcnews.net\/index.php?rest_route=\/wp\/v2\/posts\/2086\/revisions\/21795"}],"wp:featuredmedia":[{"embeddable":true,"href":"https:\/\/brcnews.net\/index.php?rest_route=\/wp\/v2\/media\/2088"}],"wp:attachment":[{"href":"https:\/\/brcnews.net\/index.php?rest_route=%2Fwp%2Fv2%2Fmedia&parent=2086"}],"wp:term":[{"taxonomy":"category","embeddable":true,"href":"https:\/\/brcnews.net\/index.php?rest_route=%2Fwp%2Fv2%2Fcategories&post=2086"},{"taxonomy":"post_tag","embeddable":true,"href":"https:\/\/brcnews.net\/index.php?rest_route=%2Fwp%2Fv2%2Ftags&post=2086"}],"curies":[{"name":"wp","href":"https:\/\/api.w.org\/{rel}","templated":true}]}}