{"id":20752,"date":"2018-08-21T20:07:54","date_gmt":"2018-08-21T18:07:54","guid":{"rendered":"http:\/\/brcnews.net\/?p=20752"},"modified":"2019-08-16T15:14:58","modified_gmt":"2019-08-16T13:14:58","slug":"jan-ratheisky-ist-weltmeister-formel","status":"publish","type":"post","link":"https:\/\/brcnews.net\/?p=20752","title":{"rendered":"Jan Ratheisky ist Weltmeister Formel"},"content":{"rendered":"<p>Jan Ratheisky ist Weltmeister in der Klasse Formel. Der Xrayfahrer setzte sich in der Welcom Arena in S\u00fcdafrika souver\u00e4n gegen seine Mitkonkurrenten Dominic Quek (Xray) und David Ehrbar (Serpent) durch. Der frischgebackene Weltmeister war von der Pole gestartet. In der Klasse Tourenwagen belegte Jan Ratheisky mit seinem Xray T4 einen guten achten Platz.<!--more--><\/p>\n<p>F\u00fcr Jan Ratheisky ist es der erste Weltmeistertitel. 2016 und 2017 war er Europameister in der Klasse Formel geworden. National und international machte er vor allem durch seine Auftritte in der Euro Touring Series (ETS) von sich reden. Zum f\u00fcnften Mal wurde er in diesem Jahr ETS-Champion in der Klasse Formel. \u00dcber die H\u00e4lfte (22) aller ETS-Formelrennen gewann er. Zwei Mal war er ETS-Champion in Pro Stock<\/p>\n<p>Der Weltreisende im RC-Car-Sport startet seit 2017 bei allen Rennen in der von Scotty Ernst organisierten Asian Onroad Championship (AOC), in der er dann oft mehrere Klassen dominiert.<\/p>\n<p><em>Bildquelle: Jan Ratheisky<\/em><\/p>\n<hr \/>\n<p><span style=\"color: #008000;\"><em><strong>BRCNEWS<\/strong><\/em><\/span> berichtete zur WM in S\u00fcdafrika auch:<\/p>\n<ul>\n<li><a href=\"http:\/\/brcnews.net\/?p=20757\"><span class=\"item-title\">Bruno Coelho holt sich Weltmeistertitel in Tourenwagen Elektro<\/span><\/a><\/li>\n<li><a href=\"http:\/\/brcnews.net\/?p=20677\"><span class=\"item-title\">V\u00f6lker und Ratheisky starten von der Pole<\/span><\/a><\/li>\n<li><a href=\"http:\/\/brcnews.net\/?p=20602\"><span class=\"item-title\">Alexander Hagberg ist Weltmeister 1:12<\/span><\/a><\/li>\n<\/ul>\n<div class=\"twoclick_social_bookmarks_post_20752 social_share_privacy clearfix 1.6.4 locale-de_DE sprite-de_DE\"><\/div><div class=\"twoclick-js\"><script type=\"text\/javascript\">\/* <![CDATA[ *\/\njQuery(document).ready(function($){if($('.twoclick_social_bookmarks_post_20752')){$('.twoclick_social_bookmarks_post_20752').socialSharePrivacy({\"services\":{\"facebook\":{\"status\":\"on\",\"txt_info\":\"2 Klicks f\\u00fcr mehr Datenschutz: Erst wenn Sie hier klicken, wird der Button aktiv und Sie k\\u00f6nnen Ihre Empfehlung an Facebook senden. Schon beim Aktivieren werden Daten an Dritte \\u00fcbertragen - siehe <em>i<\\\/em>.\",\"perma_option\":\"off\",\"action\":\"recommend\",\"language\":\"de_DE\"},\"twitter\":{\"reply_to\":\"\",\"tweet_text\":\"%20Jan%20Ratheisky%20ist%20Weltmeister%20Formel%20%C2%BB%20BRCNEWS.NET%20%23Formel%20%23Jan%20Ratheisky%20...\",\"status\":\"on\",\"txt_info\":\"2 Klicks f\\u00fcr mehr Datenschutz: Erst wenn Sie hier klicken, wird der Button aktiv und Sie k\\u00f6nnen Ihre Empfehlung an Twitter senden. Schon beim Aktivieren werden Daten an Dritte \\u00fcbertragen - siehe <em>i<\\\/em>.\",\"perma_option\":\"off\",\"language\":\"de\",\"referrer_track\":\"\"},\"gplus\":{\"status\":\"on\",\"txt_info\":\"2 Klicks f\\u00fcr mehr Datenschutz: Erst wenn Sie hier klicken, wird der Button aktiv und Sie k\\u00f6nnen Ihre Empfehlung an Google+ senden. Schon beim Aktivieren werden Daten an Dritte \\u00fcbertragen - siehe <em>i<\\\/em>.\",\"perma_option\":\"off\",\"referrer_track\":\"\"}},\"txt_help\":\"Wenn Sie diese Felder durch einen Klick aktivieren, werden Informationen an Facebook, Twitter, Flattr, Xing, t3n, LinkedIn, Pinterest oder Google eventuell ins Ausland \\u00fcbertragen und unter Umst\\u00e4nden auch dort gespeichert. N\\u00e4heres erfahren Sie durch einen Klick auf das <em>i<\\\/em>.\",\"settings_perma\":\"Dauerhaft aktivieren und Daten\\u00fcber-tragung zustimmen:\",\"info_link\":\"http:\\\/\\\/www.heise.de\\\/ct\\\/artikel\\\/2-Klicks-fuer-mehr-Datenschutz-1333879.html\",\"uri\":\"https:\\\/\\\/brcnews.net\\\/?p=20752\",\"post_id\":20752,\"post_title_referrer_track\":\"Jan+Ratheisky+ist+Weltmeister+Formel\",\"display_infobox\":\"on\"});}});\n\/* ]]> *\/<\/script><\/div>","protected":false},"excerpt":{"rendered":"<p>Jan Ratheisky ist Weltmeister in der Klasse Formel. Der Xrayfahrer setzte sich in der Welcom Arena in S\u00fcdafrika souver\u00e4n gegen seine Mitkonkurrenten Dominic Quek (Xray) und David Ehrbar (Serpent) durch. Der frischgebackene Weltmeister war von der Pole gestartet. In der Klasse Tourenwagen belegte Jan Ratheisky mit seinem Xray T4 einen guten achten Platz.<\/p>\n","protected":false},"author":1,"featured_media":20755,"comment_status":"closed","ping_status":"open","sticky":false,"template":"","format":"standard","meta":[],"categories":[16],"tags":[47,288,681,101],"_links":{"self":[{"href":"https:\/\/brcnews.net\/index.php?rest_route=\/wp\/v2\/posts\/20752"}],"collection":[{"href":"https:\/\/brcnews.net\/index.php?rest_route=\/wp\/v2\/posts"}],"about":[{"href":"https:\/\/brcnews.net\/index.php?rest_route=\/wp\/v2\/types\/post"}],"author":[{"embeddable":true,"href":"https:\/\/brcnews.net\/index.php?rest_route=\/wp\/v2\/users\/1"}],"replies":[{"embeddable":true,"href":"https:\/\/brcnews.net\/index.php?rest_route=%2Fwp%2Fv2%2Fcomments&post=20752"}],"version-history":[{"count":4,"href":"https:\/\/brcnews.net\/index.php?rest_route=\/wp\/v2\/posts\/20752\/revisions"}],"predecessor-version":[{"id":21796,"href":"https:\/\/brcnews.net\/index.php?rest_route=\/wp\/v2\/posts\/20752\/revisions\/21796"}],"wp:featuredmedia":[{"embeddable":true,"href":"https:\/\/brcnews.net\/index.php?rest_route=\/wp\/v2\/media\/20755"}],"wp:attachment":[{"href":"https:\/\/brcnews.net\/index.php?rest_route=%2Fwp%2Fv2%2Fmedia&parent=20752"}],"wp:term":[{"taxonomy":"category","embeddable":true,"href":"https:\/\/brcnews.net\/index.php?rest_route=%2Fwp%2Fv2%2Fcategories&post=20752"},{"taxonomy":"post_tag","embeddable":true,"href":"https:\/\/brcnews.net\/index.php?rest_route=%2Fwp%2Fv2%2Ftags&post=20752"}],"curies":[{"name":"wp","href":"https:\/\/api.w.org\/{rel}","templated":true}]}}