{"id":20377,"date":"2018-07-14T21:48:50","date_gmt":"2018-07-14T19:48:50","guid":{"rendered":"http:\/\/brcnews.net\/?p=20377"},"modified":"2018-07-14T21:50:18","modified_gmt":"2018-07-14T19:50:18","slug":"mit-den-finallaeufen-igeht-morgen-in-trencin-die-elfte-ets-saison-zu-ende","status":"publish","type":"post","link":"https:\/\/brcnews.net\/?p=20377","title":{"rendered":"Mit den Finall\u00e4ufen geht morgen in Trencin die elfte ETS-Saison zu Ende"},"content":{"rendered":"<p>Am Sonntag (15. Juli 2018) geht mit den Finall\u00e4ufen in Trencin (Slowakei) die elfte Saison der Euro Touring Series zu Ende. Bei strahlendem Sonnenschein setzten sich in den Vorl\u00e4ufen im Kampf <!--more-->um die Pole Bruno Coelho (Tourenwagen Modified), Alexandr\u00e9 Duchet (Tourenwagen Stock), Olivier Bultynck (Formel) und Thomas Oehler (Masters 40 plus) durch. Brunio Coelho, Alexandr\u00e9 Duchet und Thomas Oehler gewannen am fr\u00fchen Abend jeweils auch den ersten Finallaufdurchgang. In Formel setzte sich der junge Simon Lauter durch.<\/p>\n<p>Mit der Poleposition und dem Sieg im ersten Finallauf hat sich Thoams Oehler beste Voraussetzungen f\u00fcr einen Gesamtsieg in der in dieser Saison neu eingef\u00fchrten Klasse geschaffen. In den bisherigen f\u00fcnf Rennen gab es f\u00fcnf verschiedene Sieger. Das Auftaktrennen in \u00d6sterreich gewann Miko Peter aus Ungarn. In Daun setzte sich \u00d6zer Y\u00fcr\u00fcm durch. Christian Drie\u00dfle holte sich den Sieg in Madrid, Thomas Oehler in Andernach. Der Schweizer Beni Stutz gewann in Apeldoorn. In der Gesamtrangliste f\u00fchrt Thomas Oehler mit einem Punkt Vorsprung vor Christian Drie\u00dfle und drei Punkten Vorsprung vor Beni Stutz.<\/p>\n<p>Bruno Coelho (Tourenwagen Modified) und Jan Ratheisky (Tourenwagen Stock und Formel) sicherten sich ihren Titel bereits beim f\u00fcnften Lauf in Apeldoorn (Niederlande).<\/p>\n<p><em>Bildquelle: Hudy Arena<\/em><\/p>\n<div class=\"twoclick_social_bookmarks_post_20377 social_share_privacy clearfix 1.6.4 locale-de_DE sprite-de_DE\"><\/div><div class=\"twoclick-js\"><script type=\"text\/javascript\">\/* <![CDATA[ *\/\njQuery(document).ready(function($){if($('.twoclick_social_bookmarks_post_20377')){$('.twoclick_social_bookmarks_post_20377').socialSharePrivacy({\"services\":{\"facebook\":{\"status\":\"on\",\"txt_info\":\"2 Klicks f\\u00fcr mehr Datenschutz: Erst wenn Sie hier klicken, wird der Button aktiv und Sie k\\u00f6nnen Ihre Empfehlung an Facebook senden. Schon beim Aktivieren werden Daten an Dritte \\u00fcbertragen - siehe <em>i<\\\/em>.\",\"perma_option\":\"off\",\"action\":\"recommend\",\"language\":\"de_DE\"},\"twitter\":{\"reply_to\":\"\",\"tweet_text\":\"%20Mit%20den%20Finall%C3%A4ufen%20geht%20morgen%20in%20Trencin%20die%20elfte%20ETS-Saison%20zu%20Ende%20%C2%BB%20...\",\"status\":\"on\",\"txt_info\":\"2 Klicks f\\u00fcr mehr Datenschutz: Erst wenn Sie hier klicken, wird der Button aktiv und Sie k\\u00f6nnen Ihre Empfehlung an Twitter senden. Schon beim Aktivieren werden Daten an Dritte \\u00fcbertragen - siehe <em>i<\\\/em>.\",\"perma_option\":\"off\",\"language\":\"de\",\"referrer_track\":\"\"},\"gplus\":{\"status\":\"on\",\"txt_info\":\"2 Klicks f\\u00fcr mehr Datenschutz: Erst wenn Sie hier klicken, wird der Button aktiv und Sie k\\u00f6nnen Ihre Empfehlung an Google+ senden. Schon beim Aktivieren werden Daten an Dritte \\u00fcbertragen - siehe <em>i<\\\/em>.\",\"perma_option\":\"off\",\"referrer_track\":\"\"}},\"txt_help\":\"Wenn Sie diese Felder durch einen Klick aktivieren, werden Informationen an Facebook, Twitter, Flattr, Xing, t3n, LinkedIn, Pinterest oder Google eventuell ins Ausland \\u00fcbertragen und unter Umst\\u00e4nden auch dort gespeichert. N\\u00e4heres erfahren Sie durch einen Klick auf das <em>i<\\\/em>.\",\"settings_perma\":\"Dauerhaft aktivieren und Daten\\u00fcber-tragung zustimmen:\",\"info_link\":\"http:\\\/\\\/www.heise.de\\\/ct\\\/artikel\\\/2-Klicks-fuer-mehr-Datenschutz-1333879.html\",\"uri\":\"https:\\\/\\\/brcnews.net\\\/?p=20377\",\"post_id\":20377,\"post_title_referrer_track\":\"Mit+den+Finall%C3%A4ufen+geht+morgen+in+Trencin+die+elfte+ETS-Saison+zu+Ende\",\"display_infobox\":\"on\"});}});\n\/* ]]> *\/<\/script><\/div>","protected":false},"excerpt":{"rendered":"<p>Am Sonntag (15. Juli 2018) geht mit den Finall\u00e4ufen in Trencin (Slowakei) die elfte Saison der Euro Touring Series zu Ende. Bei strahlendem Sonnenschein setzten sich in den Vorl\u00e4ufen im Kampf<\/p>\n","protected":false},"author":1,"featured_media":20383,"comment_status":"closed","ping_status":"open","sticky":false,"template":"","format":"standard","meta":[],"categories":[16],"tags":[73,145],"_links":{"self":[{"href":"https:\/\/brcnews.net\/index.php?rest_route=\/wp\/v2\/posts\/20377"}],"collection":[{"href":"https:\/\/brcnews.net\/index.php?rest_route=\/wp\/v2\/posts"}],"about":[{"href":"https:\/\/brcnews.net\/index.php?rest_route=\/wp\/v2\/types\/post"}],"author":[{"embeddable":true,"href":"https:\/\/brcnews.net\/index.php?rest_route=\/wp\/v2\/users\/1"}],"replies":[{"embeddable":true,"href":"https:\/\/brcnews.net\/index.php?rest_route=%2Fwp%2Fv2%2Fcomments&post=20377"}],"version-history":[{"count":8,"href":"https:\/\/brcnews.net\/index.php?rest_route=\/wp\/v2\/posts\/20377\/revisions"}],"predecessor-version":[{"id":20386,"href":"https:\/\/brcnews.net\/index.php?rest_route=\/wp\/v2\/posts\/20377\/revisions\/20386"}],"wp:featuredmedia":[{"embeddable":true,"href":"https:\/\/brcnews.net\/index.php?rest_route=\/wp\/v2\/media\/20383"}],"wp:attachment":[{"href":"https:\/\/brcnews.net\/index.php?rest_route=%2Fwp%2Fv2%2Fmedia&parent=20377"}],"wp:term":[{"taxonomy":"category","embeddable":true,"href":"https:\/\/brcnews.net\/index.php?rest_route=%2Fwp%2Fv2%2Fcategories&post=20377"},{"taxonomy":"post_tag","embeddable":true,"href":"https:\/\/brcnews.net\/index.php?rest_route=%2Fwp%2Fv2%2Ftags&post=20377"}],"curies":[{"name":"wp","href":"https:\/\/api.w.org\/{rel}","templated":true}]}}