{"id":20188,"date":"2018-05-11T18:59:26","date_gmt":"2018-05-11T16:59:26","guid":{"rendered":"http:\/\/brcnews.net\/?p=20188"},"modified":"2018-08-18T13:25:35","modified_gmt":"2018-08-18T11:25:35","slug":"im-rennticker-euro-touring-series-im-motodrom-andernach","status":"publish","type":"post","link":"https:\/\/brcnews.net\/?p=20188","title":{"rendered":"Im RennTicker: Euro Touring Series im Motodrom Andernach"},"content":{"rendered":"<h6><span style=\"color: #008000;\">20. Meldung: Samstag 21:20 Uhr<\/span><\/h6>\n<h4>Die Siegerehrung<\/h4>\n<figure id=\"attachment_20276\" aria-describedby=\"caption-attachment-20276\" style=\"width: 800px\" class=\"wp-caption aligncenter\"><a href=\"http:\/\/brcnews.net\/wp-content\/uploads\/2018\/05\/ETSAndernach.51.jpg\"><img loading=\"lazy\" class=\"wp-image-20276 size-full colorbox-20188\" src=\"http:\/\/brcnews.net\/wp-content\/uploads\/2018\/05\/ETSAndernach.51.jpg\" alt=\"\" width=\"800\" height=\"419\" srcset=\"https:\/\/brcnews.net\/wp-content\/uploads\/2018\/05\/ETSAndernach.51.jpg 800w, https:\/\/brcnews.net\/wp-content\/uploads\/2018\/05\/ETSAndernach.51-300x157.jpg 300w, https:\/\/brcnews.net\/wp-content\/uploads\/2018\/05\/ETSAndernach.51-768x402.jpg 768w\" sizes=\"(max-width: 800px) 100vw, 800px\" \/><\/a><figcaption id=\"caption-attachment-20276\" class=\"wp-caption-text\">Die Top 3 Modified (von links): Naoto Matsukura (Platz 2), Bruno Coelho (Platz 1) und Marc Rheinard (Platz 3)<\/figcaption><\/figure>\n<p><!--more--><\/p>\n<figure id=\"attachment_20274\" aria-describedby=\"caption-attachment-20274\" style=\"width: 800px\" class=\"wp-caption aligncenter\"><a href=\"http:\/\/brcnews.net\/wp-content\/uploads\/2018\/05\/ETSAndernach.49.jpg\"><img loading=\"lazy\" class=\"wp-image-20274 size-full colorbox-20188\" src=\"http:\/\/brcnews.net\/wp-content\/uploads\/2018\/05\/ETSAndernach.49.jpg\" alt=\"\" width=\"800\" height=\"495\" srcset=\"https:\/\/brcnews.net\/wp-content\/uploads\/2018\/05\/ETSAndernach.49.jpg 800w, https:\/\/brcnews.net\/wp-content\/uploads\/2018\/05\/ETSAndernach.49-300x186.jpg 300w, https:\/\/brcnews.net\/wp-content\/uploads\/2018\/05\/ETSAndernach.49-768x475.jpg 768w\" sizes=\"(max-width: 800px) 100vw, 800px\" \/><\/a><figcaption id=\"caption-attachment-20274\" class=\"wp-caption-text\">Die Top 3 Pro Stock (von links): Mustafa Alp (Platz 2), Jan Ratheisky (Platz 1) und Max M\u00e4chler (Platz 3)<\/figcaption><\/figure>\n<figure id=\"attachment_20273\" aria-describedby=\"caption-attachment-20273\" style=\"width: 800px\" class=\"wp-caption aligncenter\"><a href=\"http:\/\/brcnews.net\/wp-content\/uploads\/2018\/05\/ETSAndernach.48.jpg\"><img loading=\"lazy\" class=\"wp-image-20273 size-full colorbox-20188\" src=\"http:\/\/brcnews.net\/wp-content\/uploads\/2018\/05\/ETSAndernach.48.jpg\" alt=\"\" width=\"800\" height=\"450\" srcset=\"https:\/\/brcnews.net\/wp-content\/uploads\/2018\/05\/ETSAndernach.48.jpg 800w, https:\/\/brcnews.net\/wp-content\/uploads\/2018\/05\/ETSAndernach.48-300x169.jpg 300w, https:\/\/brcnews.net\/wp-content\/uploads\/2018\/05\/ETSAndernach.48-768x432.jpg 768w\" sizes=\"(max-width: 800px) 100vw, 800px\" \/><\/a><figcaption id=\"caption-attachment-20273\" class=\"wp-caption-text\">Die Top 3 Formel (von links): Luke Lee (Platz 2), Jan Ratheisky (Platz 1) und Helge Johannessen (Platz 3)<\/figcaption><\/figure>\n<figure id=\"attachment_20275\" aria-describedby=\"caption-attachment-20275\" style=\"width: 800px\" class=\"wp-caption aligncenter\"><a href=\"http:\/\/brcnews.net\/wp-content\/uploads\/2018\/05\/ETSAndernach.50.jpg\"><img loading=\"lazy\" class=\"wp-image-20275 size-full colorbox-20188\" src=\"http:\/\/brcnews.net\/wp-content\/uploads\/2018\/05\/ETSAndernach.50.jpg\" alt=\"\" width=\"800\" height=\"457\" srcset=\"https:\/\/brcnews.net\/wp-content\/uploads\/2018\/05\/ETSAndernach.50.jpg 800w, https:\/\/brcnews.net\/wp-content\/uploads\/2018\/05\/ETSAndernach.50-300x171.jpg 300w, https:\/\/brcnews.net\/wp-content\/uploads\/2018\/05\/ETSAndernach.50-768x439.jpg 768w\" sizes=\"(max-width: 800px) 100vw, 800px\" \/><\/a><figcaption id=\"caption-attachment-20275\" class=\"wp-caption-text\">Die Top 3 Pro Stock 40 plus (von links): Christian Drie\u00dfle (Platz 2), Thomas Oehler (Platz 1) und Beni Stutz (Platz 3)<\/figcaption><\/figure>\n<p>Das war es vom ETS in Andernach. <span style=\"color: #008000;\"><em><strong>BRCNEWS<\/strong><\/em><\/span> wird morgen nicht mehr anreisen.<\/p>\n<hr \/>\n<h6><span style=\"text-decoration: underline;\"><span style=\"color: #008000; text-decoration: underline;\">19. Meldung: Samstag 21:00 Uhr<\/span><\/span><\/h6>\n<h4>Das Rennen ist aus<\/h4>\n<p>Das Rennen ist aus. Im den letzten A-Finalen gab es noch einige kritische Situationen. In Modified jagte Naoto Matsukura erneut den vor ihm gestarteten Bruno Coelho rundenlang \u00fcber die Piste. Es kam zu einigen Ber\u00fchrungen. In der 13. Runde dann das Aus f\u00fcr Bruno Coelho. Bei einem Crash der beiden knickte Bruno Coelhos Karosse ein. Beide fielen zur\u00fcck. Bruno Coelho auf Platz sieben. Naoto Matsukura zuerst auf Pltz vier und dann auf Platz f\u00fcnf, als er auf Frederik S\u00fcdhoff auffuhr. Den Lauf gewann Viktor Wilck vor Marc Rheinard. Der Gesamtsieg ging an Bruno Coelho. Er war bei seinem Sieg das schnellere Finale gefahren. Naoto Matsukura und Marc Rheinard begleiteten ihn auf das Podium.<\/p>\n<p><a href=\"http:\/\/brcnews.net\/wp-content\/uploads\/2018\/05\/Andernach-2018_Die-Top-10.jpg\"><img loading=\"lazy\" class=\"size-full wp-image-20270 aligncenter colorbox-20188\" src=\"http:\/\/brcnews.net\/wp-content\/uploads\/2018\/05\/Andernach-2018_Die-Top-10.jpg\" alt=\"\" width=\"939\" height=\"308\" srcset=\"https:\/\/brcnews.net\/wp-content\/uploads\/2018\/05\/Andernach-2018_Die-Top-10.jpg 939w, https:\/\/brcnews.net\/wp-content\/uploads\/2018\/05\/Andernach-2018_Die-Top-10-300x98.jpg 300w, https:\/\/brcnews.net\/wp-content\/uploads\/2018\/05\/Andernach-2018_Die-Top-10-768x252.jpg 768w\" sizes=\"(max-width: 939px) 100vw, 939px\" \/><\/a><\/p>\n<p>In Pro Stock holte sich Jan Ratheisky mit einem klassischen Start-Ziel-Sieg den zweiten Tagessieg. Sein Teamkollege Mustafa Alp wurde Zweiter, Max M\u00e4chler Dritter.<\/p>\n<p>Jan Ratheiskys Sieg in der Klasse Formel stand bereits nach zwei Finall\u00e4ufen fest. Den zweiten Podiumsplatz holte sich Luke Lee (Xray), der das dritte Finale gewann. Der dritte Podiumsplatz ging an Helge Johannessen.<\/p>\n<p>Bis zum dritten Finale musste Thomas Oehler (ARC) auf einen Finalsieg warten. Der und ein zweiter Platz reichten dann zum Gesamtsieg vor Christian Drie\u00dfle (Awesomatix) und Beni Stutz (Infinity).<\/p>\n<hr \/>\n<h6><span style=\"text-decoration: underline;\"><span style=\"color: #008000; text-decoration: underline;\">18. Meldung: Samstag 19:10 Uhr<\/span><\/span><\/h6>\n<h4>Nur eine Entscheidung steht<\/h4>\n<p>Nach zwei A-Finalen\u00a0 steht zumindest eine Entscheidung. Jan Ratheisky hat die Formelklasse gewonnen.Er gewann auch das zweite Finale. In Pro Stock setzte er sich im zweiten A-Finale ebenfalls durch. Das erste hatte Mustafa Alp gewonnen.<\/p>\n<p>Ebenso vertagt wurden die Entscheidungen um den Sieg in den Klasse Pro Stock 40 plus und in Modified. In 40 plus gewann Beni Stutz, in Modified hielt Bruno Coelho dem Druck des Japaners Naoto Matsukura stand und gewann mit einem Start-Ziel-Sieg.<\/p>\n<hr \/>\n<h6><span style=\"text-decoration: underline;\"><span style=\"color: #008000; text-decoration: underline;\">17. Meldung: Samstag 18:20 Uhr<\/span><\/span><\/h6>\n<h4>Der Destiny RX -10 FF \u2013 ein Prototyp<\/h4>\n<figure id=\"attachment_20266\" aria-describedby=\"caption-attachment-20266\" style=\"width: 800px\" class=\"wp-caption aligncenter\"><a href=\"http:\/\/brcnews.net\/wp-content\/uploads\/2018\/05\/ETS-Andernach.100.jpg\"><img loading=\"lazy\" class=\"wp-image-20266 size-full colorbox-20188\" src=\"http:\/\/brcnews.net\/wp-content\/uploads\/2018\/05\/ETS-Andernach.100.jpg\" alt=\"\" width=\"800\" height=\"444\" srcset=\"https:\/\/brcnews.net\/wp-content\/uploads\/2018\/05\/ETS-Andernach.100.jpg 800w, https:\/\/brcnews.net\/wp-content\/uploads\/2018\/05\/ETS-Andernach.100-300x167.jpg 300w, https:\/\/brcnews.net\/wp-content\/uploads\/2018\/05\/ETS-Andernach.100-768x426.jpg 768w, https:\/\/brcnews.net\/wp-content\/uploads\/2018\/05\/ETS-Andernach.100-672x372.jpg 672w\" sizes=\"(max-width: 800px) 100vw, 800px\" \/><\/a><figcaption id=\"caption-attachment-20266\" class=\"wp-caption-text\">Yugo Nagashima, Terutaka Hanaumi und max Ma stellen den RC-10 FF in Andernach vor<\/figcaption><\/figure>\n<p>Destiny pr\u00e4sentierte beim ETS einen neuen Front Wheel Drive. Das Fahrzeug im Prototyp-Modus verf\u00fcgt \u00fcber alle Features, die die Klasse in den letzten Monaten so popul\u00e4r machten. Carbonchassis, Bulks, D\u00e4mpfer und Lenkung aus Aluminium. Au\u00dferdem spendierte Destiny dem neuen FWD einen Riemenantrieb. Die Lenkung (\u00fcber eine Schiene) stammt aus dem Destiny Tourenwagen.<\/p>\n<figure id=\"attachment_20267\" aria-describedby=\"caption-attachment-20267\" style=\"width: 800px\" class=\"wp-caption alignnone\"><a href=\"http:\/\/brcnews.net\/wp-content\/uploads\/2018\/05\/ETS-Andernach.101.jpg\"><img loading=\"lazy\" class=\"wp-image-20267 size-full colorbox-20188\" src=\"http:\/\/brcnews.net\/wp-content\/uploads\/2018\/05\/ETS-Andernach.101.jpg\" alt=\"\" width=\"800\" height=\"452\" srcset=\"https:\/\/brcnews.net\/wp-content\/uploads\/2018\/05\/ETS-Andernach.101.jpg 800w, https:\/\/brcnews.net\/wp-content\/uploads\/2018\/05\/ETS-Andernach.101-300x170.jpg 300w, https:\/\/brcnews.net\/wp-content\/uploads\/2018\/05\/ETS-Andernach.101-768x434.jpg 768w\" sizes=\"(max-width: 800px) 100vw, 800px\" \/><\/a><figcaption id=\"caption-attachment-20267\" class=\"wp-caption-text\">Die Front des Destiny RX-10 FF<\/figcaption><\/figure>\n<p>In K\u00fcrze mehr dazu!<\/p>\n<hr \/>\n<h6><span style=\"text-decoration: underline;\"><span style=\"color: #008000; text-decoration: underline;\">16. Meldung: Samstag 17:20 Uhr<\/span><\/span><\/h6>\n<h4>\u00a0Spannende A-Finale<\/h4>\n<figure id=\"attachment_20262\" aria-describedby=\"caption-attachment-20262\" style=\"width: 800px\" class=\"wp-caption alignnone\"><a href=\"http:\/\/brcnews.net\/wp-content\/uploads\/2018\/05\/ETSAndernach.46.jpg\"><img loading=\"lazy\" class=\"wp-image-20262 size-full colorbox-20188\" src=\"http:\/\/brcnews.net\/wp-content\/uploads\/2018\/05\/ETSAndernach.46.jpg\" alt=\"\" width=\"800\" height=\"443\" srcset=\"https:\/\/brcnews.net\/wp-content\/uploads\/2018\/05\/ETSAndernach.46.jpg 800w, https:\/\/brcnews.net\/wp-content\/uploads\/2018\/05\/ETSAndernach.46-300x166.jpg 300w, https:\/\/brcnews.net\/wp-content\/uploads\/2018\/05\/ETSAndernach.46-768x425.jpg 768w, https:\/\/brcnews.net\/wp-content\/uploads\/2018\/05\/ETSAndernach.46-672x372.jpg 672w\" sizes=\"(max-width: 800px) 100vw, 800px\" \/><\/a><figcaption id=\"caption-attachment-20262\" class=\"wp-caption-text\">Ganz eng ging es beim A-Finale Modified zu. Vorneweg Jan Ratheisky, dahinter Olivier Bultynck und als Dritter Mustafa Alp, der sp\u00e4tere Sieger<\/figcaption><\/figure>\n<p>Das war spannend. In Pro Stock und Modified fiel die Entscheidung erst ganz zum Schluss. Jan Ratheisky f\u00fchrte, teilweise sogar deutlich. Zum Schluss des Rennens kam Olivier Bultynck wieder auf und \u00fcberholte Jan in der letzten langezogenen Kurve vor der Zielschleife. Jan Ratheisky fuhr dann auf. Beide fielen zur\u00fcck. \u00a0Mustafa Alp gewann, Zweiter wurde Max M\u00e4chler. Den dritten Platz belegte Alex Kunkler (Yokomo). Olivier Bultynck rettete sich als F\u00fcnfter \u00fcber die Ziellinie. Die Zeitstrafe von zehn Sekunden warf Jan auf Platz acht zur\u00fcck.<\/p>\n<figure id=\"attachment_20263\" aria-describedby=\"caption-attachment-20263\" style=\"width: 250px\" class=\"wp-caption alignright\"><a href=\"http:\/\/brcnews.net\/wp-content\/uploads\/2018\/05\/ETSAndernach.47.jpg\"><img loading=\"lazy\" class=\"wp-image-20263 size-full colorbox-20188\" src=\"http:\/\/brcnews.net\/wp-content\/uploads\/2018\/05\/ETSAndernach.47.jpg\" alt=\"\" width=\"250\" height=\"359\" srcset=\"https:\/\/brcnews.net\/wp-content\/uploads\/2018\/05\/ETSAndernach.47.jpg 250w, https:\/\/brcnews.net\/wp-content\/uploads\/2018\/05\/ETSAndernach.47-209x300.jpg 209w\" sizes=\"(max-width: 250px) 100vw, 250px\" \/><\/a><figcaption id=\"caption-attachment-20263\" class=\"wp-caption-text\">Naoto Matsukura jubeld nach seinem Sieg im ersten Finallauf<\/figcaption><\/figure>\n<p>In Modified jagte Naoto Matsukura (Infinity) den vor ihm gestarteten Bruno Coelho \u00fcber vier Minuten vor sich her. F\u00fcnf Runden vor Schluss setzte er zu einem erfolgreichen \u00dcberholman\u00f6ver an und vor sich bis zum Ziel einen Vorsprung von gut sechs Zehntelsekunden heraus. Dritter wurde Marc Rheinard (Infinity) vor Frederik S\u00fcdhoff (Awesomatix) und Viktor Wilck.<\/p>\n<p>Spannend war der Kampf in der Formelklasse auf den Pl\u00e4tzen drei bis sechs. W\u00e4hrend Jan Ratheisky (Xray) vorne Runde f\u00fcr Runde das Feld abh\u00e4ngte und Olivier Bultynck (Shepherd) einem ungef\u00e4hrdeten zweien Platz entgegen fuhr, k\u00e4mpften dahinter Jan Bohlen (Xray), David Ehrbar und Matej Dobnikar (Xray) um die Pl\u00e4tze drei bis f\u00fcnf. David Ehrbar setzte sich kurz vor dem Ziel gegen Jan Bohlen durch. Er wurde Dritter, Jan Bohlen Vierter und Matej Dobnikar (Xray) F\u00fcnfter.<\/p>\n<figure id=\"attachment_20264\" aria-describedby=\"caption-attachment-20264\" style=\"width: 800px\" class=\"wp-caption alignnone\"><a href=\"http:\/\/brcnews.net\/wp-content\/uploads\/2018\/05\/ETSAndernach.45.jpg\"><img loading=\"lazy\" class=\"wp-image-20264 size-full colorbox-20188\" src=\"http:\/\/brcnews.net\/wp-content\/uploads\/2018\/05\/ETSAndernach.45.jpg\" alt=\"\" width=\"800\" height=\"400\" srcset=\"https:\/\/brcnews.net\/wp-content\/uploads\/2018\/05\/ETSAndernach.45.jpg 800w, https:\/\/brcnews.net\/wp-content\/uploads\/2018\/05\/ETSAndernach.45-300x150.jpg 300w, https:\/\/brcnews.net\/wp-content\/uploads\/2018\/05\/ETSAndernach.45-768x384.jpg 768w\" sizes=\"(max-width: 800px) 100vw, 800px\" \/><\/a><figcaption id=\"caption-attachment-20264\" class=\"wp-caption-text\">Im ersten A-Finale Pro Stock 40plus setzte sich Christian Drie\u00dfle mit seinem Awesomatix A800x durch<\/figcaption><\/figure>\n<p>Christian Drie\u00dfle (Awesomatix) ging in Pro Stock 4o plus schon in der dritten Runde in F\u00fchrung und behielt die bis zum Schluss bei. Thomas Oehler (ARC), der von der Pole gestartet war, wurde Zweiter. Der dritten Platz belegte \u00d6zer Y\u00fcr\u00fcm (Awesomatix).<\/p>\n<hr \/>\n<h6><span style=\"text-decoration: underline;\"><span style=\"color: #008000; text-decoration: underline;\">15. Meldung: Samstag 16:00 Uhr<\/span><\/span><\/h6>\n<h4>Unter die Haube geschaut: Der neue Tamiya Formel<\/h4>\n<figure id=\"attachment_20257\" aria-describedby=\"caption-attachment-20257\" style=\"width: 800px\" class=\"wp-caption alignnone\"><a href=\"http:\/\/brcnews.net\/wp-content\/uploads\/2018\/05\/ETSAndernach.43.jpg\"><img loading=\"lazy\" class=\"wp-image-20257 size-full colorbox-20188\" src=\"http:\/\/brcnews.net\/wp-content\/uploads\/2018\/05\/ETSAndernach.43.jpg\" alt=\"\" width=\"800\" height=\"415\" srcset=\"https:\/\/brcnews.net\/wp-content\/uploads\/2018\/05\/ETSAndernach.43.jpg 800w, https:\/\/brcnews.net\/wp-content\/uploads\/2018\/05\/ETSAndernach.43-300x156.jpg 300w, https:\/\/brcnews.net\/wp-content\/uploads\/2018\/05\/ETSAndernach.43-768x398.jpg 768w\" sizes=\"(max-width: 800px) 100vw, 800px\" \/><\/a><figcaption id=\"caption-attachment-20257\" class=\"wp-caption-text\">So sieht er aus, der neu Formel von Tamiya<\/figcaption><\/figure>\n<p>Das Rennen, die spannenden Rennszenen sind das eine und sicher das wichtigste bei den L\u00e4ufen zur Euro Touring Series. Doch es gibt noch mehr. Die RC-Car-Szene nutzt die Chance, sich w\u00e4hrend der Veranstaltung mit neuen Produkten auf sich aufmerksam zu machen.<\/p>\n<figure id=\"attachment_20259\" aria-describedby=\"caption-attachment-20259\" style=\"width: 800px\" class=\"wp-caption alignnone\"><a href=\"http:\/\/brcnews.net\/wp-content\/uploads\/2018\/05\/ETSAndernach.42.jpg\"><img loading=\"lazy\" class=\"wp-image-20259 size-full colorbox-20188\" src=\"http:\/\/brcnews.net\/wp-content\/uploads\/2018\/05\/ETSAndernach.42.jpg\" alt=\"\" width=\"800\" height=\"482\" srcset=\"https:\/\/brcnews.net\/wp-content\/uploads\/2018\/05\/ETSAndernach.42.jpg 800w, https:\/\/brcnews.net\/wp-content\/uploads\/2018\/05\/ETSAndernach.42-300x181.jpg 300w, https:\/\/brcnews.net\/wp-content\/uploads\/2018\/05\/ETSAndernach.42-768x463.jpg 768w\" sizes=\"(max-width: 800px) 100vw, 800px\" \/><\/a><figcaption id=\"caption-attachment-20259\" class=\"wp-caption-text\">Die Front des neuen<\/figcaption><\/figure>\n<figure id=\"attachment_20258\" aria-describedby=\"caption-attachment-20258\" style=\"width: 800px\" class=\"wp-caption alignnone\"><a href=\"http:\/\/brcnews.net\/wp-content\/uploads\/2018\/05\/ETSAndernach.44.jpg\"><img loading=\"lazy\" class=\"wp-image-20258 size-full colorbox-20188\" src=\"http:\/\/brcnews.net\/wp-content\/uploads\/2018\/05\/ETSAndernach.44.jpg\" alt=\"\" width=\"800\" height=\"452\" srcset=\"https:\/\/brcnews.net\/wp-content\/uploads\/2018\/05\/ETSAndernach.44.jpg 800w, https:\/\/brcnews.net\/wp-content\/uploads\/2018\/05\/ETSAndernach.44-300x170.jpg 300w, https:\/\/brcnews.net\/wp-content\/uploads\/2018\/05\/ETSAndernach.44-768x434.jpg 768w\" sizes=\"(max-width: 800px) 100vw, 800px\" \/><\/a><figcaption id=\"caption-attachment-20258\" class=\"wp-caption-text\">Auffallend der lange D\u00e4mpfer, wie man ihn auch bei Xray kennt<\/figcaption><\/figure>\n<p>In der Formelklasse macht Tamiya mit einem neuen Fahrzeug auf sich aufmerksam. Erst vor wenigen Tagen wurde er bei der Hobbyshow in Tokio vorgestellt. Rainer\u00a0 Haller hat seinen Baukasten zwar schon zusammengebaut, hat den F103 TRF aber hier beim ETS nicht eingesetzt. Zur Erinnerung: Im ersten Jahr der Formelklasse war ein Vorg\u00e4nger des TRF das einzige zugelassene Fahrzeug in dieser Klasse. Erst sp\u00e4ter sind andere Hersteller, wie etwa Xray, eingestiegen noch sp\u00e4ter auch Roche und Shepherd, um noch einige zu nennen.<\/p>\n<hr \/>\n<h6><span style=\"text-decoration: underline;\"><span style=\"color: #008000; text-decoration: underline;\">14. Meldung: Samstag 14:10 Uhr<\/span><\/span><\/h6>\n<h4>Die Finale laufen<\/h4>\n<p>Seit rund 14:00 Uhr laufen die Finale. Los ging es mit dem F-Finale Pro Stock.<\/p>\n<p><a href=\"http:\/\/brcnews.net\/wp-content\/uploads\/2018\/05\/A-Finale-Andernach.jpg\"><img loading=\"lazy\" class=\"alignnone size-full wp-image-20256 colorbox-20188\" src=\"http:\/\/brcnews.net\/wp-content\/uploads\/2018\/05\/A-Finale-Andernach.jpg\" alt=\"\" width=\"939\" height=\"308\" srcset=\"https:\/\/brcnews.net\/wp-content\/uploads\/2018\/05\/A-Finale-Andernach.jpg 939w, https:\/\/brcnews.net\/wp-content\/uploads\/2018\/05\/A-Finale-Andernach-300x98.jpg 300w, https:\/\/brcnews.net\/wp-content\/uploads\/2018\/05\/A-Finale-Andernach-768x252.jpg 768w\" sizes=\"(max-width: 939px) 100vw, 939px\" \/><\/a><\/p>\n<h6>Die ersten A-Finale starten um 16:30 Uhr<\/h6>\n<hr \/>\n<h6><span style=\"text-decoration: underline;\"><span style=\"color: #008000; text-decoration: underline;\">13. Meldung: Samstag 13:20 Uhr<\/span><\/span><\/h6>\n<h4>Bruno Coelho vorn<\/h4>\n<p>Bruno Coelho startet in der Klasse Tourenwagen Modified von der Pole. Seine zwei Siegen von gestern reichten dazu. Auf Platz zwei steht Naoto Matsukura. Von Starplatz drei geht Viktor Wilck (Serpent) in die Finall\u00e4ufe. Der Schwede war schon das ganze Wochenende in \u00a0einer hervorragenden Verfassung. Dahinter folgen Marc Rheinard (Infinity) und Frederik S\u00fcdhoff (Awesomatix).<\/p>\n<hr \/>\n<h6><span style=\"text-decoration: underline;\"><span style=\"color: #008000; text-decoration: underline;\">Zw\u00f6fte Meldung: Samstag 12:40 Uhr<\/span><\/span><\/h6>\n<h4>Formel: Luke Lee startet von Platz 2<\/h4>\n<figure id=\"attachment_20251\" aria-describedby=\"caption-attachment-20251\" style=\"width: 800px\" class=\"wp-caption aligncenter\"><a href=\"http:\/\/brcnews.net\/wp-content\/uploads\/2018\/05\/ETSAndernach.40.jpg\"><img loading=\"lazy\" class=\"wp-image-20251 size-full colorbox-20188\" src=\"http:\/\/brcnews.net\/wp-content\/uploads\/2018\/05\/ETSAndernach.40.jpg\" alt=\"\" width=\"800\" height=\"292\" srcset=\"https:\/\/brcnews.net\/wp-content\/uploads\/2018\/05\/ETSAndernach.40.jpg 800w, https:\/\/brcnews.net\/wp-content\/uploads\/2018\/05\/ETSAndernach.40-300x110.jpg 300w, https:\/\/brcnews.net\/wp-content\/uploads\/2018\/05\/ETSAndernach.40-768x280.jpg 768w\" sizes=\"(max-width: 800px) 100vw, 800px\" \/><\/a><figcaption id=\"caption-attachment-20251\" class=\"wp-caption-text\">Die schnellste Gruppe der Formelfahrer beim vierten Qualilauf<\/figcaption><\/figure>\n<figure id=\"attachment_20252\" aria-describedby=\"caption-attachment-20252\" style=\"width: 800px\" class=\"wp-caption aligncenter\"><a href=\"http:\/\/brcnews.net\/wp-content\/uploads\/2018\/05\/ETSAndernach.41.jpg\"><img loading=\"lazy\" class=\"wp-image-20252 size-full colorbox-20188\" src=\"http:\/\/brcnews.net\/wp-content\/uploads\/2018\/05\/ETSAndernach.41.jpg\" alt=\"\" width=\"800\" height=\"163\" srcset=\"https:\/\/brcnews.net\/wp-content\/uploads\/2018\/05\/ETSAndernach.41.jpg 800w, https:\/\/brcnews.net\/wp-content\/uploads\/2018\/05\/ETSAndernach.41-300x61.jpg 300w, https:\/\/brcnews.net\/wp-content\/uploads\/2018\/05\/ETSAndernach.41-768x156.jpg 768w\" sizes=\"(max-width: 800px) 100vw, 800px\" \/><\/a><figcaption id=\"caption-attachment-20252\" class=\"wp-caption-text\">Aufstellung zum Vorlaufstart<\/figcaption><\/figure>\n<p>Der Brite Luke Lee startet in der Formelklasse hinter seinem Teamkollegen Jan Ratheisky als Zweiter. Auf Startplatz drei steht Olivier Bultynck (Shepherd). Luke Lee gewann diesen vor David Ehrbar (Serpent) und Helge Johannessen (Roche).<\/p>\n<hr \/>\n<h6><span style=\"text-decoration: underline;\"><span style=\"color: #008000; text-decoration: underline;\">Elfte Meldung: Samstag 12:00 Uhr<\/span><\/span><\/h6>\n<h4>Die zwei Siege von gestern reichten<\/h4>\n<figure id=\"attachment_20249\" aria-describedby=\"caption-attachment-20249\" style=\"width: 800px\" class=\"wp-caption alignnone\"><a href=\"http:\/\/brcnews.net\/wp-content\/uploads\/2018\/05\/ETSAndernach.39.jpg\"><img loading=\"lazy\" class=\"wp-image-20249 size-full colorbox-20188\" src=\"http:\/\/brcnews.net\/wp-content\/uploads\/2018\/05\/ETSAndernach.39.jpg\" alt=\"\" width=\"800\" height=\"348\" srcset=\"https:\/\/brcnews.net\/wp-content\/uploads\/2018\/05\/ETSAndernach.39.jpg 800w, https:\/\/brcnews.net\/wp-content\/uploads\/2018\/05\/ETSAndernach.39-300x131.jpg 300w, https:\/\/brcnews.net\/wp-content\/uploads\/2018\/05\/ETSAndernach.39-768x334.jpg 768w\" sizes=\"(max-width: 800px) 100vw, 800px\" \/><\/a><figcaption id=\"caption-attachment-20249\" class=\"wp-caption-text\">Die schnellste Vorlaufgruppe Pro Stock auf dem Fahrerstand<\/figcaption><\/figure>\n<p>Jan Ratheiskys (Xray) zwei Qualisiege von gestern haben f\u00fcr die Pole gereicht. Auf Startplatz zwei steht sein Teamkollege Mustafa Alp. Mit seinem Sieg im letzten Qualilauf sicherte sich Olivier Bultynck (Awesomatix) den dritten Startplatz. Dahinter folgen Alexandre Duchet (Xray) und Max M\u00e4chler (Awesonatix). Ein Sieg heute w\u00fcrde Jan Ratheisky ein gutes St\u00fcck n\u00e4her an seine Titelverteidigung heranbringen.<\/p>\n<hr \/>\n<h6><span style=\"text-decoration: underline;\"><span style=\"color: #008000; text-decoration: underline;\">Zehnte Meldung: Samstag 11:20 Uhr<\/span><\/span><\/h6>\n<h4>Pro Stock 40 plus: Thomas Oehler startet von der Pole<\/h4>\n<figure id=\"attachment_20245\" aria-describedby=\"caption-attachment-20245\" style=\"width: 250px\" class=\"wp-caption alignleft\"><a href=\"http:\/\/brcnews.net\/wp-content\/uploads\/2018\/05\/ETSAndernach.38.jpg\"><img loading=\"lazy\" class=\"wp-image-20245 size-full colorbox-20188\" src=\"http:\/\/brcnews.net\/wp-content\/uploads\/2018\/05\/ETSAndernach.38.jpg\" alt=\"\" width=\"250\" height=\"271\" \/><\/a><figcaption id=\"caption-attachment-20245\" class=\"wp-caption-text\">Thomas Oehler mit seinem ARC R11<\/figcaption><\/figure>\n<p>Thomas Oehler (ARC) startet heute Nachmittag in der Klasse Pro Stock 40 plus von der Pole. Er gewann den vierten und letzten Vorlauf. Damit hatte er wie Christian Drie\u00dfle (Awesomatix) zwei Siege auf seinem Konto, war dabei aber schneller gefahren. Hinter Thomas Oehler und Chrsitian Drie\u00dfler startet Beni Stutz (Infinity) als Dritter.<\/p>\n<p>Die Klasse 40 plus wurde zu Beginn der Saison in die Euro Touring Series eingebau. Wie der Name schon sagt, m\u00fcssen die Teilnehmer mindestens 40 Jahre alt sein. Das Material, dass sie einsetzen ist das gleiche, wie in Pro Stock.<\/p>\n<hr \/>\n<h6><span style=\"text-decoration: underline;\"><span style=\"color: #008000; text-decoration: underline;\">Neunte Meldung: Samstag 10:40 Uhr<\/span><\/span><\/h6>\n<h4>Modified: Naoto Matsukura gewinnt dritten Vorlauf<\/h4>\n<p>Der Japaner Naoto Matsukura hat den dritten Qualilauf gewonnen in Modified gewonnen. Der Infinity-Pilot war dabei rund 3,6 Sekunden schneller als sein Teamkollege Marc Rheinard. Dritter wurde der Schwede Viktor Wilck (Serpent). In der Gesamtwertung f\u00fchrt weiter Bruno Coelho (Xray) vor den beiden Infinity-Fahrern Naoto Matsukura und Marc Rheinard. Bruno Coelho schied bereits in der zweiten Runde aus. Nach einem \u00dcberschlag sah er keine Chance mehr im Kampf um den Sieg einzugreifen. Er stieg aus und schonte so seine Reifen f\u00fcr den letzten Qualilauf.<\/p>\n<hr \/>\n<h6><span style=\"text-decoration: underline;\"><span style=\"color: #008000; text-decoration: underline;\">Achte Meldung: Samstag 10:10 Uhr<\/span><\/span><\/h6>\n<h4>Formel: Jan Ratheisky startet von der Pole<\/h4>\n<figure id=\"attachment_20239\" aria-describedby=\"caption-attachment-20239\" style=\"width: 800px\" class=\"wp-caption alignnone\"><a href=\"http:\/\/brcnews.net\/wp-content\/uploads\/2018\/05\/ETSAndernach.37.jpg\"><img loading=\"lazy\" class=\"wp-image-20239 size-full colorbox-20188\" src=\"http:\/\/brcnews.net\/wp-content\/uploads\/2018\/05\/ETSAndernach.37.jpg\" alt=\"\" width=\"800\" height=\"515\" srcset=\"https:\/\/brcnews.net\/wp-content\/uploads\/2018\/05\/ETSAndernach.37.jpg 800w, https:\/\/brcnews.net\/wp-content\/uploads\/2018\/05\/ETSAndernach.37-300x193.jpg 300w, https:\/\/brcnews.net\/wp-content\/uploads\/2018\/05\/ETSAndernach.37-768x494.jpg 768w\" sizes=\"(max-width: 800px) 100vw, 800px\" \/><\/a><figcaption id=\"caption-attachment-20239\" class=\"wp-caption-text\">Geschafft! Jan Ratheisky geht von Startplatz eins in die Finall\u00e4ufe<\/figcaption><\/figure>\n<p>Jan Ratheisky startet in seiner Musterdisziplin, in Formel, von der Pole. Er hat auch den dritten Vorlauf gewonnen. Zweiter in der Gesamtrangliste ist Olivier Bultynck, dritter David Ehrbar.<\/p>\n<p>Diese Konstellation verspricht drei spannende Finall\u00e4ufe. Mit einem Sieg kann sich Jan Ratheisky die F\u00fchrung in der Championswertung zur\u00fckholen. Olivier Bultynck w\u00fcrde mit einem Sieg seinen Vorsprung in der Gesamtwertung vor Jan Ratheisky ausbauen.<\/p>\n<hr \/>\n<h6><span style=\"text-decoration: underline;\"><span style=\"color: #008000; text-decoration: underline;\">Siebte Meldung: Samstag 9:40 Uhr<\/span><\/span><\/h6>\n<h4>Stallorder in Pro Stock ?<\/h4>\n<figure id=\"attachment_20236\" aria-describedby=\"caption-attachment-20236\" style=\"width: 800px\" class=\"wp-caption aligncenter\"><a href=\"http:\/\/brcnews.net\/wp-content\/uploads\/2018\/05\/ETSAndernach.36.jpg\"><img loading=\"lazy\" class=\"wp-image-20236 size-full colorbox-20188\" src=\"http:\/\/brcnews.net\/wp-content\/uploads\/2018\/05\/ETSAndernach.36.jpg\" alt=\"\" width=\"800\" height=\"485\" srcset=\"https:\/\/brcnews.net\/wp-content\/uploads\/2018\/05\/ETSAndernach.36.jpg 800w, https:\/\/brcnews.net\/wp-content\/uploads\/2018\/05\/ETSAndernach.36-300x182.jpg 300w, https:\/\/brcnews.net\/wp-content\/uploads\/2018\/05\/ETSAndernach.36-768x466.jpg 768w\" sizes=\"(max-width: 800px) 100vw, 800px\" \/><\/a><figcaption id=\"caption-attachment-20236\" class=\"wp-caption-text\">Warten auf den n\u00e4chsten Einsatz<\/figcaption><\/figure>\n<p>Jan Ratheisky, der in Pro Stock bereits zwei Vorl\u00e4ufe gewonnen hat, hielt sich im dritten Qualilauf merklich zur\u00fcck. Schnellster war Mustafa Alp (Xray) \u00a0vor seinem Teamkollegen Alexandre Duchet. Max M\u00e4chler wurde Dritter. In der Gesamtrangliste f\u00fchrt Jan Ratheisky jetzt vor Mustafa Alp und Dominic Vogl (Infinity)<\/p>\n<hr \/>\n<h6><span style=\"text-decoration: underline;\"><span style=\"color: #008000; text-decoration: underline;\">Sechste Meldung: Samstag 8:40 Uhr<\/span><\/span><\/h6>\n<h4>Dritte Qualidurchgang l\u00e4uft<\/h4>\n<p>Seit 8:00 Uhr l\u00e4uft der dritte Qualidurchgang. In Pro Stock 40 plus \u00a0hat sich Christian Drie\u00dfle (Awesomatix) mit seinem zweiten Qualisieg an der Spitze festgesetzt. Dahinter folgen Thomas Oehler (ARC), der als F\u00fchrender in der Gesamtrangliste 40 plus nach Andernach angereist ist, und Beni Stutz (Infinity).<\/p>\n<p>Zwei Qualil\u00e4ufe stehen heute auf dem Programm. Gegen 14:00 Uhr beginnen dann die Finall\u00e4ufe.<\/p>\n<hr \/>\n<h6><span style=\"text-decoration: underline;\"><span style=\"color: #008000; text-decoration: underline;\">F\u00fcnfte Meldung: Freitag 19:10 Uhr<\/span><\/span><\/h6>\n<h4>Jan Ratheisky gewinnt wieder in beiden Klassen<\/h4>\n<p>Jan Ratheisky hat auch seinen jeweils zweiten Vorlauf in den Klasse Pro Stock und Formel gewonnen. Mit zwei Siegen baute er so in beiden Klassen seine F\u00fchrung im Kampf um die Pole aus. In Pro Stock gewann der Xrayfahrer gewann dieses Mal vor Dominic Vogl (Infinty) und Mustafa Alp (Xray); in Formel vor David Ehrbar (Serpent) und Like Lee (Xray).<\/p>\n<figure id=\"attachment_20233\" aria-describedby=\"caption-attachment-20233\" style=\"width: 800px\" class=\"wp-caption aligncenter\"><a href=\"http:\/\/brcnews.net\/wp-content\/uploads\/2018\/05\/ETSAndernach.32.jpg\"><img loading=\"lazy\" class=\"wp-image-20233 size-full colorbox-20188\" src=\"http:\/\/brcnews.net\/wp-content\/uploads\/2018\/05\/ETSAndernach.32.jpg\" alt=\"\" width=\"800\" height=\"498\" srcset=\"https:\/\/brcnews.net\/wp-content\/uploads\/2018\/05\/ETSAndernach.32.jpg 800w, https:\/\/brcnews.net\/wp-content\/uploads\/2018\/05\/ETSAndernach.32-300x187.jpg 300w, https:\/\/brcnews.net\/wp-content\/uploads\/2018\/05\/ETSAndernach.32-768x478.jpg 768w\" sizes=\"(max-width: 800px) 100vw, 800px\" \/><\/a><figcaption id=\"caption-attachment-20233\" class=\"wp-caption-text\">Bruno Coelho<\/figcaption><\/figure>\n<p>In Modified holte Bruno Coelho ebenfalls seinen zweiten Sieg. In einem spannenden Lauf legte er gegen Schluss noch einmal kr\u00e4ftig nach und fing Naoto Matsukura (Infinity), der bis dahin gef\u00fchrt hatte, noch ab. 1,5 Zehntelsekunden trennten die beiden Fahrer. In Pro Stock 40 plus hatte Thomas Oehler (ARC) jetzt die Nase vorn. Er f\u00fchrt nun nach zwei L\u00e4ufen vor \u00d6zer Y\u00fcr\u00fcm (Awesomatix) und Beni Stutz (Infinity).<\/p>\n<p>Das war es f\u00fcr heute aus Andernach!<\/p>\n<hr \/>\n<h6><span style=\"text-decoration: underline;\"><span style=\"color: #008000; text-decoration: underline;\">Vierte Meldung: Freitag 18:00 Uhr<\/span><\/span><\/h6>\n<h4>Joaquin de Soto auf Europareise<\/h4>\n<p><a href=\"http:\/\/brcnews.net\/wp-content\/uploads\/2018\/05\/ETSAndernach.06.jpg\"><img loading=\"lazy\" class=\"alignleft wp-image-20195 size-medium colorbox-20188\" src=\"http:\/\/brcnews.net\/wp-content\/uploads\/2018\/05\/ETSAndernach.06-236x300.jpg\" alt=\"\" width=\"236\" height=\"300\" srcset=\"https:\/\/brcnews.net\/wp-content\/uploads\/2018\/05\/ETSAndernach.06-236x300.jpg 236w, https:\/\/brcnews.net\/wp-content\/uploads\/2018\/05\/ETSAndernach.06-768x978.jpg 768w, https:\/\/brcnews.net\/wp-content\/uploads\/2018\/05\/ETSAndernach.06.jpg 800w\" sizes=\"(max-width: 236px) 100vw, 236px\" \/><\/a>Joaquin de Soto, der neue Serpent-CEO, verschafft sich von seinem Team jetzt auch Eindr\u00fccke bei internationalen Rennen. Am Freitag war er w\u00e4hrend des Trainings im Motodrom. Die Woche davor nahm er sich die Zeit, sein Team bei einem Lauf der Euro Nitro Series in in Rucphen (Niederlande) unter die Lupe zu nehmen. Der Besuch ist einer von vielen \u00a0des CEO zu den Wirkungsst\u00e4tten seiner weltweit verzweigten Firma, mit Entwicklungsb\u00fcros in Deutschland, Holland, USA und Hongkong. In den letzten f\u00fcnf Wochen war der Amerikaner, der in Miami lebt, in Asien, S\u00fcdafrika und Europa unterwegs. \u00a0Joaquin de Soto macht offenbar Ernst damit, das Unternehmen umzustrukturieren und fit f\u00fcr die Zukunft zu machen (<span style=\"color: #008000;\"><em><strong>BRCNEWS<\/strong> <\/em><span style=\"color: #000000;\">z<\/span><\/span>um <a href=\"http:\/\/brcnews.net\/?p=19832\">Amtsantritt de Soto bei Serpent<\/a>)<\/p>\n<hr \/>\n<h6><span style=\"text-decoration: underline;\"><span style=\"color: #008000; text-decoration: underline;\">Dritte Meldung: Freitag 17:20 Uhr<\/span><\/span><\/h6>\n<h4>Unter die Haube geschaut: Der Infinty IF11 von Jitse Miedema<\/h4>\n<figure id=\"attachment_20227\" aria-describedby=\"caption-attachment-20227\" style=\"width: 800px\" class=\"wp-caption alignnone\"><a href=\"http:\/\/brcnews.net\/wp-content\/uploads\/2018\/05\/ETSAndernach.31.jpg\"><img loading=\"lazy\" class=\"wp-image-20227 size-full colorbox-20188\" src=\"http:\/\/brcnews.net\/wp-content\/uploads\/2018\/05\/ETSAndernach.31.jpg\" alt=\"\" width=\"800\" height=\"532\" srcset=\"https:\/\/brcnews.net\/wp-content\/uploads\/2018\/05\/ETSAndernach.31.jpg 800w, https:\/\/brcnews.net\/wp-content\/uploads\/2018\/05\/ETSAndernach.31-300x200.jpg 300w, https:\/\/brcnews.net\/wp-content\/uploads\/2018\/05\/ETSAndernach.31-768x511.jpg 768w\" sizes=\"(max-width: 800px) 100vw, 800px\" \/><\/a><figcaption id=\"caption-attachment-20227\" class=\"wp-caption-text\">Jitse Miedema<\/figcaption><\/figure>\n<p>So langsam kommt der Infinity-Formel aus dem Entwicklungsstadium heraus. Jitse Miedema pr\u00e4sentierte ihn beim ETS mit einer \u00fcberarbeiteten Hinter- und Vorderachse. Die oberen Querlenker waren von Serpent. Das Monocoque-Verbundchassis mit<\/p>\n<figure id=\"attachment_20202\" aria-describedby=\"caption-attachment-20202\" style=\"width: 800px\" class=\"wp-caption aligncenter\"><a href=\"http:\/\/brcnews.net\/wp-content\/uploads\/2018\/05\/ETSAndernach.13.jpg\"><img loading=\"lazy\" class=\"wp-image-20202 size-full colorbox-20188\" src=\"http:\/\/brcnews.net\/wp-content\/uploads\/2018\/05\/ETSAndernach.13.jpg\" alt=\"\" width=\"800\" height=\"516\" srcset=\"https:\/\/brcnews.net\/wp-content\/uploads\/2018\/05\/ETSAndernach.13.jpg 800w, https:\/\/brcnews.net\/wp-content\/uploads\/2018\/05\/ETSAndernach.13-300x194.jpg 300w, https:\/\/brcnews.net\/wp-content\/uploads\/2018\/05\/ETSAndernach.13-768x495.jpg 768w\" sizes=\"(max-width: 800px) 100vw, 800px\" \/><\/a><figcaption id=\"caption-attachment-20202\" class=\"wp-caption-text\">Das Monocoque-Verbundchassis ist ein Alleinstellungsmerkmal des IF11<\/figcaption><\/figure>\n<p>einer kurzen Carbonchassisplatte bleibt das Alleinstellungsmerkmal des IF1. Hier in Andernach testet Jitse Miedema eine h\u00e4rtere Version. Die macht das Chassis noch steifer. Der Akku liegt quer im Chassis und wird mit einem O-Ring fixiert.<\/p>\n<p>Kleine Bildergalerie des IF14<\/p>\n<div id='gallery-1' class='gallery galleryid-20188 gallery-columns-3 gallery-size-thumbnail'><figure class='gallery-item'>\n\t\t\t<div class='gallery-icon landscape'>\n\t\t\t\t<a href='https:\/\/brcnews.net\/?attachment_id=20203'><img width=\"150\" height=\"150\" src=\"https:\/\/brcnews.net\/wp-content\/uploads\/2018\/05\/ETSAndernach.14-150x150.jpg\" class=\"attachment-thumbnail size-thumbnail colorbox-20188 \" alt=\"\" loading=\"lazy\" \/><\/a>\n\t\t\t<\/div><\/figure><figure class='gallery-item'>\n\t\t\t<div class='gallery-icon landscape'>\n\t\t\t\t<a href='https:\/\/brcnews.net\/?attachment_id=20201'><img width=\"150\" height=\"150\" src=\"https:\/\/brcnews.net\/wp-content\/uploads\/2018\/05\/ETSAndernach.12-150x150.jpg\" class=\"attachment-thumbnail size-thumbnail colorbox-20188 \" alt=\"\" loading=\"lazy\" \/><\/a>\n\t\t\t<\/div><\/figure><figure class='gallery-item'>\n\t\t\t<div class='gallery-icon landscape'>\n\t\t\t\t<a href='https:\/\/brcnews.net\/?attachment_id=20200'><img width=\"150\" height=\"150\" src=\"https:\/\/brcnews.net\/wp-content\/uploads\/2018\/05\/ETSAndernach.11-150x150.jpg\" class=\"attachment-thumbnail size-thumbnail colorbox-20188 \" alt=\"\" loading=\"lazy\" \/><\/a>\n\t\t\t<\/div><\/figure><figure class='gallery-item'>\n\t\t\t<div class='gallery-icon landscape'>\n\t\t\t\t<a href='https:\/\/brcnews.net\/?attachment_id=20199'><img width=\"150\" height=\"150\" src=\"https:\/\/brcnews.net\/wp-content\/uploads\/2018\/05\/ETSAndernach.10-150x150.jpg\" class=\"attachment-thumbnail size-thumbnail colorbox-20188 \" alt=\"\" loading=\"lazy\" \/><\/a>\n\t\t\t<\/div><\/figure><figure class='gallery-item'>\n\t\t\t<div class='gallery-icon landscape'>\n\t\t\t\t<a href='https:\/\/brcnews.net\/?attachment_id=20197'><img width=\"150\" height=\"150\" src=\"https:\/\/brcnews.net\/wp-content\/uploads\/2018\/05\/ETSAndernach.08-150x150.jpg\" class=\"attachment-thumbnail size-thumbnail colorbox-20188 \" alt=\"\" loading=\"lazy\" \/><\/a>\n\t\t\t<\/div><\/figure><figure class='gallery-item'>\n\t\t\t<div class='gallery-icon landscape'>\n\t\t\t\t<a href='https:\/\/brcnews.net\/?attachment_id=20204'><img width=\"150\" height=\"150\" src=\"https:\/\/brcnews.net\/wp-content\/uploads\/2018\/05\/ETSAndernach.15-150x150.jpg\" class=\"attachment-thumbnail size-thumbnail colorbox-20188 \" alt=\"\" loading=\"lazy\" \/><\/a>\n\t\t\t<\/div><\/figure>\n\t\t<\/div>\n\n<p>Noch kommt er nicht ganz an die Zeiten der schnellsten Fahrer heran. Nach dem Training war er 15. F\u00fcr ihn geht es heuer aber nicht vorrangig um eine gute Platzierung. Noch steht einfach das Testen im Vordergrund.<\/p>\n<p>Nachtrag 1830 Uhr: Nach zwei Qualil\u00e4ufen hat sich Jitse Miedema auf Gesamtrang acht vorgek\u00e4mpft.<\/p>\n<hr \/>\n<h6><span style=\"text-decoration: underline;\"><span style=\"color: #008000; text-decoration: underline;\">Zweite Meldung: Freitag 16:20 Uhr<\/span><\/span><\/h6>\n<h4>Favoriten sind vorn<\/h4>\n<p>Nach dem ersten Qualilauf sind die Favoriten schon vorn. Titelverteidiger Bruno Coelho ging nach 19 Runden mit einem Vorsprung von gut drei Zehntelsekunden vor Marc Rheinard (Infinity) \u00a0und weiteren knapp drei Zehntelsekunde vor Naoto Matsukura (Infinity) \u00fcber die Zielschliefe.<\/p>\n<figure id=\"attachment_20225\" aria-describedby=\"caption-attachment-20225\" style=\"width: 800px\" class=\"wp-caption alignnone\"><a href=\"http:\/\/brcnews.net\/wp-content\/uploads\/2018\/05\/ETSAndernach.30.jpg\"><img loading=\"lazy\" class=\"wp-image-20225 size-full colorbox-20188\" src=\"http:\/\/brcnews.net\/wp-content\/uploads\/2018\/05\/ETSAndernach.30.jpg\" alt=\"\" width=\"800\" height=\"251\" srcset=\"https:\/\/brcnews.net\/wp-content\/uploads\/2018\/05\/ETSAndernach.30.jpg 800w, https:\/\/brcnews.net\/wp-content\/uploads\/2018\/05\/ETSAndernach.30-300x94.jpg 300w, https:\/\/brcnews.net\/wp-content\/uploads\/2018\/05\/ETSAndernach.30-768x241.jpg 768w\" sizes=\"(max-width: 800px) 100vw, 800px\" \/><\/a><figcaption id=\"caption-attachment-20225\" class=\"wp-caption-text\">Startaufstellung Qualilauf Gruppe 14<\/figcaption><\/figure>\n<p>In Pro Stock fuhr Titelverteidiger Jan Ratheisky (Xray) den schnellsten Qualilauf. Er fuhr als einziger 18 Runden. Danach folgten Tim Benson (Serpent) und Tom Kr\u00e4gefski (Xray). Jan Ratheisky war auch der schnellste Fahrer in Formel. Er lie\u00df die Mitfavoriten auf den Sieg, Olivier Bultynck (Shepherd) und David Ehrbar (Serpent), hinter sich. Christian Drie\u00dfle (Awesomatix) setzte sich in Pro Stock 40plus gegen Thomas Oehler (ARC) und \u00d6zer Y\u00fcr\u00fcm (Awesomatix) durch.<\/p>\n<hr \/>\n<h6><span style=\"text-decoration: underline; color: #008000;\">Erste Meldung: Freitag 14:00 Uhr<\/span><\/h6>\n<h4>Zur\u00fcck im Motodrom<\/h4>\n<p>Nach sieben Jahren Abstinenz ist die Euro Touring Series (ETS) seit gestern wieder zur\u00fcck im Motodrom Andernach. Scotty Ernst startete p\u00fcnktlich gegen 14:00 Uhr die Vorl\u00e4ufe. Zwei sind f\u00fcr heute geplant.<\/p>\n<figure id=\"attachment_20207\" aria-describedby=\"caption-attachment-20207\" style=\"width: 800px\" class=\"wp-caption aligncenter\"><a href=\"http:\/\/brcnews.net\/wp-content\/uploads\/2018\/05\/ETSAndernach.17.jpg\"><img loading=\"lazy\" class=\"wp-image-20207 size-full colorbox-20188\" src=\"http:\/\/brcnews.net\/wp-content\/uploads\/2018\/05\/ETSAndernach.17.jpg\" alt=\"\" width=\"800\" height=\"480\" srcset=\"https:\/\/brcnews.net\/wp-content\/uploads\/2018\/05\/ETSAndernach.17.jpg 800w, https:\/\/brcnews.net\/wp-content\/uploads\/2018\/05\/ETSAndernach.17-300x180.jpg 300w, https:\/\/brcnews.net\/wp-content\/uploads\/2018\/05\/ETSAndernach.17-768x461.jpg 768w\" sizes=\"(max-width: 800px) 100vw, 800px\" \/><\/a><figcaption id=\"caption-attachment-20207\" class=\"wp-caption-text\">Vor dem gezeiteten Training informierten die beiden ETS-Organisatoren, Scotty Ernst (links) und Uwe Rheinard, \u00fcber die ge\u00e4nderten Zeitpl\u00e4ne und das weitere Prozedere<\/figcaption><\/figure>\n<p>Zuvor wurden noch ein freies und zwei gezeitete Trainingsdurchl\u00e4ufe gefahren. Schnellste Fahren waren Marc Rheinard (Infinity) in Modified, Max M\u00e4chler (Awesomatix) in Pro Stock, Christian Drie\u00dfle (Awesomatix) in Pro Stock 40plus und Olivier Bultynck (Shepherd) in Formel. Marc Rheinard absolvierte seine schnellsten drei zusammenh\u00e4ngenden Runden in 48,744 Sekunden. Max M\u00e4chler war in Pro Stock mit 51,729 Sekunden fast drei Sekunden langsamer. In Pro Stock 40plus war mit Christian Drie\u00dfle mit 54,905 Sekunden \u00a0schnellster Fahrer. Olivier Bultynck brauchte in der Formelklasse 1:00,103 Minuten.<\/p>\n<figure id=\"attachment_20218\" aria-describedby=\"caption-attachment-20218\" style=\"width: 400px\" class=\"wp-caption aligncenter\"><a href=\"http:\/\/brcnews.net\/wp-content\/uploads\/2018\/05\/ETSAndernach.29.jpg\"><img loading=\"lazy\" class=\"wp-image-20218 size-full colorbox-20188\" src=\"http:\/\/brcnews.net\/wp-content\/uploads\/2018\/05\/ETSAndernach.29.jpg\" alt=\"\" width=\"400\" height=\"348\" srcset=\"https:\/\/brcnews.net\/wp-content\/uploads\/2018\/05\/ETSAndernach.29.jpg 400w, https:\/\/brcnews.net\/wp-content\/uploads\/2018\/05\/ETSAndernach.29-300x261.jpg 300w\" sizes=\"(max-width: 400px) 100vw, 400px\" \/><\/a><figcaption id=\"caption-attachment-20218\" class=\"wp-caption-text\">Die Wettervorsage f\u00fcr Sonntag ist nicht gut. Bereits gestern rechneten Zeitnehmer Hartmut Wenzel (links) und Rennleiter Scotty Ernst die Zeitpl\u00e4ne f\u00fcr heute und morgen neu<\/figcaption><\/figure>\n<p>Aufgrund der Wettervorhersagen f\u00fcr Sonntag (Regen und Gewitter) haben die Organisatoren das Programm verk\u00fcrzt. Nach zwei Qualil\u00e4ufen morgen Vormittag stehen am Nachmittag noch zwei Finall\u00e4ufe auf dem Programm. Die A-Finalisten sollen drei Mal ran. Ein dritter Finallauf f\u00fcr die unteren Finale w\u00fcrde \u2013 wenn es das Wetter zul\u00e4sst &#8211; am Sonntag gefahren.<\/p>\n<figure id=\"attachment_20191\" aria-describedby=\"caption-attachment-20191\" style=\"width: 800px\" class=\"wp-caption aligncenter\"><a href=\"http:\/\/brcnews.net\/wp-content\/uploads\/2018\/05\/ETSAndernach.02.jpg\"><img loading=\"lazy\" class=\"wp-image-20191 size-full colorbox-20188\" src=\"http:\/\/brcnews.net\/wp-content\/uploads\/2018\/05\/ETSAndernach.02.jpg\" alt=\"\" width=\"800\" height=\"373\" srcset=\"https:\/\/brcnews.net\/wp-content\/uploads\/2018\/05\/ETSAndernach.02.jpg 800w, https:\/\/brcnews.net\/wp-content\/uploads\/2018\/05\/ETSAndernach.02-300x140.jpg 300w, https:\/\/brcnews.net\/wp-content\/uploads\/2018\/05\/ETSAndernach.02-768x358.jpg 768w\" sizes=\"(max-width: 800px) 100vw, 800px\" \/><\/a><figcaption id=\"caption-attachment-20191\" class=\"wp-caption-text\">Das war gestern: Peter Jongeling steuert seinen Formel \u00fcber die Strecke<\/figcaption><\/figure>\n<p>Das freie Training gestern fiel zeitweise buchst\u00e4blich ins Wasser. Gegen 10:00 regnete es und das Training war bis nach 15:00 Uhr unterbrochen. Bis gegen 20:00 Uhr gab es dann noch drei weitere Trainingsdurchg\u00e4nge.<\/p>\n<figure id=\"attachment_20193\" aria-describedby=\"caption-attachment-20193\" style=\"width: 800px\" class=\"wp-caption aligncenter\"><a href=\"http:\/\/brcnews.net\/wp-content\/uploads\/2018\/05\/ETSAndernach.04.jpg\"><img loading=\"lazy\" class=\"wp-image-20193 size-full colorbox-20188\" src=\"http:\/\/brcnews.net\/wp-content\/uploads\/2018\/05\/ETSAndernach.04.jpg\" alt=\"\" width=\"800\" height=\"474\" srcset=\"https:\/\/brcnews.net\/wp-content\/uploads\/2018\/05\/ETSAndernach.04.jpg 800w, https:\/\/brcnews.net\/wp-content\/uploads\/2018\/05\/ETSAndernach.04-300x178.jpg 300w, https:\/\/brcnews.net\/wp-content\/uploads\/2018\/05\/ETSAndernach.04-768x455.jpg 768w\" sizes=\"(max-width: 800px) 100vw, 800px\" \/><\/a><figcaption id=\"caption-attachment-20193\" class=\"wp-caption-text\">Kaum war die Strecke gestern abgetrocknet, zuckerte Toni Rheinard die Ideallinie<\/figcaption><\/figure>\n<p>&nbsp;<\/p>\n<div class=\"twoclick_social_bookmarks_post_20188 social_share_privacy clearfix 1.6.4 locale-de_DE sprite-de_DE\"><\/div><div class=\"twoclick-js\"><script type=\"text\/javascript\">\/* <![CDATA[ *\/\njQuery(document).ready(function($){if($('.twoclick_social_bookmarks_post_20188')){$('.twoclick_social_bookmarks_post_20188').socialSharePrivacy({\"services\":{\"facebook\":{\"status\":\"on\",\"txt_info\":\"2 Klicks f\\u00fcr mehr Datenschutz: Erst wenn Sie hier klicken, wird der Button aktiv und Sie k\\u00f6nnen Ihre Empfehlung an Facebook senden. Schon beim Aktivieren werden Daten an Dritte \\u00fcbertragen - siehe <em>i<\\\/em>.\",\"perma_option\":\"off\",\"action\":\"recommend\",\"language\":\"de_DE\"},\"twitter\":{\"reply_to\":\"\",\"tweet_text\":\"%20Im%20RennTicker%3A%20Euro%20Touring%20Series%20im%20Motodrom%20Andernach%20%C2%BB%20BRCNEWS.NET%20...\",\"status\":\"on\",\"txt_info\":\"2 Klicks f\\u00fcr mehr Datenschutz: Erst wenn Sie hier klicken, wird der Button aktiv und Sie k\\u00f6nnen Ihre Empfehlung an Twitter senden. Schon beim Aktivieren werden Daten an Dritte \\u00fcbertragen - siehe <em>i<\\\/em>.\",\"perma_option\":\"off\",\"language\":\"de\",\"referrer_track\":\"\"},\"gplus\":{\"status\":\"on\",\"txt_info\":\"2 Klicks f\\u00fcr mehr Datenschutz: Erst wenn Sie hier klicken, wird der Button aktiv und Sie k\\u00f6nnen Ihre Empfehlung an Google+ senden. Schon beim Aktivieren werden Daten an Dritte \\u00fcbertragen - siehe <em>i<\\\/em>.\",\"perma_option\":\"off\",\"referrer_track\":\"\"}},\"txt_help\":\"Wenn Sie diese Felder durch einen Klick aktivieren, werden Informationen an Facebook, Twitter, Flattr, Xing, t3n, LinkedIn, Pinterest oder Google eventuell ins Ausland \\u00fcbertragen und unter Umst\\u00e4nden auch dort gespeichert. N\\u00e4heres erfahren Sie durch einen Klick auf das <em>i<\\\/em>.\",\"settings_perma\":\"Dauerhaft aktivieren und Daten\\u00fcber-tragung zustimmen:\",\"info_link\":\"http:\\\/\\\/www.heise.de\\\/ct\\\/artikel\\\/2-Klicks-fuer-mehr-Datenschutz-1333879.html\",\"uri\":\"https:\\\/\\\/brcnews.net\\\/?p=20188\",\"post_id\":20188,\"post_title_referrer_track\":\"Im+RennTicker%3A+Euro+Touring+Series+im+Motodrom+Andernach\",\"display_infobox\":\"on\"});}});\n\/* ]]> *\/<\/script><\/div>","protected":false},"excerpt":{"rendered":"<p>20. Meldung: Samstag 21:20 Uhr Die Siegerehrung<\/p>\n","protected":false},"author":1,"featured_media":20206,"comment_status":"closed","ping_status":"open","sticky":false,"template":"","format":"standard","meta":[],"categories":[13],"tags":[187,73],"_links":{"self":[{"href":"https:\/\/brcnews.net\/index.php?rest_route=\/wp\/v2\/posts\/20188"}],"collection":[{"href":"https:\/\/brcnews.net\/index.php?rest_route=\/wp\/v2\/posts"}],"about":[{"href":"https:\/\/brcnews.net\/index.php?rest_route=\/wp\/v2\/types\/post"}],"author":[{"embeddable":true,"href":"https:\/\/brcnews.net\/index.php?rest_route=\/wp\/v2\/users\/1"}],"replies":[{"embeddable":true,"href":"https:\/\/brcnews.net\/index.php?rest_route=%2Fwp%2Fv2%2Fcomments&post=20188"}],"version-history":[{"count":31,"href":"https:\/\/brcnews.net\/index.php?rest_route=\/wp\/v2\/posts\/20188\/revisions"}],"predecessor-version":[{"id":20654,"href":"https:\/\/brcnews.net\/index.php?rest_route=\/wp\/v2\/posts\/20188\/revisions\/20654"}],"wp:featuredmedia":[{"embeddable":true,"href":"https:\/\/brcnews.net\/index.php?rest_route=\/wp\/v2\/media\/20206"}],"wp:attachment":[{"href":"https:\/\/brcnews.net\/index.php?rest_route=%2Fwp%2Fv2%2Fmedia&parent=20188"}],"wp:term":[{"taxonomy":"category","embeddable":true,"href":"https:\/\/brcnews.net\/index.php?rest_route=%2Fwp%2Fv2%2Fcategories&post=20188"},{"taxonomy":"post_tag","embeddable":true,"href":"https:\/\/brcnews.net\/index.php?rest_route=%2Fwp%2Fv2%2Ftags&post=20188"}],"curies":[{"name":"wp","href":"https:\/\/api.w.org\/{rel}","templated":true}]}}