{"id":20126,"date":"2018-04-30T22:48:55","date_gmt":"2018-04-30T20:48:55","guid":{"rendered":"http:\/\/brcnews.net\/?p=20126"},"modified":"2018-04-30T22:53:09","modified_gmt":"2018-04-30T20:53:09","slug":"tonisport-onroad-series-sk-lauf-west-in-meckenheim-2018","status":"publish","type":"post","link":"https:\/\/brcnews.net\/?p=20126","title":{"rendered":"Tonisport Onroad Series &#038; SK-Lauf West in Meckenheim 2018"},"content":{"rendered":"<p>Der erste Saisonlauf der Tonisport Onroad Series West auf einer Au\u00dfenstrecke im Jahr 2018 wurde leider Opfer des Aprilwetters. Auf Grund der Wettervorhersage hatten viele wohl erst gar nicht genannt oder waren kurzfristig abgesoprungen. Am Sonntagmorgen regnete <!--more-->es dann und das Programm wurde auf zwei Vor- und zwei Finall\u00e4ufe gek\u00fcrzt. Das Training am Samstag fand noch bei strahlendem Sonnenschein statt.<\/p>\n<figure id=\"attachment_20138\" aria-describedby=\"caption-attachment-20138\" style=\"width: 800px\" class=\"wp-caption aligncenter\"><a href=\"http:\/\/brcnews.net\/wp-content\/uploads\/2018\/04\/TOSMeck.020x.jpg\"><img loading=\"lazy\" class=\"wp-image-20138 size-full colorbox-20126\" src=\"http:\/\/brcnews.net\/wp-content\/uploads\/2018\/04\/TOSMeck.020x.jpg\" alt=\"\" width=\"800\" height=\"449\" srcset=\"https:\/\/brcnews.net\/wp-content\/uploads\/2018\/04\/TOSMeck.020x.jpg 800w, https:\/\/brcnews.net\/wp-content\/uploads\/2018\/04\/TOSMeck.020x-300x168.jpg 300w, https:\/\/brcnews.net\/wp-content\/uploads\/2018\/04\/TOSMeck.020x-768x431.jpg 768w\" sizes=\"(max-width: 800px) 100vw, 800px\" \/><\/a><figcaption id=\"caption-attachment-20138\" class=\"wp-caption-text\">Der MAC Meckenheim hat seine Strecke f\u00fcr die neue Saison herausgeputzt. Unter anderem erhielten die Curbs einen neuen Anstrich<\/figcaption><\/figure>\n<p>Diejenigen, die teilnahmen, kamen auf ihre Kosten. Die Verringerung der Zahl der Vor- und Finall\u00e4ufe machten jeden Lauf zu einem spannenden Finale. Entsprechend hart fiel der eine und andere Zweikampf aus. W\u00e4hrend es in allen anderen Klassen in den Vorl\u00e4ufen lediglich um die Startreihenfolge im A-Finale ging, entbrannte in der Klasse Sport auch ein Kampf um die begehrten zehn Pl\u00e4tze im A-Finale, der sich in den Finall\u00e4ufen nahtlos fortsetzte.<\/p>\n<p>Das Rennen z\u00e4hlte gleichzeitig als Wertungslauf f\u00fcr die Sportkreismeisterschaften im Westen.<\/p>\n<h4>TOS Sport<\/h4>\n<figure id=\"attachment_20129\" aria-describedby=\"caption-attachment-20129\" style=\"width: 800px\" class=\"wp-caption aligncenter\"><a href=\"http:\/\/brcnews.net\/wp-content\/uploads\/2018\/04\/TOSMeck.083x.jpg\"><img loading=\"lazy\" class=\"wp-image-20129 size-full colorbox-20126\" src=\"http:\/\/brcnews.net\/wp-content\/uploads\/2018\/04\/TOSMeck.083x.jpg\" alt=\"\" width=\"800\" height=\"361\" srcset=\"https:\/\/brcnews.net\/wp-content\/uploads\/2018\/04\/TOSMeck.083x.jpg 800w, https:\/\/brcnews.net\/wp-content\/uploads\/2018\/04\/TOSMeck.083x-300x135.jpg 300w, https:\/\/brcnews.net\/wp-content\/uploads\/2018\/04\/TOSMeck.083x-768x347.jpg 768w\" sizes=\"(max-width: 800px) 100vw, 800px\" \/><\/a><figcaption id=\"caption-attachment-20129\" class=\"wp-caption-text\">Harte Zweik\u00e4mpfe kennzeichneten die Finale in der Klasse TOS Sport<\/figcaption><\/figure>\n<p>Im Kampf um die Pole hatte Sandro Speck in der 13,5 Turns Sportklasse die Nase vorn. Er fuhr 23 Runden in 5:09,683 Minuten und war damit gut sechs Zehntelsekunden schneller als der Zweitplatzierte Sebastian Meib\u00f6rg. Jill Bartsch startete von Platz drei. Im Kampf um den Sieg musste Sandro Speck \u00edn den zwei Finall\u00e4ufen dann viel einstecken. Nicht gerade faire Aktionen seiner Mitstreiter lie\u00dfen ihn in beiden Finalen zur\u00fcckfallen. Am Schluss wurde er Sechster. Sebastian Meib\u00f6rg gewann das erste Finale,<\/p>\n<figure id=\"attachment_20134\" aria-describedby=\"caption-attachment-20134\" style=\"width: 800px\" class=\"wp-caption aligncenter\"><a href=\"http:\/\/brcnews.net\/wp-content\/uploads\/2018\/04\/TOSMeck.107x.jpg\"><img loading=\"lazy\" class=\"wp-image-20134 size-full colorbox-20126\" src=\"http:\/\/brcnews.net\/wp-content\/uploads\/2018\/04\/TOSMeck.107x.jpg\" alt=\"\" width=\"800\" height=\"452\" srcset=\"https:\/\/brcnews.net\/wp-content\/uploads\/2018\/04\/TOSMeck.107x.jpg 800w, https:\/\/brcnews.net\/wp-content\/uploads\/2018\/04\/TOSMeck.107x-300x170.jpg 300w, https:\/\/brcnews.net\/wp-content\/uploads\/2018\/04\/TOSMeck.107x-768x434.jpg 768w\" sizes=\"(max-width: 800px) 100vw, 800px\" \/><\/a><figcaption id=\"caption-attachment-20134\" class=\"wp-caption-text\">Siegerehrung TOS Sport (von links): Marc St\u00fcbben (Sieger B-Finale), Jill Bartsch (Platz 3). Sebastian Meib\u00f6rg (Platz 1) und Florian Joos (Platz 2)<\/figcaption><\/figure>\n<p>Florian Joos das zweite. Weil Sebastian Meib\u00f6rg im ersten Finallauf schneller fuhr als Florian Joos stand er schlie\u00dflich ganz oben auf dem Podium. Florian Joos wurde Zweiter, Jill Martsch Dritter. Andreas Weyhofen und Oliver Kaufmann belegten die Pl\u00e4tze vier und f\u00fcnf.<\/p>\n<h4>TOS FWD 13,5T<\/h4>\n<figure id=\"attachment_20141\" aria-describedby=\"caption-attachment-20141\" style=\"width: 800px\" class=\"wp-caption aligncenter\"><a href=\"http:\/\/brcnews.net\/wp-content\/uploads\/2018\/04\/TOSMeck.052x.jpg\"><img loading=\"lazy\" class=\"wp-image-20141 size-full colorbox-20126\" src=\"http:\/\/brcnews.net\/wp-content\/uploads\/2018\/04\/TOSMeck.052x.jpg\" alt=\"\" width=\"800\" height=\"329\" srcset=\"https:\/\/brcnews.net\/wp-content\/uploads\/2018\/04\/TOSMeck.052x.jpg 800w, https:\/\/brcnews.net\/wp-content\/uploads\/2018\/04\/TOSMeck.052x-300x123.jpg 300w, https:\/\/brcnews.net\/wp-content\/uploads\/2018\/04\/TOSMeck.052x-768x316.jpg 768w\" sizes=\"(max-width: 800px) 100vw, 800px\" \/><\/a><figcaption id=\"caption-attachment-20141\" class=\"wp-caption-text\">Angespannte Fahrer vor dem Start des zweiten Finales in der Klasse FWD 13,5T<\/figcaption><\/figure>\n<p>Die sieben Teilnehmer in FWG \u00b4D 13,5T lieferten sich in den Finalen harte und spannende Zweik\u00e4mpfe. Frank Hoeschler nutzte seinen Heimvorteil aus. Er sicherte sich zun\u00e4chst die Pole und schlie\u00dflich durch den schnelleren Laufsieg im zweiten Finallauf auch den<\/p>\n<figure id=\"attachment_20133\" aria-describedby=\"caption-attachment-20133\" style=\"width: 800px\" class=\"wp-caption aligncenter\"><a href=\"http:\/\/brcnews.net\/wp-content\/uploads\/2018\/04\/TOSMeck.101x.jpg\"><img loading=\"lazy\" class=\"wp-image-20133 size-full colorbox-20126\" src=\"http:\/\/brcnews.net\/wp-content\/uploads\/2018\/04\/TOSMeck.101x.jpg\" alt=\"\" width=\"800\" height=\"482\" srcset=\"https:\/\/brcnews.net\/wp-content\/uploads\/2018\/04\/TOSMeck.101x.jpg 800w, https:\/\/brcnews.net\/wp-content\/uploads\/2018\/04\/TOSMeck.101x-300x181.jpg 300w, https:\/\/brcnews.net\/wp-content\/uploads\/2018\/04\/TOSMeck.101x-768x463.jpg 768w\" sizes=\"(max-width: 800px) 100vw, 800px\" \/><\/a><figcaption id=\"caption-attachment-20133\" class=\"wp-caption-text\">Siegerehrung TOS FWD (von links): Nicole B\u00f6rs (Platz 3), Frank Hoeschler (Platz 1) und Karsten Bartsch (Platz 2)<\/figcaption><\/figure>\n<p>Gesamtsieg. Sein h\u00e4rtester Konkurrent war Karsten Bartsch. Mit dem Sieg im ersten Finallauf war ihm der zweite Podiumsplatz sicher. Dritte wurde Nicole B\u00f6rs, Vierter Maximilian Rheinard und F\u00fcnfter Christian Chychla.<\/p>\n<figure id=\"attachment_20142\" aria-describedby=\"caption-attachment-20142\" style=\"width: 800px\" class=\"wp-caption aligncenter\"><a href=\"http:\/\/brcnews.net\/wp-content\/uploads\/2018\/04\/TOSMeck.062x.jpg\"><img loading=\"lazy\" class=\"wp-image-20142 size-full colorbox-20126\" src=\"http:\/\/brcnews.net\/wp-content\/uploads\/2018\/04\/TOSMeck.062x.jpg\" alt=\"\" width=\"800\" height=\"403\" srcset=\"https:\/\/brcnews.net\/wp-content\/uploads\/2018\/04\/TOSMeck.062x.jpg 800w, https:\/\/brcnews.net\/wp-content\/uploads\/2018\/04\/TOSMeck.062x-300x151.jpg 300w, https:\/\/brcnews.net\/wp-content\/uploads\/2018\/04\/TOSMeck.062x-768x387.jpg 768w\" sizes=\"(max-width: 800px) 100vw, 800px\" \/><\/a><figcaption id=\"caption-attachment-20142\" class=\"wp-caption-text\">Der neue FWD von VBC Racing ist seit einigen Wochen lieferbar. Hier das Fahrzeug von Nicole B\u00f6rs<\/figcaption><\/figure>\n<figure id=\"attachment_20137\" aria-describedby=\"caption-attachment-20137\" style=\"width: 800px\" class=\"wp-caption aligncenter\"><a href=\"http:\/\/brcnews.net\/wp-content\/uploads\/2018\/04\/TOSMeck.011x.jpg\"><img loading=\"lazy\" class=\"wp-image-20137 size-full colorbox-20126\" src=\"http:\/\/brcnews.net\/wp-content\/uploads\/2018\/04\/TOSMeck.011x.jpg\" alt=\"\" width=\"800\" height=\"442\" srcset=\"https:\/\/brcnews.net\/wp-content\/uploads\/2018\/04\/TOSMeck.011x.jpg 800w, https:\/\/brcnews.net\/wp-content\/uploads\/2018\/04\/TOSMeck.011x-300x166.jpg 300w, https:\/\/brcnews.net\/wp-content\/uploads\/2018\/04\/TOSMeck.011x-768x424.jpg 768w, https:\/\/brcnews.net\/wp-content\/uploads\/2018\/04\/TOSMeck.011x-672x372.jpg 672w\" sizes=\"(max-width: 800px) 100vw, 800px\" \/><\/a><figcaption id=\"caption-attachment-20137\" class=\"wp-caption-text\">Karsten Bartsch setzte einen umgebauten Awesomatix A800 ein<\/figcaption><\/figure>\n<p>Seit der zweiten Februarh\u00e4lfte ist der neue VBC FF18 auf dem Markt. Nicole B\u00f6rs fuhr ihn in Meckenheim. Karsten Bartsch setzte dagegen weiter auf seine eigenbauten. Dieses mal war er mit einem umgebauten Awesomatix A800 am Start.<\/p>\n<h4>TOS Modified und TOS F1<\/h4>\n<figure id=\"attachment_20130\" aria-describedby=\"caption-attachment-20130\" style=\"width: 800px\" class=\"wp-caption aligncenter\"><a href=\"http:\/\/brcnews.net\/wp-content\/uploads\/2018\/04\/TOSMeck.089x.jpg\"><img loading=\"lazy\" class=\"wp-image-20130 size-full colorbox-20126\" src=\"http:\/\/brcnews.net\/wp-content\/uploads\/2018\/04\/TOSMeck.089x.jpg\" alt=\"\" width=\"800\" height=\"402\" srcset=\"https:\/\/brcnews.net\/wp-content\/uploads\/2018\/04\/TOSMeck.089x.jpg 800w, https:\/\/brcnews.net\/wp-content\/uploads\/2018\/04\/TOSMeck.089x-300x151.jpg 300w, https:\/\/brcnews.net\/wp-content\/uploads\/2018\/04\/TOSMeck.089x-768x386.jpg 768w\" sizes=\"(max-width: 800px) 100vw, 800px\" \/><\/a><figcaption id=\"caption-attachment-20130\" class=\"wp-caption-text\">Gingen als einzige Fahrer in der Klasse Formel an den Start (von links): Robert Kampehl und Fabian Nitschke<\/figcaption><\/figure>\n<p>Die Wettervorhersagen machten vor allem den Klassen Modified und Formel zu schaffen. Drei Starter in Modified und nur zwei Starter in Formel waren dann doch etwas wenig. In Modified gewann Domenic Paul souver\u00e4n vor Florian Joos und Martin Muchara. Robert Kampehl, der f\u00fcr dieses Rennen eigens aus Hamburg angereist war, siegte in Formel vor Fabian Nitschke.<\/p>\n<figure id=\"attachment_20132\" aria-describedby=\"caption-attachment-20132\" style=\"width: 800px\" class=\"wp-caption aligncenter\"><a href=\"http:\/\/brcnews.net\/wp-content\/uploads\/2018\/04\/TOSMeck.094x.jpg\"><img loading=\"lazy\" class=\"wp-image-20132 size-full colorbox-20126\" src=\"http:\/\/brcnews.net\/wp-content\/uploads\/2018\/04\/TOSMeck.094x.jpg\" alt=\"\" width=\"800\" height=\"441\" srcset=\"https:\/\/brcnews.net\/wp-content\/uploads\/2018\/04\/TOSMeck.094x.jpg 800w, https:\/\/brcnews.net\/wp-content\/uploads\/2018\/04\/TOSMeck.094x-300x165.jpg 300w, https:\/\/brcnews.net\/wp-content\/uploads\/2018\/04\/TOSMeck.094x-768x423.jpg 768w\" sizes=\"(max-width: 800px) 100vw, 800px\" \/><\/a><figcaption id=\"caption-attachment-20132\" class=\"wp-caption-text\">Machten das Rennen in TOS Modified unter sich aus (von links): Martin Muskara (Platz 3), Domenic Paul (Platz 1) und Florian Joos (Platz 2)<\/figcaption><\/figure>\n<h4>TOS Fun<\/h4>\n<p>Die Klasse TOS Fun ist eine neue Klasse. Vorgeschrieben ist ein 17,5 Turns-Motor. Neben dem LRP X20 17.5 (fixed Timing) ist auch der MuchMore 17.5T (MR-V2ZX175FER) zugelassen. Die Idee kam den Machern des TOS beim j\u00fcngsten HPI-Challenge-Masters in der Arena 33.<\/p>\n<figure id=\"attachment_20131\" aria-describedby=\"caption-attachment-20131\" style=\"width: 800px\" class=\"wp-caption alignnone\"><a href=\"http:\/\/brcnews.net\/wp-content\/uploads\/2018\/04\/TOSMeck.091x.jpg\"><img loading=\"lazy\" class=\"wp-image-20131 size-full colorbox-20126\" src=\"http:\/\/brcnews.net\/wp-content\/uploads\/2018\/04\/TOSMeck.091x.jpg\" alt=\"\" width=\"800\" height=\"417\" srcset=\"https:\/\/brcnews.net\/wp-content\/uploads\/2018\/04\/TOSMeck.091x.jpg 800w, https:\/\/brcnews.net\/wp-content\/uploads\/2018\/04\/TOSMeck.091x-300x156.jpg 300w, https:\/\/brcnews.net\/wp-content\/uploads\/2018\/04\/TOSMeck.091x-768x400.jpg 768w\" sizes=\"(max-width: 800px) 100vw, 800px\" \/><\/a><figcaption id=\"caption-attachment-20131\" class=\"wp-caption-text\">Drei Fahrer starteten in der neuen Klasse. Erster wurde Fabian Nitschke (Mitte) vor Andre Klink (rechts) und Andre Bischof (links)<\/figcaption><\/figure>\n<h4>Und so geht es weiter<\/h4>\n<p>Der n\u00e4chste Lauf der Tonisport Onroad Series Division West findet am 3. Juni 2016 in Apeldoorn statt. Der n\u00e4chste Lauf der Division Mitte \u2013 und gleichzeitig auch f\u00fcr die Division S\u00fcd &#8211; ist f\u00fcr den 6. Mai 2018 in Mannheim terminiert. Im Norden steht am 6. Juni 2018 ein Lauf in Hannoversch M\u00fcnden auf dem Programm.<\/p>\n<hr \/>\n<p><a href=\"http:\/\/brcnews.net\/wp-content\/uploads\/2018\/04\/TOSMeck.039x.jpg\"><img loading=\"lazy\" class=\" wp-image-20140 alignleft colorbox-20126\" src=\"http:\/\/brcnews.net\/wp-content\/uploads\/2018\/04\/TOSMeck.039x.jpg\" alt=\"\" width=\"141\" height=\"76\" srcset=\"https:\/\/brcnews.net\/wp-content\/uploads\/2018\/04\/TOSMeck.039x.jpg 800w, https:\/\/brcnews.net\/wp-content\/uploads\/2018\/04\/TOSMeck.039x-300x162.jpg 300w, https:\/\/brcnews.net\/wp-content\/uploads\/2018\/04\/TOSMeck.039x-768x415.jpg 768w\" sizes=\"(max-width: 141px) 100vw, 141px\" \/><\/a>Das Beitragsfoto zeigt das Fahrzeug von Sandro Speck auf der Pole in der Klasse TOS Sport.<\/p>\n<div class=\"twoclick_social_bookmarks_post_20126 social_share_privacy clearfix 1.6.4 locale-de_DE sprite-de_DE\"><\/div><div class=\"twoclick-js\"><script type=\"text\/javascript\">\/* <![CDATA[ *\/\njQuery(document).ready(function($){if($('.twoclick_social_bookmarks_post_20126')){$('.twoclick_social_bookmarks_post_20126').socialSharePrivacy({\"services\":{\"facebook\":{\"status\":\"on\",\"txt_info\":\"2 Klicks f\\u00fcr mehr Datenschutz: Erst wenn Sie hier klicken, wird der Button aktiv und Sie k\\u00f6nnen Ihre Empfehlung an Facebook senden. Schon beim Aktivieren werden Daten an Dritte \\u00fcbertragen - siehe <em>i<\\\/em>.\",\"perma_option\":\"off\",\"action\":\"recommend\",\"language\":\"de_DE\"},\"twitter\":{\"reply_to\":\"\",\"tweet_text\":\"%20Tonisport%20Onroad%20Series%20%26%20SK-Lauf%20West%20in%20Meckenheim%202018%20%C2%BB%20BRCNEWS.NET%20...\",\"status\":\"on\",\"txt_info\":\"2 Klicks f\\u00fcr mehr Datenschutz: Erst wenn Sie hier klicken, wird der Button aktiv und Sie k\\u00f6nnen Ihre Empfehlung an Twitter senden. Schon beim Aktivieren werden Daten an Dritte \\u00fcbertragen - siehe <em>i<\\\/em>.\",\"perma_option\":\"off\",\"language\":\"de\",\"referrer_track\":\"\"},\"gplus\":{\"status\":\"on\",\"txt_info\":\"2 Klicks f\\u00fcr mehr Datenschutz: Erst wenn Sie hier klicken, wird der Button aktiv und Sie k\\u00f6nnen Ihre Empfehlung an Google+ senden. Schon beim Aktivieren werden Daten an Dritte \\u00fcbertragen - siehe <em>i<\\\/em>.\",\"perma_option\":\"off\",\"referrer_track\":\"\"}},\"txt_help\":\"Wenn Sie diese Felder durch einen Klick aktivieren, werden Informationen an Facebook, Twitter, Flattr, Xing, t3n, LinkedIn, Pinterest oder Google eventuell ins Ausland \\u00fcbertragen und unter Umst\\u00e4nden auch dort gespeichert. N\\u00e4heres erfahren Sie durch einen Klick auf das <em>i<\\\/em>.\",\"settings_perma\":\"Dauerhaft aktivieren und Daten\\u00fcber-tragung zustimmen:\",\"info_link\":\"http:\\\/\\\/www.heise.de\\\/ct\\\/artikel\\\/2-Klicks-fuer-mehr-Datenschutz-1333879.html\",\"uri\":\"https:\\\/\\\/brcnews.net\\\/?p=20126\",\"post_id\":20126,\"post_title_referrer_track\":\"Tonisport+Onroad+Series+%26%23038%3B+SK-Lauf+West+in+Meckenheim+2018\",\"display_infobox\":\"on\"});}});\n\/* ]]> *\/<\/script><\/div>","protected":false},"excerpt":{"rendered":"<p>Der erste Saisonlauf der Tonisport Onroad Series West auf einer Au\u00dfenstrecke im Jahr 2018 wurde leider Opfer des Aprilwetters. Auf Grund der Wettervorhersage hatten viele wohl erst gar nicht genannt oder waren kurzfristig abgesoprungen. Am Sonntagmorgen regnete<\/p>\n","protected":false},"author":1,"featured_media":20140,"comment_status":"closed","ping_status":"open","sticky":false,"template":"","format":"standard","meta":[],"categories":[16],"tags":[147,130],"_links":{"self":[{"href":"https:\/\/brcnews.net\/index.php?rest_route=\/wp\/v2\/posts\/20126"}],"collection":[{"href":"https:\/\/brcnews.net\/index.php?rest_route=\/wp\/v2\/posts"}],"about":[{"href":"https:\/\/brcnews.net\/index.php?rest_route=\/wp\/v2\/types\/post"}],"author":[{"embeddable":true,"href":"https:\/\/brcnews.net\/index.php?rest_route=\/wp\/v2\/users\/1"}],"replies":[{"embeddable":true,"href":"https:\/\/brcnews.net\/index.php?rest_route=%2Fwp%2Fv2%2Fcomments&post=20126"}],"version-history":[{"count":6,"href":"https:\/\/brcnews.net\/index.php?rest_route=\/wp\/v2\/posts\/20126\/revisions"}],"predecessor-version":[{"id":20146,"href":"https:\/\/brcnews.net\/index.php?rest_route=\/wp\/v2\/posts\/20126\/revisions\/20146"}],"wp:featuredmedia":[{"embeddable":true,"href":"https:\/\/brcnews.net\/index.php?rest_route=\/wp\/v2\/media\/20140"}],"wp:attachment":[{"href":"https:\/\/brcnews.net\/index.php?rest_route=%2Fwp%2Fv2%2Fmedia&parent=20126"}],"wp:term":[{"taxonomy":"category","embeddable":true,"href":"https:\/\/brcnews.net\/index.php?rest_route=%2Fwp%2Fv2%2Fcategories&post=20126"},{"taxonomy":"post_tag","embeddable":true,"href":"https:\/\/brcnews.net\/index.php?rest_route=%2Fwp%2Fv2%2Ftags&post=20126"}],"curies":[{"name":"wp","href":"https:\/\/api.w.org\/{rel}","templated":true}]}}