{"id":19320,"date":"2017-11-21T17:07:56","date_gmt":"2017-11-21T15:07:56","guid":{"rendered":"http:\/\/brcnews.net\/?p=19320"},"modified":"2017-12-18T20:59:25","modified_gmt":"2017-12-18T18:59:25","slug":"xray-racing-series-2017-2018-zweiter-lauf-auf-dem-eifelring","status":"publish","type":"post","link":"https:\/\/brcnews.net\/?p=19320","title":{"rendered":"Xray Racing Series 2017\/2018: Zweiter Lauf auf dem Eifelring"},"content":{"rendered":"<p><a href=\"http:\/\/brcnews.net\/wp-content\/uploads\/2017\/11\/XRS_Adenau.020x.jpg\"><img loading=\"lazy\" class=\"alignleft wp-image-19329 colorbox-19320\" src=\"http:\/\/brcnews.net\/wp-content\/uploads\/2017\/11\/XRS_Adenau.020x.jpg\" alt=\"\" width=\"179\" height=\"126\" srcset=\"https:\/\/brcnews.net\/wp-content\/uploads\/2017\/11\/XRS_Adenau.020x.jpg 800w, https:\/\/brcnews.net\/wp-content\/uploads\/2017\/11\/XRS_Adenau.020x-300x212.jpg 300w, https:\/\/brcnews.net\/wp-content\/uploads\/2017\/11\/XRS_Adenau.020x-768x542.jpg 768w\" sizes=\"(max-width: 179px) 100vw, 179px\" \/><\/a>Die Xray Racing Series Deutschland (XRS) war am vergangenen Wochenende zur\u00fcck auf dem Eifelring in Leimbach, auf dem sie im vergangenen Jahr ihre Premiere in Deutschland feierte. 46 Fahrer waren gekommen, um auf dem 111 Meter langen Kurs des <a href=\"http:\/\/www.mac-adenau.de\/\">MAC Adenau<\/a> in f\u00fcnf Klassen ihre Kr\u00e4fte zu messen. Die meisten Starter z\u00e4hlten die Veranstalter in der Klasse Tourenwagen Stock, in der 26 Fahrer um den Sieg und um Punkte f\u00fcr die Saisonrangliste k\u00e4mpften.<!--more--><\/p>\n<h4><strong>Stock: Lokalmatador setzt sich durch<\/strong><\/h4>\n<figure id=\"attachment_19340\" aria-describedby=\"caption-attachment-19340\" style=\"width: 800px\" class=\"wp-caption aligncenter\"><a href=\"http:\/\/brcnews.net\/wp-content\/uploads\/2017\/11\/XRS_Adenau.092x.jpg\"><img loading=\"lazy\" class=\"wp-image-19340 size-full colorbox-19320\" src=\"http:\/\/brcnews.net\/wp-content\/uploads\/2017\/11\/XRS_Adenau.092x.jpg\" alt=\"\" width=\"800\" height=\"446\" srcset=\"https:\/\/brcnews.net\/wp-content\/uploads\/2017\/11\/XRS_Adenau.092x.jpg 800w, https:\/\/brcnews.net\/wp-content\/uploads\/2017\/11\/XRS_Adenau.092x-300x167.jpg 300w, https:\/\/brcnews.net\/wp-content\/uploads\/2017\/11\/XRS_Adenau.092x-768x428.jpg 768w\" sizes=\"(max-width: 800px) 100vw, 800px\" \/><\/a><figcaption id=\"caption-attachment-19340\" class=\"wp-caption-text\">Die Top 3 der Klasse Tourenwagen Stock (von links): Ren\u00e9 P\u00fcpke (Platz 2), Majuran Tharmalingam (Platz 1) und Tom Kr\u00e4gefsky (Platz 3)<\/figcaption><\/figure>\n<p>In der Stockklasse setzte sich der Lokalmatador Majuran Tharmalingam in drei spannenden Finall\u00e4ufen gegen Ren\u00e9 P\u00fcpke (Awesomatix) und Tom Kr\u00e4gefski (Xray) durch. Von der Pole gelang Majuran Tharmalingam im ersten und dritten Finallauf jeweils ein Start-Ziel-Sieg. Den zweiten Lauf gewann Ren\u00e9 P\u00fcpke. Melvin Diekmann (Xray) wurde Vierter. Marc St\u00fcbben (Xray) belegte als bester Jugendlicher Platz f\u00fcnf. Die ersten vier Platzierten sind vor allem auch als Fahrer der Klasse Nitro 1:10 Scale bekannt.<\/p>\n<figure id=\"attachment_19327\" aria-describedby=\"caption-attachment-19327\" style=\"width: 800px\" class=\"wp-caption aligncenter\"><a href=\"http:\/\/brcnews.net\/wp-content\/uploads\/2017\/11\/XRS_Adenau.010x.jpg\"><img loading=\"lazy\" class=\"wp-image-19327 size-full colorbox-19320\" src=\"http:\/\/brcnews.net\/wp-content\/uploads\/2017\/11\/XRS_Adenau.010x.jpg\" alt=\"\" width=\"800\" height=\"289\" srcset=\"https:\/\/brcnews.net\/wp-content\/uploads\/2017\/11\/XRS_Adenau.010x.jpg 800w, https:\/\/brcnews.net\/wp-content\/uploads\/2017\/11\/XRS_Adenau.010x-300x108.jpg 300w, https:\/\/brcnews.net\/wp-content\/uploads\/2017\/11\/XRS_Adenau.010x-768x277.jpg 768w\" sizes=\"(max-width: 800px) 100vw, 800px\" \/><\/a><figcaption id=\"caption-attachment-19327\" class=\"wp-caption-text\">Die Teilnehmer des zweiten Laufes der Xray Racing Series auf dem Eifelring in Adenau<\/figcaption><\/figure>\n<p>In der XRS-Stockklasse kommen 13,5 Turns Motoren von Xray (Hobbywing) zum Einsatz. Die Regler (Marke freigestellt) d\u00fcrfen nur im Null-Boost-Modus (Blinki-Modus) betrieben werden. Meist gefahrener Tourenwagen war im \u00dcbrigen der Xray T4. 14 Fahrer setzten auf das Chassis aus der Slowakei. F\u00fcnf Teilnehmer fuhren einen Mugen MTC1.<\/p>\n<h4>Jan Bohlen schnellster Formelfahrer<\/h4>\n<figure id=\"attachment_19337\" aria-describedby=\"caption-attachment-19337\" style=\"width: 800px\" class=\"wp-caption aligncenter\"><a href=\"http:\/\/brcnews.net\/wp-content\/uploads\/2017\/11\/XRS_Adenau.084x.jpg\"><img loading=\"lazy\" class=\"wp-image-19337 size-full colorbox-19320\" src=\"http:\/\/brcnews.net\/wp-content\/uploads\/2017\/11\/XRS_Adenau.084x.jpg\" alt=\"\" width=\"800\" height=\"431\" srcset=\"https:\/\/brcnews.net\/wp-content\/uploads\/2017\/11\/XRS_Adenau.084x.jpg 800w, https:\/\/brcnews.net\/wp-content\/uploads\/2017\/11\/XRS_Adenau.084x-300x162.jpg 300w, https:\/\/brcnews.net\/wp-content\/uploads\/2017\/11\/XRS_Adenau.084x-768x414.jpg 768w\" sizes=\"(max-width: 800px) 100vw, 800px\" \/><\/a><figcaption id=\"caption-attachment-19337\" class=\"wp-caption-text\">Die Top 3 der Klasse Formel (von links): Davide Carbone (Platz 2), Jan Bohlen (Platz 1) und Daniel Schober (Platz 3)<\/figcaption><\/figure>\n<p>Der Xrayfahrer Jan Bohlen war schnellster Fahrer in der Formelklasse. In den Vorl\u00e4ufen noch auf der Suche nach dem richtigen Setup tastete er sich langsam an bessere Rundenzeiten heran. Im Kampf um die Pole setzte sich der Italiener Davide Carbone (Xray), vor Jan Bohlen, Daniel Schober (Xray), den XRS-Champion der letzten Saison in der Formelklasse, und Eric Champion-Rieger (Shepherd), durch.<\/p>\n<p>Von Platz zwei startend gewann Jan Bohlen alle drei Finall\u00e4ufe, nachdem er wenige Runden nach dem Start jeweils an Davide Carbone vorbeigegangen war.<\/p>\n<figure id=\"attachment_19341\" aria-describedby=\"caption-attachment-19341\" style=\"width: 800px\" class=\"wp-caption aligncenter\"><a href=\"http:\/\/brcnews.net\/wp-content\/uploads\/2017\/11\/XRS_Adenau.066x.jpg\"><img loading=\"lazy\" class=\"wp-image-19341 size-full colorbox-19320\" src=\"http:\/\/brcnews.net\/wp-content\/uploads\/2017\/11\/XRS_Adenau.066x.jpg\" alt=\"\" width=\"800\" height=\"358\" srcset=\"https:\/\/brcnews.net\/wp-content\/uploads\/2017\/11\/XRS_Adenau.066x.jpg 800w, https:\/\/brcnews.net\/wp-content\/uploads\/2017\/11\/XRS_Adenau.066x-300x134.jpg 300w, https:\/\/brcnews.net\/wp-content\/uploads\/2017\/11\/XRS_Adenau.066x-768x344.jpg 768w\" sizes=\"(max-width: 800px) 100vw, 800px\" \/><\/a><figcaption id=\"caption-attachment-19341\" class=\"wp-caption-text\">Unter der Haube des Formels von Jan Bohlen verbirgt sich der neue Xray X1-2018<\/figcaption><\/figure>\n<p>Angetrieben werden die Formelfahrzeuge von einem 21,5 Turns-Motor. Die Marke ist freigestellt. Jan Bohlen fuhr die aus der Euro Touring Series bekannte Motor-Regler-Kombo von Scorpion. Vorgeschrieben sind Hudy-Reifen, die von Ride hergestellt werden.<\/p>\n<h4>Bernd Wiesenberger gewinnt 1:12 Stock<\/h4>\n<figure id=\"attachment_19338\" aria-describedby=\"caption-attachment-19338\" style=\"width: 800px\" class=\"wp-caption aligncenter\"><a href=\"http:\/\/brcnews.net\/wp-content\/uploads\/2017\/11\/XRS_Adenau.088xjpg.jpg\"><img loading=\"lazy\" class=\"wp-image-19338 size-full colorbox-19320\" src=\"http:\/\/brcnews.net\/wp-content\/uploads\/2017\/11\/XRS_Adenau.088xjpg.jpg\" alt=\"\" width=\"800\" height=\"447\" srcset=\"https:\/\/brcnews.net\/wp-content\/uploads\/2017\/11\/XRS_Adenau.088xjpg.jpg 800w, https:\/\/brcnews.net\/wp-content\/uploads\/2017\/11\/XRS_Adenau.088xjpg-300x168.jpg 300w, https:\/\/brcnews.net\/wp-content\/uploads\/2017\/11\/XRS_Adenau.088xjpg-768x429.jpg 768w\" sizes=\"(max-width: 800px) 100vw, 800px\" \/><\/a><figcaption id=\"caption-attachment-19338\" class=\"wp-caption-text\">Die Top 3 der Klasse 1:12 (von links): Michael Holla (Platz 2), Bernd Wiesenberger (Platz 1) und Benjamin K\u00fcsters (Platz 3)<\/figcaption><\/figure>\n<p>CRC-Pilot Bernd Wiesenberger lies seinen Konkurrenten an diesem Wochenende in der Klasse 1:12 Stock keine Chance. Mit den drei schnellsten L\u00e4ufen dominierte er zuerst die Vorl\u00e4ufe, ehe er anschlie\u00dfend die drei Finall\u00e4ufe gewann.\u00a0 Mit 10,509 Sekunden fuhr er die schnellste Runde am gesamten Wochenende. Zweiter wurde Michael Holla (CRC), Dritter Benjamin K\u00fcsters (Xray). Dahinter folgten Alexander Seitter (Xray) und Alain Levy (Xray).<\/p>\n<figure id=\"attachment_19333\" aria-describedby=\"caption-attachment-19333\" style=\"width: 800px\" class=\"wp-caption aligncenter\"><a href=\"http:\/\/brcnews.net\/wp-content\/uploads\/2017\/11\/XRS_Adenau.068x.jpg\"><img loading=\"lazy\" class=\"wp-image-19333 size-full colorbox-19320\" src=\"http:\/\/brcnews.net\/wp-content\/uploads\/2017\/11\/XRS_Adenau.068x.jpg\" alt=\"\" width=\"800\" height=\"400\" srcset=\"https:\/\/brcnews.net\/wp-content\/uploads\/2017\/11\/XRS_Adenau.068x.jpg 800w, https:\/\/brcnews.net\/wp-content\/uploads\/2017\/11\/XRS_Adenau.068x-300x150.jpg 300w, https:\/\/brcnews.net\/wp-content\/uploads\/2017\/11\/XRS_Adenau.068x-768x384.jpg 768w\" sizes=\"(max-width: 800px) 100vw, 800px\" \/><\/a><figcaption id=\"caption-attachment-19333\" class=\"wp-caption-text\">Der CRC von Bernd Wiesenberger auf der Pole<\/figcaption><\/figure>\n<p>Die neue EFRA-Vorschrift, in der Stockklasse jetzt 13,5 Turns-Motoren statt wie bisher 10,5 Turns-Motoren einzusetzen, st\u00f6\u00dft nicht bei allen 1:12er Fahrern auf Gegenliebe. Doch auf dem Eifelring waren sich die Fahrer einig. Die geringere Leistung l\u00e4sst ein gleichm\u00e4\u00dfigeres Fahren zu.<\/p>\n<h4>GT 1:12<\/h4>\n<figure id=\"attachment_19335\" aria-describedby=\"caption-attachment-19335\" style=\"width: 800px\" class=\"wp-caption aligncenter\"><a href=\"http:\/\/brcnews.net\/wp-content\/uploads\/2017\/11\/XRS_Adenau.074x.jpg\"><img loading=\"lazy\" class=\"wp-image-19335 size-full colorbox-19320\" src=\"http:\/\/brcnews.net\/wp-content\/uploads\/2017\/11\/XRS_Adenau.074x.jpg\" alt=\"\" width=\"800\" height=\"424\" srcset=\"https:\/\/brcnews.net\/wp-content\/uploads\/2017\/11\/XRS_Adenau.074x.jpg 800w, https:\/\/brcnews.net\/wp-content\/uploads\/2017\/11\/XRS_Adenau.074x-300x159.jpg 300w, https:\/\/brcnews.net\/wp-content\/uploads\/2017\/11\/XRS_Adenau.074x-768x407.jpg 768w\" sizes=\"(max-width: 800px) 100vw, 800px\" \/><\/a><figcaption id=\"caption-attachment-19335\" class=\"wp-caption-text\">Die Top 3 der Klasse GT 12 (von links): Daniel Schober (Platz 2), Tobias Schuster (Platz 1) und Bertram Kessler (Platz 3)<\/figcaption><\/figure>\n<p>Die Klasse GT 1:12 ist neu in der Xray Racing Series. Bei ansonst baugleichen Fahrzeugen 1:12 werden GT-Karossen und 17,5 Turns-Motoren eingesetzt. Gewonnen hat Bernd Schuster (Associated) vor Daniel Schober (Xray) und Bertram Kessler (Xray).<\/p>\n<figure id=\"attachment_19330\" aria-describedby=\"caption-attachment-19330\" style=\"width: 800px\" class=\"wp-caption aligncenter\"><a href=\"http:\/\/brcnews.net\/wp-content\/uploads\/2017\/11\/XRS_Adenau.023x.jpg\"><img loading=\"lazy\" class=\"wp-image-19330 size-full colorbox-19320\" src=\"http:\/\/brcnews.net\/wp-content\/uploads\/2017\/11\/XRS_Adenau.023x.jpg\" alt=\"\" width=\"800\" height=\"540\" srcset=\"https:\/\/brcnews.net\/wp-content\/uploads\/2017\/11\/XRS_Adenau.023x.jpg 800w, https:\/\/brcnews.net\/wp-content\/uploads\/2017\/11\/XRS_Adenau.023x-300x203.jpg 300w, https:\/\/brcnews.net\/wp-content\/uploads\/2017\/11\/XRS_Adenau.023x-768x518.jpg 768w\" sizes=\"(max-width: 800px) 100vw, 800px\" \/><\/a><figcaption id=\"caption-attachment-19330\" class=\"wp-caption-text\">Bertram Kessler steuerte seinen GT 12 mit einer 18 Jahre alten Fernsteuerung, die noch \u00fcber eine lange Antenne verf\u00fcgt<\/figcaption><\/figure>\n<h4>Harald Schmittgen siegt in FWD 13,5 T<\/h4>\n<p>FWD 13,5T ging als Gastklasse an den Start. F\u00fcnf Fahrer waren dabei. Am schnellsten steuerte Harald Schmittgen seinen VBC Racing mit Frontantrieb \u00fcber die Strecke. Er setzte sich im Kampf um die Pole durch und gewann anschlie\u00dfend die drei Finall\u00e4ufe. Zweiter<\/p>\n<figure id=\"attachment_19336\" aria-describedby=\"caption-attachment-19336\" style=\"width: 800px\" class=\"wp-caption aligncenter\"><a href=\"http:\/\/brcnews.net\/wp-content\/uploads\/2017\/11\/XRS_Adenau.080x.jpg\"><img loading=\"lazy\" class=\"wp-image-19336 size-full colorbox-19320\" src=\"http:\/\/brcnews.net\/wp-content\/uploads\/2017\/11\/XRS_Adenau.080x.jpg\" alt=\"\" width=\"800\" height=\"402\" srcset=\"https:\/\/brcnews.net\/wp-content\/uploads\/2017\/11\/XRS_Adenau.080x.jpg 800w, https:\/\/brcnews.net\/wp-content\/uploads\/2017\/11\/XRS_Adenau.080x-300x151.jpg 300w, https:\/\/brcnews.net\/wp-content\/uploads\/2017\/11\/XRS_Adenau.080x-768x386.jpg 768w\" sizes=\"(max-width: 800px) 100vw, 800px\" \/><\/a><figcaption id=\"caption-attachment-19336\" class=\"wp-caption-text\">Die Top 3 der Klasse FWD 13,5T (von links): Raymond Libar (Platz 2), Harald Schmittgen (Platz 1) und R\u00fcdiger Hepp (Platz 3)<\/figcaption><\/figure>\n<p>wurde der Luxemburger Raymond Libar (VBC Racing). Im Kampf um Platz drei behielt R\u00fcdiger Hepp (Xray) die Oberhand \u00fcber Bianca Schmittgen (VBC Racing). R\u00fcdiger Hepp hatte in seinem Xray T4 den Hinterradantrieb ausgebaut und vorne im Fahrzeug zus\u00e4tzliche Gewichte platziert.<\/p>\n<p><a href=\"http:\/\/brcnews.net\/wp-content\/uploads\/2017\/11\/Top3_Eifelring.jpg\"><img loading=\"lazy\" class=\"size-full wp-image-19323 aligncenter colorbox-19320\" src=\"http:\/\/brcnews.net\/wp-content\/uploads\/2017\/11\/Top3_Eifelring.jpg\" alt=\"\" width=\"922\" height=\"200\" srcset=\"https:\/\/brcnews.net\/wp-content\/uploads\/2017\/11\/Top3_Eifelring.jpg 922w, https:\/\/brcnews.net\/wp-content\/uploads\/2017\/11\/Top3_Eifelring-300x65.jpg 300w, https:\/\/brcnews.net\/wp-content\/uploads\/2017\/11\/Top3_Eifelring-768x167.jpg 768w\" sizes=\"(max-width: 922px) 100vw, 922px\" \/><\/a><\/p>\n<ul>\n<li>Zur kompletten Rangliste: <a href=\"http:\/\/brcnews.net\/wp-content\/uploads\/2017\/11\/171119-MAC-Adenau-XRS2-Finalrangliste.pdf\">171119 MAC Adenau XRS2- Finalrangliste.<\/a><\/li>\n<\/ul>\n<h4>So geht es weiter<\/h4>\n<p>Der dritte Lauf der Xray Racing Series findet am 16.\/17. Dezember in der Arena 33 in Andernach statt. Interessenten k\u00f6nnen bereits jetzt auf<a href=\"https:\/\/www.myrcm.ch\/myrcm\/main?hId[1]=bkg&amp;dId[E]=36800&amp;pLa=de\"> www.myrcm.ch<\/a>. nennen. Im n\u00e4chsten Jahr gibt es drei weitere L\u00e4ufe.<\/p>\n<hr \/>\n<p>Weitere Berichte auf <span style=\"color: #008000;\"><em><strong>BRCNEWS<\/strong><\/em><\/span> zur aktuellen Saison der Xray Racing Series :<\/p>\n<ul>\n<li><a href=\"http:\/\/brcnews.net\/?p=19288\"><span class=\"item-title\">XRS zu Gast auf dem Eifelring<\/span><\/a><\/li>\n<li><a href=\"http:\/\/brcnews.net\/?p=19273\"><span class=\"item-title\">Die Xray Racing Series startet in zweite Saison<\/span><\/a><\/li>\n<\/ul>\n<div class=\"twoclick_social_bookmarks_post_19320 social_share_privacy clearfix 1.6.4 locale-de_DE sprite-de_DE\"><\/div><div class=\"twoclick-js\"><script type=\"text\/javascript\">\/* <![CDATA[ *\/\njQuery(document).ready(function($){if($('.twoclick_social_bookmarks_post_19320')){$('.twoclick_social_bookmarks_post_19320').socialSharePrivacy({\"services\":{\"facebook\":{\"status\":\"on\",\"txt_info\":\"2 Klicks f\\u00fcr mehr Datenschutz: Erst wenn Sie hier klicken, wird der Button aktiv und Sie k\\u00f6nnen Ihre Empfehlung an Facebook senden. Schon beim Aktivieren werden Daten an Dritte \\u00fcbertragen - siehe <em>i<\\\/em>.\",\"perma_option\":\"off\",\"action\":\"recommend\",\"language\":\"de_DE\"},\"twitter\":{\"reply_to\":\"\",\"tweet_text\":\"%20Xray%20Racing%20Series%202017%2F2018%3A%20Zweiter%20Lauf%20auf%20dem%20Eifelring%20%C2%BB%20BRCNEWS.NET%20...\",\"status\":\"on\",\"txt_info\":\"2 Klicks f\\u00fcr mehr Datenschutz: Erst wenn Sie hier klicken, wird der Button aktiv und Sie k\\u00f6nnen Ihre Empfehlung an Twitter senden. Schon beim Aktivieren werden Daten an Dritte \\u00fcbertragen - siehe <em>i<\\\/em>.\",\"perma_option\":\"off\",\"language\":\"de\",\"referrer_track\":\"\"},\"gplus\":{\"status\":\"on\",\"txt_info\":\"2 Klicks f\\u00fcr mehr Datenschutz: Erst wenn Sie hier klicken, wird der Button aktiv und Sie k\\u00f6nnen Ihre Empfehlung an Google+ senden. Schon beim Aktivieren werden Daten an Dritte \\u00fcbertragen - siehe <em>i<\\\/em>.\",\"perma_option\":\"off\",\"referrer_track\":\"\"}},\"txt_help\":\"Wenn Sie diese Felder durch einen Klick aktivieren, werden Informationen an Facebook, Twitter, Flattr, Xing, t3n, LinkedIn, Pinterest oder Google eventuell ins Ausland \\u00fcbertragen und unter Umst\\u00e4nden auch dort gespeichert. N\\u00e4heres erfahren Sie durch einen Klick auf das <em>i<\\\/em>.\",\"settings_perma\":\"Dauerhaft aktivieren und Daten\\u00fcber-tragung zustimmen:\",\"info_link\":\"http:\\\/\\\/www.heise.de\\\/ct\\\/artikel\\\/2-Klicks-fuer-mehr-Datenschutz-1333879.html\",\"uri\":\"https:\\\/\\\/brcnews.net\\\/?p=19320\",\"post_id\":19320,\"post_title_referrer_track\":\"Xray+Racing+Series+2017%2F2018%3A+Zweiter+Lauf+auf+dem+Eifelring\",\"display_infobox\":\"on\"});}});\n\/* ]]> *\/<\/script><\/div>","protected":false},"excerpt":{"rendered":"<p>Die Xray Racing Series Deutschland (XRS) war am vergangenen Wochenende zur\u00fcck auf dem Eifelring in Leimbach, auf dem sie im vergangenen Jahr ihre Premiere in Deutschland feierte. 46 Fahrer waren gekommen, um auf dem 111 Meter langen Kurs des MAC Adenau in f\u00fcnf Klassen ihre Kr\u00e4fte zu messen. Die meisten Starter z\u00e4hlten die Veranstalter in &hellip; <a href=\"https:\/\/brcnews.net\/?p=19320\" class=\"more-link\"><span class=\"screen-reader-text\">Xray Racing Series 2017\/2018: Zweiter Lauf auf dem Eifelring<\/span> weiterlesen <span class=\"meta-nav\">&rarr;<\/span><\/a><\/p>\n","protected":false},"author":1,"featured_media":19334,"comment_status":"closed","ping_status":"open","sticky":false,"template":"","format":"standard","meta":[],"categories":[16],"tags":[291,644,505],"_links":{"self":[{"href":"https:\/\/brcnews.net\/index.php?rest_route=\/wp\/v2\/posts\/19320"}],"collection":[{"href":"https:\/\/brcnews.net\/index.php?rest_route=\/wp\/v2\/posts"}],"about":[{"href":"https:\/\/brcnews.net\/index.php?rest_route=\/wp\/v2\/types\/post"}],"author":[{"embeddable":true,"href":"https:\/\/brcnews.net\/index.php?rest_route=\/wp\/v2\/users\/1"}],"replies":[{"embeddable":true,"href":"https:\/\/brcnews.net\/index.php?rest_route=%2Fwp%2Fv2%2Fcomments&post=19320"}],"version-history":[{"count":10,"href":"https:\/\/brcnews.net\/index.php?rest_route=\/wp\/v2\/posts\/19320\/revisions"}],"predecessor-version":[{"id":19416,"href":"https:\/\/brcnews.net\/index.php?rest_route=\/wp\/v2\/posts\/19320\/revisions\/19416"}],"wp:featuredmedia":[{"embeddable":true,"href":"https:\/\/brcnews.net\/index.php?rest_route=\/wp\/v2\/media\/19334"}],"wp:attachment":[{"href":"https:\/\/brcnews.net\/index.php?rest_route=%2Fwp%2Fv2%2Fmedia&parent=19320"}],"wp:term":[{"taxonomy":"category","embeddable":true,"href":"https:\/\/brcnews.net\/index.php?rest_route=%2Fwp%2Fv2%2Fcategories&post=19320"},{"taxonomy":"post_tag","embeddable":true,"href":"https:\/\/brcnews.net\/index.php?rest_route=%2Fwp%2Fv2%2Ftags&post=19320"}],"curies":[{"name":"wp","href":"https:\/\/api.w.org\/{rel}","templated":true}]}}