{"id":19244,"date":"2017-10-29T17:11:58","date_gmt":"2017-10-29T15:11:58","guid":{"rendered":"http:\/\/brcnews.net\/?p=19244"},"modified":"2017-10-29T18:32:06","modified_gmt":"2017-10-29T16:32:06","slug":"racing-arena-limburg-praesentiert-sich-mit-groesseren-strecken","status":"publish","type":"post","link":"https:\/\/brcnews.net\/?p=19244","title":{"rendered":"Racing Arena Limburg pr\u00e4sentiert sich mit gr\u00f6\u00dferen Strecken"},"content":{"rendered":"<p>Viel Arbeit und Zeit hat Eigent\u00fcmer und Betreiber Robert Meulenberg in die Racing Arena Limburg gesteckt. In den Sommermonaten haben er und sein Mitarbeiter Dave Collin die Halle <!--more-->komplett umgebaut. P\u00fcnktlich zu Beginn der Indoorsaison bietet die Arena nun einen gr\u00f6\u00dferen Shop, vor allem aber gr\u00f6\u00dfere Parcours f\u00fcr Onroad und Offroad an. Beide Strecken sind rund 500 Quadratmeter gro\u00df. Vor allem die Offroadstrecke legte deutlich an Gr\u00f6\u00dfe zu.<\/p>\n<figure id=\"attachment_19247\" aria-describedby=\"caption-attachment-19247\" style=\"width: 800px\" class=\"wp-caption alignleft\"><a href=\"http:\/\/brcnews.net\/wp-content\/uploads\/2017\/10\/ArenaLimburg.01.jpg\"><img loading=\"lazy\" class=\"wp-image-19247 size-full colorbox-19244\" src=\"http:\/\/brcnews.net\/wp-content\/uploads\/2017\/10\/ArenaLimburg.01.jpg\" alt=\"\" width=\"800\" height=\"455\" srcset=\"https:\/\/brcnews.net\/wp-content\/uploads\/2017\/10\/ArenaLimburg.01.jpg 800w, https:\/\/brcnews.net\/wp-content\/uploads\/2017\/10\/ArenaLimburg.01-300x171.jpg 300w, https:\/\/brcnews.net\/wp-content\/uploads\/2017\/10\/ArenaLimburg.01-768x437.jpg 768w\" sizes=\"(max-width: 800px) 100vw, 800px\" \/><\/a><figcaption id=\"caption-attachment-19247\" class=\"wp-caption-text\">Die neue, stark vergr\u00f6\u00dferte Offroad-Strecke<\/figcaption><\/figure>\n<p>In der Halle auf dem ehemaligen Philips-Gel\u00e4nde in Sittard gibt es im Normalbetrieb Platz f\u00fcr rund 110 Schrauber. Im Imbiss bietet Ewelina Szulc nach wie vor die beliebten holl\u00e4ndischen Fritten und Fricandel an<\/p>\n<figure id=\"attachment_19248\" aria-describedby=\"caption-attachment-19248\" style=\"width: 800px\" class=\"wp-caption alignleft\"><a href=\"http:\/\/brcnews.net\/wp-content\/uploads\/2017\/10\/ArenaLimburg.02.jpg\"><img loading=\"lazy\" class=\"wp-image-19248 size-full colorbox-19244\" src=\"http:\/\/brcnews.net\/wp-content\/uploads\/2017\/10\/ArenaLimburg.02.jpg\" alt=\"\" width=\"800\" height=\"465\" srcset=\"https:\/\/brcnews.net\/wp-content\/uploads\/2017\/10\/ArenaLimburg.02.jpg 800w, https:\/\/brcnews.net\/wp-content\/uploads\/2017\/10\/ArenaLimburg.02-300x174.jpg 300w, https:\/\/brcnews.net\/wp-content\/uploads\/2017\/10\/ArenaLimburg.02-768x446.jpg 768w\" sizes=\"(max-width: 800px) 100vw, 800px\" \/><\/a><figcaption id=\"caption-attachment-19248\" class=\"wp-caption-text\">Blick auf die Onroad-Strecke<\/figcaption><\/figure>\n<p>Von weit her reisen die Fahrer zur Racing Arena im Dreil\u00e4ndereck Deutschland, Niederlande und Belgien. Das Einzugsgebiet reicht in Deutschland bis weit in das Rheinland.<\/p>\n<figure id=\"attachment_19249\" aria-describedby=\"caption-attachment-19249\" style=\"width: 800px\" class=\"wp-caption alignleft\"><a href=\"http:\/\/brcnews.net\/wp-content\/uploads\/2017\/10\/ArenaLimburg.03.jpg\"><img loading=\"lazy\" class=\"wp-image-19249 size-full colorbox-19244\" src=\"http:\/\/brcnews.net\/wp-content\/uploads\/2017\/10\/ArenaLimburg.03.jpg\" alt=\"\" width=\"800\" height=\"432\" srcset=\"https:\/\/brcnews.net\/wp-content\/uploads\/2017\/10\/ArenaLimburg.03.jpg 800w, https:\/\/brcnews.net\/wp-content\/uploads\/2017\/10\/ArenaLimburg.03-300x162.jpg 300w, https:\/\/brcnews.net\/wp-content\/uploads\/2017\/10\/ArenaLimburg.03-768x415.jpg 768w\" sizes=\"(max-width: 800px) 100vw, 800px\" \/><\/a><figcaption id=\"caption-attachment-19249\" class=\"wp-caption-text\">Der Fahrerstand der Offroadstrecke hat einen neuen Platz<\/figcaption><\/figure>\n<p>Die Halle ist in den Wintermonaten Dienstag von 16:00 bis 21:00 Uhr, Donnerstag von 14:00 bis 22:00 Uhr, Freitag von 12:00 bis 22:00 Uhr, Samstag von 10:00 bis 21:00 Uhr und Sonntag von 10:00 bis 19:00 Uhr ge\u00f6ffnet. An Feiertagen und in den Ferien gibt es zus\u00e4tzliche \u00d6ffnungszeiten. Mehr dazu gibt es auf der Webseite und der Facebookseite des Unternehmens (siehe unten).<\/p>\n<figure id=\"attachment_19250\" aria-describedby=\"caption-attachment-19250\" style=\"width: 800px\" class=\"wp-caption alignleft\"><a href=\"http:\/\/brcnews.net\/wp-content\/uploads\/2017\/10\/ArenaLimburg.04.jpg\"><img loading=\"lazy\" class=\"wp-image-19250 size-full colorbox-19244\" src=\"http:\/\/brcnews.net\/wp-content\/uploads\/2017\/10\/ArenaLimburg.04.jpg\" alt=\"\" width=\"800\" height=\"366\" srcset=\"https:\/\/brcnews.net\/wp-content\/uploads\/2017\/10\/ArenaLimburg.04.jpg 800w, https:\/\/brcnews.net\/wp-content\/uploads\/2017\/10\/ArenaLimburg.04-300x137.jpg 300w, https:\/\/brcnews.net\/wp-content\/uploads\/2017\/10\/ArenaLimburg.04-768x351.jpg 768w\" sizes=\"(max-width: 800px) 100vw, 800px\" \/><\/a><figcaption id=\"caption-attachment-19250\" class=\"wp-caption-text\">Der Fahrerstand der Onroad-Strecke<\/figcaption><\/figure>\n<p>V\u00f6llig neu ist der Webshop, den Robert Meulenberg anbietet.<\/p>\n<p>Am kommenden Wochenende (3. bis 5. November) findet erneut das Masters of Foam in der Halle statt. Rund 100 Fahrer der 1:12er Klassen aus vielen L\u00e4ndern Europas haben f\u00fcr das Rennen genannt.<\/p>\n<p><a href=\"http:\/\/brcnews.net\/wp-content\/uploads\/2017\/10\/ArenaLimburg.06.jpg\"><img loading=\"lazy\" class=\"alignleft size-full wp-image-19252 colorbox-19244\" src=\"http:\/\/brcnews.net\/wp-content\/uploads\/2017\/10\/ArenaLimburg.06.jpg\" alt=\"\" width=\"800\" height=\"447\" srcset=\"https:\/\/brcnews.net\/wp-content\/uploads\/2017\/10\/ArenaLimburg.06.jpg 800w, https:\/\/brcnews.net\/wp-content\/uploads\/2017\/10\/ArenaLimburg.06-300x168.jpg 300w, https:\/\/brcnews.net\/wp-content\/uploads\/2017\/10\/ArenaLimburg.06-768x429.jpg 768w\" sizes=\"(max-width: 800px) 100vw, 800px\" \/><\/a>Mehr zur Racing Arena Limburg gibt es :<\/p>\n<ul>\n<li>auf der Webseite: <a href=\"https:\/\/racingarenalimburg.nl\/de\/\">https:\/\/racingarenalimburg.nl\/de\/<\/a><\/li>\n<li>oder auf Facebook:\u00a0 <a href=\"https:\/\/www.facebook.com\/pg\/RacingArenaLimburg1.0\/about\/?ref=page_internal\">https:\/\/www.facebook.com\/pg\/RacingArenaLimburg1.0\/about\/?ref=page_internal<\/a><\/li>\n<\/ul>\n<hr \/>\n<p>\u00c4ltere Berichte zur Racing Arena Limburg auf <span style=\"color: #008000;\"><strong><em>BRCNEWS:<\/em><\/strong><\/span><\/p>\n<ul>\n<li><a href=\"http:\/\/brcnews.net\/?p=14349\"><span class=\"item-title\">Racing Arena Limburg mit neuen Streckenlayouts<\/span><\/a><\/li>\n<li><a href=\"http:\/\/brcnews.net\/?p=8899\"><span class=\"item-title\">Die Racing Arena Limburg \u2013 neue Rennstrecke im Dreil\u00e4ndereck<\/span><\/a><\/li>\n<\/ul>\n<div class=\"twoclick_social_bookmarks_post_19244 social_share_privacy clearfix 1.6.4 locale-de_DE sprite-de_DE\"><\/div><div class=\"twoclick-js\"><script type=\"text\/javascript\">\/* <![CDATA[ *\/\njQuery(document).ready(function($){if($('.twoclick_social_bookmarks_post_19244')){$('.twoclick_social_bookmarks_post_19244').socialSharePrivacy({\"services\":{\"facebook\":{\"status\":\"on\",\"txt_info\":\"2 Klicks f\\u00fcr mehr Datenschutz: Erst wenn Sie hier klicken, wird der Button aktiv und Sie k\\u00f6nnen Ihre Empfehlung an Facebook senden. Schon beim Aktivieren werden Daten an Dritte \\u00fcbertragen - siehe <em>i<\\\/em>.\",\"perma_option\":\"off\",\"action\":\"recommend\",\"language\":\"de_DE\"},\"twitter\":{\"reply_to\":\"\",\"tweet_text\":\"%20Racing%20Arena%20Limburg%20pr%C3%A4sentiert%20sich%20mit%20gr%C3%B6%C3%9Feren%20Strecken%20%C2%BB%20...\",\"status\":\"on\",\"txt_info\":\"2 Klicks f\\u00fcr mehr Datenschutz: Erst wenn Sie hier klicken, wird der Button aktiv und Sie k\\u00f6nnen Ihre Empfehlung an Twitter senden. Schon beim Aktivieren werden Daten an Dritte \\u00fcbertragen - siehe <em>i<\\\/em>.\",\"perma_option\":\"off\",\"language\":\"de\",\"referrer_track\":\"\"},\"gplus\":{\"status\":\"on\",\"txt_info\":\"2 Klicks f\\u00fcr mehr Datenschutz: Erst wenn Sie hier klicken, wird der Button aktiv und Sie k\\u00f6nnen Ihre Empfehlung an Google+ senden. Schon beim Aktivieren werden Daten an Dritte \\u00fcbertragen - siehe <em>i<\\\/em>.\",\"perma_option\":\"off\",\"referrer_track\":\"\"}},\"txt_help\":\"Wenn Sie diese Felder durch einen Klick aktivieren, werden Informationen an Facebook, Twitter, Flattr, Xing, t3n, LinkedIn, Pinterest oder Google eventuell ins Ausland \\u00fcbertragen und unter Umst\\u00e4nden auch dort gespeichert. N\\u00e4heres erfahren Sie durch einen Klick auf das <em>i<\\\/em>.\",\"settings_perma\":\"Dauerhaft aktivieren und Daten\\u00fcber-tragung zustimmen:\",\"info_link\":\"http:\\\/\\\/www.heise.de\\\/ct\\\/artikel\\\/2-Klicks-fuer-mehr-Datenschutz-1333879.html\",\"uri\":\"https:\\\/\\\/brcnews.net\\\/?p=19244\",\"post_id\":19244,\"post_title_referrer_track\":\"Racing+Arena+Limburg+pr%C3%A4sentiert+sich+mit+gr%C3%B6%C3%9Feren+Strecken\",\"display_infobox\":\"on\"});}});\n\/* ]]> *\/<\/script><\/div>","protected":false},"excerpt":{"rendered":"<p>Viel Arbeit und Zeit hat Eigent\u00fcmer und Betreiber Robert Meulenberg in die Racing Arena Limburg gesteckt. In den Sommermonaten haben er und sein Mitarbeiter Dave Collin die Halle<\/p>\n","protected":false},"author":1,"featured_media":19248,"comment_status":"closed","ping_status":"open","sticky":false,"template":"","format":"standard","meta":[],"categories":[12],"tags":[239,635],"_links":{"self":[{"href":"https:\/\/brcnews.net\/index.php?rest_route=\/wp\/v2\/posts\/19244"}],"collection":[{"href":"https:\/\/brcnews.net\/index.php?rest_route=\/wp\/v2\/posts"}],"about":[{"href":"https:\/\/brcnews.net\/index.php?rest_route=\/wp\/v2\/types\/post"}],"author":[{"embeddable":true,"href":"https:\/\/brcnews.net\/index.php?rest_route=\/wp\/v2\/users\/1"}],"replies":[{"embeddable":true,"href":"https:\/\/brcnews.net\/index.php?rest_route=%2Fwp%2Fv2%2Fcomments&post=19244"}],"version-history":[{"count":5,"href":"https:\/\/brcnews.net\/index.php?rest_route=\/wp\/v2\/posts\/19244\/revisions"}],"predecessor-version":[{"id":19255,"href":"https:\/\/brcnews.net\/index.php?rest_route=\/wp\/v2\/posts\/19244\/revisions\/19255"}],"wp:featuredmedia":[{"embeddable":true,"href":"https:\/\/brcnews.net\/index.php?rest_route=\/wp\/v2\/media\/19248"}],"wp:attachment":[{"href":"https:\/\/brcnews.net\/index.php?rest_route=%2Fwp%2Fv2%2Fmedia&parent=19244"}],"wp:term":[{"taxonomy":"category","embeddable":true,"href":"https:\/\/brcnews.net\/index.php?rest_route=%2Fwp%2Fv2%2Fcategories&post=19244"},{"taxonomy":"post_tag","embeddable":true,"href":"https:\/\/brcnews.net\/index.php?rest_route=%2Fwp%2Fv2%2Ftags&post=19244"}],"curies":[{"name":"wp","href":"https:\/\/api.w.org\/{rel}","templated":true}]}}