{"id":19217,"date":"2017-10-22T12:32:27","date_gmt":"2017-10-22T10:32:27","guid":{"rendered":"http:\/\/brcnews.net\/?p=19217"},"modified":"2017-10-22T12:33:25","modified_gmt":"2017-10-22T10:33:25","slug":"der-neue-vbc-wildfire-d10-beim-renndebuet-in-der-arena-33","status":"publish","type":"post","link":"https:\/\/brcnews.net\/?p=19217","title":{"rendered":"Der neue VBC Wildfire D10 beim Renndeb\u00fct in der Arena 33"},"content":{"rendered":"<p>Der neue Tourenwagen von VBC Racing, der Wildfire D10, soll noch diesen Monat in Deutschland ausgeliefert werden. <span style=\"color: #008000;\"><em><strong>BRCNEWS<\/strong><\/em><\/span> sah sich den Tourenwagen am vergangenen Wochenende bei seinem <!--more-->Renndeb\u00fct an. Sandro Speck und Toni Mateo fuhren ihn beim TOS Masters.<\/p>\n<h6><span style=\"text-decoration: underline;\">Kleine Bildergalerie des VBC Wildfire D10<\/span><\/h6>\n<div id='gallery-1' class='gallery galleryid-19217 gallery-columns-3 gallery-size-thumbnail'><figure class='gallery-item'>\n\t\t\t<div class='gallery-icon landscape'>\n\t\t\t\t<a href='https:\/\/brcnews.net\/?attachment_id=19220'><img width=\"150\" height=\"150\" src=\"https:\/\/brcnews.net\/wp-content\/uploads\/2017\/10\/VBC_D10.6-150x150.jpg\" class=\"attachment-thumbnail size-thumbnail colorbox-19217 \" alt=\"\" loading=\"lazy\" \/><\/a>\n\t\t\t<\/div><\/figure><figure class='gallery-item'>\n\t\t\t<div class='gallery-icon landscape'>\n\t\t\t\t<a href='https:\/\/brcnews.net\/?attachment_id=19221'><img width=\"150\" height=\"150\" src=\"https:\/\/brcnews.net\/wp-content\/uploads\/2017\/10\/VBC_D10.1-150x150.jpg\" class=\"attachment-thumbnail size-thumbnail colorbox-19217 \" alt=\"\" loading=\"lazy\" \/><\/a>\n\t\t\t<\/div><\/figure><figure class='gallery-item'>\n\t\t\t<div class='gallery-icon landscape'>\n\t\t\t\t<a href='https:\/\/brcnews.net\/?attachment_id=19222'><img width=\"150\" height=\"150\" src=\"https:\/\/brcnews.net\/wp-content\/uploads\/2017\/10\/VBC_D10.2-150x150.jpg\" class=\"attachment-thumbnail size-thumbnail colorbox-19217 \" alt=\"\" loading=\"lazy\" \/><\/a>\n\t\t\t<\/div><\/figure><figure class='gallery-item'>\n\t\t\t<div class='gallery-icon landscape'>\n\t\t\t\t<a href='https:\/\/brcnews.net\/?attachment_id=19224'><img width=\"150\" height=\"150\" src=\"https:\/\/brcnews.net\/wp-content\/uploads\/2017\/10\/VBC_D10.4-150x150.jpg\" class=\"attachment-thumbnail size-thumbnail colorbox-19217 \" alt=\"\" loading=\"lazy\" \/><\/a>\n\t\t\t<\/div><\/figure><figure class='gallery-item'>\n\t\t\t<div class='gallery-icon landscape'>\n\t\t\t\t<a href='https:\/\/brcnews.net\/?attachment_id=19225'><img width=\"150\" height=\"150\" src=\"https:\/\/brcnews.net\/wp-content\/uploads\/2017\/10\/VBC_D10.5-150x150.jpg\" class=\"attachment-thumbnail size-thumbnail colorbox-19217 \" alt=\"\" loading=\"lazy\" \/><\/a>\n\t\t\t<\/div><\/figure><figure class='gallery-item'>\n\t\t\t<div class='gallery-icon landscape'>\n\t\t\t\t<a href='https:\/\/brcnews.net\/?attachment_id=19226'><img width=\"150\" height=\"150\" src=\"https:\/\/brcnews.net\/wp-content\/uploads\/2017\/10\/VBC_D10.3-150x150.jpg\" class=\"attachment-thumbnail size-thumbnail colorbox-19217 \" alt=\"\" loading=\"lazy\" \/><\/a>\n\t\t\t<\/div><\/figure>\n\t\t<\/div>\n\n<p>Gegen\u00fcber seinem Vorg\u00e4nger pr\u00e4sentiert sich der Neue in vielen Bereichen v\u00f6llig \u00fcber arbeitet. Verbessert wurde auch die Qualit\u00e4t der Kunststoff- und Aluteile. Sandro Speck z\u00e4hlte <span style=\"color: #008000;\"><em><strong>BRCNEWS<\/strong><\/em><\/span> unter anderem folgende neue Teile auf:<\/p>\n<ul>\n<li>Konische D\u00e4mpfer mit PSS Wirkung<\/li>\n<li>Neugeformete Kunststoffteile aus besserem Material<\/li>\n<li>Besondere Art der Aufh\u00e4ngung an der Vorderachse<\/li>\n<li>Der Servomount aus Alu<\/li>\n<li>Der einteilige Motormount<\/li>\n<li>Die Lenkung<\/li>\n<li>Das Differential<\/li>\n<\/ul>\n<p>Sandro Speck und Toni Mateo fuhren beide in der Klasse Tourenwagen Stock. Sandro Speck wurde Zehnter, Toni Mateo belegte Platz 13.<\/p>\n<p>Der deutsche VBC-Importeur <a href=\"https:\/\/www.tonisport.de\/\">Tonisport<\/a> hat einen Videoclip ver\u00f6ffentlicht, in dem VBC-Teamfahrer Lucas Urbain die Vorz\u00fcge des neuen neuen Tourenwagens erkl\u00e4rt<\/p>\n<p><iframe loading=\"lazy\" width=\"474\" height=\"267\" src=\"https:\/\/www.youtube.com\/embed\/V2r4ENeEbDM?feature=oembed\" frameborder=\"0\" allowfullscreen><\/iframe><\/p>\n<div class=\"twoclick_social_bookmarks_post_19217 social_share_privacy clearfix 1.6.4 locale-de_DE sprite-de_DE\"><\/div><div class=\"twoclick-js\"><script type=\"text\/javascript\">\/* <![CDATA[ *\/\njQuery(document).ready(function($){if($('.twoclick_social_bookmarks_post_19217')){$('.twoclick_social_bookmarks_post_19217').socialSharePrivacy({\"services\":{\"facebook\":{\"status\":\"on\",\"txt_info\":\"2 Klicks f\\u00fcr mehr Datenschutz: Erst wenn Sie hier klicken, wird der Button aktiv und Sie k\\u00f6nnen Ihre Empfehlung an Facebook senden. Schon beim Aktivieren werden Daten an Dritte \\u00fcbertragen - siehe <em>i<\\\/em>.\",\"perma_option\":\"off\",\"action\":\"recommend\",\"language\":\"de_DE\"},\"twitter\":{\"reply_to\":\"\",\"tweet_text\":\"%20Der%20neue%20VBC%20Wildfire%20D10%20beim%20Renndeb%C3%BCt%20in%20der%20Arena%2033%20%C2%BB%20BRCNEWS.NET%20...\",\"status\":\"on\",\"txt_info\":\"2 Klicks f\\u00fcr mehr Datenschutz: Erst wenn Sie hier klicken, wird der Button aktiv und Sie k\\u00f6nnen Ihre Empfehlung an Twitter senden. Schon beim Aktivieren werden Daten an Dritte \\u00fcbertragen - siehe <em>i<\\\/em>.\",\"perma_option\":\"off\",\"language\":\"de\",\"referrer_track\":\"\"},\"gplus\":{\"status\":\"on\",\"txt_info\":\"2 Klicks f\\u00fcr mehr Datenschutz: Erst wenn Sie hier klicken, wird der Button aktiv und Sie k\\u00f6nnen Ihre Empfehlung an Google+ senden. Schon beim Aktivieren werden Daten an Dritte \\u00fcbertragen - siehe <em>i<\\\/em>.\",\"perma_option\":\"off\",\"referrer_track\":\"\"}},\"txt_help\":\"Wenn Sie diese Felder durch einen Klick aktivieren, werden Informationen an Facebook, Twitter, Flattr, Xing, t3n, LinkedIn, Pinterest oder Google eventuell ins Ausland \\u00fcbertragen und unter Umst\\u00e4nden auch dort gespeichert. N\\u00e4heres erfahren Sie durch einen Klick auf das <em>i<\\\/em>.\",\"settings_perma\":\"Dauerhaft aktivieren und Daten\\u00fcber-tragung zustimmen:\",\"info_link\":\"http:\\\/\\\/www.heise.de\\\/ct\\\/artikel\\\/2-Klicks-fuer-mehr-Datenschutz-1333879.html\",\"uri\":\"https:\\\/\\\/brcnews.net\\\/?p=19217\",\"post_id\":19217,\"post_title_referrer_track\":\"Der+neue+VBC+Wildfire+D10+beim+Renndeb%C3%BCt+in+der+Arena+33\",\"display_infobox\":\"on\"});}});\n\/* ]]> *\/<\/script><\/div>","protected":false},"excerpt":{"rendered":"<p>Der neue Tourenwagen von VBC Racing, der Wildfire D10, soll noch diesen Monat in Deutschland ausgeliefert werden. BRCNEWS sah sich den Tourenwagen am vergangenen Wochenende bei seinem<\/p>\n","protected":false},"author":1,"featured_media":19221,"comment_status":"closed","ping_status":"open","sticky":false,"template":"","format":"standard","meta":[],"categories":[1],"tags":[346,634],"_links":{"self":[{"href":"https:\/\/brcnews.net\/index.php?rest_route=\/wp\/v2\/posts\/19217"}],"collection":[{"href":"https:\/\/brcnews.net\/index.php?rest_route=\/wp\/v2\/posts"}],"about":[{"href":"https:\/\/brcnews.net\/index.php?rest_route=\/wp\/v2\/types\/post"}],"author":[{"embeddable":true,"href":"https:\/\/brcnews.net\/index.php?rest_route=\/wp\/v2\/users\/1"}],"replies":[{"embeddable":true,"href":"https:\/\/brcnews.net\/index.php?rest_route=%2Fwp%2Fv2%2Fcomments&post=19217"}],"version-history":[{"count":3,"href":"https:\/\/brcnews.net\/index.php?rest_route=\/wp\/v2\/posts\/19217\/revisions"}],"predecessor-version":[{"id":19228,"href":"https:\/\/brcnews.net\/index.php?rest_route=\/wp\/v2\/posts\/19217\/revisions\/19228"}],"wp:featuredmedia":[{"embeddable":true,"href":"https:\/\/brcnews.net\/index.php?rest_route=\/wp\/v2\/media\/19221"}],"wp:attachment":[{"href":"https:\/\/brcnews.net\/index.php?rest_route=%2Fwp%2Fv2%2Fmedia&parent=19217"}],"wp:term":[{"taxonomy":"category","embeddable":true,"href":"https:\/\/brcnews.net\/index.php?rest_route=%2Fwp%2Fv2%2Fcategories&post=19217"},{"taxonomy":"post_tag","embeddable":true,"href":"https:\/\/brcnews.net\/index.php?rest_route=%2Fwp%2Fv2%2Ftags&post=19217"}],"curies":[{"name":"wp","href":"https:\/\/api.w.org\/{rel}","templated":true}]}}