{"id":18919,"date":"2017-09-20T18:06:36","date_gmt":"2017-09-20T16:06:36","guid":{"rendered":"http:\/\/brcnews.net\/?p=18919"},"modified":"2017-12-18T23:04:59","modified_gmt":"2017-12-18T21:04:59","slug":"es-ist-ein-tolles-gefuehl-deutscher-meister-zu-sein","status":"publish","type":"post","link":"https:\/\/brcnews.net\/?p=18919","title":{"rendered":"\u201eEs ist ein tolles Gef\u00fchl, Deutscher Meister zu sein\u201c"},"content":{"rendered":"<h4>Micha Widmaier im Gespr\u00e4ch mit <span style=\"color: #008000;\"><em>BRCNEWS<\/em><\/span><\/h4>\n<p>Das Jahr 2017 war f\u00fcr Micha Widmaier bisher ein \u00e4u\u00dferst erfolgreiches. Im Juli wurde er Europameister B in der Klasse Buggy Nitro 1:8. Im August gewann der 15-J\u00e4hriger zum ersten Mal den Deutschen Meistertitel in dieser Klasse. Im gleichen Monat holte er <!--more-->sich in K\u00f6ngen den Vizemeistertitel in Buggy 4WD Elektro. Nur der Lokalmatador Luca Rau war schneller. <span style=\"color: #008000;\"><em><strong>BRCNEWS<\/strong> <\/em><\/span>sprach mit dem jungen Nachwuchsfahrer \u00fcber seine Erfolge, seine Anf\u00e4nge und seine n\u00e4here Zukunft.<\/p>\n<p><span style=\"color: #008000;\"><em><strong>BRCNEWS<\/strong><\/em><\/span>: Zun\u00e4chst herzlichen Gl\u00fcckwunsch zu deinen vielen Erfolgen in diesem Jahr. Hattest Du selbst damit gerechnet?<\/p>\n<p><strong>Micha Widmaier<\/strong>: Erstmal vielen Dank! Dass es so gut l\u00e4uft, h\u00e4tte ich nicht gedacht. Ich habe aber bei jedem Rennen mein Bestes gegeben.<\/p>\n<figure id=\"attachment_18921\" aria-describedby=\"caption-attachment-18921\" style=\"width: 256px\" class=\"wp-caption aligncenter\"><a href=\"http:\/\/brcnews.net\/wp-content\/uploads\/2017\/09\/Widmaier.13.jpg\"><img loading=\"lazy\" class=\"wp-image-18921 colorbox-18919\" src=\"http:\/\/brcnews.net\/wp-content\/uploads\/2017\/09\/Widmaier.13.jpg\" alt=\"\" width=\"256\" height=\"269\" srcset=\"https:\/\/brcnews.net\/wp-content\/uploads\/2017\/09\/Widmaier.13.jpg 400w, https:\/\/brcnews.net\/wp-content\/uploads\/2017\/09\/Widmaier.13-285x300.jpg 285w\" sizes=\"(max-width: 256px) 100vw, 256px\" \/><\/a><figcaption id=\"caption-attachment-18921\" class=\"wp-caption-text\">Micha Widmaier auf dem Fahrerstand in Ober-M\u00f6rlen<\/figcaption><\/figure>\n<h4>\u201eDass es dieses Jahr schon geklappt hat, ist einfach super\u201c<\/h4>\n<p><span style=\"color: #008000;\"><em><strong>BRCNEWS<\/strong><\/em><\/span>: Die Klasse Buggy 1:8 Nitro ist die teilnehmerst\u00e4rkste bei Deutschen Meisterschaften. Ein Titelgewinn hat daher ein hohes Prestige. Was bedeutet der Titel f\u00fcr Dich?<\/p>\n<p><strong>Micha Widmaier<\/strong>: Der Titel bedeutet mir viel. Es ist ein tolles Gef\u00fchl, Deutscher Meister zu sein. Ich wollte den DM-Titel auf jeden Fall mal gewinnen. Dass es dieses Jahr schon geklappt hat, ist einfach super.<\/p>\n<figure id=\"attachment_18920\" aria-describedby=\"caption-attachment-18920\" style=\"width: 800px\" class=\"wp-caption aligncenter\"><a href=\"http:\/\/brcnews.net\/wp-content\/uploads\/2017\/09\/BuggyElektro.1.jpg\"><img loading=\"lazy\" class=\"wp-image-18920 size-full colorbox-18919\" src=\"http:\/\/brcnews.net\/wp-content\/uploads\/2017\/09\/BuggyElektro.1.jpg\" alt=\"\" width=\"800\" height=\"411\" srcset=\"https:\/\/brcnews.net\/wp-content\/uploads\/2017\/09\/BuggyElektro.1.jpg 800w, https:\/\/brcnews.net\/wp-content\/uploads\/2017\/09\/BuggyElektro.1-300x154.jpg 300w, https:\/\/brcnews.net\/wp-content\/uploads\/2017\/09\/BuggyElektro.1-768x395.jpg 768w\" sizes=\"(max-width: 800px) 100vw, 800px\" \/><\/a><figcaption id=\"caption-attachment-18920\" class=\"wp-caption-text\">Buggy 4WD<\/figcaption><\/figure>\n<p><span style=\"color: #008000;\"><em><strong>BRCNEWS<\/strong><\/em><\/span>: Bei der DM in K\u00f6ngen hast Du mehrmals den Rundenrekord verbessert. In Ober-M\u00f6rlen bist du bei deinem Sieg 45 Minuten von der Spitze weggefahren. Wie gehst Du ein Rennen an? \u00dcberlegst Du dir lange eine besondere Taktik oder versuchst Du, immer so schnell wie m\u00f6glich zu fahren?<\/p>\n<p><strong>Micha Widmaier<\/strong>: Normalerweise probiere ich, immer so schnell wie m\u00f6glich zu fahren. Je nachdem wie die Situation ist, hat man bestimmte Dinge parat, nach denen man das Rennen gestalten kann.<\/p>\n<p><span style=\"color: #008000;\"><em><strong>BRCNEWS<\/strong><\/em><\/span>: Im letzten Jahr hattest Du immer deinen Vater als Mechaniker dabei. Durch einen Unfall kann er dir ausgerechnet jetzt nicht helfen. Vermisst Du seine Hilfe und seinen Rat? Wer ist jetzt an deiner Seite? Gerade in der Nitroklasse ist ein eingespieltes Team wichtig.<\/p>\n<p><strong>Micha Widmaier<\/strong>: Ja, es ist schon anders auf den Rennen und sicher nicht einfacher ohne meinen Vater. Ich hoffe, dass er so schnell wie m\u00f6glich wieder mit kann. Bei den DM-L\u00e4ufen hatte ich dann das Gl\u00fcck, dass ich immer super unterst\u00fctzt wurde. Bei einigen Personen m\u00f6chte ich mich an dieser Stelle bedanken. Zun\u00e4chst bei Nikolas Zimmer, der mit mir zur DM nach Ober-M\u00f6rlen gegangen ist und mir dort geholfen hat. Dann danke ich der Familie Rodewald, die mich zum zweiten Lauf nach Hamburg mitgenommen hat und sich dort um mich gek\u00fcmmert hat. Ein weiterer Dank geht an Christian Warda, der mir bei beiden DM L\u00e4ufen in der Box und auch so geholfen hat. Zum Schluss danke an Georg Horninger, der zum zweiten DM-Lauf kam und mich dort unterst\u00fctzt hat.<\/p>\n<p><span style=\"color: #008000;\"><em><strong>BRCNEWS<\/strong><\/em><\/span>: Wann und wie hast Du angefangen? Seit wann startest Du f\u00fcr Team Sworkz?<\/p>\n<p><strong>Micha Widmaier<\/strong>: Mein Vater hat mich zu dem Hobby gebracht, als ich dreieinhalb Jahre alt war. Seitdem hat er mich immer super unterst\u00fctzt. F\u00fcr Sworkz fahre ich seit Anfang Mai 2016.<\/p>\n<h4>\u201eF\u00fcr beides braucht man viel Zeit\u201c<\/h4>\n<p><span style=\"color: #008000;\"><em><strong>BRCNEWS<\/strong><\/em><\/span>: Du bist in diesem Jahr viel gereist. Du warst bei der Euro B Nitro 1:8 in Frankreich, bei der Euro A in Schweden, bei der Euro Buggy 1:8\u00a0 Elektro in Kroatien. An vielen anderen Wochenenden bist Du oft quer durch Deutschland gereist. Wie bringst Du diese vielen Reisen mit der Schule in Einklang?<\/p>\n<p><strong>Micha Widmaier<\/strong>: Bei den gro\u00dfen Rennen \u2013 wie den DM-L\u00e4ufen und den Euros in Schweden und Kroatien \u2013 hatte ich zum Gl\u00fcck Sommerferien, und ich musste nichts f\u00fcr die Schule machen. Aber sonst konzentriere ich mich nur auf die Schule und das RC-Car-Fahren. F\u00fcr beides braucht man viel Zeit.<\/p>\n<p><span style=\"color: #008000;\"><em><strong>BRCNEWS<\/strong><\/em><\/span>: Was steht in diesem Jahr noch an?<\/p>\n<p><strong>Micha Widmaier<\/strong>: Dieses Jahr stehen jetzt noch ein paar 1\/10er Rennen in Deutschland und der Schweiz an. Vielleicht werde ich noch die Indoor-WM in Padova im November und den Advents-Cup im Czypu-Drom im Dezember fahren.<\/p>\n<p><span style=\"color: #008000;\"><em><strong>BRCNEWS<\/strong><\/em><\/span>: Vielen Dank f\u00fcr die offenen Antworten. Wir w\u00fcnschen dir weiter viel Erfolg.<\/p>\n<hr \/>\n<figure id=\"attachment_18927\" aria-describedby=\"caption-attachment-18927\" style=\"width: 800px\" class=\"wp-caption aligncenter\"><a href=\"http:\/\/brcnews.net\/wp-content\/uploads\/2017\/09\/DMBuggyOber.481.jpg\"><img loading=\"lazy\" class=\"wp-image-18927 size-full colorbox-18919\" src=\"http:\/\/brcnews.net\/wp-content\/uploads\/2017\/09\/DMBuggyOber.481.jpg\" alt=\"\" width=\"800\" height=\"396\" srcset=\"https:\/\/brcnews.net\/wp-content\/uploads\/2017\/09\/DMBuggyOber.481.jpg 800w, https:\/\/brcnews.net\/wp-content\/uploads\/2017\/09\/DMBuggyOber.481-300x149.jpg 300w, https:\/\/brcnews.net\/wp-content\/uploads\/2017\/09\/DMBuggyOber.481-768x380.jpg 768w\" sizes=\"(max-width: 800px) 100vw, 800px\" \/><\/a><figcaption id=\"caption-attachment-18927\" class=\"wp-caption-text\">Der Sworkz von Micha Widmaier beim ersten DM-Lauf in Ober-M\u00f6rlen<\/figcaption><\/figure>\n<h5><span style=\"text-decoration: underline;\">Der DM-Buggy<\/span><\/h5>\n<ul>\n<li><strong>Fahrzeug<\/strong>: Sworkz S35-3<\/li>\n<li><strong>Motor<\/strong>: SPower S7 EVO II<\/li>\n<li><strong>Resorohr<\/strong>: SPower 2042<\/li>\n<li><strong>Sprit<\/strong>: RunnerTime<\/li>\n<li><strong>Reifen<\/strong>: TPRO<\/li>\n<\/ul>\n<div class=\"twoclick_social_bookmarks_post_18919 social_share_privacy clearfix 1.6.4 locale-de_DE sprite-de_DE\"><\/div><div class=\"twoclick-js\"><script type=\"text\/javascript\">\/* <![CDATA[ *\/\njQuery(document).ready(function($){if($('.twoclick_social_bookmarks_post_18919')){$('.twoclick_social_bookmarks_post_18919').socialSharePrivacy({\"services\":{\"facebook\":{\"status\":\"on\",\"txt_info\":\"2 Klicks f\\u00fcr mehr Datenschutz: Erst wenn Sie hier klicken, wird der Button aktiv und Sie k\\u00f6nnen Ihre Empfehlung an Facebook senden. Schon beim Aktivieren werden Daten an Dritte \\u00fcbertragen - siehe <em>i<\\\/em>.\",\"perma_option\":\"off\",\"action\":\"recommend\",\"language\":\"de_DE\"},\"twitter\":{\"reply_to\":\"\",\"tweet_text\":\"%20%E2%80%9EEs%20ist%20ein%20tolles%20Gef%C3%BChl%2C%20Deutscher%20Meister%20zu%20sein%E2%80%9C%20%C2%BB%20...\",\"status\":\"on\",\"txt_info\":\"2 Klicks f\\u00fcr mehr Datenschutz: Erst wenn Sie hier klicken, wird der Button aktiv und Sie k\\u00f6nnen Ihre Empfehlung an Twitter senden. Schon beim Aktivieren werden Daten an Dritte \\u00fcbertragen - siehe <em>i<\\\/em>.\",\"perma_option\":\"off\",\"language\":\"de\",\"referrer_track\":\"\"},\"gplus\":{\"status\":\"on\",\"txt_info\":\"2 Klicks f\\u00fcr mehr Datenschutz: Erst wenn Sie hier klicken, wird der Button aktiv und Sie k\\u00f6nnen Ihre Empfehlung an Google+ senden. Schon beim Aktivieren werden Daten an Dritte \\u00fcbertragen - siehe <em>i<\\\/em>.\",\"perma_option\":\"off\",\"referrer_track\":\"\"}},\"txt_help\":\"Wenn Sie diese Felder durch einen Klick aktivieren, werden Informationen an Facebook, Twitter, Flattr, Xing, t3n, LinkedIn, Pinterest oder Google eventuell ins Ausland \\u00fcbertragen und unter Umst\\u00e4nden auch dort gespeichert. N\\u00e4heres erfahren Sie durch einen Klick auf das <em>i<\\\/em>.\",\"settings_perma\":\"Dauerhaft aktivieren und Daten\\u00fcber-tragung zustimmen:\",\"info_link\":\"http:\\\/\\\/www.heise.de\\\/ct\\\/artikel\\\/2-Klicks-fuer-mehr-Datenschutz-1333879.html\",\"uri\":\"https:\\\/\\\/brcnews.net\\\/?p=18919\",\"post_id\":18919,\"post_title_referrer_track\":\"%E2%80%9EEs+ist+ein+tolles+Gef%C3%BChl%2C+Deutscher+Meister+zu+sein%E2%80%9C\",\"display_infobox\":\"on\"});}});\n\/* ]]> *\/<\/script><\/div>","protected":false},"excerpt":{"rendered":"<p>Micha Widmaier im Gespr\u00e4ch mit BRCNEWS Das Jahr 2017 war f\u00fcr Micha Widmaier bisher ein \u00e4u\u00dferst erfolgreiches. Im Juli wurde er Europameister B in der Klasse Buggy Nitro 1:8. Im August gewann der 15-J\u00e4hriger zum ersten Mal den Deutschen Meistertitel in dieser Klasse. Im gleichen Monat holte er<\/p>\n","protected":false},"author":1,"featured_media":18924,"comment_status":"closed","ping_status":"open","sticky":false,"template":"","format":"standard","meta":[],"categories":[41],"tags":[583,151,406],"_links":{"self":[{"href":"https:\/\/brcnews.net\/index.php?rest_route=\/wp\/v2\/posts\/18919"}],"collection":[{"href":"https:\/\/brcnews.net\/index.php?rest_route=\/wp\/v2\/posts"}],"about":[{"href":"https:\/\/brcnews.net\/index.php?rest_route=\/wp\/v2\/types\/post"}],"author":[{"embeddable":true,"href":"https:\/\/brcnews.net\/index.php?rest_route=\/wp\/v2\/users\/1"}],"replies":[{"embeddable":true,"href":"https:\/\/brcnews.net\/index.php?rest_route=%2Fwp%2Fv2%2Fcomments&post=18919"}],"version-history":[{"count":6,"href":"https:\/\/brcnews.net\/index.php?rest_route=\/wp\/v2\/posts\/18919\/revisions"}],"predecessor-version":[{"id":19432,"href":"https:\/\/brcnews.net\/index.php?rest_route=\/wp\/v2\/posts\/18919\/revisions\/19432"}],"wp:featuredmedia":[{"embeddable":true,"href":"https:\/\/brcnews.net\/index.php?rest_route=\/wp\/v2\/media\/18924"}],"wp:attachment":[{"href":"https:\/\/brcnews.net\/index.php?rest_route=%2Fwp%2Fv2%2Fmedia&parent=18919"}],"wp:term":[{"taxonomy":"category","embeddable":true,"href":"https:\/\/brcnews.net\/index.php?rest_route=%2Fwp%2Fv2%2Fcategories&post=18919"},{"taxonomy":"post_tag","embeddable":true,"href":"https:\/\/brcnews.net\/index.php?rest_route=%2Fwp%2Fv2%2Ftags&post=18919"}],"curies":[{"name":"wp","href":"https:\/\/api.w.org\/{rel}","templated":true}]}}