{"id":18610,"date":"2017-08-27T08:45:42","date_gmt":"2017-08-27T06:45:42","guid":{"rendered":"http:\/\/brcnews.net\/?p=18610"},"modified":"2017-08-28T23:40:33","modified_gmt":"2017-08-28T21:40:33","slug":"nitro-18-deutsche-meisterschaften-2017-finallaeufe-siegerehrung","status":"publish","type":"post","link":"https:\/\/brcnews.net\/?p=18610","title":{"rendered":"Nitro 1:8: Deutsche Meisterschaften 2017 \u2013 Finall\u00e4ufe &#038; Siegerehrung"},"content":{"rendered":"<h6><span style=\"text-decoration: underline;\"><span style=\"color: #008000; text-decoration: underline;\">16. Meldung: Sonntag 18:10 Uhr<\/span><\/span><\/h6>\n<h4>Die Siegerehrung<\/h4>\n<figure id=\"attachment_18675\" aria-describedby=\"caption-attachment-18675\" style=\"width: 800px\" class=\"wp-caption alignleft\"><a href=\"http:\/\/brcnews.net\/wp-content\/uploads\/2017\/08\/DMBadBreisig.93.jpg\"><img loading=\"lazy\" class=\"wp-image-18675 size-full colorbox-18610\" src=\"http:\/\/brcnews.net\/wp-content\/uploads\/2017\/08\/DMBadBreisig.93.jpg\" alt=\"\" width=\"800\" height=\"363\" srcset=\"https:\/\/brcnews.net\/wp-content\/uploads\/2017\/08\/DMBadBreisig.93.jpg 800w, https:\/\/brcnews.net\/wp-content\/uploads\/2017\/08\/DMBadBreisig.93-300x136.jpg 300w, https:\/\/brcnews.net\/wp-content\/uploads\/2017\/08\/DMBadBreisig.93-768x348.jpg 768w\" sizes=\"(max-width: 800px) 100vw, 800px\" \/><\/a><figcaption id=\"caption-attachment-18675\" class=\"wp-caption-text\">Top 10 Leistungsklasse 1. Auf dem Podium (von links): Toni Gruber (Platz 2), Dominic Greiner (Platz 1) und Merlin Depta (Platz 3). Deutsche r Meister 40plus ist Michael Salven (Zweiter von rechts)<\/figcaption><\/figure>\n<p><!--more--><\/p>\n<figure id=\"attachment_18676\" aria-describedby=\"caption-attachment-18676\" style=\"width: 800px\" class=\"wp-caption alignleft\"><a href=\"http:\/\/brcnews.net\/wp-content\/uploads\/2017\/08\/DMBadBreisig.94.jpg\"><img loading=\"lazy\" class=\"wp-image-18676 size-full colorbox-18610\" src=\"http:\/\/brcnews.net\/wp-content\/uploads\/2017\/08\/DMBadBreisig.94.jpg\" alt=\"\" width=\"800\" height=\"401\" srcset=\"https:\/\/brcnews.net\/wp-content\/uploads\/2017\/08\/DMBadBreisig.94.jpg 800w, https:\/\/brcnews.net\/wp-content\/uploads\/2017\/08\/DMBadBreisig.94-300x150.jpg 300w, https:\/\/brcnews.net\/wp-content\/uploads\/2017\/08\/DMBadBreisig.94-768x385.jpg 768w\" sizes=\"(max-width: 800px) 100vw, 800px\" \/><\/a><figcaption id=\"caption-attachment-18676\" class=\"wp-caption-text\">Top 10 Leistungsklasse 2. Auf dem Podium (von links): Ingo Braun (Platz 2 und Deutscher Meister 40plus), Robbin Hertong (Platz 1) und Alex Dill (Platz 3). Deutsche r Meister Jugend ist David Kr\u00f6ger (Dritter von links)<\/figcaption><\/figure>\n<p>Die vollst\u00e4ndige Rangliste gibt es hier:<\/p>\n<ul>\n<li><a href=\"http:\/\/brcnews.net\/wp-content\/uploads\/2017\/08\/Finalrangliste-DM-VG8-Mcc-Rhein-Ahr-2017.pdf\">Finalrangliste DM VG8 Mcc Rhein Ahr 2017<\/a><\/li>\n<\/ul>\n<p>Das war es aus Bad Breisig von der DM 2017 Nitro 1:8.<\/p>\n<hr \/>\n<h6><span style=\"text-decoration: underline;\"><span style=\"color: #008000; text-decoration: underline;\">15. Meldung: Sonntag 17:00 Uhr<\/span><\/span><\/h6>\n<h4>Dominic Greiner ist neuer Deutscher Meister<\/h4>\n<figure id=\"attachment_18671\" aria-describedby=\"caption-attachment-18671\" style=\"width: 800px\" class=\"wp-caption alignleft\"><a href=\"http:\/\/brcnews.net\/wp-content\/uploads\/2017\/08\/DMBadBreisig.92.jpg\"><img loading=\"lazy\" class=\"wp-image-18671 size-full colorbox-18610\" src=\"http:\/\/brcnews.net\/wp-content\/uploads\/2017\/08\/DMBadBreisig.92.jpg\" alt=\"\" width=\"800\" height=\"482\" srcset=\"https:\/\/brcnews.net\/wp-content\/uploads\/2017\/08\/DMBadBreisig.92.jpg 800w, https:\/\/brcnews.net\/wp-content\/uploads\/2017\/08\/DMBadBreisig.92-300x181.jpg 300w, https:\/\/brcnews.net\/wp-content\/uploads\/2017\/08\/DMBadBreisig.92-768x463.jpg 768w\" sizes=\"(max-width: 800px) 100vw, 800px\" \/><\/a><figcaption id=\"caption-attachment-18671\" class=\"wp-caption-text\">Der Freudenschrei: Dominc Greiner ist Deutscher Meister<\/figcaption><\/figure>\n<p>Dominic Greiner (Serpent\/Novarossi) ist der neue Deutsche Meister Nitro 1:8. Mit dem neuen Serpent 988 lieferte er sich \u00fcber 45 Minuten einen ganz intensiven Fight mit Toni Gruber (WRC\/Novarossi), der knapp vier Sekunden R\u00fcckstand hatte. Dominic Greiner fuhr 176 Runden. Dritter wurde Merlin Depta, ebenfalls mit dem neuen Serpent unterwegs. Platz 4 holte sich Tobias Hepp, der erst ab Mitte des Rennens den Anschluss an die drei F\u00fchrenden hatte abrei\u00dfen lassen m\u00fcssen. Titelverteidiger Michael Salven wurde F\u00fcnfte, kann sich aber mit dem Titel Deutscher Meister 40plus tr\u00f6sten.<\/p>\n<p><a href=\"http:\/\/brcnews.net\/wp-content\/uploads\/2017\/08\/Top10K1.jpg\"><img loading=\"lazy\" class=\"alignleft size-full wp-image-18672 colorbox-18610\" src=\"http:\/\/brcnews.net\/wp-content\/uploads\/2017\/08\/Top10K1.jpg\" alt=\"\" width=\"606\" height=\"316\" srcset=\"https:\/\/brcnews.net\/wp-content\/uploads\/2017\/08\/Top10K1.jpg 606w, https:\/\/brcnews.net\/wp-content\/uploads\/2017\/08\/Top10K1-300x156.jpg 300w\" sizes=\"(max-width: 606px) 100vw, 606px\" \/><\/a><\/p>\n<p>Sehr zufrieden mit dem Ergebnis ist ohne Zweifel das Team Serpent. Die drei Viper 988 belegten die Pl\u00e4tze eins, drei und f\u00fcnf.<\/p>\n<hr \/>\n<h6><span style=\"text-decoration: underline;\"><span style=\"color: #008000; text-decoration: underline;\">14. Meldung: Sonntag 15:50 Uhr<\/span><\/span><\/h6>\n<h4>Robbin Hertong ist neuer Deutscher Meister in der Klasse 2<\/h4>\n<figure id=\"attachment_18666\" aria-describedby=\"caption-attachment-18666\" style=\"width: 294px\" class=\"wp-caption aligncenter\"><a href=\"http:\/\/brcnews.net\/wp-content\/uploads\/2017\/08\/DMBadBreisig.91.jpg\"><img loading=\"lazy\" class=\"wp-image-18666 colorbox-18610\" src=\"http:\/\/brcnews.net\/wp-content\/uploads\/2017\/08\/DMBadBreisig.91.jpg\" alt=\"\" width=\"294\" height=\"326\" srcset=\"https:\/\/brcnews.net\/wp-content\/uploads\/2017\/08\/DMBadBreisig.91.jpg 800w, https:\/\/brcnews.net\/wp-content\/uploads\/2017\/08\/DMBadBreisig.91-270x300.jpg 270w, https:\/\/brcnews.net\/wp-content\/uploads\/2017\/08\/DMBadBreisig.91-768x852.jpg 768w\" sizes=\"(max-width: 294px) 100vw, 294px\" \/><\/a><figcaption id=\"caption-attachment-18666\" class=\"wp-caption-text\">Ziel erreicht: Robbin Hertong freut sich \u00fcber den Titelgewinn<\/figcaption><\/figure>\n<p>Robbin Hertong hat es geschafft. Mit einem klassischen Start-Ziel-Sieg und einem Vorsprung von satten f\u00fcnf Runden \u00fcberquerte er nach 170 Runden und 45:01,805 Minuten als erster die Ziellinie. Bereits nach der H\u00e4lfte der Fahrzeit hatte der ARC-Fahrer schon drei Runden Vorsprung herausgefahren. Zweiter wurde Ingo Braun. Dritter Alex Dill. Die Pl\u00e4tze dahinter belegten Christoph Loose und Dirk Drechsler.<\/p>\n<p><a href=\"http:\/\/brcnews.net\/wp-content\/uploads\/2017\/08\/Top10K2.jpg\"><img loading=\"lazy\" class=\"alignleft size-full wp-image-18667 colorbox-18610\" src=\"http:\/\/brcnews.net\/wp-content\/uploads\/2017\/08\/Top10K2.jpg\" alt=\"\" width=\"606\" height=\"317\" srcset=\"https:\/\/brcnews.net\/wp-content\/uploads\/2017\/08\/Top10K2.jpg 606w, https:\/\/brcnews.net\/wp-content\/uploads\/2017\/08\/Top10K2-300x157.jpg 300w\" sizes=\"(max-width: 606px) 100vw, 606px\" \/><\/a><\/p>\n<p>Die ersten f\u00fcnf Fahrer der Rangliste steigen nun in die Klasse 1 auf.<\/p>\n<hr \/>\n<h6><span style=\"text-decoration: underline; color: #339966;\">13. Meldung: Sonntag 15:25 Uhr<\/span><\/h6>\n<h4>Startnummern mit Namen<\/h4>\n<p><a href=\"http:\/\/brcnews.net\/wp-content\/uploads\/2017\/08\/DMBadBreisig.90.jpg\"><img loading=\"lazy\" class=\" wp-image-18663 aligncenter colorbox-18610\" src=\"http:\/\/brcnews.net\/wp-content\/uploads\/2017\/08\/DMBadBreisig.90.jpg\" alt=\"\" width=\"319\" height=\"231\" srcset=\"https:\/\/brcnews.net\/wp-content\/uploads\/2017\/08\/DMBadBreisig.90.jpg 800w, https:\/\/brcnews.net\/wp-content\/uploads\/2017\/08\/DMBadBreisig.90-300x217.jpg 300w, https:\/\/brcnews.net\/wp-content\/uploads\/2017\/08\/DMBadBreisig.90-768x556.jpg 768w\" sizes=\"(max-width: 319px) 100vw, 319px\" \/><\/a>Jeder Teilnehmer hat Startnummern mit seinem Namen bekommen.<br \/>\nSie wurden f\u00fcr die gesamte Veranstaltung fest vergeben, jeweils in alphabetischer Reihenfolge ab Nummer 1 f\u00fcr die Klasse 1 und ab Nummer 51 f\u00fcr die Klasse 2. Einzige Ausnahme: Michael Salven f\u00e4hrt als Titelverteidiger mit der Startnummer 1 \u2013 ganz so wie bei der Formel 1.<\/p>\n<p>Jeder Teilnehmer erhielt insgesamt vier Startnummerns\u00e4tze Jeder Satz besteht aus drei Nummern, die entsprechend dem Reglement links, rechts und vorne auf der Karosse anzubringen sind.<\/p>\n<hr \/>\n<h6><span style=\"text-decoration: underline; color: #339966;\">Zw\u00f6lfte Meldung: Sonntag 15:10 Uhr<\/span><\/h6>\n<h4>Die Polesetter<\/h4>\n<figure id=\"attachment_18661\" aria-describedby=\"caption-attachment-18661\" style=\"width: 800px\" class=\"wp-caption alignleft\"><a href=\"http:\/\/brcnews.net\/wp-content\/uploads\/2017\/08\/DMBadBreisig.89.jpg\"><img loading=\"lazy\" class=\"wp-image-18661 size-full colorbox-18610\" src=\"http:\/\/brcnews.net\/wp-content\/uploads\/2017\/08\/DMBadBreisig.89.jpg\" alt=\"\" width=\"800\" height=\"462\" srcset=\"https:\/\/brcnews.net\/wp-content\/uploads\/2017\/08\/DMBadBreisig.89.jpg 800w, https:\/\/brcnews.net\/wp-content\/uploads\/2017\/08\/DMBadBreisig.89-300x173.jpg 300w, https:\/\/brcnews.net\/wp-content\/uploads\/2017\/08\/DMBadBreisig.89-768x444.jpg 768w\" sizes=\"(max-width: 800px) 100vw, 800px\" \/><\/a><figcaption id=\"caption-attachment-18661\" class=\"wp-caption-text\">Robbin Hertong<\/figcaption><\/figure>\n<p>Toni Gruber und Robbin Hertong starten heute Nachmittag in den Finall\u00e4ufen von der Pole. Sie haben sich gestern in den Vorl\u00e4ufen gegen ihre Konkurrenten durchgesetzt. Toni Gruber fuhr gleich im<\/p>\n<figure id=\"attachment_18660\" aria-describedby=\"caption-attachment-18660\" style=\"width: 800px\" class=\"wp-caption alignleft\"><a href=\"http:\/\/brcnews.net\/wp-content\/uploads\/2017\/08\/DMBadBreisig.88.jpg\"><img loading=\"lazy\" class=\"wp-image-18660 size-full colorbox-18610\" src=\"http:\/\/brcnews.net\/wp-content\/uploads\/2017\/08\/DMBadBreisig.88.jpg\" alt=\"\" width=\"800\" height=\"471\" srcset=\"https:\/\/brcnews.net\/wp-content\/uploads\/2017\/08\/DMBadBreisig.88.jpg 800w, https:\/\/brcnews.net\/wp-content\/uploads\/2017\/08\/DMBadBreisig.88-300x177.jpg 300w, https:\/\/brcnews.net\/wp-content\/uploads\/2017\/08\/DMBadBreisig.88-768x452.jpg 768w\" sizes=\"(max-width: 800px) 100vw, 800px\" \/><\/a><figcaption id=\"caption-attachment-18660\" class=\"wp-caption-text\">Toni Gruber sowie seine Crew Gro\u00dfvater Hartmut und Vater Gerrit<\/figcaption><\/figure>\n<p>zweiten Vorlauf die Bestzeit in der Klasse 1 mit 17 Runden in 4:11,057 Minuten. Robbin Hertong verbesserte seine Zeit in den Vorl\u00e4ufen drei Mal, fuhr seine Bestzeit im vierten Vorlauf mit 16 Runden in 4.07, 935 Minuten.<\/p>\n<hr \/>\n<h6><span style=\"text-decoration: underline;\"><span style=\"color: #008000; text-decoration: underline;\">Elfte Meldung: Sonntag 14:50 Uhr<\/span><\/span><\/h6>\n<h4>Startaufstellung Finale Klasse 1<\/h4>\n<p>Die Startaufstellung des Finallaufes f\u00fcr die Klasse 1 steht. W\u00e4hrend die ersten vier bereits seit gestern qualifiziert sind, haben sich die Fahrer der Pl\u00e4tze f\u00fcnf bis zehn \u00fcber die Halbfinale qualifiziert.<\/p>\n<p><a href=\"http:\/\/brcnews.net\/wp-content\/uploads\/2017\/08\/FinaleeinteilungK1-2.jpg\"><img loading=\"lazy\" class=\"alignleft size-full wp-image-18657 colorbox-18610\" src=\"http:\/\/brcnews.net\/wp-content\/uploads\/2017\/08\/FinaleeinteilungK1-2.jpg\" alt=\"\" width=\"606\" height=\"316\" srcset=\"https:\/\/brcnews.net\/wp-content\/uploads\/2017\/08\/FinaleeinteilungK1-2.jpg 606w, https:\/\/brcnews.net\/wp-content\/uploads\/2017\/08\/FinaleeinteilungK1-2-300x156.jpg 300w\" sizes=\"(max-width: 606px) 100vw, 606px\" \/><\/a><\/p>\n<p>&nbsp;<\/p>\n<p>Gestartet wird das Finale gegen 16:00 Uhr<\/p>\n<hr \/>\n<h6><span style=\"text-decoration: underline;\"><span style=\"color: #008000; text-decoration: underline;\">Zehnte Meldung: Sonntag 14:30 Uhr<\/span><\/span><\/h6>\n<h4>Merlin Depta setzt sich im Halbfinale A durch<\/h4>\n<p>Merlin Depta setzte sich im Halbfinale A mit 117 Runden in 30:08,739 Minuten durch. Zweiter wurde Lars Hoppe. Dritter Michael Kammer. Damit stehen die Aufsteiger ins Finale der Klasse 1 fest.<\/p>\n<p><a href=\"http:\/\/brcnews.net\/wp-content\/uploads\/2017\/08\/AufsteigerK1Finale.jpg\"><img loading=\"lazy\" class=\"alignleft size-full wp-image-18653 colorbox-18610\" src=\"http:\/\/brcnews.net\/wp-content\/uploads\/2017\/08\/AufsteigerK1Finale.jpg\" alt=\"\" width=\"429\" height=\"142\" srcset=\"https:\/\/brcnews.net\/wp-content\/uploads\/2017\/08\/AufsteigerK1Finale.jpg 429w, https:\/\/brcnews.net\/wp-content\/uploads\/2017\/08\/AufsteigerK1Finale-300x99.jpg 300w\" sizes=\"(max-width: 429px) 100vw, 429px\" \/><\/a><\/p>\n<p>&nbsp;<\/p>\n<p>&nbsp;<\/p>\n<p>&nbsp;<\/p>\n<p>Gleich geht es in das erste Hauptfinale<\/p>\n<hr \/>\n<h6><span style=\"text-decoration: underline;\"><span style=\"color: #008000; text-decoration: underline;\">Neunte Meldung: Sonntag 13:50 Uhr<\/span><\/span><\/h6>\n<h4>John Ermen gewinnt Halbfinale B Klasse 1<\/h4>\n<figure id=\"attachment_18650\" aria-describedby=\"caption-attachment-18650\" style=\"width: 800px\" class=\"wp-caption alignleft\"><a href=\"http:\/\/brcnews.net\/wp-content\/uploads\/2017\/08\/DMBadBreisig.86.jpg\"><img loading=\"lazy\" class=\"wp-image-18650 size-full colorbox-18610\" src=\"http:\/\/brcnews.net\/wp-content\/uploads\/2017\/08\/DMBadBreisig.86.jpg\" alt=\"\" width=\"800\" height=\"487\" srcset=\"https:\/\/brcnews.net\/wp-content\/uploads\/2017\/08\/DMBadBreisig.86.jpg 800w, https:\/\/brcnews.net\/wp-content\/uploads\/2017\/08\/DMBadBreisig.86-300x183.jpg 300w, https:\/\/brcnews.net\/wp-content\/uploads\/2017\/08\/DMBadBreisig.86-768x468.jpg 768w\" sizes=\"(max-width: 800px) 100vw, 800px\" \/><\/a><figcaption id=\"caption-attachment-18650\" class=\"wp-caption-text\">Hektik auf und vor dem Fahrerstand<\/figcaption><\/figure>\n<p>John Ermen (ARC\/Reds) hat sich im Halbfinale B der Klasse 1 durchgesetzt. Er fuhr 116 Runden in 30:05,234 Minuten. Titelverteidiger Michael Salven (Serpent\/Pico) hatte als Zweiter einen R\u00fcckstand von 2,4 Sekunden. Dritter wurde Christian Wurst (Mugen\/O.S.).<\/p>\n<hr \/>\n<h6><span style=\"text-decoration: underline;\"><span style=\"color: #008000; text-decoration: underline;\">Achte Meldung: Sonntag 12:20 Uhr<\/span><\/span><\/h6>\n<h4>Startaufstellung Finale Klasse 2<\/h4>\n<p>Die Startaufstellung des Finallaufes f\u00fcr die Klasse 2 steht. W\u00e4hrend die ersten vier bereits seit gestern qualifiziert sind, haben sich die Fahrer der Pl\u00e4tze f\u00fcnf bis zehn \u00fcber die Halbfinale qualifiziert.<\/p>\n<p><a href=\"http:\/\/brcnews.net\/wp-content\/uploads\/2017\/08\/FinaleeinteilungK1.jpg\"><img loading=\"lazy\" class=\"alignleft size-full wp-image-18647 colorbox-18610\" src=\"http:\/\/brcnews.net\/wp-content\/uploads\/2017\/08\/FinaleeinteilungK1.jpg\" alt=\"\" width=\"606\" height=\"313\" srcset=\"https:\/\/brcnews.net\/wp-content\/uploads\/2017\/08\/FinaleeinteilungK1.jpg 606w, https:\/\/brcnews.net\/wp-content\/uploads\/2017\/08\/FinaleeinteilungK1-300x155.jpg 300w\" sizes=\"(max-width: 606px) 100vw, 606px\" \/><\/a><\/p>\n<p>Gestartet wird das Finale gegen 15:00 Uhr.<\/p>\n<hr \/>\n<h6><span style=\"text-decoration: underline;\"><span style=\"color: #008000; text-decoration: underline;\">Siebte Meldung: Sonntag 12:20 Uhr<\/span><\/span><\/h6>\n<h4>Ingo Braun setzt sich im Halbfinale A durch<\/h4>\n<figure id=\"attachment_18643\" aria-describedby=\"caption-attachment-18643\" style=\"width: 800px\" class=\"wp-caption alignleft\"><a href=\"http:\/\/brcnews.net\/wp-content\/uploads\/2017\/08\/DMBadBreisig.84.jpg\"><img loading=\"lazy\" class=\"wp-image-18643 size-full colorbox-18610\" src=\"http:\/\/brcnews.net\/wp-content\/uploads\/2017\/08\/DMBadBreisig.84.jpg\" alt=\"\" width=\"800\" height=\"448\" srcset=\"https:\/\/brcnews.net\/wp-content\/uploads\/2017\/08\/DMBadBreisig.84.jpg 800w, https:\/\/brcnews.net\/wp-content\/uploads\/2017\/08\/DMBadBreisig.84-300x168.jpg 300w, https:\/\/brcnews.net\/wp-content\/uploads\/2017\/08\/DMBadBreisig.84-768x430.jpg 768w\" sizes=\"(max-width: 800px) 100vw, 800px\" \/><\/a><figcaption id=\"caption-attachment-18643\" class=\"wp-caption-text\">Ingo Braun steuerte den Mugen zum Sieg<\/figcaption><\/figure>\n<figure id=\"attachment_18644\" aria-describedby=\"caption-attachment-18644\" style=\"width: 800px\" class=\"wp-caption alignleft\"><a href=\"http:\/\/brcnews.net\/wp-content\/uploads\/2017\/08\/DMBadBreisig.85.jpg\"><img loading=\"lazy\" class=\"wp-image-18644 size-full colorbox-18610\" src=\"http:\/\/brcnews.net\/wp-content\/uploads\/2017\/08\/DMBadBreisig.85.jpg\" alt=\"\" width=\"800\" height=\"385\" srcset=\"https:\/\/brcnews.net\/wp-content\/uploads\/2017\/08\/DMBadBreisig.85.jpg 800w, https:\/\/brcnews.net\/wp-content\/uploads\/2017\/08\/DMBadBreisig.85-300x144.jpg 300w, https:\/\/brcnews.net\/wp-content\/uploads\/2017\/08\/DMBadBreisig.85-768x370.jpg 768w\" sizes=\"(max-width: 800px) 100vw, 800px\" \/><\/a><figcaption id=\"caption-attachment-18644\" class=\"wp-caption-text\">Da hatte Dirk Drechsler Gl\u00fcck: Er steuerte den Mugen kurz vor Schluss in den Reifenstapel, rettete sich dann aber \u00fcber die letzten Runden<\/figcaption><\/figure>\n<p>Ingo Braun (Serpenr\/Reds) hat sich im Halbfinale A in der Klasse 2 durchgesetzt. Bis wenige Runden vor Schluss lieferte er sich einen engen Zweikampf mit Dirk Drechsler (Mugen\/O.S.) um den Sieg. Der<\/p>\n<p><a href=\"http:\/\/brcnews.net\/wp-content\/uploads\/2017\/08\/AufsteigerK2Finale.jpg\"><img loading=\"lazy\" class=\"size-full wp-image-18645 aligncenter colorbox-18610\" src=\"http:\/\/brcnews.net\/wp-content\/uploads\/2017\/08\/AufsteigerK2Finale.jpg\" alt=\"\" width=\"350\" height=\"120\" srcset=\"https:\/\/brcnews.net\/wp-content\/uploads\/2017\/08\/AufsteigerK2Finale.jpg 350w, https:\/\/brcnews.net\/wp-content\/uploads\/2017\/08\/AufsteigerK2Finale-300x103.jpg 300w\" sizes=\"(max-width: 350px) 100vw, 350px\" \/><\/a><\/p>\n<p>Mugenfahrer fuhr dann in einen Reifenstapel und hatte danach zun\u00e4chst einige technische Probleme den Anschluss zu halten. Er rettete sich aber auf Platz drei. Zweiter wurde Alexander Mehl (Serpent\/Max).<\/p>\n<hr \/>\n<h6><span style=\"text-decoration: underline;\"><span style=\"color: #008000; text-decoration: underline;\">Sechste Meldung: Sonntag 11:40 Uhr<\/span><\/span><\/h6>\n<h4>Christian Willert gewinnt Halbfinale B Klasse 1<\/h4>\n<figure id=\"attachment_18639\" aria-describedby=\"caption-attachment-18639\" style=\"width: 800px\" class=\"wp-caption alignleft\"><a href=\"http:\/\/brcnews.net\/wp-content\/uploads\/2017\/08\/DMBadBreisig.81.jpg\"><img loading=\"lazy\" class=\"wp-image-18639 size-full colorbox-18610\" src=\"http:\/\/brcnews.net\/wp-content\/uploads\/2017\/08\/DMBadBreisig.81.jpg\" alt=\"\" width=\"800\" height=\"503\" srcset=\"https:\/\/brcnews.net\/wp-content\/uploads\/2017\/08\/DMBadBreisig.81.jpg 800w, https:\/\/brcnews.net\/wp-content\/uploads\/2017\/08\/DMBadBreisig.81-300x189.jpg 300w, https:\/\/brcnews.net\/wp-content\/uploads\/2017\/08\/DMBadBreisig.81-768x483.jpg 768w\" sizes=\"(max-width: 800px) 100vw, 800px\" \/><\/a><figcaption id=\"caption-attachment-18639\" class=\"wp-caption-text\">Daniel Hoffmann startet das Halbfinale B Klasse 1<\/figcaption><\/figure>\n<p>Christian Willert (Shepherd) hat das Halbfinale B in der Klasse 1 gewonnen. Er fuhr in 30:06,448 Minuten 109 Runden. Zweiter mit<\/p>\n<figure id=\"attachment_18638\" aria-describedby=\"caption-attachment-18638\" style=\"width: 800px\" class=\"wp-caption alignleft\"><a href=\"http:\/\/brcnews.net\/wp-content\/uploads\/2017\/08\/DMBadBreisig.83.jpg\"><img loading=\"lazy\" class=\"wp-image-18638 size-full colorbox-18610\" src=\"http:\/\/brcnews.net\/wp-content\/uploads\/2017\/08\/DMBadBreisig.83.jpg\" alt=\"\" width=\"800\" height=\"482\" srcset=\"https:\/\/brcnews.net\/wp-content\/uploads\/2017\/08\/DMBadBreisig.83.jpg 800w, https:\/\/brcnews.net\/wp-content\/uploads\/2017\/08\/DMBadBreisig.83-300x181.jpg 300w, https:\/\/brcnews.net\/wp-content\/uploads\/2017\/08\/DMBadBreisig.83-768x463.jpg 768w\" sizes=\"(max-width: 800px) 100vw, 800px\" \/><\/a><figcaption id=\"caption-attachment-18638\" class=\"wp-caption-text\">Nach rund sechs Minuten kamen die Fahrer zum ersten Tanken in die Boxengasse. Christian Willerts Car beim Betanken in der 20. Runde<\/figcaption><\/figure>\n<p>gut f\u00fcnf Sekunden R\u00fcckstand wurde Hartmut Rose (Xray\/FX). Den dritten und letzten Aufstiegsplatz belegte Christoph Loose (Serpent\/Picco).<\/p>\n<hr \/>\n<h6><span style=\"text-decoration: underline;\"><span style=\"color: #008000; text-decoration: underline;\">F\u00fcnfte Meldung: Sonntag 11:00 Uhr<\/span><\/span><\/h6>\n<h4>Der Titelverteidiger, der Warmup-Sieger und der letzte DM-Sieger in Bad Breisig<\/h4>\n<figure id=\"attachment_18632\" aria-describedby=\"caption-attachment-18632\" style=\"width: 800px\" class=\"wp-caption alignleft\"><a href=\"http:\/\/brcnews.net\/wp-content\/uploads\/2017\/08\/DMBadBreisig.79.jpg\"><img loading=\"lazy\" class=\"wp-image-18632 size-full colorbox-18610\" src=\"http:\/\/brcnews.net\/wp-content\/uploads\/2017\/08\/DMBadBreisig.79.jpg\" alt=\"\" width=\"800\" height=\"459\" srcset=\"https:\/\/brcnews.net\/wp-content\/uploads\/2017\/08\/DMBadBreisig.79.jpg 800w, https:\/\/brcnews.net\/wp-content\/uploads\/2017\/08\/DMBadBreisig.79-300x172.jpg 300w, https:\/\/brcnews.net\/wp-content\/uploads\/2017\/08\/DMBadBreisig.79-768x441.jpg 768w\" sizes=\"(max-width: 800px) 100vw, 800px\" \/><\/a><figcaption id=\"caption-attachment-18632\" class=\"wp-caption-text\">Titelverteidiger Michael Salven muss noch durch das Halbfinale<\/figcaption><\/figure>\n<p>Michael Salven (Serpent\/Picco) ist als Titelverteidiger nach Bad Breisig gekommen. Sein Sieg in Hamm im letzten Jahr war sein siebter Titel in der 1997 zum ersten Mal gefahrenen Modellsportklasse. Z\u00e4hlt man die Vorl\u00e4uferklassen dazu, hat der Serpentfahrer und Konstrukteur 13 nationale Titel gewonnen. Nach den Vorl\u00e4ufen liegt der 55-J\u00e4hrige auf Rang acht und startet so im Halbfinale A vom Platz zwei.<\/p>\n<figure id=\"attachment_18634\" aria-describedby=\"caption-attachment-18634\" style=\"width: 800px\" class=\"wp-caption alignleft\"><a href=\"http:\/\/brcnews.net\/wp-content\/uploads\/2017\/08\/DMBadBreisig.78.jpg\"><img loading=\"lazy\" class=\"wp-image-18634 size-full colorbox-18610\" src=\"http:\/\/brcnews.net\/wp-content\/uploads\/2017\/08\/DMBadBreisig.78.jpg\" alt=\"\" width=\"800\" height=\"487\" srcset=\"https:\/\/brcnews.net\/wp-content\/uploads\/2017\/08\/DMBadBreisig.78.jpg 800w, https:\/\/brcnews.net\/wp-content\/uploads\/2017\/08\/DMBadBreisig.78-300x183.jpg 300w, https:\/\/brcnews.net\/wp-content\/uploads\/2017\/08\/DMBadBreisig.78-768x468.jpg 768w\" sizes=\"(max-width: 800px) 100vw, 800px\" \/><\/a><figcaption id=\"caption-attachment-18634\" class=\"wp-caption-text\">Warmup-Sieger Tobias Hepp hat sich direkt f\u00fcr das Finale qualifiziert<\/figcaption><\/figure>\n<p>Tobias Hepp (ARC\/Reds) hat das Warmup zur DM Anfang August gewonnen. In der zweiten Runde hatte er im 30-min\u00fctigen Finale die F\u00fchrung von Steven Cuypers \u00fcbernommen. Mit dem Sieg brachte Tobias Hepp sich in die Favoritenrolle. Als Zweiter in der Rangliste nach den Vorl\u00e4ufen hat er sich direkt f\u00fcr das Finale qualifiziert.<\/p>\n<figure id=\"attachment_18633\" aria-describedby=\"caption-attachment-18633\" style=\"width: 800px\" class=\"wp-caption alignleft\"><a href=\"http:\/\/brcnews.net\/wp-content\/uploads\/2017\/08\/DMBadBreisig.80.jpg\"><img loading=\"lazy\" class=\"wp-image-18633 size-full colorbox-18610\" src=\"http:\/\/brcnews.net\/wp-content\/uploads\/2017\/08\/DMBadBreisig.80.jpg\" alt=\"\" width=\"800\" height=\"504\" srcset=\"https:\/\/brcnews.net\/wp-content\/uploads\/2017\/08\/DMBadBreisig.80.jpg 800w, https:\/\/brcnews.net\/wp-content\/uploads\/2017\/08\/DMBadBreisig.80-300x189.jpg 300w, https:\/\/brcnews.net\/wp-content\/uploads\/2017\/08\/DMBadBreisig.80-768x484.jpg 768w\" sizes=\"(max-width: 800px) 100vw, 800px\" \/><\/a><figcaption id=\"caption-attachment-18633\" class=\"wp-caption-text\">Steven Cuypers gewann 2011 die Deutschen Meisterschaften Nitro 1:8 im Motodrom Bad Breisig<\/figcaption><\/figure>\n<p>Der Belgier Steven Cuypers (Mugen\/Picco) hat gute Erinnerungen an das Motodrom Rhein-Ahr. Als 2011 schon einmal die DM an dieser Stelle ausgetragen wurde, triumphierte der Mugenfahrer und holte sich den DM-Titel. Wie Tobias Hepp hat er sich direkt f\u00fcr das Finale qualifiziert, in dem er heute Nachmittag von Platz drei startet.<\/p>\n<hr \/>\n<h6><span style=\"text-decoration: underline;\"><span style=\"color: #008000; text-decoration: underline;\">Vierte Meldung: Sonntag 10:25 Uhr<\/span><\/span><\/h6>\n<h4>Sechs steigen ins Halbfinale auf<\/h4>\n<figure id=\"attachment_18629\" aria-describedby=\"caption-attachment-18629\" style=\"width: 800px\" class=\"wp-caption alignleft\"><a href=\"http:\/\/brcnews.net\/wp-content\/uploads\/2017\/08\/DMBadBreisig.77jpg.jpg\"><img loading=\"lazy\" class=\"wp-image-18629 size-full colorbox-18610\" src=\"http:\/\/brcnews.net\/wp-content\/uploads\/2017\/08\/DMBadBreisig.77jpg.jpg\" alt=\"\" width=\"800\" height=\"451\" srcset=\"https:\/\/brcnews.net\/wp-content\/uploads\/2017\/08\/DMBadBreisig.77jpg.jpg 800w, https:\/\/brcnews.net\/wp-content\/uploads\/2017\/08\/DMBadBreisig.77jpg-300x169.jpg 300w, https:\/\/brcnews.net\/wp-content\/uploads\/2017\/08\/DMBadBreisig.77jpg-768x433.jpg 768w\" sizes=\"(max-width: 800px) 100vw, 800px\" \/><\/a><figcaption id=\"caption-attachment-18629\" class=\"wp-caption-text\">Schrauben gemeinsam im Fahrerlager: Uwe und J\u00f6rg Baldes<\/figcaption><\/figure>\n<p>Wie in der Klasse 2 steigen auch in der Klasse 2 je drei Fahrer aus den beiden Viertelfinalen in das Halbfinale auf. Im Viertelfinale B fuhren die Br\u00fcder J\u00f6rg und Uwe Baldes im Gleichklang auf die Pl\u00e4tze eins und zwei und schafften so den Aufstieg. Das Viertelfinale A gewann Tobias M\u00fcller vor Oliver Lembeck.<\/p>\n<p><a href=\"http:\/\/brcnews.net\/wp-content\/uploads\/2017\/08\/AufsteigerK1Halbfinale.jpg\"><img loading=\"lazy\" class=\"wp-image-18628 aligncenter colorbox-18610\" src=\"http:\/\/brcnews.net\/wp-content\/uploads\/2017\/08\/AufsteigerK1Halbfinale.jpg\" alt=\"\" width=\"350\" height=\"109\" srcset=\"https:\/\/brcnews.net\/wp-content\/uploads\/2017\/08\/AufsteigerK1Halbfinale.jpg 429w, https:\/\/brcnews.net\/wp-content\/uploads\/2017\/08\/AufsteigerK1Halbfinale-300x93.jpg 300w\" sizes=\"(max-width: 350px) 100vw, 350px\" \/><\/a><\/p>\n<p>Jetzt trainieren die Direktqualifizierten der Klasse 1 und 2 f\u00fcr das Finale. Je 10 Minuten haben die vier Piloten jeweils Zeit, sich auf die Streckenverh\u00e4ltnisse einzustellen.<\/p>\n<hr \/>\n<h6><span style=\"text-decoration: underline;\"><span style=\"color: #008000; text-decoration: underline;\">Dritte Meldung: Sonntag 9:40 Uhr<\/span><\/span><\/h6>\n<h4>Die Aufsteiger ins Halbfinale Klasse 2<\/h4>\n<p><a href=\"http:\/\/brcnews.net\/wp-content\/uploads\/2017\/08\/AufsteigerK2xFinale.jpg\"><img loading=\"lazy\" class=\"size-full wp-image-18678 aligncenter colorbox-18610\" src=\"http:\/\/brcnews.net\/wp-content\/uploads\/2017\/08\/AufsteigerK2xFinale.jpg\" alt=\"\" width=\"350\" height=\"107\" srcset=\"https:\/\/brcnews.net\/wp-content\/uploads\/2017\/08\/AufsteigerK2xFinale.jpg 350w, https:\/\/brcnews.net\/wp-content\/uploads\/2017\/08\/AufsteigerK2xFinale-300x92.jpg 300w\" sizes=\"(max-width: 350px) 100vw, 350px\" \/><\/a><\/p>\n<p>Die Halbfinale in der Klasse 2 sind komplett, nachdem aus jedem Viertelfinale drei Fahrer aufsteigen.<\/p>\n<hr \/>\n<h6><span style=\"text-decoration: underline;\"><span style=\"color: #008000; text-decoration: underline;\">Zweite Meldung: Sonntag 9:10 Uhr<\/span><\/span><\/h6>\n<h4>Erstes Finale gestartet<\/h4>\n<figure id=\"attachment_18623\" aria-describedby=\"caption-attachment-18623\" style=\"width: 800px\" class=\"wp-caption alignleft\"><a href=\"http:\/\/brcnews.net\/wp-content\/uploads\/2017\/08\/DMBadBreisig.75.jpg\"><img loading=\"lazy\" class=\"wp-image-18623 size-full colorbox-18610\" src=\"http:\/\/brcnews.net\/wp-content\/uploads\/2017\/08\/DMBadBreisig.75.jpg\" alt=\"\" width=\"800\" height=\"418\" srcset=\"https:\/\/brcnews.net\/wp-content\/uploads\/2017\/08\/DMBadBreisig.75.jpg 800w, https:\/\/brcnews.net\/wp-content\/uploads\/2017\/08\/DMBadBreisig.75-300x157.jpg 300w, https:\/\/brcnews.net\/wp-content\/uploads\/2017\/08\/DMBadBreisig.75-768x401.jpg 768w\" sizes=\"(max-width: 800px) 100vw, 800px\" \/><\/a><figcaption id=\"caption-attachment-18623\" class=\"wp-caption-text\">Letzte Startvorbereitungen Viertelfinale B Klasse 1<\/figcaption><\/figure>\n<p>Das erste Viertelfinale ist gestartet. Acht Fahrer versuchen einen der ersten drei Pl\u00e4tze zu schaffen, um in das n\u00e4chsth\u00f6here Finale aufzusteigen.<\/p>\n<figure id=\"attachment_18624\" aria-describedby=\"caption-attachment-18624\" style=\"width: 800px\" class=\"wp-caption alignleft\"><a href=\"http:\/\/brcnews.net\/wp-content\/uploads\/2017\/08\/DMBadBreisig.76.jpg\"><img loading=\"lazy\" class=\"wp-image-18624 size-full colorbox-18610\" src=\"http:\/\/brcnews.net\/wp-content\/uploads\/2017\/08\/DMBadBreisig.76.jpg\" alt=\"\" width=\"800\" height=\"346\" srcset=\"https:\/\/brcnews.net\/wp-content\/uploads\/2017\/08\/DMBadBreisig.76.jpg 800w, https:\/\/brcnews.net\/wp-content\/uploads\/2017\/08\/DMBadBreisig.76-300x130.jpg 300w, https:\/\/brcnews.net\/wp-content\/uploads\/2017\/08\/DMBadBreisig.76-768x332.jpg 768w\" sizes=\"(max-width: 800px) 100vw, 800px\" \/><\/a><figcaption id=\"caption-attachment-18624\" class=\"wp-caption-text\">Mit der Fahrerbesprechung begann der letzte Renntag dieser DM<\/figcaption><\/figure>\n<p>In einer kurzen Fahrerbesprechung erl\u00e4uterte Schiedsrichter Fredy Dietrich das Startprozedere und den weiteren Verlauf des Tages.<\/p>\n<p>Die Rangliste nach den Vorl\u00e4ufen gibt es hier: <a href=\"http:\/\/brcnews.net\/wp-content\/uploads\/2017\/08\/Rangliste-Vorl\u00e4ufe-.pdf\">Rangliste Vorl\u00e4ufe<\/a>. Die ersten Vier einer Klasse sind direkt f\u00fcr das Hauptfinale qualifiziert. Die Fahrer von Platz f\u00fcnf bis Platz 24 starten im Halbfinale. Die restlichen beginnen den Finaltag im Viertelfinale.<\/p>\n<hr \/>\n<h6><span style=\"text-decoration: underline;\"><span style=\"color: #008000; text-decoration: underline;\">Erste Meldung: Sonntag 8:40 Uhr<\/span><\/span><\/h6>\n<h4>Der Finaltag beginnt<\/h4>\n<p>Gleich geht es mit dem ersten Viertelfinale in der Klasse 2 los. Vier Viertelfinale \u00fcber eine Laufdauer von 15 Minuten werden insgesamt gefahren. Zwei in jeder Klasse. Die drei ersten in jedem Finale steigen in das n\u00e4chst h\u00f6here auf. \u00dcber vier Halbfinale (Laufdauer 30 Minuten) geht es dann in das gro\u00dfe Finale, das 45 Minuten dauert.<\/p>\n<figure id=\"attachment_18612\" aria-describedby=\"caption-attachment-18612\" style=\"width: 800px\" class=\"wp-caption alignleft\"><a href=\"http:\/\/brcnews.net\/wp-content\/uploads\/2017\/08\/DMBadBreisig.71.jpg\"><img loading=\"lazy\" class=\"wp-image-18612 size-full colorbox-18610\" src=\"http:\/\/brcnews.net\/wp-content\/uploads\/2017\/08\/DMBadBreisig.71.jpg\" alt=\"\" width=\"800\" height=\"517\" srcset=\"https:\/\/brcnews.net\/wp-content\/uploads\/2017\/08\/DMBadBreisig.71.jpg 800w, https:\/\/brcnews.net\/wp-content\/uploads\/2017\/08\/DMBadBreisig.71-300x194.jpg 300w, https:\/\/brcnews.net\/wp-content\/uploads\/2017\/08\/DMBadBreisig.71-768x496.jpg 768w\" sizes=\"(max-width: 800px) 100vw, 800px\" \/><\/a><figcaption id=\"caption-attachment-18612\" class=\"wp-caption-text\">Jill Salven, als Helferin ihres Mannes Michael Salven boxenerprobt, zeigt der holl\u00e4ndischen Kollegin Lisanne, wie es geht . . .<\/figcaption><\/figure>\n<figure id=\"attachment_18613\" aria-describedby=\"caption-attachment-18613\" style=\"width: 800px\" class=\"wp-caption alignleft\"><a href=\"http:\/\/brcnews.net\/wp-content\/uploads\/2017\/08\/DMBadBreisig.72.jpg\"><img loading=\"lazy\" class=\"wp-image-18613 size-full colorbox-18610\" src=\"http:\/\/brcnews.net\/wp-content\/uploads\/2017\/08\/DMBadBreisig.72.jpg\" alt=\"\" width=\"800\" height=\"591\" srcset=\"https:\/\/brcnews.net\/wp-content\/uploads\/2017\/08\/DMBadBreisig.72.jpg 800w, https:\/\/brcnews.net\/wp-content\/uploads\/2017\/08\/DMBadBreisig.72-300x222.jpg 300w, https:\/\/brcnews.net\/wp-content\/uploads\/2017\/08\/DMBadBreisig.72-768x567.jpg 768w\" sizes=\"(max-width: 800px) 100vw, 800px\" \/><\/a><figcaption id=\"caption-attachment-18613\" class=\"wp-caption-text\">. . . und die es dann selbst probiert<\/figcaption><\/figure>\n<figure id=\"attachment_18614\" aria-describedby=\"caption-attachment-18614\" style=\"width: 800px\" class=\"wp-caption alignleft\"><a href=\"http:\/\/brcnews.net\/wp-content\/uploads\/2017\/08\/DMBadBreisig.73.jpg\"><img loading=\"lazy\" class=\"wp-image-18614 size-full colorbox-18610\" src=\"http:\/\/brcnews.net\/wp-content\/uploads\/2017\/08\/DMBadBreisig.73.jpg\" alt=\"\" width=\"800\" height=\"520\" srcset=\"https:\/\/brcnews.net\/wp-content\/uploads\/2017\/08\/DMBadBreisig.73.jpg 800w, https:\/\/brcnews.net\/wp-content\/uploads\/2017\/08\/DMBadBreisig.73-300x195.jpg 300w, https:\/\/brcnews.net\/wp-content\/uploads\/2017\/08\/DMBadBreisig.73-768x499.jpg 768w\" sizes=\"(max-width: 800px) 100vw, 800px\" \/><\/a><figcaption id=\"caption-attachment-18614\" class=\"wp-caption-text\">Und dann geht es um den schnellen Reifenwechsel. Robin Hertong schaut seiner Crew zu<\/figcaption><\/figure>\n<p>Gestern Abend haben einige Teams noch das schnelle Tanken und Reifenwechseln ge\u00fcbt. Nicht alles, was sie da machten, nahmen die Mitwirkenden so richtig ernst.<\/p>\n<p>Fakt ist: Das schnelle Tanken, der schnelle Reifenwechsel sind in den Finalen mitentscheidend, welchen Rang ein Fahrer letztendlich belegt. In allen Finalen m\u00fcssen die Helfer die Fahrzeuge nachtanken. Und sp\u00e4testens ab den Halbfinalen sind auch Reifenwechsel erforderlich.<\/p>\n<figure id=\"attachment_18611\" aria-describedby=\"caption-attachment-18611\" style=\"width: 800px\" class=\"wp-caption alignleft\"><a href=\"http:\/\/brcnews.net\/wp-content\/uploads\/2017\/08\/DMBadBreisig.74.jpg\"><img loading=\"lazy\" class=\"wp-image-18611 size-full colorbox-18610\" src=\"http:\/\/brcnews.net\/wp-content\/uploads\/2017\/08\/DMBadBreisig.74.jpg\" alt=\"\" width=\"800\" height=\"537\" srcset=\"https:\/\/brcnews.net\/wp-content\/uploads\/2017\/08\/DMBadBreisig.74.jpg 800w, https:\/\/brcnews.net\/wp-content\/uploads\/2017\/08\/DMBadBreisig.74-300x201.jpg 300w, https:\/\/brcnews.net\/wp-content\/uploads\/2017\/08\/DMBadBreisig.74-768x516.jpg 768w\" sizes=\"(max-width: 800px) 100vw, 800px\" \/><\/a><figcaption id=\"caption-attachment-18611\" class=\"wp-caption-text\">Die Boxencrew von Ren\u00e9 P\u00fcpke, Vater Arno und Freundin\u00a0 Tanja, haben gestern Abend ebenfalls noch ein weinig trainiert<\/figcaption><\/figure>\n<p>Hoffen wir, dass das nachher in der Hektik des Rennens auch klappt!<\/p>\n<hr \/>\n<p>Zum RennTicker vom Training und den Vorl\u00e4ufen geht es hier lang:<\/p>\n<ul>\n<li><a href=\"http:\/\/brcnews.net\/?p=18517\"><span class=\"item-title\">Nitro 1:8: Deutsche Meisterschaften 2017 \u2013 Training und Vorl\u00e4ufe<\/span><\/a><\/li>\n<\/ul>\n<hr \/>\n<p><a href=\"http:\/\/brcnews.net\/wp-content\/uploads\/2016\/08\/tischhusse3x.jpg\"><img loading=\"lazy\" class=\"alignleft size-full wp-image-13505 colorbox-18610\" src=\"http:\/\/brcnews.net\/wp-content\/uploads\/2016\/08\/tischhusse3x.jpg\" alt=\"\" width=\"750\" height=\"217\" srcset=\"https:\/\/brcnews.net\/wp-content\/uploads\/2016\/08\/tischhusse3x.jpg 750w, https:\/\/brcnews.net\/wp-content\/uploads\/2016\/08\/tischhusse3x-300x87.jpg 300w\" sizes=\"(max-width: 750px) 100vw, 750px\" \/><\/a>Der Bericht wird gesponsert vom Deutschen Minicar Club<\/p>\n<div class=\"twoclick_social_bookmarks_post_18610 social_share_privacy clearfix 1.6.4 locale-de_DE sprite-de_DE\"><\/div><div class=\"twoclick-js\"><script type=\"text\/javascript\">\/* <![CDATA[ *\/\njQuery(document).ready(function($){if($('.twoclick_social_bookmarks_post_18610')){$('.twoclick_social_bookmarks_post_18610').socialSharePrivacy({\"services\":{\"facebook\":{\"status\":\"on\",\"txt_info\":\"2 Klicks f\\u00fcr mehr Datenschutz: Erst wenn Sie hier klicken, wird der Button aktiv und Sie k\\u00f6nnen Ihre Empfehlung an Facebook senden. Schon beim Aktivieren werden Daten an Dritte \\u00fcbertragen - siehe <em>i<\\\/em>.\",\"perma_option\":\"off\",\"action\":\"recommend\",\"language\":\"de_DE\"},\"twitter\":{\"reply_to\":\"\",\"tweet_text\":\"%20Nitro%201%3A8%3A%20Deutsche%20Meisterschaften%202017%20%E2%80%93%20Finall%C3%A4ufe%20%26%20Siegerehrung%20...\",\"status\":\"on\",\"txt_info\":\"2 Klicks f\\u00fcr mehr Datenschutz: Erst wenn Sie hier klicken, wird der Button aktiv und Sie k\\u00f6nnen Ihre Empfehlung an Twitter senden. Schon beim Aktivieren werden Daten an Dritte \\u00fcbertragen - siehe <em>i<\\\/em>.\",\"perma_option\":\"off\",\"language\":\"de\",\"referrer_track\":\"\"},\"gplus\":{\"status\":\"on\",\"txt_info\":\"2 Klicks f\\u00fcr mehr Datenschutz: Erst wenn Sie hier klicken, wird der Button aktiv und Sie k\\u00f6nnen Ihre Empfehlung an Google+ senden. Schon beim Aktivieren werden Daten an Dritte \\u00fcbertragen - siehe <em>i<\\\/em>.\",\"perma_option\":\"off\",\"referrer_track\":\"\"}},\"txt_help\":\"Wenn Sie diese Felder durch einen Klick aktivieren, werden Informationen an Facebook, Twitter, Flattr, Xing, t3n, LinkedIn, Pinterest oder Google eventuell ins Ausland \\u00fcbertragen und unter Umst\\u00e4nden auch dort gespeichert. N\\u00e4heres erfahren Sie durch einen Klick auf das <em>i<\\\/em>.\",\"settings_perma\":\"Dauerhaft aktivieren und Daten\\u00fcber-tragung zustimmen:\",\"info_link\":\"http:\\\/\\\/www.heise.de\\\/ct\\\/artikel\\\/2-Klicks-fuer-mehr-Datenschutz-1333879.html\",\"uri\":\"https:\\\/\\\/brcnews.net\\\/?p=18610\",\"post_id\":18610,\"post_title_referrer_track\":\"Nitro+1%3A8%3A+Deutsche+Meisterschaften+2017+%E2%80%93+Finall%C3%A4ufe+%26%23038%3B+Siegerehrung\",\"display_infobox\":\"on\"});}});\n\/* ]]> *\/<\/script><\/div>","protected":false},"excerpt":{"rendered":"<p>16. Meldung: Sonntag 18:10 Uhr Die Siegerehrung<\/p>\n","protected":false},"author":1,"featured_media":18639,"comment_status":"closed","ping_status":"open","sticky":false,"template":"","format":"standard","meta":[],"categories":[13],"tags":[53,611,307],"_links":{"self":[{"href":"https:\/\/brcnews.net\/index.php?rest_route=\/wp\/v2\/posts\/18610"}],"collection":[{"href":"https:\/\/brcnews.net\/index.php?rest_route=\/wp\/v2\/posts"}],"about":[{"href":"https:\/\/brcnews.net\/index.php?rest_route=\/wp\/v2\/types\/post"}],"author":[{"embeddable":true,"href":"https:\/\/brcnews.net\/index.php?rest_route=\/wp\/v2\/users\/1"}],"replies":[{"embeddable":true,"href":"https:\/\/brcnews.net\/index.php?rest_route=%2Fwp%2Fv2%2Fcomments&post=18610"}],"version-history":[{"count":35,"href":"https:\/\/brcnews.net\/index.php?rest_route=\/wp\/v2\/posts\/18610\/revisions"}],"predecessor-version":[{"id":18712,"href":"https:\/\/brcnews.net\/index.php?rest_route=\/wp\/v2\/posts\/18610\/revisions\/18712"}],"wp:featuredmedia":[{"embeddable":true,"href":"https:\/\/brcnews.net\/index.php?rest_route=\/wp\/v2\/media\/18639"}],"wp:attachment":[{"href":"https:\/\/brcnews.net\/index.php?rest_route=%2Fwp%2Fv2%2Fmedia&parent=18610"}],"wp:term":[{"taxonomy":"category","embeddable":true,"href":"https:\/\/brcnews.net\/index.php?rest_route=%2Fwp%2Fv2%2Fcategories&post=18610"},{"taxonomy":"post_tag","embeddable":true,"href":"https:\/\/brcnews.net\/index.php?rest_route=%2Fwp%2Fv2%2Ftags&post=18610"}],"curies":[{"name":"wp","href":"https:\/\/api.w.org\/{rel}","templated":true}]}}