{"id":18517,"date":"2017-08-26T08:00:26","date_gmt":"2017-08-26T06:00:26","guid":{"rendered":"http:\/\/brcnews.net\/?p=18517"},"modified":"2017-09-06T21:55:41","modified_gmt":"2017-09-06T19:55:41","slug":"nitro-18-deutsche-meisterschaften-2017-training-und-vorlaeufe","status":"publish","type":"post","link":"https:\/\/brcnews.net\/?p=18517","title":{"rendered":"Nitro 1:8: Deutsche Meisterschaften 2017 &#8211; Training und Vorl\u00e4ufe"},"content":{"rendered":"<h6><span style=\"text-decoration: underline;\"><span style=\"color: #008000; text-decoration: underline;\">22. Meldung: Samstag 18:50 Uhr<\/span><\/span><\/h6>\n<h4>F\u00fcnfter Vorlauf wirbelt Rangliste noch einmal durcheinander<\/h4>\n<p>Der f\u00fcnfte Vorlauf hat die Ranglisten in noch einmal kr\u00e4ftig durcheinandergewirbelt. In Klasse 1 schaffte Tobias Hepp mit einem schnellen f\u00fcnften Vorlauf noch Rang 2 und damit den Sprung direkt ins Hauptfinale. Dominic Greiner rettete sich mit einer neuen Bestzeit noch ins Hauptfinale und verdr\u00e4ngte so den bisher vor ihm in der Rangliste stehenden Teamkollegen Merlin Depta in die Halbfinale.<!--more--><\/p>\n<p><a href=\"http:\/\/brcnews.net\/wp-content\/uploads\/2017\/08\/Top12VorlaufK1..jpg\"><img loading=\"lazy\" class=\"alignleft size-full wp-image-18608 colorbox-18517\" src=\"http:\/\/brcnews.net\/wp-content\/uploads\/2017\/08\/Top12VorlaufK1..jpg\" alt=\"\" width=\"606\" height=\"377\" srcset=\"https:\/\/brcnews.net\/wp-content\/uploads\/2017\/08\/Top12VorlaufK1..jpg 606w, https:\/\/brcnews.net\/wp-content\/uploads\/2017\/08\/Top12VorlaufK1.-300x187.jpg 300w\" sizes=\"(max-width: 606px) 100vw, 606px\" \/><\/a> <a href=\"http:\/\/brcnews.net\/wp-content\/uploads\/2017\/08\/Top12VorlaufK2.jpg\"><img loading=\"lazy\" class=\"alignleft size-full wp-image-18605 colorbox-18517\" src=\"http:\/\/brcnews.net\/wp-content\/uploads\/2017\/08\/Top12VorlaufK2.jpg\" alt=\"\" width=\"606\" height=\"371\" srcset=\"https:\/\/brcnews.net\/wp-content\/uploads\/2017\/08\/Top12VorlaufK2.jpg 606w, https:\/\/brcnews.net\/wp-content\/uploads\/2017\/08\/Top12VorlaufK2-300x184.jpg 300w\" sizes=\"(max-width: 606px) 100vw, 606px\" \/><\/a><em>Die ersten Vier in jeder Klasse sind direkt f\u00fcr das Finale qualifiziert. Die anderen k\u00f6nnen \u00fcber das Halbfinale in das Hauptfinale aufsteigen.<\/em><\/p>\n<p>Den gr\u00f6\u00dften Sprung nach vorn machte in der Klasse 2 Andr\u00e9 B\u00f6ttcher. Mit seiner neuen Bestzeit sprang er von Rang sieben auf Rang zwei. Damit katapultierte er Dirk Drechsler von Position vier aus dem Hauptfinale ins Halbfinale.<\/p>\n<hr \/>\n<h6><span style=\"text-decoration: underline;\"><span style=\"color: #008000; text-decoration: underline;\">21. Meldung: Samstag 17:30 Uhr<\/span><\/span><\/h6>\n<h4>Viele neue Bestzeiten<\/h4>\n<figure id=\"attachment_18604\" aria-describedby=\"caption-attachment-18604\" style=\"width: 800px\" class=\"wp-caption alignleft\"><a href=\"http:\/\/brcnews.net\/wp-content\/uploads\/2017\/08\/DMBadBreisig.51.jpg\"><img loading=\"lazy\" class=\"wp-image-18604 size-full colorbox-18517\" src=\"http:\/\/brcnews.net\/wp-content\/uploads\/2017\/08\/DMBadBreisig.51.jpg\" alt=\"\" width=\"800\" height=\"406\" srcset=\"https:\/\/brcnews.net\/wp-content\/uploads\/2017\/08\/DMBadBreisig.51.jpg 800w, https:\/\/brcnews.net\/wp-content\/uploads\/2017\/08\/DMBadBreisig.51-300x152.jpg 300w, https:\/\/brcnews.net\/wp-content\/uploads\/2017\/08\/DMBadBreisig.51-768x390.jpg 768w\" sizes=\"(max-width: 800px) 100vw, 800px\" \/><\/a><figcaption id=\"caption-attachment-18604\" class=\"wp-caption-text\">Fahrer und Helfer der Gruppe vier im Einsatz<\/figcaption><\/figure>\n<p>Robbin Hertong hat im vierten Qualilauf seine Laufzeit erneuert verbessert. Er fuhr jetzt 16 Runden in 4:07,925 Minuten. Er ist damit in der Klasse 2 rund 3,5 Sekunden schneller als der Zweitplatzierte Alex Dill. Auf den Pl\u00e4tzen dahinter folgen weiter David Kr\u00f6ger, Dirk Drechsler und Christoph Loose.<\/p>\n<p>In der Klasse 1 h\u00e4lt Toni Grubers Bestzeit aus dem zweiten Vorlauf immer noch. Steven Cuypers auf Rang 2 profitiert noch von seiner Bestzeit aus dem ersten Vorlauf. Michael Salven verbesserte sich mit seiner neuen Zeit aus dem vierten Vorlauf von Rang neun auf Rang acht.<\/p>\n<p>Elf Fahrer aus Klasse 1 und zw\u00f6lf Fahrer aus Klasse 2 verbesserten in diesem Vorlauf ihre Zeiten.<\/p>\n<hr \/>\n<h6><span style=\"text-decoration: underline;\"><span style=\"color: #008000; text-decoration: underline;\">20. Meldung: Samstag 16:30 Uhr<\/span><\/span><\/h6>\n<h4>\u201eDie Formel 1 des Modellrennsports\u201c<\/h4>\n<figure id=\"attachment_18602\" aria-describedby=\"caption-attachment-18602\" style=\"width: 800px\" class=\"wp-caption alignleft\"><a href=\"http:\/\/brcnews.net\/wp-content\/uploads\/2017\/08\/DMBadBreisig.49.jpg\"><img loading=\"lazy\" class=\"wp-image-18602 size-full colorbox-18517\" src=\"http:\/\/brcnews.net\/wp-content\/uploads\/2017\/08\/DMBadBreisig.49.jpg\" alt=\"\" width=\"800\" height=\"457\" srcset=\"https:\/\/brcnews.net\/wp-content\/uploads\/2017\/08\/DMBadBreisig.49.jpg 800w, https:\/\/brcnews.net\/wp-content\/uploads\/2017\/08\/DMBadBreisig.49-300x171.jpg 300w, https:\/\/brcnews.net\/wp-content\/uploads\/2017\/08\/DMBadBreisig.49-768x439.jpg 768w\" sizes=\"(max-width: 800px) 100vw, 800px\" \/><\/a><figcaption id=\"caption-attachment-18602\" class=\"wp-caption-text\">Nitro 1:8-Boliden in der technsichen Abnahme<\/figcaption><\/figure>\n<p>Nitro 1:8 \u2013 das ist f\u00fcr viele die K\u00f6nigsklasse im RC-Car-Rennsport. F\u00fcr Uwe Baldes ist es die Formel 1 des Modellrennsports. So nannte er die Klasse in einer Pressemeldung anl\u00e4sslich der Deutschen Meisterschaften hier in Bad Breisig. Die Boliden im Ma\u00dfstab 1:8 sind in 1,7 Sekunden von Null auf Tempo 100. Sie erreichen H\u00f6chstgeschwindigkeiten von 120 Stundenkilometern. Angetrieben werden sie von Verbrennungsmotoren mit 3,5 Kubikzentimeter Hubraum. Bei bis zu 48.000 Umdrehungen pro Minute leisten sie rund 2,5 PS. Unerreichbar sind im Modellrennsport die hohen Kurvengeschwindigkeiten, die die Fahrzeuge dank der aerodynamischen Karosserien im Stil der Le-Mans-Prototypen fahren k\u00f6nnen.<\/p>\n<figure id=\"attachment_18549\" aria-describedby=\"caption-attachment-18549\" style=\"width: 800px\" class=\"wp-caption alignleft\"><a href=\"http:\/\/brcnews.net\/wp-content\/uploads\/2017\/08\/Serpent988.06.jpg\"><img loading=\"lazy\" class=\"wp-image-18549 size-full colorbox-18517\" src=\"http:\/\/brcnews.net\/wp-content\/uploads\/2017\/08\/Serpent988.06.jpg\" alt=\"\" width=\"800\" height=\"524\" srcset=\"https:\/\/brcnews.net\/wp-content\/uploads\/2017\/08\/Serpent988.06.jpg 800w, https:\/\/brcnews.net\/wp-content\/uploads\/2017\/08\/Serpent988.06-300x197.jpg 300w, https:\/\/brcnews.net\/wp-content\/uploads\/2017\/08\/Serpent988.06-768x503.jpg 768w\" sizes=\"(max-width: 800px) 100vw, 800px\" \/><\/a><figcaption id=\"caption-attachment-18549\" class=\"wp-caption-text\">Der Serpent Nitro 1:8 ist einer der am h\u00e4ufigsten gefahrenen Fahrzeuge seiner Klasse. Im Bild die bereits gestern vorgestellte\u00b4neue Version, die Viper 988<\/figcaption><\/figure>\n<p>Die Fahrzeuge sind auf einem f\u00fcnf Millimeter starken Aluchassis aufgebaut. Sie verf\u00fcgen \u00fcber einen Riemenantrieb. Abgebremst werden sie \u00fcber eine Bremse, die auf die hintere Welle oder auf die Hinterachse direkt wirkt. Der Tankinhalt ist auf 125 Milliliter limitiert. Eine Tankf\u00fcllung reicht f\u00fcr rund f\u00fcnf Minuten Fahrzeit. Ein fahrfertiges Fahrzeug hat ein Gewicht von rund 2,5 Kilogramm.<\/p>\n<figure id=\"attachment_18601\" aria-describedby=\"caption-attachment-18601\" style=\"width: 800px\" class=\"wp-caption alignleft\"><a href=\"http:\/\/brcnews.net\/wp-content\/uploads\/2017\/08\/DMBadBreisig.48.jpg\"><img loading=\"lazy\" class=\"wp-image-18601 size-full colorbox-18517\" src=\"http:\/\/brcnews.net\/wp-content\/uploads\/2017\/08\/DMBadBreisig.48.jpg\" alt=\"\" width=\"800\" height=\"484\" srcset=\"https:\/\/brcnews.net\/wp-content\/uploads\/2017\/08\/DMBadBreisig.48.jpg 800w, https:\/\/brcnews.net\/wp-content\/uploads\/2017\/08\/DMBadBreisig.48-300x182.jpg 300w, https:\/\/brcnews.net\/wp-content\/uploads\/2017\/08\/DMBadBreisig.48-768x465.jpg 768w\" sizes=\"(max-width: 800px) 100vw, 800px\" \/><\/a><figcaption id=\"caption-attachment-18601\" class=\"wp-caption-text\">Hektiktisches Treiben in der Boxengasse .- das geh\u00f6rt zu Nitrorennen einfach dazu<\/figcaption><\/figure>\n<p>Das Fahrerfeld ist in zwei Klassen eingeteilt. In Klasse 1 sind die schnelleren Fahrer unterwegs, in Klasse 2 die etwas langsameren. W\u00e4hrend die Schnellsten in Klasse 1 ihre drei zusammenh\u00e4ngenden Runden hier im Motodrom in rund 43,4 Sekunden fahren, sind die F\u00fchrenden in der Klasse 2 rund 1,7 bis 2 Sekunden langsamer.\u00a0 Die Fahrzeuge selbst unterscheiden sich nicht.<\/p>\n<hr \/>\n<h6><span style=\"text-decoration: underline;\"><span style=\"color: #008000; text-decoration: underline;\">19. Meldung: Samstag 16:00 Uhr<\/span><\/span><\/h6>\n<h4>Dritter Vorlauf mit wenigen neuen Bestzeiten<\/h4>\n<figure id=\"attachment_18599\" aria-describedby=\"caption-attachment-18599\" style=\"width: 800px\" class=\"wp-caption alignleft\"><a href=\"http:\/\/brcnews.net\/wp-content\/uploads\/2017\/08\/DMBadBreisig.50.jpg\"><img loading=\"lazy\" class=\"wp-image-18599 size-full colorbox-18517\" src=\"http:\/\/brcnews.net\/wp-content\/uploads\/2017\/08\/DMBadBreisig.50.jpg\" alt=\"\" width=\"800\" height=\"364\" srcset=\"https:\/\/brcnews.net\/wp-content\/uploads\/2017\/08\/DMBadBreisig.50.jpg 800w, https:\/\/brcnews.net\/wp-content\/uploads\/2017\/08\/DMBadBreisig.50-300x137.jpg 300w, https:\/\/brcnews.net\/wp-content\/uploads\/2017\/08\/DMBadBreisig.50-768x349.jpg 768w\" sizes=\"(max-width: 800px) 100vw, 800px\" \/><\/a><figcaption id=\"caption-attachment-18599\" class=\"wp-caption-text\">Der ARC von Dirk Rischard, der nach drei Vorl\u00e4ufen auf Platz 18 liegt<\/figcaption><\/figure>\n<p>Toni Gruber und Robbin Hertong bleiben weiter an der Spitze. Robbin Hertong war in diesem Lauf gegen\u00fcber seiner bisherigen Bestzeit jedoch gut sechs Zehntelsekunden schneller. In der Klasse 2 hat Dominic Greiner mit seiner neuen Bestzeit (17 Runden in 4:13,223 Minuten) Tobias Hepp von Platz vier verdr\u00e4ngt. Weitere Ver\u00e4nderungen hat es unter den Top 10 in der Klasse 1 nicht gegeben. In der Klasse 2 gab es unter den ersten Zehn keine \u00c4nderungen in der Rangliste.<\/p>\n<hr \/>\n<h6><span style=\"text-decoration: underline;\"><span style=\"color: #008000; text-decoration: underline;\">18. Meldung: Samstag 14:20 Uh<\/span><span style=\"color: #008000; text-decoration: underline;\">r<\/span><\/span><\/h6>\n<h4>Toni Gruber \u00fcbernimmt F\u00fchrung nach Vorlauf zwei<\/h4>\n<figure id=\"attachment_18596\" aria-describedby=\"caption-attachment-18596\" style=\"width: 800px\" class=\"wp-caption alignleft\"><a href=\"http:\/\/brcnews.net\/wp-content\/uploads\/2017\/08\/DMBadBreisig.47.jpg\"><img loading=\"lazy\" class=\"wp-image-18596 size-full colorbox-18517\" src=\"http:\/\/brcnews.net\/wp-content\/uploads\/2017\/08\/DMBadBreisig.47.jpg\" alt=\"\" width=\"800\" height=\"491\" srcset=\"https:\/\/brcnews.net\/wp-content\/uploads\/2017\/08\/DMBadBreisig.47.jpg 800w, https:\/\/brcnews.net\/wp-content\/uploads\/2017\/08\/DMBadBreisig.47-300x184.jpg 300w, https:\/\/brcnews.net\/wp-content\/uploads\/2017\/08\/DMBadBreisig.47-768x471.jpg 768w\" sizes=\"(max-width: 800px) 100vw, 800px\" \/><\/a><figcaption id=\"caption-attachment-18596\" class=\"wp-caption-text\">Toni Gruber<\/figcaption><\/figure>\n<p>Toni Gruber hat mit einem sehr schnellen Lauf in 4:11,057 Minuten 17 Runden und ist damit Bestzeit gefahren. Der WRC-Fahrer war rund 1,5 Sekunden schneller als Steven Cuypers, der nun auf dem zweiten Platz steht. Dritter ist Merlin Depta (Serpent\/O.S.). Dahinter folgen Tobias Hepp und Dominic Greiner (Serpent\/Novarossi).<\/p>\n<p>In der Klasse 2 haben sich im zweiten Vorlauf Alex Dill WRC\/O.S.)und David Kr\u00f6ger (Shepherd\/Novarossi) auf die Pl\u00e4tze zwei und drei verbessert. Zur\u00fcckgefallen sind dadurch Dirk Drechsler (jetzt Platz 4) und Christoph Loose (jetzt Platz 5). Robbin Hertongs Zeit aus dem ersten Vorlauf bleibt Bestzeit in der Klasse 2.<\/p>\n<hr \/>\n<h6><span style=\"text-decoration: underline;\"><span style=\"color: #008000; text-decoration: underline;\">17. Meldung: Samstag 13:30 Uhr<\/span><\/span><\/h6>\n<figure id=\"attachment_18593\" aria-describedby=\"caption-attachment-18593\" style=\"width: 800px\" class=\"wp-caption alignleft\"><a href=\"http:\/\/brcnews.net\/wp-content\/uploads\/2017\/08\/DMBadBreisig.46.jpg\"><img loading=\"lazy\" class=\"wp-image-18593 size-full colorbox-18517\" src=\"http:\/\/brcnews.net\/wp-content\/uploads\/2017\/08\/DMBadBreisig.46.jpg\" alt=\"\" width=\"800\" height=\"527\" srcset=\"https:\/\/brcnews.net\/wp-content\/uploads\/2017\/08\/DMBadBreisig.46.jpg 800w, https:\/\/brcnews.net\/wp-content\/uploads\/2017\/08\/DMBadBreisig.46-300x198.jpg 300w, https:\/\/brcnews.net\/wp-content\/uploads\/2017\/08\/DMBadBreisig.46-768x506.jpg 768w\" sizes=\"(max-width: 800px) 100vw, 800px\" \/><\/a><figcaption id=\"caption-attachment-18593\" class=\"wp-caption-text\">Schlange stehen vor dem n\u00e4chsten Einsatz. Links die Fahrer und hinter dem Zaun die Helfer in der Boxengasse<\/figcaption><\/figure>\n<p>Ein Vorlauf geht \u00fcber eine Laufzeit von vier Minuten. Die Fahrzeige starten nach Aufruf nacheinander aus der Boxengasse. Insgesamt stehen f\u00fcnf Vorl\u00e4ufe auf dem Programm. Davor bleiben drei Minuten Aufw\u00e4rmzeit. In die Wertung flie\u00dft f\u00fcr jeden Fahrer sein bester Lauf ein. Die Rangliste nach den Vorl\u00e4ufen entscheidet dann \u00fcber die Einteilung in die Finale.<\/p>\n<hr \/>\n<h6><span style=\"text-decoration: underline;\"><span style=\"color: #008000; text-decoration: underline;\">16. Meldung: Samstag 13:15 Uhr<\/span><\/span><\/h6>\n<h4>Steven Cuypers Schnellster im ersten Vorlauf<\/h4>\n<p>Der erste Vorlauf ist gefahren. Schnellster Pilot war Steven Cuypers (Mugen\/Picco) Er fuhr in 17Runden in 4:12,640 Minuten. Dahinter folgenTobias Hepp (ARC\/Reds)mit einem R\u00fcckstand von sechs Zehntelsekunden und Toni Gruber (WRC\/Novarossi) mit einem R\u00fcckstand von gut acht Zehntelsekunden. Steven Cuypers wurde im \u00dcbrigen 2011 auf dieser Strecke Deutscher Meister.<\/p>\n<p>Schnellster in der Klasse 2 war mit 16 Runden in 4:08,753 Minuten Robbin Hertong (ARC\/Reds). Er war der einzige, der 16 Runden fuhr. Die Pl\u00e4tze zwei und drei belegen Dirk Drechsler\u00a0 (Mugen\/O.S.) und Christoph Loose (Serpent\/Picco).<\/p>\n<hr \/>\n<h6><span style=\"text-decoration: underline;\"><span style=\"color: #008000; text-decoration: underline;\">15. Meldung: Samstag 12:40 Uhr<\/span><\/span><\/h6>\n<h4>Das Weltmeisterauto<\/h4>\n<figure id=\"attachment_18582\" aria-describedby=\"caption-attachment-18582\" style=\"width: 800px\" class=\"wp-caption alignleft\"><a href=\"http:\/\/brcnews.net\/wp-content\/uploads\/2017\/08\/DMBadBreisig.37.jpg\"><img loading=\"lazy\" class=\"wp-image-18582 size-full colorbox-18517\" src=\"http:\/\/brcnews.net\/wp-content\/uploads\/2017\/08\/DMBadBreisig.37.jpg\" alt=\"\" width=\"800\" height=\"533\" srcset=\"https:\/\/brcnews.net\/wp-content\/uploads\/2017\/08\/DMBadBreisig.37.jpg 800w, https:\/\/brcnews.net\/wp-content\/uploads\/2017\/08\/DMBadBreisig.37-300x200.jpg 300w, https:\/\/brcnews.net\/wp-content\/uploads\/2017\/08\/DMBadBreisig.37-768x512.jpg 768w\" sizes=\"(max-width: 800px) 100vw, 800px\" \/><\/a><figcaption id=\"caption-attachment-18582\" class=\"wp-caption-text\">Ser Shepherd Velox V8 WC Simon Kurzbuch von Patrick Sch\u00e4fer<\/figcaption><\/figure>\n<p>Patrick Sch\u00e4fer, Chef von Team Shepherd, f\u00e4hrt bei der DM die auf 100 St\u00fcck limitierte WC-Version des Velox V8, den Velox V8 WC Simon Kurzbuch. Die ausverkaufte limitierte Bauskastenversion enthielt alle Optionteile, die Simon Kurzbuch (Schweiz) bei seinem WM-Sieg 2015 in Brasilien eingesetzt hatte. Der Schweizer, seit nun neun Jahren Fahrer im Shepherd-Team, tritt mit der aktuellen Version des Velox V8 zur Titelverteidigung vom 8. bis zum 19. September in Monteux (Frankreich) an. Zuletzt gewann er mit der WC-Version die beiden ENS-L\u00e4ufe in Ettlingen und Aigen. Au\u00dferdem verteidigte er erfolgreich seinen Schweizer Meistertitel.<\/p>\n<h6><span style=\"text-decoration: underline;\">Kleine Bildergalerie des Shepherd V8<\/span><\/h6>\n<div id='gallery-1' class='gallery galleryid-18517 gallery-columns-3 gallery-size-thumbnail'><figure class='gallery-item'>\n\t\t\t<div class='gallery-icon landscape'>\n\t\t\t\t<a href='https:\/\/brcnews.net\/?attachment_id=18589'><img width=\"150\" height=\"150\" src=\"https:\/\/brcnews.net\/wp-content\/uploads\/2017\/08\/DMBadBreisig.40-150x150.jpg\" class=\"attachment-thumbnail size-thumbnail colorbox-18517 \" alt=\"\" loading=\"lazy\" \/><\/a>\n\t\t\t<\/div><\/figure><figure class='gallery-item'>\n\t\t\t<div class='gallery-icon landscape'>\n\t\t\t\t<a href='https:\/\/brcnews.net\/?attachment_id=18588'><img width=\"150\" height=\"150\" src=\"https:\/\/brcnews.net\/wp-content\/uploads\/2017\/08\/DMBadBreisig.44-150x150.jpg\" class=\"attachment-thumbnail size-thumbnail colorbox-18517 \" alt=\"\" loading=\"lazy\" \/><\/a>\n\t\t\t<\/div><\/figure><figure class='gallery-item'>\n\t\t\t<div class='gallery-icon landscape'>\n\t\t\t\t<a href='https:\/\/brcnews.net\/?attachment_id=18587'><img width=\"150\" height=\"150\" src=\"https:\/\/brcnews.net\/wp-content\/uploads\/2017\/08\/DMBadBreisig.43-150x150.jpg\" class=\"attachment-thumbnail size-thumbnail colorbox-18517 \" alt=\"\" loading=\"lazy\" \/><\/a>\n\t\t\t<\/div><\/figure><figure class='gallery-item'>\n\t\t\t<div class='gallery-icon landscape'>\n\t\t\t\t<a href='https:\/\/brcnews.net\/?attachment_id=18586'><img width=\"150\" height=\"150\" src=\"https:\/\/brcnews.net\/wp-content\/uploads\/2017\/08\/DMBadBreisig.42-150x150.jpg\" class=\"attachment-thumbnail size-thumbnail colorbox-18517 \" alt=\"\" loading=\"lazy\" \/><\/a>\n\t\t\t<\/div><\/figure><figure class='gallery-item'>\n\t\t\t<div class='gallery-icon landscape'>\n\t\t\t\t<a href='https:\/\/brcnews.net\/?attachment_id=18585'><img width=\"150\" height=\"150\" src=\"https:\/\/brcnews.net\/wp-content\/uploads\/2017\/08\/DMBadBreisig.41-150x150.jpg\" class=\"attachment-thumbnail size-thumbnail colorbox-18517 \" alt=\"\" loading=\"lazy\" \/><\/a>\n\t\t\t<\/div><\/figure><figure class='gallery-item'>\n\t\t\t<div class='gallery-icon landscape'>\n\t\t\t\t<a href='https:\/\/brcnews.net\/?attachment_id=18584'><img width=\"150\" height=\"150\" src=\"https:\/\/brcnews.net\/wp-content\/uploads\/2017\/08\/DMBadBreisig.39-150x150.jpg\" class=\"attachment-thumbnail size-thumbnail colorbox-18517 \" alt=\"\" loading=\"lazy\" \/><\/a>\n\t\t\t<\/div><\/figure><figure class='gallery-item'>\n\t\t\t<div class='gallery-icon landscape'>\n\t\t\t\t<a href='https:\/\/brcnews.net\/?attachment_id=18583'><img width=\"150\" height=\"150\" src=\"https:\/\/brcnews.net\/wp-content\/uploads\/2017\/08\/DMBadBreisig.38-150x150.jpg\" class=\"attachment-thumbnail size-thumbnail colorbox-18517 \" alt=\"\" loading=\"lazy\" \/><\/a>\n\t\t\t<\/div><\/figure><figure class='gallery-item'>\n\t\t\t<div class='gallery-icon landscape'>\n\t\t\t\t<a href='https:\/\/brcnews.net\/?attachment_id=18582'><img width=\"150\" height=\"150\" src=\"https:\/\/brcnews.net\/wp-content\/uploads\/2017\/08\/DMBadBreisig.37-150x150.jpg\" class=\"attachment-thumbnail size-thumbnail colorbox-18517 \" alt=\"\" loading=\"lazy\" \/><\/a>\n\t\t\t<\/div><\/figure>\n\t\t<\/div>\n\n<p>Eine Besonderheit am Velov V8 ist das Shepherd Direct-V-Brake System. Die einmalige Bremsmechanik wird \u00fcber einen Kabelzug realisiert und funktioniert wie eine Fahrradbremse. Dadurch verwindet das Chassis auch bei hartem Bremsen nicht, weil keine starre Anlenkung verwendet wird Da direkt auf der hinteren Starrachse gebremst wird, reduziert sich die Drehzahl der Bremsscheibe um das 2,2-fache. Somit ist ein viel feinf\u00fchligeres Bremsen m\u00f6glich und die Lebensdauer der Bremsbel\u00e4ge erh\u00f6ht sich.<\/p>\n<figure id=\"attachment_18590\" aria-describedby=\"caption-attachment-18590\" style=\"width: 800px\" class=\"wp-caption alignleft\"><a href=\"http:\/\/brcnews.net\/wp-content\/uploads\/2017\/08\/DMBadBreisig.45.jpg\"><img loading=\"lazy\" class=\"wp-image-18590 size-full colorbox-18517\" src=\"http:\/\/brcnews.net\/wp-content\/uploads\/2017\/08\/DMBadBreisig.45.jpg\" alt=\"\" width=\"800\" height=\"425\" srcset=\"https:\/\/brcnews.net\/wp-content\/uploads\/2017\/08\/DMBadBreisig.45.jpg 800w, https:\/\/brcnews.net\/wp-content\/uploads\/2017\/08\/DMBadBreisig.45-300x159.jpg 300w, https:\/\/brcnews.net\/wp-content\/uploads\/2017\/08\/DMBadBreisig.45-768x408.jpg 768w\" sizes=\"(max-width: 800px) 100vw, 800px\" \/><\/a><figcaption id=\"caption-attachment-18590\" class=\"wp-caption-text\">Das Shepherd Direct-V-Brake System wirkt wie eine Fahrradbremse<\/figcaption><\/figure>\n<p>Im freien Training fuhr Patrick Sch\u00e4fer mit dem Velox auf Rang elf. Auf Platz zehn rangiert sein Teamfahrer Lars Hoppe<\/p>\n<hr \/>\n<h6><span style=\"text-decoration: underline;\"><span style=\"color: #008000; text-decoration: underline;\">14. Meldung: Samstag 12:10 Uhr<\/span><\/span><\/h6>\n<h4>Protest abgelehnt<\/h4>\n<figure id=\"attachment_18580\" aria-describedby=\"caption-attachment-18580\" style=\"width: 800px\" class=\"wp-caption alignleft\"><a href=\"http:\/\/brcnews.net\/wp-content\/uploads\/2017\/08\/DMBadBreisig.36.jpg\"><img loading=\"lazy\" class=\"wp-image-18580 size-full colorbox-18517\" src=\"http:\/\/brcnews.net\/wp-content\/uploads\/2017\/08\/DMBadBreisig.36.jpg\" alt=\"\" width=\"800\" height=\"508\" srcset=\"https:\/\/brcnews.net\/wp-content\/uploads\/2017\/08\/DMBadBreisig.36.jpg 800w, https:\/\/brcnews.net\/wp-content\/uploads\/2017\/08\/DMBadBreisig.36-300x191.jpg 300w, https:\/\/brcnews.net\/wp-content\/uploads\/2017\/08\/DMBadBreisig.36-768x488.jpg 768w\" sizes=\"(max-width: 800px) 100vw, 800px\" \/><\/a><figcaption id=\"caption-attachment-18580\" class=\"wp-caption-text\">Zwangspause f\u00fcr die Helfer in der Boxengasse<\/figcaption><\/figure>\n<p>Die Sportkommissare und die Rennleitung haben einen Protest gegen die Durchf\u00fchrung der Vorl\u00e4ufe ohne Neueinteilung der Gruppen nach einem gezeiteten Training der Kommissare abgelehnt. Das urspr\u00fcnglich geplante gezeitete Training war aufgrund der widrigen Wetterbedingungen abgesagt worden. Die Sportkommissare hatten heute Morgen beschlossen, die DM gleich mit den Vorl\u00e4ufen fortzusetzen. Durch den Protest verz\u00f6gerte sich Start der zweiten Vorlaufgruppe um \u00fcber 20 Minuten.<\/p>\n<hr \/>\n<h6><span style=\"text-decoration: underline;\"><span style=\"color: #008000; text-decoration: underline;\">13. Meldung: Samstag 11:20 Uhr<\/span><\/span><\/h6>\n<h4>Das Training ist vorbei<\/h4>\n<p>Der Trainingsdurchgang\u00a0 ist zu Ende. Die Strecke verbesserte sich von Gruppe zu Gruppe. Brauchten die ersten Fahrer f\u00fcr ihre schnellsten drei zusammenh\u00e4ngenden Runden noch deutlich \u00fcber eine Minute, kam Tobias Hepp auf bis zu neun Zehntelsekunden an seine Bestzeit von gestern heran.<\/p>\n<p>In wenigen Minuten beginnt der erste Vorlauf<\/p>\n<hr \/>\n<h6><span style=\"text-decoration: underline;\"><span style=\"color: #008000; text-decoration: underline;\">Zw\u00f6fte Meldung: Samstag 10:45 Uhr<\/span><\/span><\/h6>\n<h4>Nur wenige treten zum Training an<\/h4>\n<figure id=\"attachment_18575\" aria-describedby=\"caption-attachment-18575\" style=\"width: 210px\" class=\"wp-caption aligncenter\"><a href=\"http:\/\/brcnews.net\/wp-content\/uploads\/2017\/08\/DMBadBreisig.35.jpg\"><img loading=\"lazy\" class=\"wp-image-18575  colorbox-18517\" src=\"http:\/\/brcnews.net\/wp-content\/uploads\/2017\/08\/DMBadBreisig.35-237x300.jpg\" alt=\"\" width=\"210\" height=\"265\" srcset=\"https:\/\/brcnews.net\/wp-content\/uploads\/2017\/08\/DMBadBreisig.35-237x300.jpg 237w, https:\/\/brcnews.net\/wp-content\/uploads\/2017\/08\/DMBadBreisig.35-768x971.jpg 768w, https:\/\/brcnews.net\/wp-content\/uploads\/2017\/08\/DMBadBreisig.35-810x1024.jpg 810w, https:\/\/brcnews.net\/wp-content\/uploads\/2017\/08\/DMBadBreisig.35.jpg 1122w\" sizes=\"(max-width: 210px) 100vw, 210px\" \/><\/a><figcaption id=\"caption-attachment-18575\" class=\"wp-caption-text\">Der Europameister des Jahres 2015, Oliver Mack, war einer der wenigen Fahrer, die auf die Strecke gingen<\/figcaption><\/figure>\n<figure id=\"attachment_18574\" aria-describedby=\"caption-attachment-18574\" style=\"width: 800px\" class=\"wp-caption alignleft\"><a href=\"http:\/\/brcnews.net\/wp-content\/uploads\/2017\/08\/DMBadBreisig.34.jpg\"><img loading=\"lazy\" class=\"wp-image-18574 size-full colorbox-18517\" src=\"http:\/\/brcnews.net\/wp-content\/uploads\/2017\/08\/DMBadBreisig.34.jpg\" alt=\"\" width=\"800\" height=\"464\" srcset=\"https:\/\/brcnews.net\/wp-content\/uploads\/2017\/08\/DMBadBreisig.34.jpg 800w, https:\/\/brcnews.net\/wp-content\/uploads\/2017\/08\/DMBadBreisig.34-300x174.jpg 300w, https:\/\/brcnews.net\/wp-content\/uploads\/2017\/08\/DMBadBreisig.34-768x445.jpg 768w\" sizes=\"(max-width: 800px) 100vw, 800px\" \/><\/a><figcaption id=\"caption-attachment-18574\" class=\"wp-caption-text\">Armin Weihert startet den Infinity von Oliver Mack<\/figcaption><\/figure>\n<p>Nach einer Verz\u00f6gerung von einer halben Stunde startete die Rennleitung das freie Training. Weil die Strecke noch keinen Griff hat, nehmen nur vereinzelte Fahrer die M\u00f6glichkeit zum Training wahr. Zu schnell ver\u00e4ndern sich jetzt die Streckenverh\u00e4ltnisse, um aus dem Training neue Erkenntnisse f\u00fcr die Vorl\u00e4ufe zu gewinnen.<\/p>\n<hr \/>\n<h6><span style=\"text-decoration: underline;\"><span style=\"color: #008000; text-decoration: underline;\">Elfte Meldung: Samstag 9:30 Uhr<\/span><\/span><\/h6>\n<h4>Noch herrscht Ruhe auf der Strecke im Motodrom<\/h4>\n<figure id=\"attachment_18570\" aria-describedby=\"caption-attachment-18570\" style=\"width: 800px\" class=\"wp-caption alignleft\"><a href=\"http:\/\/brcnews.net\/wp-content\/uploads\/2017\/08\/DMBadBreisig.32.jpg\"><img loading=\"lazy\" class=\"wp-image-18570 size-full colorbox-18517\" src=\"http:\/\/brcnews.net\/wp-content\/uploads\/2017\/08\/DMBadBreisig.32.jpg\" alt=\"\" width=\"800\" height=\"233\" srcset=\"https:\/\/brcnews.net\/wp-content\/uploads\/2017\/08\/DMBadBreisig.32.jpg 800w, https:\/\/brcnews.net\/wp-content\/uploads\/2017\/08\/DMBadBreisig.32-300x87.jpg 300w, https:\/\/brcnews.net\/wp-content\/uploads\/2017\/08\/DMBadBreisig.32-768x224.jpg 768w\" sizes=\"(max-width: 800px) 100vw, 800px\" \/><\/a><figcaption id=\"caption-attachment-18570\" class=\"wp-caption-text\">Fahrer und Mechaniker stellen sich dem Fotografen<\/figcaption><\/figure>\n<p>Noch ist es stil auf der Strecke. Heftige Gewitterschauern in der Nacht haben die Strecke unter Wasser gesetzt. Bis sie abgetrocknet ist, wird noch etwas Zeit vergehen. Das f\u00fcr heute Morgen geplante gezeitete Training ist deshalb ersatzlos gestrichen worden.<\/p>\n<figure id=\"attachment_18569\" aria-describedby=\"caption-attachment-18569\" style=\"width: 800px\" class=\"wp-caption alignleft\"><a href=\"http:\/\/brcnews.net\/wp-content\/uploads\/2017\/08\/DMBadBreisig.31.jpg\"><img loading=\"lazy\" class=\"wp-image-18569 size-full colorbox-18517\" src=\"http:\/\/brcnews.net\/wp-content\/uploads\/2017\/08\/DMBadBreisig.31.jpg\" alt=\"\" width=\"800\" height=\"378\" srcset=\"https:\/\/brcnews.net\/wp-content\/uploads\/2017\/08\/DMBadBreisig.31.jpg 800w, https:\/\/brcnews.net\/wp-content\/uploads\/2017\/08\/DMBadBreisig.31-300x142.jpg 300w, https:\/\/brcnews.net\/wp-content\/uploads\/2017\/08\/DMBadBreisig.31-768x363.jpg 768w\" sizes=\"(max-width: 800px) 100vw, 800px\" \/><\/a><figcaption id=\"caption-attachment-18569\" class=\"wp-caption-text\">Kurze Fahrerbesprechung zu Beginn des dritten Renntages<\/figcaption><\/figure>\n<p>Doch im Fahrerlager ist es unruhig geworden. Kontrovers diskutieren die Teilnehmer eine Entscheidung der Rennleitung, ohne neue Gruppeneinteilung direkt in die Vorl\u00e4ufe zu gehen. Die Rennleitung hatte zuvor die Fahrer in einer kurzen Besprechung dar\u00fcber informiert, dass um10:00 Uhr ein kurzer freier Trainingsdurchgang stattfinden wird. Danach soll es dann gleich ohne neue Gruppeneinteilung in die Vorl\u00e4ufe gehen. Vehement fordern einige eine Neueinteilung nach den Ergebnissen des freien Trainings. Begr\u00fcndung: W\u00e4hrend eines Laufes m\u00fcssen sie sich ansonsten immer wieder durch das Feld k\u00e4mpfen, was erhebliche Zeitverluste zu Folge hat.<\/p>\n<hr \/>\n<h6><span style=\"text-decoration: underline;\"><span style=\"color: #008000; text-decoration: underline;\">Zehnte Meldung: Freitag 17:45 Uhr<\/span><\/span><\/h6>\n<h4>Rennen f\u00fcr heute abgebrochen<\/h4>\n<figure id=\"attachment_18565\" aria-describedby=\"caption-attachment-18565\" style=\"width: 800px\" class=\"wp-caption alignleft\"><a href=\"http:\/\/brcnews.net\/wp-content\/uploads\/2017\/08\/DMNitroBadBreisig.09.jpg\"><img loading=\"lazy\" class=\"wp-image-18565 size-full colorbox-18517\" src=\"http:\/\/brcnews.net\/wp-content\/uploads\/2017\/08\/DMNitroBadBreisig.09.jpg\" alt=\"\" width=\"800\" height=\"450\" srcset=\"https:\/\/brcnews.net\/wp-content\/uploads\/2017\/08\/DMNitroBadBreisig.09.jpg 800w, https:\/\/brcnews.net\/wp-content\/uploads\/2017\/08\/DMNitroBadBreisig.09-300x169.jpg 300w, https:\/\/brcnews.net\/wp-content\/uploads\/2017\/08\/DMNitroBadBreisig.09-768x432.jpg 768w\" sizes=\"(max-width: 800px) 100vw, 800px\" \/><\/a><figcaption id=\"caption-attachment-18565\" class=\"wp-caption-text\">Regen sorgt f\u00fcr Unterbrechung<\/figcaption><\/figure>\n<p>Die Rennleitung hat das Rennen f\u00fcr heute abgebrochen. Morgen fr\u00fch um 9:00 Uhr geht es weiter. Dann soll zun\u00e4chst noch ein gezeitetes Training gefahren werden, um die anhand der neuen Rangliste Vorlaufgruppen einzuteilen. Danach sind noch vier Vorl\u00e4ufe statt der bisher vier Vorl\u00e4ufe geplant.<\/p>\n<hr \/>\n<h6><span style=\"color: #008000;\">Neunte Meldung: Freitag 17:30 Uhr<\/span><\/h6>\n<h4>Rennen unterbrochen<\/h4>\n<p>Die Rennleitung hat kurz nach 17:00 Uhr das gezeitete Training wegen einsetzenden Regens unterbrochen. Die Gruppe sechs war gerade mit der Vorbereitungszeit fertig. Sollte die Strecke abtrocknen, geht das Rennen weiter.<\/p>\n<figure id=\"attachment_18566\" aria-describedby=\"caption-attachment-18566\" style=\"width: 800px\" class=\"wp-caption alignleft\"><a href=\"http:\/\/brcnews.net\/wp-content\/uploads\/2017\/08\/DMNitroBadBreisig.10.jpg\"><img loading=\"lazy\" class=\"wp-image-18566 size-full colorbox-18517\" src=\"http:\/\/brcnews.net\/wp-content\/uploads\/2017\/08\/DMNitroBadBreisig.10.jpg\" alt=\"\" width=\"800\" height=\"510\" srcset=\"https:\/\/brcnews.net\/wp-content\/uploads\/2017\/08\/DMNitroBadBreisig.10.jpg 800w, https:\/\/brcnews.net\/wp-content\/uploads\/2017\/08\/DMNitroBadBreisig.10-300x191.jpg 300w, https:\/\/brcnews.net\/wp-content\/uploads\/2017\/08\/DMNitroBadBreisig.10-768x490.jpg 768w\" sizes=\"(max-width: 800px) 100vw, 800px\" \/><\/a><figcaption id=\"caption-attachment-18566\" class=\"wp-caption-text\">Die Reifen werden vor dem lauf abgeholt und dann sofort auf das Fahrzeug montiert<\/figcaption><\/figure>\n<p>Im gezeiteten Training werden nur noch vier Minuten plus drei Minuten Vorbereitungszeit gefahren. Weil jeder Fahrer jetzt die vorgeschriebenen Reifen fahren muss, d\u00fcrften sich interessante Zeitunterschiede bemerkbar machen. Im freien Training war jeder Fahrer noch mit seinen bevorzugten Reifen unterwegs.<\/p>\n<p>Jeder Fahrer musste bei der Nennung mindestens acht Pflichts\u00e4tze (2 S\u00e4tze f\u00fcr kontrolliertes Training, 5 S\u00e4tze Vorl\u00e4ufe und ein Satz Finallauf) ordern. Die Kosten daf\u00fcr waren im Nenngeld direkt enthalten. Mit der Nennung konnten noch bis zu 15 S\u00e4tze f\u00fcr das freie Training bestellt werden. An der Vorderachse werden Reifen mit 32 Shore und an der Hinterachse mit 35 Shore gefahren von Arrowmax (Matrix) gefahren.<\/p>\n<p>Die Reifen werden vor jedem Lauf ausgegeben und m\u00fcssen an Ort und Stelle montiert werden.<\/p>\n<hr \/>\n<h6><span style=\"text-decoration: underline;\"><span style=\"color: #008000; text-decoration: underline;\">Achte Meldung: Freitag 16:30 Uhr<\/span><\/span><\/h6>\n<h4>Michael Salven pr\u00e4sentiert neue Serpent Viper 988<\/h4>\n<figure id=\"attachment_18552\" aria-describedby=\"caption-attachment-18552\" style=\"width: 800px\" class=\"wp-caption alignleft\"><a href=\"http:\/\/brcnews.net\/wp-content\/uploads\/2017\/08\/Serpent988.09.jpg\"><img loading=\"lazy\" class=\"wp-image-18552 size-full colorbox-18517\" src=\"http:\/\/brcnews.net\/wp-content\/uploads\/2017\/08\/Serpent988.09.jpg\" alt=\"\" width=\"800\" height=\"524\" srcset=\"https:\/\/brcnews.net\/wp-content\/uploads\/2017\/08\/Serpent988.09.jpg 800w, https:\/\/brcnews.net\/wp-content\/uploads\/2017\/08\/Serpent988.09-300x197.jpg 300w, https:\/\/brcnews.net\/wp-content\/uploads\/2017\/08\/Serpent988.09-768x503.jpg 768w\" sizes=\"(max-width: 800px) 100vw, 800px\" \/><\/a><figcaption id=\"caption-attachment-18552\" class=\"wp-caption-text\">Konstrukteur Michael Salven<\/figcaption><\/figure>\n<p>Der amtierende Deutsche Meister Michael Salven f\u00e4hrt bei dieser DM die neue Serpent Viper 988. In die\u00a0 Entwicklung dieses Fahrzeuges hat Michael Salven\u00a0 alle seine Erfahrungen als RC-Car-Designer und aus seiner langen Rennkarriere einflie\u00dfen lassen. Die Viper 988 ist eine Neuentwicklung, bei der die erprobten Teile der Viper 977 \u00fcbernommen wurden.<\/p>\n<figure id=\"attachment_18553\" aria-describedby=\"caption-attachment-18553\" style=\"width: 800px\" class=\"wp-caption alignleft\"><a href=\"http:\/\/brcnews.net\/wp-content\/uploads\/2017\/08\/Serpent988.01.jpg\"><img loading=\"lazy\" class=\"wp-image-18553 size-full colorbox-18517\" src=\"http:\/\/brcnews.net\/wp-content\/uploads\/2017\/08\/Serpent988.01.jpg\" alt=\"\" width=\"800\" height=\"479\" srcset=\"https:\/\/brcnews.net\/wp-content\/uploads\/2017\/08\/Serpent988.01.jpg 800w, https:\/\/brcnews.net\/wp-content\/uploads\/2017\/08\/Serpent988.01-300x180.jpg 300w, https:\/\/brcnews.net\/wp-content\/uploads\/2017\/08\/Serpent988.01-768x460.jpg 768w\" sizes=\"(max-width: 800px) 100vw, 800px\" \/><\/a><figcaption id=\"caption-attachment-18553\" class=\"wp-caption-text\">Die neue Viper 988, wie sie von Michael Salven bei der DM gefahren wird<\/figcaption><\/figure>\n<p>Komplett neu ist die Hinterachse. Die Bremse ist wieder auf die Mittelwelle ger\u00fcckt. \u00dcberarbeitet wurde auch die Vorderachse. Interessant sind die komplett geschlossenen unteren Schwingen, deren Steifigkeit sich durch Eins\u00e4tze aus Kunststoff und Karbon \u00e4ndern l\u00e4sst.<\/p>\n<p><span style=\"text-decoration: underline;\"><strong>Kleine Bildergalerie der Serpent Viper 988<\/strong><\/span><\/p>\n<div id='gallery-2' class='gallery galleryid-18517 gallery-columns-3 gallery-size-thumbnail'><figure class='gallery-item'>\n\t\t\t<div class='gallery-icon landscape'>\n\t\t\t\t<a href='https:\/\/brcnews.net\/?attachment_id=18553'><img width=\"150\" height=\"150\" src=\"https:\/\/brcnews.net\/wp-content\/uploads\/2017\/08\/Serpent988.01-150x150.jpg\" class=\"attachment-thumbnail size-thumbnail colorbox-18517 \" alt=\"\" loading=\"lazy\" \/><\/a>\n\t\t\t<\/div><\/figure><figure class='gallery-item'>\n\t\t\t<div class='gallery-icon landscape'>\n\t\t\t\t<a href='https:\/\/brcnews.net\/?attachment_id=18554'><img width=\"150\" height=\"150\" src=\"https:\/\/brcnews.net\/wp-content\/uploads\/2017\/08\/Serpent988.02-150x150.jpg\" class=\"attachment-thumbnail size-thumbnail colorbox-18517 \" alt=\"\" loading=\"lazy\" \/><\/a>\n\t\t\t<\/div><\/figure><figure class='gallery-item'>\n\t\t\t<div class='gallery-icon landscape'>\n\t\t\t\t<a href='https:\/\/brcnews.net\/?attachment_id=18555'><img width=\"150\" height=\"150\" src=\"https:\/\/brcnews.net\/wp-content\/uploads\/2017\/08\/Serpent988.03-150x150.jpg\" class=\"attachment-thumbnail size-thumbnail colorbox-18517 \" alt=\"\" loading=\"lazy\" \/><\/a>\n\t\t\t<\/div><\/figure><figure class='gallery-item'>\n\t\t\t<div class='gallery-icon landscape'>\n\t\t\t\t<a href='https:\/\/brcnews.net\/?attachment_id=18548'><img width=\"150\" height=\"150\" src=\"https:\/\/brcnews.net\/wp-content\/uploads\/2017\/08\/Serpent988.05-150x150.jpg\" class=\"attachment-thumbnail size-thumbnail colorbox-18517 \" alt=\"\" loading=\"lazy\" \/><\/a>\n\t\t\t<\/div><\/figure><figure class='gallery-item'>\n\t\t\t<div class='gallery-icon landscape'>\n\t\t\t\t<a href='https:\/\/brcnews.net\/?attachment_id=18550'><img width=\"150\" height=\"150\" src=\"https:\/\/brcnews.net\/wp-content\/uploads\/2017\/08\/Serpent988.07-150x150.jpg\" class=\"attachment-thumbnail size-thumbnail colorbox-18517 \" alt=\"\" loading=\"lazy\" \/><\/a>\n\t\t\t<\/div><\/figure><figure class='gallery-item'>\n\t\t\t<div class='gallery-icon landscape'>\n\t\t\t\t<a href='https:\/\/brcnews.net\/?attachment_id=18551'><img width=\"150\" height=\"150\" src=\"https:\/\/brcnews.net\/wp-content\/uploads\/2017\/08\/Serpent988.08-150x150.jpg\" class=\"attachment-thumbnail size-thumbnail colorbox-18517 \" alt=\"\" loading=\"lazy\" \/><\/a>\n\t\t\t<\/div><\/figure><figure class='gallery-item'>\n\t\t\t<div class='gallery-icon landscape'>\n\t\t\t\t<a href='https:\/\/brcnews.net\/?attachment_id=18547'><img width=\"150\" height=\"150\" src=\"https:\/\/brcnews.net\/wp-content\/uploads\/2017\/08\/Serpent988.04-150x150.jpg\" class=\"attachment-thumbnail size-thumbnail colorbox-18517 \" alt=\"\" loading=\"lazy\" \/><\/a>\n\t\t\t<\/div><\/figure>\n\t\t<\/div>\n\n<p>Au\u00dfer Michael Salven fahren auch Dominic Greiner und Merlin Depta den neuen Nitroboliden. Ausgeliefert wird er zun\u00e4chst an die Fahrer, die vom 8. bis zum 19. September in Monteux (Frankreich) an der Weltmeisterschaft Nitro 1:8 teilnehmen werden.<\/p>\n<hr \/>\n<h6><span style=\"text-decoration: underline;\"><span style=\"color: #008000; text-decoration: underline;\">Siebte Meldung: Freitag 16:15 Uhr<\/span><\/span><\/h6>\n<h4>Freies Training beendet<\/h4>\n<p>Das freie Training ist beendet. Geringf\u00fcgig ihre Zeiten verbessert haben sich Tobias Hepp und Dominic Greiner in der Klasse 1. In der Rangliste haben sie sich jedoch nicht verbessert. In der Klasse 2 hat sich Ingo Braun von Platz acht auf sieben verbessert.<\/p>\n<figure id=\"attachment_18545\" aria-describedby=\"caption-attachment-18545\" style=\"width: 595px\" class=\"wp-caption alignleft\"><a href=\"http:\/\/brcnews.net\/wp-content\/uploads\/2017\/08\/Freies_Training.jpg\"><img loading=\"lazy\" class=\"wp-image-18545 size-full colorbox-18517\" src=\"http:\/\/brcnews.net\/wp-content\/uploads\/2017\/08\/Freies_Training.jpg\" alt=\"\" width=\"595\" height=\"213\" srcset=\"https:\/\/brcnews.net\/wp-content\/uploads\/2017\/08\/Freies_Training.jpg 595w, https:\/\/brcnews.net\/wp-content\/uploads\/2017\/08\/Freies_Training-300x107.jpg 300w\" sizes=\"(max-width: 595px) 100vw, 595px\" \/><\/a><figcaption id=\"caption-attachment-18545\" class=\"wp-caption-text\">Top 5 nach dem freien Training<\/figcaption><\/figure>\n<p>Jetzt gleich geht es weiter mit dem gezeiteten Training.<\/p>\n<hr \/>\n<h6><span style=\"text-decoration: underline;\"><span style=\"color: #008000; text-decoration: underline;\">Sechste Meldung: Freitag 14:40 Uhr<\/span><\/span><\/h6>\n<h4>Viel tut sich nicht mehr bei den Zeiten<\/h4>\n<figure id=\"attachment_18544\" aria-describedby=\"caption-attachment-18544\" style=\"width: 800px\" class=\"wp-caption alignleft\"><a href=\"http:\/\/brcnews.net\/wp-content\/uploads\/2017\/08\/DMNitroBadBreisig.08.jpg\"><img loading=\"lazy\" class=\"wp-image-18544 size-full colorbox-18517\" src=\"http:\/\/brcnews.net\/wp-content\/uploads\/2017\/08\/DMNitroBadBreisig.08.jpg\" alt=\"\" width=\"800\" height=\"498\" srcset=\"https:\/\/brcnews.net\/wp-content\/uploads\/2017\/08\/DMNitroBadBreisig.08.jpg 800w, https:\/\/brcnews.net\/wp-content\/uploads\/2017\/08\/DMNitroBadBreisig.08-300x187.jpg 300w, https:\/\/brcnews.net\/wp-content\/uploads\/2017\/08\/DMNitroBadBreisig.08-768x478.jpg 768w\" sizes=\"(max-width: 800px) 100vw, 800px\" \/><\/a><figcaption id=\"caption-attachment-18544\" class=\"wp-caption-text\">Auf geht\u00b4s. Acht Minuten Training f\u00fcr die Gruppe 7<\/figcaption><\/figure>\n<p>Viel tut sich an den Zeiten nicht mehr. In der Klasse 1 haben sich John Ermen (Platz neun) und Lars Hoppe (Platz 10) noch einmal verbessert. Sie kratzen jetzt an der 44-Sekunden-Marke, die bisher von acht Piloten unterschritten wurde.<\/p>\n<figure id=\"attachment_18543\" aria-describedby=\"caption-attachment-18543\" style=\"width: 800px\" class=\"wp-caption alignleft\"><a href=\"http:\/\/brcnews.net\/wp-content\/uploads\/2017\/08\/DMNitroBadBreisig.07.jpg\"><img loading=\"lazy\" class=\"wp-image-18543 size-full colorbox-18517\" src=\"http:\/\/brcnews.net\/wp-content\/uploads\/2017\/08\/DMNitroBadBreisig.07.jpg\" alt=\"\" width=\"800\" height=\"394\" srcset=\"https:\/\/brcnews.net\/wp-content\/uploads\/2017\/08\/DMNitroBadBreisig.07.jpg 800w, https:\/\/brcnews.net\/wp-content\/uploads\/2017\/08\/DMNitroBadBreisig.07-300x148.jpg 300w, https:\/\/brcnews.net\/wp-content\/uploads\/2017\/08\/DMNitroBadBreisig.07-768x378.jpg 768w\" sizes=\"(max-width: 800px) 100vw, 800px\" \/><\/a><figcaption id=\"caption-attachment-18543\" class=\"wp-caption-text\">John Ermen verbesserte sich mit seinem ARC um gut eine Zehntelsekunde<\/figcaption><\/figure>\n<p>In der Klasse 2 hat der F\u00fchrende Robbin Hertong seine Bestzeit aus dem sechsten Durchgang unterboten. Er fuhr jetzt seine schnellsten drei zusammenh\u00e4ngenden Runden in 44,783 Sekunden. Das ist eine Zeit, in der er in der Klasse 1 Platz 19 belegen w\u00fcrde.<\/p>\n<hr \/>\n<h6><span style=\"text-decoration: underline;\"><span style=\"color: #008000; text-decoration: underline;\">F\u00fcnfte Meldung: Freitag 13:25 Uhr<\/span><\/span><\/h6>\n<h4>Fahrerbesprechung<\/h4>\n<figure id=\"attachment_18540\" aria-describedby=\"caption-attachment-18540\" style=\"width: 800px\" class=\"wp-caption alignleft\"><a href=\"http:\/\/brcnews.net\/wp-content\/uploads\/2017\/08\/DMNitroBadBreisig.06jpg.jpg\"><img loading=\"lazy\" class=\"wp-image-18540 size-full colorbox-18517\" src=\"http:\/\/brcnews.net\/wp-content\/uploads\/2017\/08\/DMNitroBadBreisig.06jpg.jpg\" alt=\"\" width=\"800\" height=\"388\" srcset=\"https:\/\/brcnews.net\/wp-content\/uploads\/2017\/08\/DMNitroBadBreisig.06jpg.jpg 800w, https:\/\/brcnews.net\/wp-content\/uploads\/2017\/08\/DMNitroBadBreisig.06jpg-300x146.jpg 300w, https:\/\/brcnews.net\/wp-content\/uploads\/2017\/08\/DMNitroBadBreisig.06jpg-768x372.jpg 768w\" sizes=\"(max-width: 800px) 100vw, 800px\" \/><\/a><figcaption id=\"caption-attachment-18540\" class=\"wp-caption-text\">Die Fahrerbesprechung geh\u00f6rt zum Ritual einer jeden Rennveranstaltung<\/figcaption><\/figure>\n<p>Kurz vor der Mittagspause gab es die obligatorische Fahrerbesprechung. Reinhard Treutler, der Vorsitzende des MCC Rhein-Ahr, stellte unter anderem einige der vielen Helfer in der Zeitnahme, der Rennleitung und der technischen Abnahme vor. Rennleiter sind der Vorsitzende selbst und Daniel P. Hoffmanns.\u00a0 Die Zeitnahme liegt in den H\u00e4nden von hugo Keller und Max Johenneken.<\/p>\n<figure id=\"attachment_18539\" aria-describedby=\"caption-attachment-18539\" style=\"width: 800px\" class=\"wp-caption alignleft\"><a href=\"http:\/\/brcnews.net\/wp-content\/uploads\/2017\/08\/DMNitroBadBreisig.05jpg.jpg\"><img loading=\"lazy\" class=\"wp-image-18539 size-full colorbox-18517\" src=\"http:\/\/brcnews.net\/wp-content\/uploads\/2017\/08\/DMNitroBadBreisig.05jpg.jpg\" alt=\"\" width=\"800\" height=\"421\" srcset=\"https:\/\/brcnews.net\/wp-content\/uploads\/2017\/08\/DMNitroBadBreisig.05jpg.jpg 800w, https:\/\/brcnews.net\/wp-content\/uploads\/2017\/08\/DMNitroBadBreisig.05jpg-300x158.jpg 300w, https:\/\/brcnews.net\/wp-content\/uploads\/2017\/08\/DMNitroBadBreisig.05jpg-768x404.jpg 768w\" sizes=\"(max-width: 800px) 100vw, 800px\" \/><\/a><figcaption id=\"caption-attachment-18539\" class=\"wp-caption-text\">Vorsitzender Reinhard Treutler (links) erl\u00e4utert den weiteren Abaluf des Rennens. Rechts daneben steht der zust\u00e4ndige DMC-Refernt Arno P\u00fcpke. Fredy Dietrich vom DMC-Sportkreis S\u00fcd (rechts) fungiert als Schiedsrichter<\/figcaption><\/figure>\n<p>Jetzt gleich stehen noch zwei freie Trainingsdurchg\u00e4nge an. Daran schlie\u00dfen sich zwei gezeitete Trainingsrunden an, nach deren Ergebnis die Vorlaufgruppen neu eingeteilt werden.<\/p>\n<hr \/>\n<h6><span style=\"text-decoration: underline;\"><span style=\"color: #008000; text-decoration: underline;\">Vierte Meldung: Freitag 12:45 Uhr<\/span><\/span><\/h6>\n<h4>Strecke wird langsamer<\/h4>\n<p>Die Strecke ist offensichtlich langsamer geworden. Die meisten Fahrer kamen nur bedingt an ihre Zeiten aus den bisherigen L\u00e4ufen heran. Nur drei Fahrer in der Klasse 1 haben ihre Trainingszeiten verbessern k\u00f6nnen. So fuhr Lars Hoppe (Shepherd\/Reds) auf Platz zehn seine pers\u00f6nliche Bestzeit in 44,165 Sekunden. Seine bisherige schnellste Zeit aus dem achten Trainingsdurchgang lag bei 44,262 Sekunden.<\/p>\n<p>In der Klasse 2 fuhr Andr\u00e9 B\u00f6ttcher (Mugen\/O.S.) auf Platz zehn schneller.\u00a0\u00a0 Die ersten neun Fahrer der Rangliste blieben zum teil deutlich \u00fcber ihren bisherigen Beszteiten.<\/p>\n<hr \/>\n<h6><span style=\"text-decoration: underline;\"><span style=\"color: #008000; text-decoration: underline;\">Dritte Meldung: Freitag 11:45 Uhr<\/span><\/span><\/h6>\n<h4>Neunter Trainingsdurchlauf: Kaum Ver\u00e4nderungen an der Spitze<\/h4>\n<figure id=\"attachment_18534\" aria-describedby=\"caption-attachment-18534\" style=\"width: 600px\" class=\"wp-caption alignleft\"><a href=\"http:\/\/brcnews.net\/wp-content\/uploads\/2017\/08\/DMNitroBadBreisig.04.jpg\"><img loading=\"lazy\" class=\"wp-image-18534 size-full colorbox-18517\" src=\"http:\/\/brcnews.net\/wp-content\/uploads\/2017\/08\/DMNitroBadBreisig.04.jpg\" alt=\"\" width=\"600\" height=\"494\" srcset=\"https:\/\/brcnews.net\/wp-content\/uploads\/2017\/08\/DMNitroBadBreisig.04.jpg 600w, https:\/\/brcnews.net\/wp-content\/uploads\/2017\/08\/DMNitroBadBreisig.04-300x247.jpg 300w\" sizes=\"(max-width: 600px) 100vw, 600px\" \/><\/a><figcaption id=\"caption-attachment-18534\" class=\"wp-caption-text\">Start zum neunten Training der Gruppe 5<\/figcaption><\/figure>\n<p>Der neunte Trainingsdurchgang brachte kaum noch Ver\u00e4nderungen an der Spitze. \u00a0Von den zehn Erstplatzierten in der Klasse 1 fuhr nur Tobias Hepp ein neue Bestzeit. Er bleibt Dritter hinter Toni Gruber und Steven Cuypers.<\/p>\n<p>In der Klasse 2 blieb auf den ersten drei Pl\u00e4tzen ebenfalls alles unver\u00e4ndert. Dirk Drechsler auf Platz drei verbesserte seine Zeit um \u00fcber zwei Zehntelsekunfe auf 45,331 Sekunden.<\/p>\n<hr \/>\n<h6><span style=\"text-decoration: underline;\"><span style=\"color: #008000; text-decoration: underline;\">Zweite Meldung: Freitag 10:20 Uhr<\/span><\/span><\/h6>\n<h4>Toni Grubers Bestzeit hat Bestand<\/h4>\n<figure id=\"attachment_18526\" aria-describedby=\"caption-attachment-18526\" style=\"width: 800px\" class=\"wp-caption alignleft\"><a href=\"http:\/\/brcnews.net\/wp-content\/uploads\/2017\/08\/DMNitroBadBreisig.03.jpg\"><img loading=\"lazy\" class=\"wp-image-18526 size-full colorbox-18517\" src=\"http:\/\/brcnews.net\/wp-content\/uploads\/2017\/08\/DMNitroBadBreisig.03.jpg\" alt=\"\" width=\"800\" height=\"464\" srcset=\"https:\/\/brcnews.net\/wp-content\/uploads\/2017\/08\/DMNitroBadBreisig.03.jpg 800w, https:\/\/brcnews.net\/wp-content\/uploads\/2017\/08\/DMNitroBadBreisig.03-300x174.jpg 300w, https:\/\/brcnews.net\/wp-content\/uploads\/2017\/08\/DMNitroBadBreisig.03-768x445.jpg 768w\" sizes=\"(max-width: 800px) 100vw, 800px\" \/><\/a><figcaption id=\"caption-attachment-18526\" class=\"wp-caption-text\">Noch sind im Fahrerlager alle sehr entspannt<\/figcaption><\/figure>\n<p>Die gestern im siebten Trainingsdurchgang von Toni Gruber gefahrene Bestzeit hat auch nach dem achten Trainingsdurchgang noch Bestand \u2013 wenn auch \u00e4u\u00dferst knapp. Steven Cuypers ist bis auf eine Tausendstelsekunde an ihn herangekommen. Tobias Hepp hat sich ebenfalls verbessert und verringerte seinen R\u00fcckstand auf Toni Gruber von knapp f\u00fcnf Sekunden auf rund 1,4 Zehntelsekunden. Dahinter folgen Dominic Greiner und Ren\u00e9 P\u00fcpke (Shepherd\/Novarossi).<\/p>\n<p>In der Klasse 2 steht noch die Bestzeit von Robbin Hertong. David Kr\u00f6ger (Shepherd\/Novarossi) ist jetzt Zweiter. Dirk Drechsler ist auf den dritten Rang abgerutscht, obschon auch er seine Zeit verbesserte.<\/p>\n<hr \/>\n<h6><span style=\"text-decoration: underline;\"><span style=\"color: #008000; text-decoration: underline;\">Erste Meldung: Freitag 9:30 Uhr<\/span><\/span><\/h6>\n<h4>Die achte Trainingsrunde l\u00e4uft<\/h4>\n<p>P\u00fcnktlich um 9:00 startete der Rennleiter heute Morgen den achten Trainingsdurchgang. Acht Minuten bleiben den Piloten dann Zeit, ihre drei schnellsten zusammenh\u00e4ngenden Runden zu fahren. Heute stehen vier Durchg\u00e4nge im freien Training und zwei im gezeitete Training auf dem Termnplan.<\/p>\n<p>Gestern sind die Piloten bereits acht Trainingseinheiten gefahren. Schnellster in der Klasse 1 war Toni Gruber (WRC\/Novarossi). Er fuhr seine schnellsten zusammenh\u00e4ngenden Runden\u00a0 in 43,425 Sekunden. Tobias Hepp (ARC\/Reds), der das DM-Warmup gewann, war f\u00fcnf Zehntelsekunden langsamer. Danach folgten Steven Cuypers (Mugen\/Pico), Merlin Depta (Serpent\/O.S.) und Dominic Greiner (Serpent\/Novarossi).<\/p>\n<p>In der Klasse 2 fuhr Robbin Hertong (ARC\/Reds) Bestzeit. Er absolvierte seine schnellsten drei zusammenh\u00e4ngenden Runden in 45,053 Sekunden. Dirk Drechsler (Mugen\/O.S.) war Zweitschnellster (46,330 Sekunden), Alex Dill (WRC\/O.S.) Drittschnellster.<\/p>\n<p><a href=\"http:\/\/brcnews.net\/wp-content\/uploads\/2016\/08\/tischhusse3x.jpg\"><img loading=\"lazy\" class=\"alignleft size-full wp-image-13505 colorbox-18517\" src=\"http:\/\/brcnews.net\/wp-content\/uploads\/2016\/08\/tischhusse3x.jpg\" alt=\"\" width=\"750\" height=\"217\" srcset=\"https:\/\/brcnews.net\/wp-content\/uploads\/2016\/08\/tischhusse3x.jpg 750w, https:\/\/brcnews.net\/wp-content\/uploads\/2016\/08\/tischhusse3x-300x87.jpg 300w\" sizes=\"(max-width: 750px) 100vw, 750px\" \/><\/a>Der Bericht wird gesponsert vom Deutschen Minicar Club<\/p>\n<div class=\"twoclick_social_bookmarks_post_18517 social_share_privacy clearfix 1.6.4 locale-de_DE sprite-de_DE\"><\/div><div class=\"twoclick-js\"><script type=\"text\/javascript\">\/* <![CDATA[ *\/\njQuery(document).ready(function($){if($('.twoclick_social_bookmarks_post_18517')){$('.twoclick_social_bookmarks_post_18517').socialSharePrivacy({\"services\":{\"facebook\":{\"status\":\"on\",\"txt_info\":\"2 Klicks f\\u00fcr mehr Datenschutz: Erst wenn Sie hier klicken, wird der Button aktiv und Sie k\\u00f6nnen Ihre Empfehlung an Facebook senden. Schon beim Aktivieren werden Daten an Dritte \\u00fcbertragen - siehe <em>i<\\\/em>.\",\"perma_option\":\"off\",\"action\":\"recommend\",\"language\":\"de_DE\"},\"twitter\":{\"reply_to\":\"\",\"tweet_text\":\"%20Nitro%201%3A8%3A%20Deutsche%20Meisterschaften%202017%20%E2%80%93%20Training%20und%20Vorl%C3%A4ufe%20%C2%BB%20...\",\"status\":\"on\",\"txt_info\":\"2 Klicks f\\u00fcr mehr Datenschutz: Erst wenn Sie hier klicken, wird der Button aktiv und Sie k\\u00f6nnen Ihre Empfehlung an Twitter senden. Schon beim Aktivieren werden Daten an Dritte \\u00fcbertragen - siehe <em>i<\\\/em>.\",\"perma_option\":\"off\",\"language\":\"de\",\"referrer_track\":\"\"},\"gplus\":{\"status\":\"on\",\"txt_info\":\"2 Klicks f\\u00fcr mehr Datenschutz: Erst wenn Sie hier klicken, wird der Button aktiv und Sie k\\u00f6nnen Ihre Empfehlung an Google+ senden. Schon beim Aktivieren werden Daten an Dritte \\u00fcbertragen - siehe <em>i<\\\/em>.\",\"perma_option\":\"off\",\"referrer_track\":\"\"}},\"txt_help\":\"Wenn Sie diese Felder durch einen Klick aktivieren, werden Informationen an Facebook, Twitter, Flattr, Xing, t3n, LinkedIn, Pinterest oder Google eventuell ins Ausland \\u00fcbertragen und unter Umst\\u00e4nden auch dort gespeichert. N\\u00e4heres erfahren Sie durch einen Klick auf das <em>i<\\\/em>.\",\"settings_perma\":\"Dauerhaft aktivieren und Daten\\u00fcber-tragung zustimmen:\",\"info_link\":\"http:\\\/\\\/www.heise.de\\\/ct\\\/artikel\\\/2-Klicks-fuer-mehr-Datenschutz-1333879.html\",\"uri\":\"https:\\\/\\\/brcnews.net\\\/?p=18517\",\"post_id\":18517,\"post_title_referrer_track\":\"Nitro+1%3A8%3A+Deutsche+Meisterschaften+2017+%26%238211%3B+Training+und+Vorl%C3%A4ufe\",\"display_infobox\":\"on\"});}});\n\/* ]]> *\/<\/script><\/div>","protected":false},"excerpt":{"rendered":"<p>22. Meldung: Samstag 18:50 Uhr F\u00fcnfter Vorlauf wirbelt Rangliste noch einmal durcheinander Der f\u00fcnfte Vorlauf hat die Ranglisten in noch einmal kr\u00e4ftig durcheinandergewirbelt. In Klasse 1 schaffte Tobias Hepp mit einem schnellen f\u00fcnften Vorlauf noch Rang 2 und damit den Sprung direkt ins Hauptfinale. Dominic Greiner rettete sich mit einer neuen Bestzeit noch ins Hauptfinale &hellip; <a href=\"https:\/\/brcnews.net\/?p=18517\" class=\"more-link\"><span class=\"screen-reader-text\">Nitro 1:8: Deutsche Meisterschaften 2017 &#8211; Training und Vorl\u00e4ufe<\/span> weiterlesen <span class=\"meta-nav\">&rarr;<\/span><\/a><\/p>\n","protected":false},"author":1,"featured_media":18593,"comment_status":"closed","ping_status":"open","sticky":false,"template":"","format":"standard","meta":[],"categories":[13],"tags":[199,53,611,307],"_links":{"self":[{"href":"https:\/\/brcnews.net\/index.php?rest_route=\/wp\/v2\/posts\/18517"}],"collection":[{"href":"https:\/\/brcnews.net\/index.php?rest_route=\/wp\/v2\/posts"}],"about":[{"href":"https:\/\/brcnews.net\/index.php?rest_route=\/wp\/v2\/types\/post"}],"author":[{"embeddable":true,"href":"https:\/\/brcnews.net\/index.php?rest_route=\/wp\/v2\/users\/1"}],"replies":[{"embeddable":true,"href":"https:\/\/brcnews.net\/index.php?rest_route=%2Fwp%2Fv2%2Fcomments&post=18517"}],"version-history":[{"count":40,"href":"https:\/\/brcnews.net\/index.php?rest_route=\/wp\/v2\/posts\/18517\/revisions"}],"predecessor-version":[{"id":18755,"href":"https:\/\/brcnews.net\/index.php?rest_route=\/wp\/v2\/posts\/18517\/revisions\/18755"}],"wp:featuredmedia":[{"embeddable":true,"href":"https:\/\/brcnews.net\/index.php?rest_route=\/wp\/v2\/media\/18593"}],"wp:attachment":[{"href":"https:\/\/brcnews.net\/index.php?rest_route=%2Fwp%2Fv2%2Fmedia&parent=18517"}],"wp:term":[{"taxonomy":"category","embeddable":true,"href":"https:\/\/brcnews.net\/index.php?rest_route=%2Fwp%2Fv2%2Fcategories&post=18517"},{"taxonomy":"post_tag","embeddable":true,"href":"https:\/\/brcnews.net\/index.php?rest_route=%2Fwp%2Fv2%2Ftags&post=18517"}],"curies":[{"name":"wp","href":"https:\/\/api.w.org\/{rel}","templated":true}]}}