{"id":16906,"date":"2017-04-30T20:20:24","date_gmt":"2017-04-30T18:20:24","guid":{"rendered":"http:\/\/brcnews.net\/?p=16906"},"modified":"2017-12-18T21:26:58","modified_gmt":"2017-12-18T19:26:58","slug":"tonisport-onroad-series-west-2017-vierter-lauf-beim-rmc-dueren","status":"publish","type":"post","link":"https:\/\/brcnews.net\/?p=16906","title":{"rendered":"Tonisport Onroad Series West 2017: Vierter Lauf beim RMC D\u00fcren"},"content":{"rendered":"<p>Vor wenigen Stunden ist der vierte Lauf der Tonisport Onroad Series Division West auf der permanenten Au\u00dfenstrecke des <a href=\"http:\/\/www.rmcdueren.de\/\">RMC D\u00fcren<\/a> zu Ende gegangen. Es war das erste Au\u00dfenrennen der Saison 2016\/2017. <!--more-->Es war gleichzeitig das erste Elektrorennen nach vielen Jahren, dass der RMC D\u00fcren auf seiner Anlage durchf\u00fchrte.<\/p>\n<figure id=\"attachment_16919\" aria-describedby=\"caption-attachment-16919\" style=\"width: 700px\" class=\"wp-caption aligncenter\"><a href=\"http:\/\/brcnews.net\/wp-content\/uploads\/2017\/04\/TOSD\u00fcren.01.jpg\"><img loading=\"lazy\" class=\"wp-image-16919 size-full colorbox-16906\" src=\"http:\/\/brcnews.net\/wp-content\/uploads\/2017\/04\/TOSD\u00fcren.01.jpg\" alt=\"\" width=\"700\" height=\"362\" srcset=\"https:\/\/brcnews.net\/wp-content\/uploads\/2017\/04\/TOSD\u00fcren.01.jpg 700w, https:\/\/brcnews.net\/wp-content\/uploads\/2017\/04\/TOSD\u00fcren.01-300x155.jpg 300w\" sizes=\"(max-width: 700px) 100vw, 700px\" \/><\/a><figcaption id=\"caption-attachment-16919\" class=\"wp-caption-text\">Die 238 Meter lange Rennstrecke des RMC D\u00fcren pr\u00e4sentierte sich in bester Verfassung<\/figcaption><\/figure>\n<p>Bei herrlichem Sonnenschein gingen heute Morgen 56 Fahrer auf die 238 Meter lange Strecke, um in vier verschiedenen TOS-Klassen ihre Sieger zu k\u00fcren. St\u00e4rkste Klasse mit 22 Teilnehmern war \u2013 wie immer \u2013 die Klasse Tourenwagen Stock.<\/p>\n<figure id=\"attachment_16917\" aria-describedby=\"caption-attachment-16917\" style=\"width: 700px\" class=\"wp-caption aligncenter\"><a href=\"http:\/\/brcnews.net\/wp-content\/uploads\/2017\/04\/TOSD\u00fcren.12.jpg\"><img loading=\"lazy\" class=\"wp-image-16917 size-full colorbox-16906\" src=\"http:\/\/brcnews.net\/wp-content\/uploads\/2017\/04\/TOSD\u00fcren.12.jpg\" alt=\"\" width=\"700\" height=\"431\" srcset=\"https:\/\/brcnews.net\/wp-content\/uploads\/2017\/04\/TOSD\u00fcren.12.jpg 700w, https:\/\/brcnews.net\/wp-content\/uploads\/2017\/04\/TOSD\u00fcren.12-300x185.jpg 300w\" sizes=\"(max-width: 700px) 100vw, 700px\" \/><\/a><figcaption id=\"caption-attachment-16917\" class=\"wp-caption-text\">Die Sieger der Klasse Tourenwagen Stock (von links): Jan Rettke (Platz 2), Markus Kreder (Platz 1), Sandro Speck (Platz 3) und Alexander Becker (Sieger B-Finale)<\/figcaption><\/figure>\n<p>Markus Kreder (Awesomatix) setzte sich mit einem Sieg im vierten Vorlauf im Kampf um die Pole durch. Auf den Startpl\u00e4tzen dahinter folgten Jan Rettke (Xray) und Sandro Speck (VBC). In den Finalen setzte sich Markus Kreder in jedem Lauf peu \u00e1 peu vom Feld ab und<\/p>\n<figure id=\"attachment_16911\" aria-describedby=\"caption-attachment-16911\" style=\"width: 700px\" class=\"wp-caption aligncenter\"><a href=\"http:\/\/brcnews.net\/wp-content\/uploads\/2017\/04\/TOSD\u00fcren.06.jpg\"><img loading=\"lazy\" class=\"wp-image-16911 size-full colorbox-16906\" src=\"http:\/\/brcnews.net\/wp-content\/uploads\/2017\/04\/TOSD\u00fcren.06.jpg\" alt=\"\" width=\"700\" height=\"375\" srcset=\"https:\/\/brcnews.net\/wp-content\/uploads\/2017\/04\/TOSD\u00fcren.06.jpg 700w, https:\/\/brcnews.net\/wp-content\/uploads\/2017\/04\/TOSD\u00fcren.06-300x161.jpg 300w\" sizes=\"(max-width: 700px) 100vw, 700px\" \/><\/a><figcaption id=\"caption-attachment-16911\" class=\"wp-caption-text\">Der Kampf um Platz zwei in Tourenwagen Stock zwischen Sandro Speck (Startnummer 3) und Jan Rettke (Startnummer 2)<\/figcaption><\/figure>\n<p>gewann alle drei Finale. Im Kampf um Platz zwei behielt Jan Rettke die Oberhand vor Sandro Speck. Vierter wurde Majuran Tharmalingam vor Tobias Hepp. Dennis Kalinowski, der nach langer Abstinenz mal wieder ein Rennen fuhr, wurde Sechster. Er f\u00e4hrt \u2013 wie<\/p>\n<figure id=\"attachment_16910\" aria-describedby=\"caption-attachment-16910\" style=\"width: 700px\" class=\"wp-caption aligncenter\"><a href=\"http:\/\/brcnews.net\/wp-content\/uploads\/2017\/04\/TOSD\u00fcren.05.jpg\"><img loading=\"lazy\" class=\"wp-image-16910 size-full colorbox-16906\" src=\"http:\/\/brcnews.net\/wp-content\/uploads\/2017\/04\/TOSD\u00fcren.05.jpg\" alt=\"\" width=\"700\" height=\"359\" srcset=\"https:\/\/brcnews.net\/wp-content\/uploads\/2017\/04\/TOSD\u00fcren.05.jpg 700w, https:\/\/brcnews.net\/wp-content\/uploads\/2017\/04\/TOSD\u00fcren.05-300x154.jpg 300w\" sizes=\"(max-width: 700px) 100vw, 700px\" \/><\/a><figcaption id=\"caption-attachment-16910\" class=\"wp-caption-text\">Der Awesomatix von Markus Kreder auf dem Weg zum Sieg<\/figcaption><\/figure>\n<p>auch Majuran Tharmalingam und Frederico Veronesi f\u00fcr das neue Team SAM-RC. Das B-Finale gewann Alexander Becker.<\/p>\n<figure id=\"attachment_16918\" aria-describedby=\"caption-attachment-16918\" style=\"width: 700px\" class=\"wp-caption aligncenter\"><a href=\"http:\/\/brcnews.net\/wp-content\/uploads\/2017\/04\/TOSD\u00fcren.13.jpg\"><img loading=\"lazy\" class=\"wp-image-16918 size-full colorbox-16906\" src=\"http:\/\/brcnews.net\/wp-content\/uploads\/2017\/04\/TOSD\u00fcren.13.jpg\" alt=\"\" width=\"700\" height=\"467\" srcset=\"https:\/\/brcnews.net\/wp-content\/uploads\/2017\/04\/TOSD\u00fcren.13.jpg 700w, https:\/\/brcnews.net\/wp-content\/uploads\/2017\/04\/TOSD\u00fcren.13-300x200.jpg 300w\" sizes=\"(max-width: 700px) 100vw, 700px\" \/><\/a><figcaption id=\"caption-attachment-16918\" class=\"wp-caption-text\">Die Sieger der Klasse Tourenwagen Modified (von links): Marc Fischer (Platz 2), Yannic Pr\u00fcmper (Platz 1), Florian Joos (Platz 3) und Daniel D\u00fcnner (Sieger B-Finale)<\/figcaption><\/figure>\n<p>Schnellster Fahrer in Modified war an diesem Wochenende Yannic Pr\u00fcmper. Der VBC-Fahrer gewann alle vier Vor- und anschlie\u00dfend die drei Finall\u00e4ufe. Lediglich im ersten Finale, in dem er das Fahrzeug von Marc Fischer touchierte, musste er sich vom Platz f\u00fcnf zur\u00fcck auf den ersten Platz k\u00e4mpfen. Das zweite und auch das dritte Finale gewann er jeweils durch klassische Start-Ziel-Siege. Zweiter wurde Marc Fischer (Capricorn). Im Kampf um Platz drei setzte sich der 13-j\u00e4hrige Tamiyafahrer aus Belgien, Florian Joos, gegen Daniel Bratzler und Andreas Weyhoven durch. Im B-Finale hatte Daniel D\u00fcnner die Nase vorn.<\/p>\n<figure id=\"attachment_16916\" aria-describedby=\"caption-attachment-16916\" style=\"width: 700px\" class=\"wp-caption aligncenter\"><a href=\"http:\/\/brcnews.net\/wp-content\/uploads\/2017\/04\/TOSD\u00fcren.11.jpg\"><img loading=\"lazy\" class=\"wp-image-16916 size-full colorbox-16906\" src=\"http:\/\/brcnews.net\/wp-content\/uploads\/2017\/04\/TOSD\u00fcren.11.jpg\" alt=\"\" width=\"700\" height=\"388\" srcset=\"https:\/\/brcnews.net\/wp-content\/uploads\/2017\/04\/TOSD\u00fcren.11.jpg 700w, https:\/\/brcnews.net\/wp-content\/uploads\/2017\/04\/TOSD\u00fcren.11-300x166.jpg 300w, https:\/\/brcnews.net\/wp-content\/uploads\/2017\/04\/TOSD\u00fcren.11-672x372.jpg 672w\" sizes=\"(max-width: 700px) 100vw, 700px\" \/><\/a><figcaption id=\"caption-attachment-16916\" class=\"wp-caption-text\">Die Sieger der Klasse FWD 13,5T (von links): Thorsten Schmitz (Platz 2), Dirk Gottlieb (Platz 1) und Oliver Kaufmann (Platz 3)<\/figcaption><\/figure>\n<p>Trotz des Finales der Fronti-Challenge am vergangenen Wochenende gingen acht Fahrer in der Klasse FWD 13,5T in D\u00fcren an den Start. Das Reglement ist bis auf den Motor in der Fronti-Challenge und in FWD gleich. In der Fronti-Challenge wird ei 17,5T-Motor gefahren, in der Tonisport Onroad Series ein 13,5T-Motor. Den Zweikampf um die Pole entschied Dirk Gottlieb (Yokomo) f\u00fcr sich. Oliver Kaufmann (VBC) startete so von Platz zwei vor Thorsten Schmitz (Serpent).<\/p>\n<figure id=\"attachment_16913\" aria-describedby=\"caption-attachment-16913\" style=\"width: 700px\" class=\"wp-caption aligncenter\"><a href=\"http:\/\/brcnews.net\/wp-content\/uploads\/2017\/04\/TOSD\u00fcren.08.jpg\"><img loading=\"lazy\" class=\"wp-image-16913 size-full colorbox-16906\" src=\"http:\/\/brcnews.net\/wp-content\/uploads\/2017\/04\/TOSD\u00fcren.08.jpg\" alt=\"\" width=\"700\" height=\"416\" srcset=\"https:\/\/brcnews.net\/wp-content\/uploads\/2017\/04\/TOSD\u00fcren.08.jpg 700w, https:\/\/brcnews.net\/wp-content\/uploads\/2017\/04\/TOSD\u00fcren.08-300x178.jpg 300w\" sizes=\"(max-width: 700px) 100vw, 700px\" \/><\/a><figcaption id=\"caption-attachment-16913\" class=\"wp-caption-text\">Zwei ganz seltene Exemplare in der Klasse FWD 13,5T. Das Fahrzeug von Dirk Gottlieb ist ein umgebauter Yokomo BD7-2015. Das Umbaukit gab es von der Firma Spice. In Deutschland soll es nur drei dieser umgebauter Fahrzeuge geben. Dieses Umbaukit ist . . .<\/figcaption><\/figure>\n<figure id=\"attachment_16914\" aria-describedby=\"caption-attachment-16914\" style=\"width: 700px\" class=\"wp-caption aligncenter\"><a href=\"http:\/\/brcnews.net\/wp-content\/uploads\/2017\/04\/TOSD\u00fcren.09.jpg\"><img loading=\"lazy\" class=\"wp-image-16914 size-full colorbox-16906\" src=\"http:\/\/brcnews.net\/wp-content\/uploads\/2017\/04\/TOSD\u00fcren.09.jpg\" alt=\"\" width=\"700\" height=\"403\" srcset=\"https:\/\/brcnews.net\/wp-content\/uploads\/2017\/04\/TOSD\u00fcren.09.jpg 700w, https:\/\/brcnews.net\/wp-content\/uploads\/2017\/04\/TOSD\u00fcren.09-300x173.jpg 300w\" sizes=\"(max-width: 700px) 100vw, 700px\" \/><\/a><figcaption id=\"caption-attachment-16914\" class=\"wp-caption-text\">. . . wie der Serpent 411 FF von Thomas Schmitz nicht mehr lieferbar. Marc Fischer holte sich 2012 mit diesem Serpent den in der Klasse FWD beim TITC in Thailand<\/figcaption><\/figure>\n<p>Nach spannenden und oft engen Zweik\u00e4mpfen mit seinem \u00e4rgsten Konkurrenten Oliver Kaufmann gewann Dirk Gottlieb gleich die ersten beiden Finall\u00e4ufe und sicherte sich so den Sieg. Thorsten Schmitz setzte sich im dritten Lauf als Sieger durch und belegte in der Endabrechung Platz zwei. Oliver Kaufmann wurde Dritter. Dahinter folgten J\u00f6rg Mayers und Daniel Hoffmann.<\/p>\n<figure id=\"attachment_16915\" aria-describedby=\"caption-attachment-16915\" style=\"width: 700px\" class=\"wp-caption aligncenter\"><a href=\"http:\/\/brcnews.net\/wp-content\/uploads\/2017\/04\/TOSD\u00fcren.10.jpg\"><img loading=\"lazy\" class=\"wp-image-16915 size-full colorbox-16906\" src=\"http:\/\/brcnews.net\/wp-content\/uploads\/2017\/04\/TOSD\u00fcren.10.jpg\" alt=\"\" width=\"700\" height=\"372\" srcset=\"https:\/\/brcnews.net\/wp-content\/uploads\/2017\/04\/TOSD\u00fcren.10.jpg 700w, https:\/\/brcnews.net\/wp-content\/uploads\/2017\/04\/TOSD\u00fcren.10-300x159.jpg 300w\" sizes=\"(max-width: 700px) 100vw, 700px\" \/><\/a><figcaption id=\"caption-attachment-16915\" class=\"wp-caption-text\">Die Sieger der Klasse Formel (von links): Andreas Reifferscheidt (Platz 2), Elmar Krause (Platz 1) und Ren\u00e9 Fischer (Platz 3)<\/figcaption><\/figure>\n<p>Elmar Krause war schnellster Fahrer in der Klasse Formel. Er gewann mit seinem Xray X1-2015 drei der vier Vorl\u00e4ufe und danach von der Pole auch alle drei Finale. Zweiter wurde Andreas Reiferscheidt (VBC). Im Kampf um Platz drei setzte sich\u00a0 Ren\u00e9 Fischer gegen Tobias Flottau durch.<\/p>\n<figure id=\"attachment_16912\" aria-describedby=\"caption-attachment-16912\" style=\"width: 700px\" class=\"wp-caption aligncenter\"><a href=\"http:\/\/brcnews.net\/wp-content\/uploads\/2017\/04\/TOSD\u00fcren.07.jpg\"><img loading=\"lazy\" class=\"wp-image-16912 size-full colorbox-16906\" src=\"http:\/\/brcnews.net\/wp-content\/uploads\/2017\/04\/TOSD\u00fcren.07.jpg\" alt=\"\" width=\"700\" height=\"362\" srcset=\"https:\/\/brcnews.net\/wp-content\/uploads\/2017\/04\/TOSD\u00fcren.07.jpg 700w, https:\/\/brcnews.net\/wp-content\/uploads\/2017\/04\/TOSD\u00fcren.07-300x155.jpg 300w\" sizes=\"(max-width: 700px) 100vw, 700px\" \/><\/a><figcaption id=\"caption-attachment-16912\" class=\"wp-caption-text\">Der Xray X1-2015 von Elmar Krause<\/figcaption><\/figure>\n<p>Zur kompletten Ergebnisliste des vierten TOS-Laufes in D\u00fcren:<\/p>\n<ul>\n<li><a href=\"http:\/\/brcnews.net\/wp-content\/uploads\/2017\/04\/Ergebnisliste-TOS-D\u00fcren-2017.pdf\">Ergebnisliste TOS D\u00fcren 2017<\/a><\/li>\n<\/ul>\n<p>Der n\u00e4chste Lauf der Tonisport Onroad Series in der Division West findet am 1.\/2. Juli 2017 in Hamm statt. Zum Finale treffen sich die TOS-Fahrer am 12.\/13. August in Meckenheim. Der Lauf in D\u00fcren sowie der kommende Lauf in Hamm z\u00e4hlen auch als L\u00e4ufe zur Sportkreismeisterschaft der Gruppe West.<\/p>\n<hr \/>\n<p><span style=\"color: #008000;\"><em><strong>BRCNEWS <\/strong><\/em><\/span>hat wiederholt \u00fcber die Tonisport Onroad Series in dieser Saison berichtet, so unter anderem:<\/p>\n<ul>\n<li><a href=\"http:\/\/brcnews.net\/?p=16066\"><span class=\"item-title\">Im RennTicker: TOS und Fronti-Challenge beim Renndeb\u00fct in der Arena 33<\/span><\/a><\/li>\n<li><a href=\"http:\/\/brcnews.net\/?p=15768\"><span class=\"item-title\">Tonisport Onroad Series Division West erneut in der Racing Arena Limburg<\/span><\/a><\/li>\n<li><a href=\"http:\/\/brcnews.net\/?p=15696\"><span class=\"item-title\">Start der Tonisport Onroad Series Division Nord 2017 in Hildesheim<\/span><\/a><\/li>\n<li><a href=\"http:\/\/brcnews.net\/?p=15513\"><span class=\"item-title\">Tonisport Onroad Series 2016\/2017 in den Divisionen West, Mitte und Nord<\/span><\/a><\/li>\n<li><a href=\"http:\/\/brcnews.net\/?p=15115\"><span class=\"item-title\">Tonisport Onroad Series 2016\/2017 \u2013 L\u00e4ufe in West und Mitte<\/span><\/a><\/li>\n<\/ul>\n<div class=\"twoclick_social_bookmarks_post_16906 social_share_privacy clearfix 1.6.4 locale-de_DE sprite-de_DE\"><\/div><div class=\"twoclick-js\"><script type=\"text\/javascript\">\/* <![CDATA[ *\/\njQuery(document).ready(function($){if($('.twoclick_social_bookmarks_post_16906')){$('.twoclick_social_bookmarks_post_16906').socialSharePrivacy({\"services\":{\"facebook\":{\"status\":\"on\",\"txt_info\":\"2 Klicks f\\u00fcr mehr Datenschutz: Erst wenn Sie hier klicken, wird der Button aktiv und Sie k\\u00f6nnen Ihre Empfehlung an Facebook senden. Schon beim Aktivieren werden Daten an Dritte \\u00fcbertragen - siehe <em>i<\\\/em>.\",\"perma_option\":\"off\",\"action\":\"recommend\",\"language\":\"de_DE\"},\"twitter\":{\"reply_to\":\"\",\"tweet_text\":\"%20Tonisport%20Onroad%20Series%20West%202017%3A%20Vierter%20Lauf%20beim%20RMC%20D%C3%BCren%20%C2%BB%20...\",\"status\":\"on\",\"txt_info\":\"2 Klicks f\\u00fcr mehr Datenschutz: Erst wenn Sie hier klicken, wird der Button aktiv und Sie k\\u00f6nnen Ihre Empfehlung an Twitter senden. Schon beim Aktivieren werden Daten an Dritte \\u00fcbertragen - siehe <em>i<\\\/em>.\",\"perma_option\":\"off\",\"language\":\"de\",\"referrer_track\":\"\"},\"gplus\":{\"status\":\"on\",\"txt_info\":\"2 Klicks f\\u00fcr mehr Datenschutz: Erst wenn Sie hier klicken, wird der Button aktiv und Sie k\\u00f6nnen Ihre Empfehlung an Google+ senden. Schon beim Aktivieren werden Daten an Dritte \\u00fcbertragen - siehe <em>i<\\\/em>.\",\"perma_option\":\"off\",\"referrer_track\":\"\"}},\"txt_help\":\"Wenn Sie diese Felder durch einen Klick aktivieren, werden Informationen an Facebook, Twitter, Flattr, Xing, t3n, LinkedIn, Pinterest oder Google eventuell ins Ausland \\u00fcbertragen und unter Umst\\u00e4nden auch dort gespeichert. N\\u00e4heres erfahren Sie durch einen Klick auf das <em>i<\\\/em>.\",\"settings_perma\":\"Dauerhaft aktivieren und Daten\\u00fcber-tragung zustimmen:\",\"info_link\":\"http:\\\/\\\/www.heise.de\\\/ct\\\/artikel\\\/2-Klicks-fuer-mehr-Datenschutz-1333879.html\",\"uri\":\"https:\\\/\\\/brcnews.net\\\/?p=16906\",\"post_id\":16906,\"post_title_referrer_track\":\"Tonisport+Onroad+Series+West+2017%3A+Vierter+Lauf+beim+RMC+D%C3%BCren\",\"display_infobox\":\"on\"});}});\n\/* ]]> *\/<\/script><\/div>","protected":false},"excerpt":{"rendered":"<p>Vor wenigen Stunden ist der vierte Lauf der Tonisport Onroad Series Division West auf der permanenten Au\u00dfenstrecke des RMC D\u00fcren zu Ende gegangen. Es war das erste Au\u00dfenrennen der Saison 2016\/2017.<\/p>\n","protected":false},"author":1,"featured_media":16908,"comment_status":"closed","ping_status":"open","sticky":false,"template":"","format":"standard","meta":[],"categories":[16],"tags":[554,130],"_links":{"self":[{"href":"https:\/\/brcnews.net\/index.php?rest_route=\/wp\/v2\/posts\/16906"}],"collection":[{"href":"https:\/\/brcnews.net\/index.php?rest_route=\/wp\/v2\/posts"}],"about":[{"href":"https:\/\/brcnews.net\/index.php?rest_route=\/wp\/v2\/types\/post"}],"author":[{"embeddable":true,"href":"https:\/\/brcnews.net\/index.php?rest_route=\/wp\/v2\/users\/1"}],"replies":[{"embeddable":true,"href":"https:\/\/brcnews.net\/index.php?rest_route=%2Fwp%2Fv2%2Fcomments&post=16906"}],"version-history":[{"count":9,"href":"https:\/\/brcnews.net\/index.php?rest_route=\/wp\/v2\/posts\/16906\/revisions"}],"predecessor-version":[{"id":19417,"href":"https:\/\/brcnews.net\/index.php?rest_route=\/wp\/v2\/posts\/16906\/revisions\/19417"}],"wp:featuredmedia":[{"embeddable":true,"href":"https:\/\/brcnews.net\/index.php?rest_route=\/wp\/v2\/media\/16908"}],"wp:attachment":[{"href":"https:\/\/brcnews.net\/index.php?rest_route=%2Fwp%2Fv2%2Fmedia&parent=16906"}],"wp:term":[{"taxonomy":"category","embeddable":true,"href":"https:\/\/brcnews.net\/index.php?rest_route=%2Fwp%2Fv2%2Fcategories&post=16906"},{"taxonomy":"post_tag","embeddable":true,"href":"https:\/\/brcnews.net\/index.php?rest_route=%2Fwp%2Fv2%2Ftags&post=16906"}],"curies":[{"name":"wp","href":"https:\/\/api.w.org\/{rel}","templated":true}]}}