{"id":16870,"date":"2017-04-24T16:02:41","date_gmt":"2017-04-24T14:02:41","guid":{"rendered":"http:\/\/brcnews.net\/?p=16870"},"modified":"2017-05-07T10:08:30","modified_gmt":"2017-05-07T08:08:30","slug":"finale-2017-youngtimer-trophy-und-fronti-challenge-in-der-arena-33","status":"publish","type":"post","link":"https:\/\/brcnews.net\/?p=16870","title":{"rendered":"Finale 2017 Youngtimer-Trophy und Fronti-Challenge in der Arena 33"},"content":{"rendered":"<p>Die Youngtimer- und Frontifans trafen sich am vergangenen Wochenende zum Saisonfinale 2016\/2017 in der Arena 33 in Andernach. Knapp 70 Fahrer ma\u00dfen in den zwei Youngtimerklassen <!--more-->und der Fronti-Challenge an diesem Wochenende ihre Kr\u00e4fte. Schnellste in ihrer jeweiligen Klasse waren Hausherr Toni Rheinard (Fronti-Challenge) sowie Sebastian R\u00fcbhausen in der M-Trophy und der TT-Trophy.<\/p>\n<figure id=\"attachment_16873\" aria-describedby=\"caption-attachment-16873\" style=\"width: 700px\" class=\"wp-caption alignleft\"><a href=\"http:\/\/brcnews.net\/wp-content\/uploads\/2017\/04\/YoungFronti.17.jpg\"><img loading=\"lazy\" class=\"wp-image-16873 size-full colorbox-16870\" src=\"http:\/\/brcnews.net\/wp-content\/uploads\/2017\/04\/YoungFronti.17.jpg\" alt=\"\" width=\"700\" height=\"405\" srcset=\"https:\/\/brcnews.net\/wp-content\/uploads\/2017\/04\/YoungFronti.17.jpg 700w, https:\/\/brcnews.net\/wp-content\/uploads\/2017\/04\/YoungFronti.17-300x174.jpg 300w\" sizes=\"(max-width: 700px) 100vw, 700px\" \/><\/a><figcaption id=\"caption-attachment-16873\" class=\"wp-caption-text\">Die Top 3 der Saison in der Klasse Fronti-Challenge (von links): Wolfgang Friese (Platz 3), Jens H\u00f6ntsch (Platz 1) und Oliver Kaufmann (Platz 2)<\/figcaption><\/figure>\n<figure id=\"attachment_16874\" aria-describedby=\"caption-attachment-16874\" style=\"width: 700px\" class=\"wp-caption alignleft\"><a href=\"http:\/\/brcnews.net\/wp-content\/uploads\/2017\/04\/YoungFronti.16.jpg\"><img loading=\"lazy\" class=\"wp-image-16874 size-full colorbox-16870\" src=\"http:\/\/brcnews.net\/wp-content\/uploads\/2017\/04\/YoungFronti.16.jpg\" alt=\"\" width=\"700\" height=\"402\" srcset=\"https:\/\/brcnews.net\/wp-content\/uploads\/2017\/04\/YoungFronti.16.jpg 700w, https:\/\/brcnews.net\/wp-content\/uploads\/2017\/04\/YoungFronti.16-300x172.jpg 300w\" sizes=\"(max-width: 700px) 100vw, 700px\" \/><\/a><figcaption id=\"caption-attachment-16874\" class=\"wp-caption-text\">Die Top 3 der Saison in der Klasse TT-Trophy (von links): Markus R\u00fcbhausen (Platz 2), Sebastian R\u00fcbhausen (Platz 1) und Michey Wiedbrauk (Platz 3)<\/figcaption><\/figure>\n<figure id=\"attachment_16875\" aria-describedby=\"caption-attachment-16875\" style=\"width: 700px\" class=\"wp-caption alignleft\"><a href=\"http:\/\/brcnews.net\/wp-content\/uploads\/2017\/04\/YoungFronti.15.jpg\"><img loading=\"lazy\" class=\"wp-image-16875 size-full colorbox-16870\" src=\"http:\/\/brcnews.net\/wp-content\/uploads\/2017\/04\/YoungFronti.15.jpg\" alt=\"\" width=\"700\" height=\"420\" srcset=\"https:\/\/brcnews.net\/wp-content\/uploads\/2017\/04\/YoungFronti.15.jpg 700w, https:\/\/brcnews.net\/wp-content\/uploads\/2017\/04\/YoungFronti.15-300x180.jpg 300w\" sizes=\"(max-width: 700px) 100vw, 700px\" \/><\/a><figcaption id=\"caption-attachment-16875\" class=\"wp-caption-text\">Die Top 3 der Saison in der Klasse M-Trophy (von links): Markus Schuster (Platz 2), Sebastian R\u00fcbhausen (Platz 1) und Jens H\u00f6ntsch (Platz 3)<\/figcaption><\/figure>\n<p>Sebastian R\u00fcbhausen ist auch der Saisonsieger der beiden Youngtimerklassen. In der M-Trophy gewann er vor Markus Schuster und Jens H\u00f6ntsch. In der TT-Trophy setzte er sich gegen Markus R\u00fcbhausen und Mickey Wiedbrauck durch. In der Fronti-Challenge hatte Jens H\u00f6ntsch nach sieben L\u00e4ufen, davon ein Streicher, die Nase vorn. Zweiter wurde Oliver Kaufmann, Dritter Wolfgang Friese.<\/p>\n<figure id=\"attachment_16888\" aria-describedby=\"caption-attachment-16888\" style=\"width: 700px\" class=\"wp-caption alignleft\"><a href=\"http:\/\/brcnews.net\/wp-content\/uploads\/2017\/04\/YoungFronti.02.jpg\"><img loading=\"lazy\" class=\"wp-image-16888 size-full colorbox-16870\" src=\"http:\/\/brcnews.net\/wp-content\/uploads\/2017\/04\/YoungFronti.02.jpg\" alt=\"\" width=\"700\" height=\"390\" srcset=\"https:\/\/brcnews.net\/wp-content\/uploads\/2017\/04\/YoungFronti.02.jpg 700w, https:\/\/brcnews.net\/wp-content\/uploads\/2017\/04\/YoungFronti.02-300x167.jpg 300w\" sizes=\"(max-width: 700px) 100vw, 700px\" \/><\/a><figcaption id=\"caption-attachment-16888\" class=\"wp-caption-text\">Dier Strecke in der Arena 33 pr\u00e4sentierte sich in bester Verfassung<\/figcaption><\/figure>\n<h4>Youngtimer Trophy<\/h4>\n<p>F\u00fcr die Youngtimerfans war die abgelaufene Saison die insgesamt Vierte. Zugelassen sind nur Fahrzeuge mit einer Youngtimerkarosse. Das sind Fahrzeuge aus den Jahren 1966 bis 1991.<\/p>\n<figure id=\"attachment_16890\" aria-describedby=\"caption-attachment-16890\" style=\"width: 700px\" class=\"wp-caption alignleft\"><a href=\"http:\/\/brcnews.net\/wp-content\/uploads\/2017\/04\/YoungFronti.19.jpg\"><img loading=\"lazy\" class=\"wp-image-16890 size-full colorbox-16870\" src=\"http:\/\/brcnews.net\/wp-content\/uploads\/2017\/04\/YoungFronti.19.jpg\" alt=\"\" width=\"700\" height=\"392\" srcset=\"https:\/\/brcnews.net\/wp-content\/uploads\/2017\/04\/YoungFronti.19.jpg 700w, https:\/\/brcnews.net\/wp-content\/uploads\/2017\/04\/YoungFronti.19-300x168.jpg 300w\" sizes=\"(max-width: 700px) 100vw, 700px\" \/><\/a><figcaption id=\"caption-attachment-16890\" class=\"wp-caption-text\">Das M-Chassis von Hans-Peter Badorf<\/figcaption><\/figure>\n<p>Ausnahmegenehmigungen gibt es in der TT-Trophy f\u00fcr die Karossen Tamiya Mercedes 190 Evo, Tamiya Porsche 911 GT2 und HPI Ford GT. Motorisiert sind die Fahrzeuge in beiden Klassen mit der Cup Machine von Carson, ein simpler B\u00fcchsenmotor. In der M-Trophy<\/p>\n<figure id=\"attachment_16887\" aria-describedby=\"caption-attachment-16887\" style=\"width: 700px\" class=\"wp-caption alignleft\"><a href=\"http:\/\/brcnews.net\/wp-content\/uploads\/2017\/04\/YoungFronti.03.jpg\"><img loading=\"lazy\" class=\"wp-image-16887 size-full colorbox-16870\" src=\"http:\/\/brcnews.net\/wp-content\/uploads\/2017\/04\/YoungFronti.03.jpg\" alt=\"\" width=\"700\" height=\"393\" srcset=\"https:\/\/brcnews.net\/wp-content\/uploads\/2017\/04\/YoungFronti.03.jpg 700w, https:\/\/brcnews.net\/wp-content\/uploads\/2017\/04\/YoungFronti.03-300x168.jpg 300w\" sizes=\"(max-width: 700px) 100vw, 700px\" \/><\/a><figcaption id=\"caption-attachment-16887\" class=\"wp-caption-text\">Tamiya TA-02 von Stefan Klein<\/figcaption><\/figure>\n<p>sind nur Fahrzeuge des Typs Tamiya M-Chassis zugelassen, ganz gleich ob mit Front- oder Heckantrieb. In der TT-Trophy d\u00fcrfen neben dem Tamiya TT (01 oder 02) auch die Tamiyachassis TA-01\/02 und TL1 eingesetzt werden. In der TT-Trophy sind die so genannten Vintagereifen von HPI vorgeschrieben.<\/p>\n<figure id=\"attachment_16884\" aria-describedby=\"caption-attachment-16884\" style=\"width: 700px\" class=\"wp-caption alignleft\"><a href=\"http:\/\/brcnews.net\/wp-content\/uploads\/2017\/04\/YoungFronti.06.jpg\"><img loading=\"lazy\" class=\"wp-image-16884 size-full colorbox-16870\" src=\"http:\/\/brcnews.net\/wp-content\/uploads\/2017\/04\/YoungFronti.06.jpg\" alt=\"\" width=\"700\" height=\"393\" srcset=\"https:\/\/brcnews.net\/wp-content\/uploads\/2017\/04\/YoungFronti.06.jpg 700w, https:\/\/brcnews.net\/wp-content\/uploads\/2017\/04\/YoungFronti.06-300x168.jpg 300w\" sizes=\"(max-width: 700px) 100vw, 700px\" \/><\/a><figcaption id=\"caption-attachment-16884\" class=\"wp-caption-text\">Tamiya M05 Pro von Harald Schmittgen<\/figcaption><\/figure>\n<p>Der Rennablauf weicht von dem bekannten Ablauf (Vorl\u00e4ufe, unterschiedliche Finale) ab. Nach einem Vorlauf \u00fcber f\u00fcnf Minuten werden nur noch f\u00fcnf oder sechs Finall\u00e4ufe \u00e0 acht Minuten gefahren. Nach jedem Lauf wird eine neue komplette Rangliste \u2013 unabh\u00e4ngig vom jeweilig gefahrenen Finale \u2013 nach Punkten erteilt. Bei f\u00fcnf L\u00e4ufen \u2013 wie in der Arena 33 \u2013 werden dann drei gewertet.<\/p>\n<figure id=\"attachment_16877\" aria-describedby=\"caption-attachment-16877\" style=\"width: 700px\" class=\"wp-caption alignleft\"><a href=\"http:\/\/brcnews.net\/wp-content\/uploads\/2017\/04\/YoungFronti.13.jpg\"><img loading=\"lazy\" class=\"wp-image-16877 size-full colorbox-16870\" src=\"http:\/\/brcnews.net\/wp-content\/uploads\/2017\/04\/YoungFronti.13.jpg\" alt=\"\" width=\"700\" height=\"380\" srcset=\"https:\/\/brcnews.net\/wp-content\/uploads\/2017\/04\/YoungFronti.13.jpg 700w, https:\/\/brcnews.net\/wp-content\/uploads\/2017\/04\/YoungFronti.13-300x163.jpg 300w\" sizes=\"(max-width: 700px) 100vw, 700px\" \/><\/a><figcaption id=\"caption-attachment-16877\" class=\"wp-caption-text\">Die Top 3 der Tageswertung in der Klasse TT-Trophy (von links): Hans-Joachim Krapp (Platz 3), Sebastian R\u00fcbhausen (Platz 1) und Frank Hoeschler (Platz 2)<\/figcaption><\/figure>\n<p>Sebastian R\u00fcbhausen gewann drei der f\u00fcnf Finale und stand damit ganz oben auf dem Podium. Zweibester mit einem Sieg und zwei zweiten Pl\u00e4tzen war Frank Hoeschler. Hans-Joachim Krapp wurde Dritter \u2013 mit einem Sieg, einem zweiten und einem dritten Platz.<\/p>\n<figure id=\"attachment_16872\" aria-describedby=\"caption-attachment-16872\" style=\"width: 700px\" class=\"wp-caption alignleft\"><a href=\"http:\/\/brcnews.net\/wp-content\/uploads\/2017\/04\/YoungFronti.18.jpg\"><img loading=\"lazy\" class=\"wp-image-16872 size-full colorbox-16870\" src=\"http:\/\/brcnews.net\/wp-content\/uploads\/2017\/04\/YoungFronti.18.jpg\" alt=\"\" width=\"700\" height=\"411\" srcset=\"https:\/\/brcnews.net\/wp-content\/uploads\/2017\/04\/YoungFronti.18.jpg 700w, https:\/\/brcnews.net\/wp-content\/uploads\/2017\/04\/YoungFronti.18-300x176.jpg 300w\" sizes=\"(max-width: 700px) 100vw, 700px\" \/><\/a><figcaption id=\"caption-attachment-16872\" class=\"wp-caption-text\">Die Top 3 der Tageswertung in der Klasse M-Trophy (von links): Thorsten Dreiszus (Platz 3), Sebastian R\u00fcbhausen (Platz 1) und Frank Hoeschler (Platz 2)<\/figcaption><\/figure>\n<p>Auch in der M-Trophy war Sebastian R\u00fcbhausen der Fahrer mit den besten Ergebnissen. Mit insgesamt vier Siegen \u2013 drei h\u00e4tten gereicht \u2013 seigte er vor Jens H\u00f6ntsch und Thorsten Dreiszus.<\/p>\n<h4>Fronti-Challenge<\/h4>\n<figure id=\"attachment_16881\" aria-describedby=\"caption-attachment-16881\" style=\"width: 700px\" class=\"wp-caption alignleft\"><a href=\"http:\/\/brcnews.net\/wp-content\/uploads\/2017\/04\/YoungFronti.09.jpg\"><img loading=\"lazy\" class=\"wp-image-16881 size-full colorbox-16870\" src=\"http:\/\/brcnews.net\/wp-content\/uploads\/2017\/04\/YoungFronti.09.jpg\" alt=\"\" width=\"700\" height=\"270\" srcset=\"https:\/\/brcnews.net\/wp-content\/uploads\/2017\/04\/YoungFronti.09.jpg 700w, https:\/\/brcnews.net\/wp-content\/uploads\/2017\/04\/YoungFronti.09-300x116.jpg 300w\" sizes=\"(max-width: 700px) 100vw, 700px\" \/><\/a><figcaption id=\"caption-attachment-16881\" class=\"wp-caption-text\">Lauf zur Fronti-Challenge<\/figcaption><\/figure>\n<p>F\u00fcr die Fronti-Challenge war es die erste Saison. Sie wurde ganz spontan nach der Er\u00f6ffnung der neuen Strecke des MAC Meckenheim (BRCNEWS berichtete) ins Leben gerufen. Marc Rheinard hatte mit seinem Spa\u00df am Einsatz des neuesten Tamiya Fronti FF04 die Fahrer bei der Er\u00f6ffnung angesteckt. Zugelassen sind in dieser Klasse alle<\/p>\n<figure id=\"attachment_16885\" aria-describedby=\"caption-attachment-16885\" style=\"width: 700px\" class=\"wp-caption alignleft\"><a href=\"http:\/\/brcnews.net\/wp-content\/uploads\/2017\/04\/YoungFronti.05.jpg\"><img loading=\"lazy\" class=\"wp-image-16885 size-full colorbox-16870\" src=\"http:\/\/brcnews.net\/wp-content\/uploads\/2017\/04\/YoungFronti.05.jpg\" alt=\"\" width=\"700\" height=\"393\" srcset=\"https:\/\/brcnews.net\/wp-content\/uploads\/2017\/04\/YoungFronti.05.jpg 700w, https:\/\/brcnews.net\/wp-content\/uploads\/2017\/04\/YoungFronti.05-300x168.jpg 300w\" sizes=\"(max-width: 700px) 100vw, 700px\" \/><\/a><figcaption id=\"caption-attachment-16885\" class=\"wp-caption-text\">Der VBC FF17 von Toni Rheinard<\/figcaption><\/figure>\n<p>Fahrzeuge mit Frontantrieb. Lieferbar ist derzeit allerdings lediglich der von VBC Racing. Zugelassen sind nur Karosserien von Fahrzeugen, die im Original mit Frontantrieb ausger\u00fcstet waren. Motorisiert sind die Fahrzeuge mit einem 17,5 T-Brushlessmotor, der von einem Regler im Null-Boost-Modus angesteuert wird. Au\u00dferdem ist der Einsatz des Ride-Reifens Pre Cut Slick 24 Millimeter vorgeschrieben. Der Rennmodus ist der gleiche wie bei der Youngtimer-Trophy.<\/p>\n<figure id=\"attachment_16876\" aria-describedby=\"caption-attachment-16876\" style=\"width: 700px\" class=\"wp-caption alignleft\"><a href=\"http:\/\/brcnews.net\/wp-content\/uploads\/2017\/04\/YoungFronti.14.jpg\"><img loading=\"lazy\" class=\"wp-image-16876 size-full colorbox-16870\" src=\"http:\/\/brcnews.net\/wp-content\/uploads\/2017\/04\/YoungFronti.14.jpg\" alt=\"\" width=\"700\" height=\"363\" srcset=\"https:\/\/brcnews.net\/wp-content\/uploads\/2017\/04\/YoungFronti.14.jpg 700w, https:\/\/brcnews.net\/wp-content\/uploads\/2017\/04\/YoungFronti.14-300x156.jpg 300w\" sizes=\"(max-width: 700px) 100vw, 700px\" \/><\/a><figcaption id=\"caption-attachment-16876\" class=\"wp-caption-text\">Die Top 3 der Tageswertung in der Klasse Fronti-Challenge (von links): Bernd Haas (Platz 3), Toni Rheinard (Platz 1) und Oliver Kaufmann (Platz 2)<\/figcaption><\/figure>\n<p>Mit zwei Siegen und einem zweiten Platz war Toni Rheinard schnellster Frontifahrer an diesem Wochenende. Zweiter wurde Oliver Kaufmann (ein Sieg, zwei zweite Pl\u00e4tze). Bernd Haas verpasste nach zwei Siegen in den ersten beiden L\u00e4ufen und einem vierten Platz im vierten Lauf eine bessere Platzierung.<\/p>\n<figure id=\"attachment_16882\" aria-describedby=\"caption-attachment-16882\" style=\"width: 700px\" class=\"wp-caption alignleft\"><a href=\"http:\/\/brcnews.net\/wp-content\/uploads\/2017\/04\/YoungFronti.08.jpg\"><img loading=\"lazy\" class=\"wp-image-16882 size-full colorbox-16870\" src=\"http:\/\/brcnews.net\/wp-content\/uploads\/2017\/04\/YoungFronti.08.jpg\" alt=\"\" width=\"700\" height=\"350\" srcset=\"https:\/\/brcnews.net\/wp-content\/uploads\/2017\/04\/YoungFronti.08.jpg 700w, https:\/\/brcnews.net\/wp-content\/uploads\/2017\/04\/YoungFronti.08-300x150.jpg 300w\" sizes=\"(max-width: 700px) 100vw, 700px\" \/><\/a><figcaption id=\"caption-attachment-16882\" class=\"wp-caption-text\">Auf dem Weg zum Sieg: Der VBC-Fronti von Toni Rheinard<\/figcaption><\/figure>\n<p>Zur kompletten Saisonrangliste geht es hier lang:<\/p>\n<ul>\n<li><a href=\"http:\/\/brcnews.net\/wp-content\/uploads\/2017\/04\/YoungtimerFronti-Rangliste2017.pdf\">Youngtimer+Fronti-Rangliste2017<\/a><\/li>\n<\/ul>\n<hr \/>\n<p>Mehr zur Fronti-Challenge:<\/p>\n<ul>\n<li><a href=\"http:\/\/frontichallenge.blogspot.de\/\">http:\/\/frontichallenge.blogspot.de\/<\/a><\/li>\n<\/ul>\n<p>Mehr zur Youngtimer-Trophy:<\/p>\n<ul>\n<li><a href=\"http:\/\/rc-youngtimer-trophy.blogspot.de\/\">http:\/\/rc-youngtimer-trophy.blogspot.de\/<\/a><\/li>\n<\/ul>\n<p>&nbsp;<\/p>\n<p>&nbsp;<\/p>\n<div class=\"twoclick_social_bookmarks_post_16870 social_share_privacy clearfix 1.6.4 locale-de_DE sprite-de_DE\"><\/div><div class=\"twoclick-js\"><script type=\"text\/javascript\">\/* <![CDATA[ *\/\njQuery(document).ready(function($){if($('.twoclick_social_bookmarks_post_16870')){$('.twoclick_social_bookmarks_post_16870').socialSharePrivacy({\"services\":{\"facebook\":{\"status\":\"on\",\"txt_info\":\"2 Klicks f\\u00fcr mehr Datenschutz: Erst wenn Sie hier klicken, wird der Button aktiv und Sie k\\u00f6nnen Ihre Empfehlung an Facebook senden. Schon beim Aktivieren werden Daten an Dritte \\u00fcbertragen - siehe <em>i<\\\/em>.\",\"perma_option\":\"off\",\"action\":\"recommend\",\"language\":\"de_DE\"},\"twitter\":{\"reply_to\":\"\",\"tweet_text\":\"%20Finale%202017%20Youngtimer-Trophy%20und%20Fronti-Challenge%20in%20der%20Arena%2033%20%C2%BB%20BRCNEWS.NET%20...\",\"status\":\"on\",\"txt_info\":\"2 Klicks f\\u00fcr mehr Datenschutz: Erst wenn Sie hier klicken, wird der Button aktiv und Sie k\\u00f6nnen Ihre Empfehlung an Twitter senden. Schon beim Aktivieren werden Daten an Dritte \\u00fcbertragen - siehe <em>i<\\\/em>.\",\"perma_option\":\"off\",\"language\":\"de\",\"referrer_track\":\"\"},\"gplus\":{\"status\":\"on\",\"txt_info\":\"2 Klicks f\\u00fcr mehr Datenschutz: Erst wenn Sie hier klicken, wird der Button aktiv und Sie k\\u00f6nnen Ihre Empfehlung an Google+ senden. Schon beim Aktivieren werden Daten an Dritte \\u00fcbertragen - siehe <em>i<\\\/em>.\",\"perma_option\":\"off\",\"referrer_track\":\"\"}},\"txt_help\":\"Wenn Sie diese Felder durch einen Klick aktivieren, werden Informationen an Facebook, Twitter, Flattr, Xing, t3n, LinkedIn, Pinterest oder Google eventuell ins Ausland \\u00fcbertragen und unter Umst\\u00e4nden auch dort gespeichert. N\\u00e4heres erfahren Sie durch einen Klick auf das <em>i<\\\/em>.\",\"settings_perma\":\"Dauerhaft aktivieren und Daten\\u00fcber-tragung zustimmen:\",\"info_link\":\"http:\\\/\\\/www.heise.de\\\/ct\\\/artikel\\\/2-Klicks-fuer-mehr-Datenschutz-1333879.html\",\"uri\":\"https:\\\/\\\/brcnews.net\\\/?p=16870\",\"post_id\":16870,\"post_title_referrer_track\":\"Finale+2017+Youngtimer-Trophy+und+Fronti-Challenge+in+der+Arena+33\",\"display_infobox\":\"on\"});}});\n\/* ]]> *\/<\/script><\/div>","protected":false},"excerpt":{"rendered":"<p>Die Youngtimer- und Frontifans trafen sich am vergangenen Wochenende zum Saisonfinale 2016\/2017 in der Arena 33 in Andernach. Knapp 70 Fahrer ma\u00dfen in den zwei Youngtimerklassen<\/p>\n","protected":false},"author":1,"featured_media":16878,"comment_status":"closed","ping_status":"open","sticky":false,"template":"","format":"standard","meta":[],"categories":[16],"tags":[522,527,551],"_links":{"self":[{"href":"https:\/\/brcnews.net\/index.php?rest_route=\/wp\/v2\/posts\/16870"}],"collection":[{"href":"https:\/\/brcnews.net\/index.php?rest_route=\/wp\/v2\/posts"}],"about":[{"href":"https:\/\/brcnews.net\/index.php?rest_route=\/wp\/v2\/types\/post"}],"author":[{"embeddable":true,"href":"https:\/\/brcnews.net\/index.php?rest_route=\/wp\/v2\/users\/1"}],"replies":[{"embeddable":true,"href":"https:\/\/brcnews.net\/index.php?rest_route=%2Fwp%2Fv2%2Fcomments&post=16870"}],"version-history":[{"count":8,"href":"https:\/\/brcnews.net\/index.php?rest_route=\/wp\/v2\/posts\/16870\/revisions"}],"predecessor-version":[{"id":16975,"href":"https:\/\/brcnews.net\/index.php?rest_route=\/wp\/v2\/posts\/16870\/revisions\/16975"}],"wp:featuredmedia":[{"embeddable":true,"href":"https:\/\/brcnews.net\/index.php?rest_route=\/wp\/v2\/media\/16878"}],"wp:attachment":[{"href":"https:\/\/brcnews.net\/index.php?rest_route=%2Fwp%2Fv2%2Fmedia&parent=16870"}],"wp:term":[{"taxonomy":"category","embeddable":true,"href":"https:\/\/brcnews.net\/index.php?rest_route=%2Fwp%2Fv2%2Fcategories&post=16870"},{"taxonomy":"post_tag","embeddable":true,"href":"https:\/\/brcnews.net\/index.php?rest_route=%2Fwp%2Fv2%2Ftags&post=16870"}],"curies":[{"name":"wp","href":"https:\/\/api.w.org\/{rel}","templated":true}]}}