{"id":16602,"date":"2017-03-26T15:53:48","date_gmt":"2017-03-26T13:53:48","guid":{"rendered":"http:\/\/brcnews.net\/?p=16602"},"modified":"2017-04-21T19:39:10","modified_gmt":"2017-04-21T17:39:10","slug":"marc-fischer-ist-zurueck-zu-capricorn","status":"publish","type":"post","link":"https:\/\/brcnews.net\/?p=16602","title":{"rendered":"Marc Fischer ist zur\u00fcck zu Capricorn"},"content":{"rendered":"<p>Marc Fischer ist zur\u00fcck zu Capricorn. <span style=\"color: #008000;\"><em><strong>BRCNEWS<\/strong><\/em><\/span> traf ihn heute beim Training auf der im letzten Jahr er\u00f6ffneten Strecke des MAC Meckenheim. Der 33-J\u00e4hrige testete dort eine Weiterentwicklung des Capricorn TE03 Evo. Sein erstes Rennen f\u00e4hrt er am zweiten <!--more-->Aprilwochenende beim dritten Lauf der Euro Touring Series in Madrid. Sein neuer Vertrag l\u00e4uft bis zu den Weltmeisterschaften 2018 in S\u00fcdafrika.<\/p>\n<figure id=\"attachment_16605\" aria-describedby=\"caption-attachment-16605\" style=\"width: 700px\" class=\"wp-caption alignleft\"><a href=\"http:\/\/brcnews.net\/wp-content\/uploads\/2017\/03\/Capricorn.1.jpg\"><img loading=\"lazy\" class=\"wp-image-16605 size-full colorbox-16602\" src=\"http:\/\/brcnews.net\/wp-content\/uploads\/2017\/03\/Capricorn.1.jpg\" alt=\"\" width=\"700\" height=\"393\" srcset=\"https:\/\/brcnews.net\/wp-content\/uploads\/2017\/03\/Capricorn.1.jpg 700w, https:\/\/brcnews.net\/wp-content\/uploads\/2017\/03\/Capricorn.1-300x168.jpg 300w\" sizes=\"(max-width: 700px) 100vw, 700px\" \/><\/a><figcaption id=\"caption-attachment-16605\" class=\"wp-caption-text\">Die Weiterentwicklung des Capricorn TE03 Evo<\/figcaption><\/figure>\n<p>Im Sommer 2016 fuhr Marc Fischer nach seiner Trennung von Serpent bis zu den Weltmeisterschaften in Peking schon einmal f\u00fcr das italienische Team. Danach wechselte er zu VBC-Racing.<\/p>\n<figure id=\"attachment_16604\" aria-describedby=\"caption-attachment-16604\" style=\"width: 250px\" class=\"wp-caption aligncenter\"><a href=\"http:\/\/brcnews.net\/wp-content\/uploads\/2017\/03\/Fischer.22.jpg\"><img loading=\"lazy\" class=\"wp-image-16604 size-full colorbox-16602\" src=\"http:\/\/brcnews.net\/wp-content\/uploads\/2017\/03\/Fischer.22.jpg\" alt=\"\" width=\"250\" height=\"353\" srcset=\"https:\/\/brcnews.net\/wp-content\/uploads\/2017\/03\/Fischer.22.jpg 250w, https:\/\/brcnews.net\/wp-content\/uploads\/2017\/03\/Fischer.22-212x300.jpg 212w\" sizes=\"(max-width: 250px) 100vw, 250px\" \/><\/a><figcaption id=\"caption-attachment-16604\" class=\"wp-caption-text\">Marc Fischer pr\u00e4sentiert seinen neune Tourenwagen<\/figcaption><\/figure>\n<p>Marc Fischer ist einer der profiliertesten deutschen RC-Car-Fahrer. Sei dem Jahr 2007 hat er sieben deutsche Meistertitel gewonnen: vier\u00a0 in Tourenwagen Modified, drei in Pan Car 1:12 Expert. Seine letzten Titel in Tourenwagen Modified gewann er 2015 in Hamm. Im Jahr 2009 wurde er Europameister in der damals neuen Klasse 1:12 Electric Sport.<\/p>\n<div class=\"twoclick_social_bookmarks_post_16602 social_share_privacy clearfix 1.6.4 locale-de_DE sprite-de_DE\"><\/div><div class=\"twoclick-js\"><script type=\"text\/javascript\">\/* <![CDATA[ *\/\njQuery(document).ready(function($){if($('.twoclick_social_bookmarks_post_16602')){$('.twoclick_social_bookmarks_post_16602').socialSharePrivacy({\"services\":{\"facebook\":{\"status\":\"on\",\"txt_info\":\"2 Klicks f\\u00fcr mehr Datenschutz: Erst wenn Sie hier klicken, wird der Button aktiv und Sie k\\u00f6nnen Ihre Empfehlung an Facebook senden. Schon beim Aktivieren werden Daten an Dritte \\u00fcbertragen - siehe <em>i<\\\/em>.\",\"perma_option\":\"off\",\"action\":\"recommend\",\"language\":\"de_DE\"},\"twitter\":{\"reply_to\":\"\",\"tweet_text\":\"Marc%20Fischer%20ist%20zur%C3%BCck%20zu%20Capricorn%20%C2%BB%20BRCNEWS.NET%20%23Capricorn%20%23Marc%20Fischer\",\"status\":\"on\",\"txt_info\":\"2 Klicks f\\u00fcr mehr Datenschutz: Erst wenn Sie hier klicken, wird der Button aktiv und Sie k\\u00f6nnen Ihre Empfehlung an Twitter senden. Schon beim Aktivieren werden Daten an Dritte \\u00fcbertragen - siehe <em>i<\\\/em>.\",\"perma_option\":\"off\",\"language\":\"de\",\"referrer_track\":\"\"},\"gplus\":{\"status\":\"on\",\"txt_info\":\"2 Klicks f\\u00fcr mehr Datenschutz: Erst wenn Sie hier klicken, wird der Button aktiv und Sie k\\u00f6nnen Ihre Empfehlung an Google+ senden. Schon beim Aktivieren werden Daten an Dritte \\u00fcbertragen - siehe <em>i<\\\/em>.\",\"perma_option\":\"off\",\"referrer_track\":\"\"}},\"txt_help\":\"Wenn Sie diese Felder durch einen Klick aktivieren, werden Informationen an Facebook, Twitter, Flattr, Xing, t3n, LinkedIn, Pinterest oder Google eventuell ins Ausland \\u00fcbertragen und unter Umst\\u00e4nden auch dort gespeichert. N\\u00e4heres erfahren Sie durch einen Klick auf das <em>i<\\\/em>.\",\"settings_perma\":\"Dauerhaft aktivieren und Daten\\u00fcber-tragung zustimmen:\",\"info_link\":\"http:\\\/\\\/www.heise.de\\\/ct\\\/artikel\\\/2-Klicks-fuer-mehr-Datenschutz-1333879.html\",\"uri\":\"https:\\\/\\\/brcnews.net\\\/?p=16602\",\"post_id\":16602,\"post_title_referrer_track\":\"Marc+Fischer+ist+zur%C3%BCck+zu+Capricorn\",\"display_infobox\":\"on\"});}});\n\/* ]]> *\/<\/script><\/div>","protected":false},"excerpt":{"rendered":"<p>Marc Fischer ist zur\u00fcck zu Capricorn. BRCNEWS traf ihn heute beim Training auf der im letzten Jahr er\u00f6ffneten Strecke des MAC Meckenheim. Der 33-J\u00e4hrige testete dort eine Weiterentwicklung des Capricorn TE03 Evo. Sein erstes Rennen f\u00e4hrt er am zweiten<\/p>\n","protected":false},"author":1,"featured_media":16603,"comment_status":"closed","ping_status":"open","sticky":false,"template":"","format":"standard","meta":[],"categories":[12],"tags":[190,269],"_links":{"self":[{"href":"https:\/\/brcnews.net\/index.php?rest_route=\/wp\/v2\/posts\/16602"}],"collection":[{"href":"https:\/\/brcnews.net\/index.php?rest_route=\/wp\/v2\/posts"}],"about":[{"href":"https:\/\/brcnews.net\/index.php?rest_route=\/wp\/v2\/types\/post"}],"author":[{"embeddable":true,"href":"https:\/\/brcnews.net\/index.php?rest_route=\/wp\/v2\/users\/1"}],"replies":[{"embeddable":true,"href":"https:\/\/brcnews.net\/index.php?rest_route=%2Fwp%2Fv2%2Fcomments&post=16602"}],"version-history":[{"count":4,"href":"https:\/\/brcnews.net\/index.php?rest_route=\/wp\/v2\/posts\/16602\/revisions"}],"predecessor-version":[{"id":16844,"href":"https:\/\/brcnews.net\/index.php?rest_route=\/wp\/v2\/posts\/16602\/revisions\/16844"}],"wp:featuredmedia":[{"embeddable":true,"href":"https:\/\/brcnews.net\/index.php?rest_route=\/wp\/v2\/media\/16603"}],"wp:attachment":[{"href":"https:\/\/brcnews.net\/index.php?rest_route=%2Fwp%2Fv2%2Fmedia&parent=16602"}],"wp:term":[{"taxonomy":"category","embeddable":true,"href":"https:\/\/brcnews.net\/index.php?rest_route=%2Fwp%2Fv2%2Fcategories&post=16602"},{"taxonomy":"post_tag","embeddable":true,"href":"https:\/\/brcnews.net\/index.php?rest_route=%2Fwp%2Fv2%2Ftags&post=16602"}],"curies":[{"name":"wp","href":"https:\/\/api.w.org\/{rel}","templated":true}]}}