{"id":16416,"date":"2017-03-14T15:45:53","date_gmt":"2017-03-14T13:45:53","guid":{"rendered":"http:\/\/brcnews.net\/?p=16416"},"modified":"2017-03-14T15:46:50","modified_gmt":"2017-03-14T13:46:50","slug":"viktor-wilck-verlaengert-vertrag-mit-serpent","status":"publish","type":"post","link":"https:\/\/brcnews.net\/?p=16416","title":{"rendered":"Viktor Wilck verl\u00e4ngert Vertrag mit Serpent"},"content":{"rendered":"<p>Viktor Wilck hat seinen Vertrag mit Serpent verl\u00e4ngert. Der Schwede, der bis 2015 f\u00fcr Team TRF Tamiya fuhr, ist seit seiner Zugeh\u00f6rigkeit zu Serpent ein wichtiger Partner von David Ehrbar und Serpent bei der Weiterentwicklung des Projekt 4X, des Tourenwagen Elektro. Als<!--more--> <a href=\"http:\/\/brcnews.net\/wp-content\/uploads\/2017\/03\/viktorx.jpg\"><img loading=\"lazy\" class=\"alignleft size-full wp-image-16418 colorbox-16416\" src=\"http:\/\/brcnews.net\/wp-content\/uploads\/2017\/03\/viktorx.jpg\" alt=\"\" width=\"700\" height=\"350\" srcset=\"https:\/\/brcnews.net\/wp-content\/uploads\/2017\/03\/viktorx.jpg 700w, https:\/\/brcnews.net\/wp-content\/uploads\/2017\/03\/viktorx-300x150.jpg 300w\" sizes=\"(max-width: 700px) 100vw, 700px\" \/><\/a>Testfahrer ist er mit daf\u00fcr zust\u00e4ndig, das Fahrzeug st\u00e4ndig zu verbessern. Er wird den Tourenwagen insbesondere bei den L\u00e4ufen zur Euro Touring Series (ETS), den Europ\u00e4ischen Meisterschaften und verschiedenen Rennen der Asian Onroad Championship (AOS) einsetzen. Seinen bisher gr\u00f6\u00dften Erfolg mit dem Serpent 4X errang er im letzten Jahr bei den Weltmeisterschaften in Peking, bei denen er als Dritter auf dem Podium stand.<\/p>\n<p>Dar\u00fcber hinaus wird Viktor Wilck an ausgew\u00e4hlten Nitrorennen teilnehmen. Mit der Viper 977 startet er in Onroad 1:8 Nitro und mit der Cobra SRX8 in Buggy 1:8 Nitro. Die Europameisterschaft in dieser Klasse findet im August 2017 in Eskilstuna (Schweden) statt.<\/p>\n<div class=\"twoclick_social_bookmarks_post_16416 social_share_privacy clearfix 1.6.4 locale-de_DE sprite-de_DE\"><\/div><div class=\"twoclick-js\"><script type=\"text\/javascript\">\/* <![CDATA[ *\/\njQuery(document).ready(function($){if($('.twoclick_social_bookmarks_post_16416')){$('.twoclick_social_bookmarks_post_16416').socialSharePrivacy({\"services\":{\"facebook\":{\"status\":\"on\",\"txt_info\":\"2 Klicks f\\u00fcr mehr Datenschutz: Erst wenn Sie hier klicken, wird der Button aktiv und Sie k\\u00f6nnen Ihre Empfehlung an Facebook senden. Schon beim Aktivieren werden Daten an Dritte \\u00fcbertragen - siehe <em>i<\\\/em>.\",\"perma_option\":\"off\",\"action\":\"recommend\",\"language\":\"de_DE\"},\"twitter\":{\"reply_to\":\"\",\"tweet_text\":\"%20Viktor%20Wilck%20verl%C3%A4ngert%20Vertrag%20mit%20Serpent%20%C2%BB%20BRCNEWS.NET%20%23Serpent%20%23Viktor%20...\",\"status\":\"on\",\"txt_info\":\"2 Klicks f\\u00fcr mehr Datenschutz: Erst wenn Sie hier klicken, wird der Button aktiv und Sie k\\u00f6nnen Ihre Empfehlung an Twitter senden. Schon beim Aktivieren werden Daten an Dritte \\u00fcbertragen - siehe <em>i<\\\/em>.\",\"perma_option\":\"off\",\"language\":\"de\",\"referrer_track\":\"\"},\"gplus\":{\"status\":\"on\",\"txt_info\":\"2 Klicks f\\u00fcr mehr Datenschutz: Erst wenn Sie hier klicken, wird der Button aktiv und Sie k\\u00f6nnen Ihre Empfehlung an Google+ senden. Schon beim Aktivieren werden Daten an Dritte \\u00fcbertragen - siehe <em>i<\\\/em>.\",\"perma_option\":\"off\",\"referrer_track\":\"\"}},\"txt_help\":\"Wenn Sie diese Felder durch einen Klick aktivieren, werden Informationen an Facebook, Twitter, Flattr, Xing, t3n, LinkedIn, Pinterest oder Google eventuell ins Ausland \\u00fcbertragen und unter Umst\\u00e4nden auch dort gespeichert. N\\u00e4heres erfahren Sie durch einen Klick auf das <em>i<\\\/em>.\",\"settings_perma\":\"Dauerhaft aktivieren und Daten\\u00fcber-tragung zustimmen:\",\"info_link\":\"http:\\\/\\\/www.heise.de\\\/ct\\\/artikel\\\/2-Klicks-fuer-mehr-Datenschutz-1333879.html\",\"uri\":\"https:\\\/\\\/brcnews.net\\\/?p=16416\",\"post_id\":16416,\"post_title_referrer_track\":\"Viktor+Wilck+verl%C3%A4ngert+Vertrag+mit+Serpent\",\"display_infobox\":\"on\"});}});\n\/* ]]> *\/<\/script><\/div>","protected":false},"excerpt":{"rendered":"<p>Viktor Wilck hat seinen Vertrag mit Serpent verl\u00e4ngert. Der Schwede, der bis 2015 f\u00fcr Team TRF Tamiya fuhr, ist seit seiner Zugeh\u00f6rigkeit zu Serpent ein wichtiger Partner von David Ehrbar und Serpent bei der Weiterentwicklung des Projekt 4X, des Tourenwagen Elektro. Als<\/p>\n","protected":false},"author":1,"featured_media":16417,"comment_status":"closed","ping_status":"open","sticky":false,"template":"","format":"standard","meta":[],"categories":[12],"tags":[83,540],"_links":{"self":[{"href":"https:\/\/brcnews.net\/index.php?rest_route=\/wp\/v2\/posts\/16416"}],"collection":[{"href":"https:\/\/brcnews.net\/index.php?rest_route=\/wp\/v2\/posts"}],"about":[{"href":"https:\/\/brcnews.net\/index.php?rest_route=\/wp\/v2\/types\/post"}],"author":[{"embeddable":true,"href":"https:\/\/brcnews.net\/index.php?rest_route=\/wp\/v2\/users\/1"}],"replies":[{"embeddable":true,"href":"https:\/\/brcnews.net\/index.php?rest_route=%2Fwp%2Fv2%2Fcomments&post=16416"}],"version-history":[{"count":3,"href":"https:\/\/brcnews.net\/index.php?rest_route=\/wp\/v2\/posts\/16416\/revisions"}],"predecessor-version":[{"id":16421,"href":"https:\/\/brcnews.net\/index.php?rest_route=\/wp\/v2\/posts\/16416\/revisions\/16421"}],"wp:featuredmedia":[{"embeddable":true,"href":"https:\/\/brcnews.net\/index.php?rest_route=\/wp\/v2\/media\/16417"}],"wp:attachment":[{"href":"https:\/\/brcnews.net\/index.php?rest_route=%2Fwp%2Fv2%2Fmedia&parent=16416"}],"wp:term":[{"taxonomy":"category","embeddable":true,"href":"https:\/\/brcnews.net\/index.php?rest_route=%2Fwp%2Fv2%2Fcategories&post=16416"},{"taxonomy":"post_tag","embeddable":true,"href":"https:\/\/brcnews.net\/index.php?rest_route=%2Fwp%2Fv2%2Ftags&post=16416"}],"curies":[{"name":"wp","href":"https:\/\/api.w.org\/{rel}","templated":true}]}}