{"id":16259,"date":"2017-02-25T10:24:25","date_gmt":"2017-02-25T08:24:25","guid":{"rendered":"http:\/\/brcnews.net\/?p=16259"},"modified":"2017-02-28T19:01:16","modified_gmt":"2017-02-28T17:01:16","slug":"euro-touring-series-2017-zweiter-lauf-in-muelheim-kaerlich-tag-2","status":"publish","type":"post","link":"https:\/\/brcnews.net\/?p=16259","title":{"rendered":"Euro Touring Series 2017: Zweiter Lauf in M\u00fclheim-K\u00e4rlich \u2013 Tag 2"},"content":{"rendered":"<h6><span style=\"text-decoration: underline; color: #008000;\">14.\u00a0 Meldung: 21:20 Uhr<\/span><\/h6>\n<h4>Der zweite Renntag ist zu Ende<\/h4>\n<p>Die letzten Finale sind gefahren. Die Fahrer waren zum Schluss hochkonzentriert und haben ihr Bestes gegeben. Die Sieger der E-Finale waren Laurent Libar (Formel) aus Luxemburg. Toni Mateo aus Spanien (Pro Stock) und\u00a0\u00a0 Andreas Weyhoven (Modified).<!--more--><\/p>\n<p>Morgen fr\u00fch geht\u2019s dann um 7:00 Uhr mit dem Start des D-Finales weiter.<\/p>\n<hr \/>\n<h6><span style=\"text-decoration: underline; color: #008000;\">13.\u00a0 Meldung: 20:30 Uhr<\/span><\/h6>\n<h4>Der zweite Renntag ist noch nicht zu Ende<\/h4>\n<figure id=\"attachment_16300\" aria-describedby=\"caption-attachment-16300\" style=\"width: 700px\" class=\"wp-caption alignleft\"><a href=\"http:\/\/brcnews.net\/wp-content\/uploads\/2017\/02\/ETS.M\u00fclh.45.jpg\"><img loading=\"lazy\" class=\"wp-image-16300 size-full colorbox-16259\" src=\"http:\/\/brcnews.net\/wp-content\/uploads\/2017\/02\/ETS.M\u00fclh.45.jpg\" width=\"700\" height=\"396\" srcset=\"https:\/\/brcnews.net\/wp-content\/uploads\/2017\/02\/ETS.M\u00fclh.45.jpg 700w, https:\/\/brcnews.net\/wp-content\/uploads\/2017\/02\/ETS.M\u00fclh.45-300x170.jpg 300w\" sizes=\"(max-width: 700px) 100vw, 700px\" \/><\/a><figcaption id=\"caption-attachment-16300\" class=\"wp-caption-text\">Blick in die Halle um 20:00 Uhr. Viele Fahrer sind noch vor Ort. Die Stimmung ist gut. Vor allem dann, wenn Fahrer aus Norwegen auf der Strecke sind<\/figcaption><\/figure>\n<p>Der zweite Renntag geht weiter. Nach den Qualil\u00e4ufen startete Rennleiter Scotty Ernst noch die unteren Finall\u00e4ufe. Es ging los in Pro Stock mit dem Q-Finale der Klasse Pro Stock. Seit dem I-Finale ist auch die Klasse Formel dabei und vor kurzem ist die Klasse Modified mit dem G-Finale eingestiegen.<\/p>\n<p>Heute Abend geht es noch bis zum E-Finale. Das letzte Finale ist das E-Finale Modified. Der Start ist f\u00fcr kurz nach 21:00 Uhr geplant.<\/p>\n<p>Morgen fr\u00fch wird der erste Finaldurchgang mit den D-Finalen fortgesetzt. Startbeginn ist um 7:00 Uhr. Es beginnt das D-Finale Formel. Das erste A-Finale (Formal) startet laut Zeitplan um 8:03.<\/p>\n<hr \/>\n<h6><span style=\"text-decoration: underline; color: #008000;\">Zw\u00f6fte Meldung: 18:30 Uhr<\/span><\/h6>\n<h4>Vier Vorl\u00e4ufe \u2013 vier Siege<\/h4>\n<figure id=\"attachment_16297\" aria-describedby=\"caption-attachment-16297\" style=\"width: 700px\" class=\"wp-caption alignleft\"><a href=\"http:\/\/brcnews.net\/wp-content\/uploads\/2017\/02\/ETS.M\u00fclh.44.jpg\"><img loading=\"lazy\" class=\"wp-image-16297 size-full colorbox-16259\" src=\"http:\/\/brcnews.net\/wp-content\/uploads\/2017\/02\/ETS.M\u00fclh.44.jpg\" width=\"700\" height=\"184\" srcset=\"https:\/\/brcnews.net\/wp-content\/uploads\/2017\/02\/ETS.M\u00fclh.44.jpg 700w, https:\/\/brcnews.net\/wp-content\/uploads\/2017\/02\/ETS.M\u00fclh.44-300x79.jpg 300w\" sizes=\"(max-width: 700px) 100vw, 700px\" \/><\/a><figcaption id=\"caption-attachment-16297\" class=\"wp-caption-text\">Das war der letzte Vorlaufstart. Alle Favoriten waren in dieser Gruppe<\/figcaption><\/figure>\n<p>Das war ein guter Tag f\u00fcr Ronald V\u00f6lker. Seine gestern Abend begonnene Siegesserie setzte er heute nahtlos fort. Der Yokomofahrer gewann alle vier Vol\u00e4ufe \u2013 und dies sehr deutlich. F\u00fcr seine Mitkonkurrenten war die \u00dcberlegenheit mehr als ern\u00fcchtern. Auf dem zweiten Startplatz steht Bruno Coelho (Xray). Marc Rheinard (Infinity) steht auf Drei.<\/p>\n<h6><span style=\"text-decoration: underline;\">Die Top 10 Modified<\/span><\/h6>\n<ol>\n<li>Ronald V\u00f6lker \u2013 Deutschland \u2013 Yokomo<\/li>\n<li>Bruno Coelho \u2013 Portugal \u2013 Xray<\/li>\n<li>Marc Rheonard \u2013 Deutschland \u2013 Infinity<\/li>\n<li>Akio Sobue- Japan \u2013 Infinity<\/li>\n<li>Alexander Hagberg \u2013 Schweden \u2013 Xray<\/li>\n<li>Olly Jeffries \u2013 Gro\u00dfbritannien \u2013 Xray<\/li>\n<li>Yannic Pr\u00fcmper \u2013 Deutschland \u2013 VDC Racing<\/li>\n<li>Elliott Harper \u2013 Gro\u00dfbritannien \u2013 Schumacher<\/li>\n<li>Viljami Kutvonen \u2013 Finnland \u2013 Awesomatix<\/li>\n<li>Lucas Urbain \u2013 Frankreich \u2013 VBC Racing<\/li>\n<\/ol>\n<hr \/>\n<h6><span style=\"text-decoration: underline; color: #008000;\">Elfte Meldung: 17:50 Uhr<\/span><\/h6>\n<h4>Formel: David Ehrbar setzt sich durch<\/h4>\n<p>David Ehrbar hat sich mit einem \u00fcberzeugenden Lauf im letzten Vorlauf in der Klasse Formel im Kampf um die Pole durchgesetzt. Der Serpentfahrer fuhr mit 22 Runden in 5:12, 510 Minuten den schnellsten Vorlauf und verwies so Andreas Stiebler (Xray), der ebenfalls zwei Vorlaufsiege auf seinem Konto hatte auf Startplatz zwei. Matej\u00a0Dobnikar startet von Platz drei. Jan Ratheisky nimmt die Finall\u00e4ufe von Startplatz vier auf.<\/p>\n<h6><span style=\"text-decoration: underline;\">Die Top 10 Formel<\/span><\/h6>\n<ol>\n<li>David Ehrbar \u2013 Deutschland \u2013 Serpent<\/li>\n<li>Andreas Siebert \u2013 \u00d6sterreich \u2013 Xray<\/li>\n<li>Matej Dobnikar \u2013 Slowenien \u2013 Xray<\/li>\n<li>Jan Ratheisky \u2013 Deutschland &#8211; Xray<\/li>\n<li>Olivier Bultynck \u2013 Belgien \u2013 Shepherd<\/li>\n<li>Mike Gosvig \u2013 D\u00e4nemark \u2013 Xray<\/li>\n<li>Noah Asendorf \u2013 Schweiz \u2013 Xray<\/li>\n<li>Nicolas Delis\u00e9 \u2013 Belgien \u2013 Serpent<\/li>\n<li>Martin Hofer \u2013 Deutschland \u2013 Yokomo<\/li>\n<li>Alexander Stocker \u2013 Deutschland &#8211; Roche<\/li>\n<\/ol>\n<hr \/>\n<h6><span style=\"text-decoration: underline; color: #008000;\">Zehnte Meldung: 17:00 Uhr<\/span><\/h6>\n<h4>Die Top 10 Pro Stock<\/h4>\n<figure id=\"attachment_16290\" aria-describedby=\"caption-attachment-16290\" style=\"width: 700px\" class=\"wp-caption alignleft\"><a href=\"http:\/\/brcnews.net\/wp-content\/uploads\/2017\/02\/ETS.M\u00fclh.42.jpg\"><img loading=\"lazy\" class=\"wp-image-16290 size-full colorbox-16259\" src=\"http:\/\/brcnews.net\/wp-content\/uploads\/2017\/02\/ETS.M\u00fclh.42.jpg\" width=\"700\" height=\"311\" srcset=\"https:\/\/brcnews.net\/wp-content\/uploads\/2017\/02\/ETS.M\u00fclh.42.jpg 700w, https:\/\/brcnews.net\/wp-content\/uploads\/2017\/02\/ETS.M\u00fclh.42-300x133.jpg 300w\" sizes=\"(max-width: 700px) 100vw, 700px\" \/><\/a><figcaption id=\"caption-attachment-16290\" class=\"wp-caption-text\">Vorlaufgruppe 15 zum letzten Lauf azf dem Fahrerstand<\/figcaption><\/figure>\n<ol>\n<li>Markus Kreder \u2013 Deutschland \u2013 Awesomatix<\/li>\n<li>Olivier Bultynck \u2013 Belgien \u2013 Awesomatix<\/li>\n<li>Helge Johannessen \u2013 Norwegen \u2013 ARC<\/li>\n<li>Noah Asendorf \u2013 Schweiz \u2013 Xray<\/li>\n<li>Alexander Stocker \u2013 Deutschland \u2013 Awesomatix<\/li>\n<li>Jan Ratheisky \u2013 Deutschland \u2013 Xray<\/li>\n<li>Patrick Gassauer \u2013 Deutschland \u2013 Team Magic<\/li>\n<li>Julian Borowski \u2013 Deutschland \u2013 Serpent<\/li>\n<li>Alexandre Duchet \u2013 Frankreich \u2013 Xray<\/li>\n<li>Martin Hofer \u2013 Deutschland \u2013 Yokomo<\/li>\n<\/ol>\n<p>F\u00fcnf der zehn A-Finalisten haben bereits mindestens einen ETS-Lauf gewonnen. Alexander Stocker hat sechs Siege auf seinem Konto. Jan Ratheisky f\u00fcnf. Martin Hofer zwei Julian Borowski und Aleandre Duchet haben je ein ETS-Rennen gewonnen.<\/p>\n<p>&nbsp;<\/p>\n<hr \/>\n<h6><span style=\"text-decoration: underline; color: #008000;\">Neunte Meldung: 16:30 Uhr<\/span><\/h6>\n<h4>Pro Stock: Markus Kreder auf Startplatz eins<\/h4>\n<figure id=\"attachment_16291\" aria-describedby=\"caption-attachment-16291\" style=\"width: 700px\" class=\"wp-caption alignleft\"><a href=\"http:\/\/brcnews.net\/wp-content\/uploads\/2017\/02\/ETS.M\u00fclh.43.jpg\"><img loading=\"lazy\" class=\"wp-image-16291 size-full colorbox-16259\" src=\"http:\/\/brcnews.net\/wp-content\/uploads\/2017\/02\/ETS.M\u00fclh.43.jpg\" width=\"700\" height=\"360\" srcset=\"https:\/\/brcnews.net\/wp-content\/uploads\/2017\/02\/ETS.M\u00fclh.43.jpg 700w, https:\/\/brcnews.net\/wp-content\/uploads\/2017\/02\/ETS.M\u00fclh.43-300x154.jpg 300w\" sizes=\"(max-width: 700px) 100vw, 700px\" \/><\/a><figcaption id=\"caption-attachment-16291\" class=\"wp-caption-text\">Der Awesomatix von Markus Kreder steht morgen auf der Pole<\/figcaption><\/figure>\n<p>Markus Kreder hat es geschafft. Er startet morgen in der Klasse Pro Stock von der Pole. F\u00fcr ihn es die erste Pole in einem Lauf der Euro Touring Series. Oliver Bultynck (Awesomatix) sicherte sich mit seinem Sieg im letzten Vorlauf Startplatz zwei. Der Norweger Helge Johannessen (ARC) steht auf Startplatz drei.<\/p>\n<hr \/>\n<h6><span style=\"text-decoration: underline; color: #008000;\">Achte Meldung: 14:40 Uhr<\/span><\/h6>\n<h4>Ronald V\u00f6lker startet in Modified am Sonntagmorgen von der Pole<\/h4>\n<figure id=\"attachment_16286\" aria-describedby=\"caption-attachment-16286\" style=\"width: 700px\" class=\"wp-caption alignleft\"><a href=\"http:\/\/brcnews.net\/wp-content\/uploads\/2017\/02\/ETS.M\u00fclh.32.jpg\"><img loading=\"lazy\" class=\"wp-image-16286 size-full colorbox-16259\" src=\"http:\/\/brcnews.net\/wp-content\/uploads\/2017\/02\/ETS.M\u00fclh.32.jpg\" width=\"700\" height=\"441\" srcset=\"https:\/\/brcnews.net\/wp-content\/uploads\/2017\/02\/ETS.M\u00fclh.32.jpg 700w, https:\/\/brcnews.net\/wp-content\/uploads\/2017\/02\/ETS.M\u00fclh.32-300x189.jpg 300w\" sizes=\"(max-width: 700px) 100vw, 700px\" \/><\/a><figcaption id=\"caption-attachment-16286\" class=\"wp-caption-text\">Drei Vorlaufstarts &#8211; drei Siege. So deutlich hat Ronald V\u00f6lker (Zweiter von links) die Modifiedklasse lange nicht mehr beherrscht<\/figcaption><\/figure>\n<figure id=\"attachment_16287\" aria-describedby=\"caption-attachment-16287\" style=\"width: 700px\" class=\"wp-caption alignleft\"><a href=\"http:\/\/brcnews.net\/wp-content\/uploads\/2017\/02\/ETS.M\u00fclh.33.jpg\"><img loading=\"lazy\" class=\"wp-image-16287 size-full colorbox-16259\" src=\"http:\/\/brcnews.net\/wp-content\/uploads\/2017\/02\/ETS.M\u00fclh.33.jpg\" width=\"700\" height=\"378\" srcset=\"https:\/\/brcnews.net\/wp-content\/uploads\/2017\/02\/ETS.M\u00fclh.33.jpg 700w, https:\/\/brcnews.net\/wp-content\/uploads\/2017\/02\/ETS.M\u00fclh.33-300x162.jpg 300w\" sizes=\"(max-width: 700px) 100vw, 700px\" \/><\/a><figcaption id=\"caption-attachment-16287\" class=\"wp-caption-text\">Liegt einfach perfekt: Der Yokomo BD8 von Ronald V\u00f6lker<\/figcaption><\/figure>\n<p>Ronald V\u00f6lker startet am Sonntagmorgen von der Pole. Der Yokomofahrer gewann auch den dritten Vorlauf souver\u00e4n vor seinen Konkurrenten. Dieses Mal wurde Bruno Coelho Zweiter und schob sich damit in der Rangliste nach drei Vorl\u00e4ufen an Maec Rheinard vorbei. Auf den Pl\u00e4tzen dahinter liegen derzeit Alexander Hagberg (Xray) und Akio Sobue (Infinity).<\/p>\n<hr \/>\n<h6><span style=\"text-decoration: underline; color: #008000;\">Siebte Meldung: 14:20 Uhr<\/span><\/h6>\n<h4>Das sieht echt gut aus<\/h4>\n<figure id=\"attachment_16283\" aria-describedby=\"caption-attachment-16283\" style=\"width: 252px\" class=\"wp-caption aligncenter\"><a href=\"http:\/\/brcnews.net\/wp-content\/uploads\/2017\/02\/ETS.M\u00fclh.31.jpg\"><img loading=\"lazy\" class=\"wp-image-16283 size-medium colorbox-16259\" src=\"http:\/\/brcnews.net\/wp-content\/uploads\/2017\/02\/ETS.M\u00fclh.31-252x300.jpg\" width=\"252\" height=\"300\" srcset=\"https:\/\/brcnews.net\/wp-content\/uploads\/2017\/02\/ETS.M\u00fclh.31-252x300.jpg 252w, https:\/\/brcnews.net\/wp-content\/uploads\/2017\/02\/ETS.M\u00fclh.31.jpg 700w\" sizes=\"(max-width: 252px) 100vw, 252px\" \/><\/a><figcaption id=\"caption-attachment-16283\" class=\"wp-caption-text\">Markus Kreder<\/figcaption><\/figure>\n<p>Das sieht f\u00fcr Markus Kreder an diesem Wochenende richtig gut aus. Nach zwei Vorlaufsiegen kann nur Alexandre Duchet ihn von der Pole verdr\u00e4ngen. Der zweite Startplatz ist dem Awesomatixfahrer jetzt schon sicher.<\/p>\n<p>Der 29-j\u00e4hrige Markus Kreder widmet sich seit 2010 wieder intensiv dem RC-Car-Fahren, nachdem er davor fast zehn Jahre pausiert hatte.<\/p>\n<figure id=\"attachment_16282\" aria-describedby=\"caption-attachment-16282\" style=\"width: 700px\" class=\"wp-caption alignleft\"><a href=\"http:\/\/brcnews.net\/wp-content\/uploads\/2017\/02\/ETS.M\u00fclh.30.jpg\"><img loading=\"lazy\" class=\"wp-image-16282 size-full colorbox-16259\" src=\"http:\/\/brcnews.net\/wp-content\/uploads\/2017\/02\/ETS.M\u00fclh.30.jpg\" width=\"700\" height=\"341\" srcset=\"https:\/\/brcnews.net\/wp-content\/uploads\/2017\/02\/ETS.M\u00fclh.30.jpg 700w, https:\/\/brcnews.net\/wp-content\/uploads\/2017\/02\/ETS.M\u00fclh.30-300x146.jpg 300w\" sizes=\"(max-width: 700px) 100vw, 700px\" \/><\/a><figcaption id=\"caption-attachment-16282\" class=\"wp-caption-text\">Der Awesomatix von Markus Kreder<\/figcaption><\/figure>\n<p>Von 2012 bis 2013 war er f\u00fcr zwei Jahre Teamfahrer bei Serpent. Danach wechselte er f\u00fcr ein Jahr zu VBC Racing. Die letzten zwei Jahre war er Teamfahrer bei ARC. Jetzt ist er \u201ePrivatfahrer\u201c, wie er seine momentane Situation selbst beschreibt. Bereits letztes Jahr hat er sich den Awesomatix A800 zugelegt.<\/p>\n<hr \/>\n<h6><span style=\"text-decoration: underline; color: #008000;\">Sechste Meldung: 14:00 Uhr<\/span><\/h6>\n<h4>Formel: Andreas Stiebler f\u00fchrt<\/h4>\n<p>Der \u00d6sterreicher Andreas Stiebler (Xray) hat mit dem zweiten Sieg im dritten Vorlauf die F\u00fchrung in der Klasse Formel \u00fcbernommen. Mit 5:00,687 Minuten scheiterte er nur knapp an der 22. Runde. Die h\u00e4tte David Ehrbar geschafft, h\u00e4tte er sich in der letzten Runde keinen Fahrfehler geleistet, der ihn \u00fcber sechs Sekunden kostete. Von Platz eins fiel er auf Platz sechs zur\u00fcck. Mit einem \u00fcberragenden Lauf kann er sich aber immer noch auf Startplatz eins vorschieben. Jan Ratheisky wurde Zweiter in diesem Lauf. Er hat sich damit vorerst auf den dritten Startplatz vorgek\u00e4mpft.<\/p>\n<hr \/>\n<h6><span style=\"text-decoration: underline; color: #008000;\">F\u00fcnfte\u00a0 Meldung: 12:45 Uhr<\/span><\/h6>\n<h4>Pro Stock: Alexandre Duchet gewinnt den dritten Vorlauf<\/h4>\n<figure id=\"attachment_16278\" aria-describedby=\"caption-attachment-16278\" style=\"width: 700px\" class=\"wp-caption alignleft\"><a href=\"http:\/\/brcnews.net\/wp-content\/uploads\/2017\/02\/ETS.M\u00fclh.29.jpg\"><img loading=\"lazy\" class=\"wp-image-16278 size-full colorbox-16259\" src=\"http:\/\/brcnews.net\/wp-content\/uploads\/2017\/02\/ETS.M\u00fclh.29.jpg\" width=\"700\" height=\"337\" srcset=\"https:\/\/brcnews.net\/wp-content\/uploads\/2017\/02\/ETS.M\u00fclh.29.jpg 700w, https:\/\/brcnews.net\/wp-content\/uploads\/2017\/02\/ETS.M\u00fclh.29-300x144.jpg 300w\" sizes=\"(max-width: 700px) 100vw, 700px\" \/><\/a><figcaption id=\"caption-attachment-16278\" class=\"wp-caption-text\">Der Team Magic E4RS III plus von Patrick Gassauer l\u00e4uft auch an diesem Wochenende wieder gut. Nach drei Vorl\u00e4ufen steht er auf Startplatz f\u00fcnf und hat damit beste Aussichten wieder im A-Finale zu starten<\/figcaption><\/figure>\n<p>Alexandre Duchet (Xray) hat den dritten Vorlauf gewonnen. Er ist damit der einzige Fahrer, der Markus Kreder noch die Pole streitig machen kann. Dann muss der Franzose allerdings noch einmal zulegen, um die schnelle Zeit von Markus Kreder aus dem zweiten Vorlauf toppen zu k\u00f6nnen. In diesem Lauf verlor der Deutsche bei einem Roller viel Zeit und wann dennoch nur vier Zehntelsekunden langsamer als Alexandre Duchet.<\/p>\n<hr \/>\n<h6><span style=\"text-decoration: underline; color: #008000;\">Vierte\u00a0 Meldung: 12:00 Uhr<\/span><\/h6>\n<h4>Tolle Arbeit!<\/h4>\n<figure id=\"attachment_16276\" aria-describedby=\"caption-attachment-16276\" style=\"width: 700px\" class=\"wp-caption alignleft\"><a href=\"http:\/\/brcnews.net\/wp-content\/uploads\/2017\/02\/ETS.M\u00fclh.25x.jpg\"><img loading=\"lazy\" class=\"wp-image-16276 size-full colorbox-16259\" src=\"http:\/\/brcnews.net\/wp-content\/uploads\/2017\/02\/ETS.M\u00fclh.25x.jpg\" width=\"700\" height=\"379\" srcset=\"https:\/\/brcnews.net\/wp-content\/uploads\/2017\/02\/ETS.M\u00fclh.25x.jpg 700w, https:\/\/brcnews.net\/wp-content\/uploads\/2017\/02\/ETS.M\u00fclh.25x-300x162.jpg 300w\" sizes=\"(max-width: 700px) 100vw, 700px\" \/><\/a><figcaption id=\"caption-attachment-16276\" class=\"wp-caption-text\">Alles Handarbeit: Die Karosse von Susanne Reile<\/figcaption><\/figure>\n<figure id=\"attachment_16274\" aria-describedby=\"caption-attachment-16274\" style=\"width: 700px\" class=\"wp-caption alignleft\"><a href=\"http:\/\/brcnews.net\/wp-content\/uploads\/2017\/02\/ETS.M\u00fclh.27.jpg\"><img loading=\"lazy\" class=\"wp-image-16274 size-full colorbox-16259\" src=\"http:\/\/brcnews.net\/wp-content\/uploads\/2017\/02\/ETS.M\u00fclh.27.jpg\" width=\"700\" height=\"384\" srcset=\"https:\/\/brcnews.net\/wp-content\/uploads\/2017\/02\/ETS.M\u00fclh.27.jpg 700w, https:\/\/brcnews.net\/wp-content\/uploads\/2017\/02\/ETS.M\u00fclh.27-300x165.jpg 300w\" sizes=\"(max-width: 700px) 100vw, 700px\" \/><\/a><figcaption id=\"caption-attachment-16274\" class=\"wp-caption-text\">Vorbild f\u00fcr das Design war der Helm von Valentino Rossi<\/figcaption><\/figure>\n<p>Die Karosse f\u00e4llt auf. Susanne Reile hat sie lackiert. Alles Handarbeit. Vier Stunden brauchte sie daf\u00fcr. \u201e90 Prozent sind Airbrush, zehn Prozent sind gepinselt\u201c, sagt Susanne Reile. Das Vorbild f\u00fcr das Design lieferte ist das Helm des italienischen Motor GP-Fahrers Valentino Rossi aus dem Jahr 2011. Eine tolle Arbeit!<\/p>\n<figure id=\"attachment_16275\" aria-describedby=\"caption-attachment-16275\" style=\"width: 250px\" class=\"wp-caption aligncenter\"><a href=\"http:\/\/brcnews.net\/wp-content\/uploads\/2017\/02\/ETS.M\u00fclh.28.jpg\"><img loading=\"lazy\" class=\"wp-image-16275 size-full colorbox-16259\" src=\"http:\/\/brcnews.net\/wp-content\/uploads\/2017\/02\/ETS.M\u00fclh.28.jpg\" width=\"250\" height=\"296\" \/><\/a><figcaption id=\"caption-attachment-16275\" class=\"wp-caption-text\">Susanne Reile<\/figcaption><\/figure>\n<p>Unter der Haube verbirgt sich ein Xray X1. \u201eDie allererste Version\u201c, verr\u00e4t Susanne Reile. Sie ist mit ihrem Lebensgef\u00e4hrten Christian Sandner zum zweiten Mal bei einem ETS-Rennen. Ansonsten sind die Beiden im Tamiya Euro Cup unterwegs. Susanne Reile war 1996 zum ersten Mal beim gro\u00dfen Tamiya-Deutschland-Finale in Sonneberg dabei.<\/p>\n<hr \/>\n<h6><span style=\"text-decoration: underline; color: #008000;\">Dritte Meldung: 11:00 Uhr<\/span><\/h6>\n<h4>Souver\u00e4ner Sieg f\u00fcr Ronald V\u00f6lker<\/h4>\n<p>Der ETS-Rekordchampion Modified, Ronald V\u00f6lker, hat den zweiten Vorlauf souver\u00e4n gewonnen. Der Yokomopilot hatte am Schluss \u00fcber drei Sekunden Vorsprung vor dem Zweiten, Marc Rheinard. Beide fuhren 26 Runden. Dritter wurde Olly Jeffries. Dahinter folgten Bruno Coelho und Akio Sobue. Ronald V\u00f6lker (11,680 Sekunden) und Marc Rheinard (11,729 Sekunden) fauhren in Modified bisher auch die schnellsten Rundenzeiten.<\/p>\n<figure id=\"attachment_16270\" aria-describedby=\"caption-attachment-16270\" style=\"width: 700px\" class=\"wp-caption alignleft\"><a href=\"http:\/\/brcnews.net\/wp-content\/uploads\/2017\/02\/ETS.M\u00fclh.24.jpg\"><img loading=\"lazy\" class=\"wp-image-16270 size-full colorbox-16259\" src=\"http:\/\/brcnews.net\/wp-content\/uploads\/2017\/02\/ETS.M\u00fclh.24.jpg\" width=\"700\" height=\"331\" srcset=\"https:\/\/brcnews.net\/wp-content\/uploads\/2017\/02\/ETS.M\u00fclh.24.jpg 700w, https:\/\/brcnews.net\/wp-content\/uploads\/2017\/02\/ETS.M\u00fclh.24-300x142.jpg 300w\" sizes=\"(max-width: 700px) 100vw, 700px\" \/><\/a><figcaption id=\"caption-attachment-16270\" class=\"wp-caption-text\">Unter der Haube verbirgt sich der Prototyp von Infinity<\/figcaption><\/figure>\n<p>Marc Rheinard f\u00e4hrt zum ersten Mal in Deutschland ein Rennen mit dem auf dem SMJ basierenden Prototypen seines neuen Rennstalls Infinity. Letztes Wochenende wurde er damit beim TITC in Bangkok Zw\u00f6fter.<\/p>\n<hr \/>\n<h6><span style=\"text-decoration: underline; color: #008000;\">Zweite Meldung: 10:20 Uhr<\/span><\/h6>\n<h4>Formel: Alexander Stieber gewinnt zweiten Vorlauf<\/h4>\n<figure id=\"attachment_16267\" aria-describedby=\"caption-attachment-16267\" style=\"width: 700px\" class=\"wp-caption alignleft\"><a href=\"http:\/\/brcnews.net\/wp-content\/uploads\/2017\/02\/ETS.M\u00fclh.23.jpg\"><img loading=\"lazy\" class=\"wp-image-16267 size-full colorbox-16259\" src=\"http:\/\/brcnews.net\/wp-content\/uploads\/2017\/02\/ETS.M\u00fclh.23.jpg\" width=\"700\" height=\"283\" srcset=\"https:\/\/brcnews.net\/wp-content\/uploads\/2017\/02\/ETS.M\u00fclh.23.jpg 700w, https:\/\/brcnews.net\/wp-content\/uploads\/2017\/02\/ETS.M\u00fclh.23-300x121.jpg 300w\" sizes=\"(max-width: 700px) 100vw, 700px\" \/><\/a><figcaption id=\"caption-attachment-16267\" class=\"wp-caption-text\">Bei diesem Lauf ist nur das Haftmittel von CS zugelassen. Behandelt werden die Reifen an daf\u00fcr eingerichteten Pl\u00e4tzen<\/figcaption><\/figure>\n<p>Der \u00d6sterreiche Alexander Stieber(Xray)\u00a0 hat den zweiten Vorlauf in der Formelklasse gewonnen. Er war knapp 1,4 Sekunden schneller als David Ehrbar. Oliver Bultynck, der seit kurzem in der Formelklasse f\u00fcr Team Shepherd f\u00e4hrt, wurde Dritter. Alexander Stiebler (13,923 Sekunden) und Jan Ratheisky (13,996) sind die einzigen Fahrer, die in Formel \u00a0bisher eine Rundenzeit von unter 14 Sekunden fuhren.<\/p>\n<hr \/>\n<h6><span style=\"text-decoration: underline; color: #008000;\">Erste Meldung: 9:20 Uhr<\/span><\/h6>\n<h4>Pro Stock: Zweiter Qualifikationslauf gefahren<\/h4>\n<p>Rund 180 Fahrer waren heute Morgen schon auf der Strecke. Die Teilnehmer der Klasse Pro Stock haben bereits ihren ersten Qualifikationslauf absolviert. Die erste Gruppe startete bereits um 7:00 Uhr.<\/p>\n<figure id=\"attachment_16260\" aria-describedby=\"caption-attachment-16260\" style=\"width: 700px\" class=\"wp-caption alignleft\"><a href=\"http:\/\/brcnews.net\/wp-content\/uploads\/2017\/02\/ETS.M\u00fclh.21.jpg\"><img loading=\"lazy\" class=\"wp-image-16260 size-full colorbox-16259\" src=\"http:\/\/brcnews.net\/wp-content\/uploads\/2017\/02\/ETS.M\u00fclh.21.jpg\" width=\"700\" height=\"296\" srcset=\"https:\/\/brcnews.net\/wp-content\/uploads\/2017\/02\/ETS.M\u00fclh.21.jpg 700w, https:\/\/brcnews.net\/wp-content\/uploads\/2017\/02\/ETS.M\u00fclh.21-300x127.jpg 300w\" sizes=\"(max-width: 700px) 100vw, 700px\" \/><\/a><figcaption id=\"caption-attachment-16260\" class=\"wp-caption-text\">Niemand will sich entgehen lassen, wenn die schnellsten Fahrer auf der Strecke sind<\/figcaption><\/figure>\n<p>Markus Kreder hat auch den zweiten Vorlauf gewonnen. Dabei war er rund 2,2 Sekunden schneller als gestern. Markus Kreder, der lange f\u00fcr ARC gefahren ist, ist als \u201ePrivatfahrer\u201c mit einem einen Awesomatix A800 mit Kohlefaserchassis unterwegs. Das Auto komme ihm \u00a0sehr entgegen, sagte er nach dem Lauf. \u201eAuf jede Setup\u00e4nderung reagiert der Awesomatix wie aus dem Lehrbuch\u201c, stellte er fest. Er ist der einzige Awesomatixfahrer, der derzeit auf einem Platz der Top 10 steht<\/p>\n<p>Zweiter in diesem Lauf wurde Jan Ratheiky. Nachdem durchwachenen Ergebni au dem ersten Lauf hat er jetzt wohl da richtige Setup gefunden. Dritter in der Gesamtwertung ist Patrick Gassauer (Team Magic).<\/p>\n<div class=\"twoclick_social_bookmarks_post_16259 social_share_privacy clearfix 1.6.4 locale-de_DE sprite-de_DE\"><\/div><div class=\"twoclick-js\"><script type=\"text\/javascript\">\/* <![CDATA[ *\/\njQuery(document).ready(function($){if($('.twoclick_social_bookmarks_post_16259')){$('.twoclick_social_bookmarks_post_16259').socialSharePrivacy({\"services\":{\"facebook\":{\"status\":\"on\",\"txt_info\":\"2 Klicks f\\u00fcr mehr Datenschutz: Erst wenn Sie hier klicken, wird der Button aktiv und Sie k\\u00f6nnen Ihre Empfehlung an Facebook senden. Schon beim Aktivieren werden Daten an Dritte \\u00fcbertragen - siehe <em>i<\\\/em>.\",\"perma_option\":\"off\",\"action\":\"recommend\",\"language\":\"de_DE\"},\"twitter\":{\"reply_to\":\"\",\"tweet_text\":\"%20Euro%20Touring%20Series%202017%3A%20Zweiter%20Lauf%20in%20M%C3%BClheim-K%C3%A4rlich%20%E2%80%93%20Tag%202%20...\",\"status\":\"on\",\"txt_info\":\"2 Klicks f\\u00fcr mehr Datenschutz: Erst wenn Sie hier klicken, wird der Button aktiv und Sie k\\u00f6nnen Ihre Empfehlung an Twitter senden. Schon beim Aktivieren werden Daten an Dritte \\u00fcbertragen - siehe <em>i<\\\/em>.\",\"perma_option\":\"off\",\"language\":\"de\",\"referrer_track\":\"\"},\"gplus\":{\"status\":\"on\",\"txt_info\":\"2 Klicks f\\u00fcr mehr Datenschutz: Erst wenn Sie hier klicken, wird der Button aktiv und Sie k\\u00f6nnen Ihre Empfehlung an Google+ senden. Schon beim Aktivieren werden Daten an Dritte \\u00fcbertragen - siehe <em>i<\\\/em>.\",\"perma_option\":\"off\",\"referrer_track\":\"\"}},\"txt_help\":\"Wenn Sie diese Felder durch einen Klick aktivieren, werden Informationen an Facebook, Twitter, Flattr, Xing, t3n, LinkedIn, Pinterest oder Google eventuell ins Ausland \\u00fcbertragen und unter Umst\\u00e4nden auch dort gespeichert. N\\u00e4heres erfahren Sie durch einen Klick auf das <em>i<\\\/em>.\",\"settings_perma\":\"Dauerhaft aktivieren und Daten\\u00fcber-tragung zustimmen:\",\"info_link\":\"http:\\\/\\\/www.heise.de\\\/ct\\\/artikel\\\/2-Klicks-fuer-mehr-Datenschutz-1333879.html\",\"uri\":\"https:\\\/\\\/brcnews.net\\\/?p=16259\",\"post_id\":16259,\"post_title_referrer_track\":\"Euro+Touring+Series+2017%3A+Zweiter+Lauf+in+M%C3%BClheim-K%C3%A4rlich+%E2%80%93+Tag+2\",\"display_infobox\":\"on\"});}});\n\/* ]]> *\/<\/script><\/div>","protected":false},"excerpt":{"rendered":"<p>14.\u00a0 Meldung: 21:20 Uhr Der zweite Renntag ist zu Ende Die letzten Finale sind gefahren. Die Fahrer waren zum Schluss hochkonzentriert und haben ihr Bestes gegeben. Die Sieger der E-Finale waren Laurent Libar (Formel) aus Luxemburg. Toni Mateo aus Spanien (Pro Stock) und\u00a0\u00a0 Andreas Weyhoven (Modified).<\/p>\n","protected":false},"author":1,"featured_media":16276,"comment_status":"closed","ping_status":"open","sticky":false,"template":"","format":"standard","meta":[],"categories":[13],"tags":[73,302],"_links":{"self":[{"href":"https:\/\/brcnews.net\/index.php?rest_route=\/wp\/v2\/posts\/16259"}],"collection":[{"href":"https:\/\/brcnews.net\/index.php?rest_route=\/wp\/v2\/posts"}],"about":[{"href":"https:\/\/brcnews.net\/index.php?rest_route=\/wp\/v2\/types\/post"}],"author":[{"embeddable":true,"href":"https:\/\/brcnews.net\/index.php?rest_route=\/wp\/v2\/users\/1"}],"replies":[{"embeddable":true,"href":"https:\/\/brcnews.net\/index.php?rest_route=%2Fwp%2Fv2%2Fcomments&post=16259"}],"version-history":[{"count":27,"href":"https:\/\/brcnews.net\/index.php?rest_route=\/wp\/v2\/posts\/16259\/revisions"}],"predecessor-version":[{"id":16362,"href":"https:\/\/brcnews.net\/index.php?rest_route=\/wp\/v2\/posts\/16259\/revisions\/16362"}],"wp:featuredmedia":[{"embeddable":true,"href":"https:\/\/brcnews.net\/index.php?rest_route=\/wp\/v2\/media\/16276"}],"wp:attachment":[{"href":"https:\/\/brcnews.net\/index.php?rest_route=%2Fwp%2Fv2%2Fmedia&parent=16259"}],"wp:term":[{"taxonomy":"category","embeddable":true,"href":"https:\/\/brcnews.net\/index.php?rest_route=%2Fwp%2Fv2%2Fcategories&post=16259"},{"taxonomy":"post_tag","embeddable":true,"href":"https:\/\/brcnews.net\/index.php?rest_route=%2Fwp%2Fv2%2Ftags&post=16259"}],"curies":[{"name":"wp","href":"https:\/\/api.w.org\/{rel}","templated":true}]}}