{"id":16042,"date":"2017-02-14T18:36:14","date_gmt":"2017-02-14T16:36:14","guid":{"rendered":"http:\/\/brcnews.net\/?p=16042"},"modified":"2017-02-21T17:34:08","modified_gmt":"2017-02-21T15:34:08","slug":"team-shepherd-ruestet-sich-fuer-die-neue-saison","status":"publish","type":"post","link":"https:\/\/brcnews.net\/?p=16042","title":{"rendered":"Team Shepherd r\u00fcstet sich f\u00fcr die neue Saison"},"content":{"rendered":"<p>Team Shepherd r\u00fcstet sich f\u00fcr die neue Saison. Mit Lars Hoppe und Olivier Bultynck wechseln weitere Fahrer zum Team. W\u00e4hrend Lars Hoppe das Nitroteam verst\u00e4rkt, vertritt der Belgier Olivier Bultynck <!--more-->Team Shepherd zuk\u00fcnftig in der Formelklasse Elektro. Thilo T\u00f6dtmann war erst vor kurzem ins Team zur\u00fcckgekommen (<a href=\"http:\/\/brcnews.net\/?p=15965\">zum Bericht<\/a>).<\/p>\n<p><a href=\"http:\/\/brcnews.net\/wp-content\/uploads\/2017\/02\/Hoppe.11.jpg\"><img loading=\"lazy\" class=\"alignleft size-full wp-image-16044 colorbox-16042\" src=\"http:\/\/brcnews.net\/wp-content\/uploads\/2017\/02\/Hoppe.11.jpg\" alt=\"\" width=\"700\" height=\"410\" srcset=\"https:\/\/brcnews.net\/wp-content\/uploads\/2017\/02\/Hoppe.11.jpg 700w, https:\/\/brcnews.net\/wp-content\/uploads\/2017\/02\/Hoppe.11-300x176.jpg 300w\" sizes=\"(max-width: 700px) 100vw, 700px\" \/><\/a> Lars Hoppe startet mit dem Velox V8 in der Klasse Nitro 1:8. Die letzten zwei Jahre war er mit dem R8 von ARC auf den Rennstrecken.unterwegs. Die Motoren von Reds\u00a0 f\u00e4hrt er auch im Velox V8 WC. Er wird an allen L\u00e4ufen zur Euro Nitro Series, den Deutschen Meisterschaften und an der WM in Frankreich teilnehmen. In den Elektroklassen startet er weiter mit dem Tourenwagen von ARC.<\/p>\n<p><a href=\"http:\/\/brcnews.net\/wp-content\/uploads\/2017\/02\/Bultynck.11.jpg\"><img loading=\"lazy\" class=\"alignleft size-full wp-image-16043 colorbox-16042\" src=\"http:\/\/brcnews.net\/wp-content\/uploads\/2017\/02\/Bultynck.11.jpg\" alt=\"\" width=\"700\" height=\"410\" srcset=\"https:\/\/brcnews.net\/wp-content\/uploads\/2017\/02\/Bultynck.11.jpg 700w, https:\/\/brcnews.net\/wp-content\/uploads\/2017\/02\/Bultynck.11-300x176.jpg 300w\" sizes=\"(max-width: 700px) 100vw, 700px\" \/><\/a>Olivier Bultynck, der in der Vergangenheit bei vielen L\u00e4ufen der Euro Touring Series in der Klasse Formel 1 auf dem Podium stand, hat sich nach diversen Tests f\u00fcr den Velox F1 entschieden. Er wird bei allen noch ausstehenden ETS-L\u00e4ufen, bei der Euro und bei den belgischen Meisterschaften f\u00fcr Team Shepherd starten.<\/p>\n<div class=\"twoclick_social_bookmarks_post_16042 social_share_privacy clearfix 1.6.4 locale-de_DE sprite-de_DE\"><\/div><div class=\"twoclick-js\"><script type=\"text\/javascript\">\/* <![CDATA[ *\/\njQuery(document).ready(function($){if($('.twoclick_social_bookmarks_post_16042')){$('.twoclick_social_bookmarks_post_16042').socialSharePrivacy({\"services\":{\"facebook\":{\"status\":\"on\",\"txt_info\":\"2 Klicks f\\u00fcr mehr Datenschutz: Erst wenn Sie hier klicken, wird der Button aktiv und Sie k\\u00f6nnen Ihre Empfehlung an Facebook senden. Schon beim Aktivieren werden Daten an Dritte \\u00fcbertragen - siehe <em>i<\\\/em>.\",\"perma_option\":\"off\",\"action\":\"recommend\",\"language\":\"de_DE\"},\"twitter\":{\"reply_to\":\"\",\"tweet_text\":\"%20Team%20Shepherd%20r%C3%BCstet%20sich%20f%C3%BCr%20die%20neue%20Saison%20%C2%BB%20BRCNEWS.NET%20%23Lars%20...\",\"status\":\"on\",\"txt_info\":\"2 Klicks f\\u00fcr mehr Datenschutz: Erst wenn Sie hier klicken, wird der Button aktiv und Sie k\\u00f6nnen Ihre Empfehlung an Twitter senden. Schon beim Aktivieren werden Daten an Dritte \\u00fcbertragen - siehe <em>i<\\\/em>.\",\"perma_option\":\"off\",\"language\":\"de\",\"referrer_track\":\"\"},\"gplus\":{\"status\":\"on\",\"txt_info\":\"2 Klicks f\\u00fcr mehr Datenschutz: Erst wenn Sie hier klicken, wird der Button aktiv und Sie k\\u00f6nnen Ihre Empfehlung an Google+ senden. Schon beim Aktivieren werden Daten an Dritte \\u00fcbertragen - siehe <em>i<\\\/em>.\",\"perma_option\":\"off\",\"referrer_track\":\"\"}},\"txt_help\":\"Wenn Sie diese Felder durch einen Klick aktivieren, werden Informationen an Facebook, Twitter, Flattr, Xing, t3n, LinkedIn, Pinterest oder Google eventuell ins Ausland \\u00fcbertragen und unter Umst\\u00e4nden auch dort gespeichert. N\\u00e4heres erfahren Sie durch einen Klick auf das <em>i<\\\/em>.\",\"settings_perma\":\"Dauerhaft aktivieren und Daten\\u00fcber-tragung zustimmen:\",\"info_link\":\"http:\\\/\\\/www.heise.de\\\/ct\\\/artikel\\\/2-Klicks-fuer-mehr-Datenschutz-1333879.html\",\"uri\":\"https:\\\/\\\/brcnews.net\\\/?p=16042\",\"post_id\":16042,\"post_title_referrer_track\":\"Team+Shepherd+r%C3%BCstet+sich+f%C3%BCr+die+neue+Saison\",\"display_infobox\":\"on\"});}});\n\/* ]]> *\/<\/script><\/div>","protected":false},"excerpt":{"rendered":"<p>Team Shepherd r\u00fcstet sich f\u00fcr die neue Saison. Mit Lars Hoppe und Olivier Bultynck wechseln weitere Fahrer zum Team. W\u00e4hrend Lars Hoppe das Nitroteam verst\u00e4rkt, vertritt der Belgier Olivier Bultynck<\/p>\n","protected":false},"author":1,"featured_media":16045,"comment_status":"closed","ping_status":"open","sticky":false,"template":"","format":"standard","meta":[],"categories":[12],"tags":[529,530,69],"_links":{"self":[{"href":"https:\/\/brcnews.net\/index.php?rest_route=\/wp\/v2\/posts\/16042"}],"collection":[{"href":"https:\/\/brcnews.net\/index.php?rest_route=\/wp\/v2\/posts"}],"about":[{"href":"https:\/\/brcnews.net\/index.php?rest_route=\/wp\/v2\/types\/post"}],"author":[{"embeddable":true,"href":"https:\/\/brcnews.net\/index.php?rest_route=\/wp\/v2\/users\/1"}],"replies":[{"embeddable":true,"href":"https:\/\/brcnews.net\/index.php?rest_route=%2Fwp%2Fv2%2Fcomments&post=16042"}],"version-history":[{"count":3,"href":"https:\/\/brcnews.net\/index.php?rest_route=\/wp\/v2\/posts\/16042\/revisions"}],"predecessor-version":[{"id":16048,"href":"https:\/\/brcnews.net\/index.php?rest_route=\/wp\/v2\/posts\/16042\/revisions\/16048"}],"wp:featuredmedia":[{"embeddable":true,"href":"https:\/\/brcnews.net\/index.php?rest_route=\/wp\/v2\/media\/16045"}],"wp:attachment":[{"href":"https:\/\/brcnews.net\/index.php?rest_route=%2Fwp%2Fv2%2Fmedia&parent=16042"}],"wp:term":[{"taxonomy":"category","embeddable":true,"href":"https:\/\/brcnews.net\/index.php?rest_route=%2Fwp%2Fv2%2Fcategories&post=16042"},{"taxonomy":"post_tag","embeddable":true,"href":"https:\/\/brcnews.net\/index.php?rest_route=%2Fwp%2Fv2%2Ftags&post=16042"}],"curies":[{"name":"wp","href":"https:\/\/api.w.org\/{rel}","templated":true}]}}