{"id":14739,"date":"2016-09-25T22:02:08","date_gmt":"2016-09-25T20:02:08","guid":{"rendered":"http:\/\/brcnews.net\/?p=14739"},"modified":"2016-10-09T12:19:56","modified_gmt":"2016-10-09T10:19:56","slug":"24-stundenrennen-andernach-2016-die-siegerehrung","status":"publish","type":"post","link":"https:\/\/brcnews.net\/?p=14739","title":{"rendered":"24 Stundenrennen Andernach 2016 \u2013 Die Siegerehrung"},"content":{"rendered":"<p>Die 17. Auflage des legend\u00e4ren 24 Stundenrennens ist Geschichte. Das Team Wilde 13 hat den Klassiker nun schon zum elften Mal gewonnen. Dieses Jahr betrug der Vorsprung mit 27 Runden .\u00a0 Das siegreiche Team fuhr insgesamt 3790 Runden und legte dabei\u00a0 rund 948 Kilometer zur\u00fcck.<!--more--><\/p>\n<h5>Platz 1: Team Wilde 13 \u2013 Honda NSX \u2013 3790 Runden<\/h5>\n<figure id=\"attachment_14741\" aria-describedby=\"caption-attachment-14741\" style=\"width: 750px\" class=\"wp-caption alignleft\"><a href=\"http:\/\/brcnews.net\/wp-content\/uploads\/2016\/09\/24hAndernach.401.jpg\"><img loading=\"lazy\" class=\"wp-image-14741 size-full colorbox-14739\" src=\"http:\/\/brcnews.net\/wp-content\/uploads\/2016\/09\/24hAndernach.401.jpg\" alt=\"24handernach-401\" width=\"750\" height=\"369\" srcset=\"https:\/\/brcnews.net\/wp-content\/uploads\/2016\/09\/24hAndernach.401.jpg 750w, https:\/\/brcnews.net\/wp-content\/uploads\/2016\/09\/24hAndernach.401-300x148.jpg 300w\" sizes=\"(max-width: 750px) 100vw, 750px\" \/><\/a><figcaption id=\"caption-attachment-14741\" class=\"wp-caption-text\">Bernd Haas, Alex Piperato, Benni Maslowski, Frederik S\u00fcdhoff, Meik Niemann, Oliver Franke, Sebastian Meib\u00f6rg<\/figcaption><\/figure>\n<h5>Platz 2: Team Gensace \u2013 Ferrari 458 \u2013 3763 Runden<\/h5>\n<figure id=\"attachment_14742\" aria-describedby=\"caption-attachment-14742\" style=\"width: 750px\" class=\"wp-caption alignleft\"><a href=\"http:\/\/brcnews.net\/wp-content\/uploads\/2016\/09\/24hAndernach.402.jpg\"><img loading=\"lazy\" class=\"wp-image-14742 size-full colorbox-14739\" src=\"http:\/\/brcnews.net\/wp-content\/uploads\/2016\/09\/24hAndernach.402.jpg\" alt=\"24handernach-402\" width=\"750\" height=\"401\" srcset=\"https:\/\/brcnews.net\/wp-content\/uploads\/2016\/09\/24hAndernach.402.jpg 750w, https:\/\/brcnews.net\/wp-content\/uploads\/2016\/09\/24hAndernach.402-300x160.jpg 300w\" sizes=\"(max-width: 750px) 100vw, 750px\" \/><\/a><figcaption id=\"caption-attachment-14742\" class=\"wp-caption-text\">Teamchef: Thomas Stenger, Fahrer: Tobias Seidl, Julian Borowski, David Ehrbar, Jan Gehrig, Alexander Becker, Markus Kreder, Jan Rettke<\/figcaption><\/figure>\n<h5>Platz 3: Team Funbrush 1 \u2013 Ferrari 458 \u2013 3729 Runden<\/h5>\n<figure id=\"attachment_14743\" aria-describedby=\"caption-attachment-14743\" style=\"width: 726px\" class=\"wp-caption alignleft\"><a href=\"http:\/\/brcnews.net\/wp-content\/uploads\/2016\/09\/24hAndernach.403.jpg\"><img loading=\"lazy\" class=\"wp-image-14743 size-full colorbox-14739\" src=\"http:\/\/brcnews.net\/wp-content\/uploads\/2016\/09\/24hAndernach.403.jpg\" alt=\"24handernach-403\" width=\"726\" height=\"394\" srcset=\"https:\/\/brcnews.net\/wp-content\/uploads\/2016\/09\/24hAndernach.403.jpg 726w, https:\/\/brcnews.net\/wp-content\/uploads\/2016\/09\/24hAndernach.403-300x163.jpg 300w\" sizes=\"(max-width: 726px) 100vw, 726px\" \/><\/a><figcaption id=\"caption-attachment-14743\" class=\"wp-caption-text\">Dionys Stadler, Marco Buhmann, Marvin Schneider, Max M\u00e4chler, Patrick Strain, \u00d6zer Y\u00fcr\u00fcm, Thimo Weissbauer<\/figcaption><\/figure>\n<h5>Platz 4: Team Hangover MAC Adenau \u2013 Lexus \u2013 3684 Runden<\/h5>\n<figure id=\"attachment_14744\" aria-describedby=\"caption-attachment-14744\" style=\"width: 710px\" class=\"wp-caption alignleft\"><a href=\"http:\/\/brcnews.net\/wp-content\/uploads\/2016\/09\/24hAndernach.404.jpg\"><img loading=\"lazy\" class=\"wp-image-14744 size-full colorbox-14739\" src=\"http:\/\/brcnews.net\/wp-content\/uploads\/2016\/09\/24hAndernach.404.jpg\" alt=\"24handernach-404\" width=\"710\" height=\"422\" srcset=\"https:\/\/brcnews.net\/wp-content\/uploads\/2016\/09\/24hAndernach.404.jpg 710w, https:\/\/brcnews.net\/wp-content\/uploads\/2016\/09\/24hAndernach.404-300x178.jpg 300w\" sizes=\"(max-width: 710px) 100vw, 710px\" \/><\/a><figcaption id=\"caption-attachment-14744\" class=\"wp-caption-text\">Jens Sch\u00e4fer, Majuran Tharmalingam, Andre Sch\u00e4fer, Achim Wolf, Andreas Schuch, David Ranft, Tobias Schuch<\/figcaption><\/figure>\n<h5>Platz 5:Team Allianz Mayrhofer \u2013 Ferrari 458 \u2013 3666 Runden<\/h5>\n<figure id=\"attachment_14745\" aria-describedby=\"caption-attachment-14745\" style=\"width: 685px\" class=\"wp-caption alignleft\"><a href=\"http:\/\/brcnews.net\/wp-content\/uploads\/2016\/09\/24hAndernach.405.jpg\"><img loading=\"lazy\" class=\"wp-image-14745 size-full colorbox-14739\" src=\"http:\/\/brcnews.net\/wp-content\/uploads\/2016\/09\/24hAndernach.405.jpg\" alt=\"24handernach-405\" width=\"685\" height=\"376\" srcset=\"https:\/\/brcnews.net\/wp-content\/uploads\/2016\/09\/24hAndernach.405.jpg 685w, https:\/\/brcnews.net\/wp-content\/uploads\/2016\/09\/24hAndernach.405-300x165.jpg 300w\" sizes=\"(max-width: 685px) 100vw, 685px\" \/><\/a><figcaption id=\"caption-attachment-14745\" class=\"wp-caption-text\">Das Team: Christian St\u00f6ckl, Martin St\u00f6ckl, Bernhard Steinhauser, Markus Hemetsberg, Aaron Tursky, Markus Reiser, Mechaniker: Georg St\u00f6ckl<\/figcaption><\/figure>\n<h5>Platz 6: Team Denmark \u2013 Mercedes AMD SLS \u2013 3661 Runden<\/h5>\n<figure id=\"attachment_14746\" aria-describedby=\"caption-attachment-14746\" style=\"width: 750px\" class=\"wp-caption alignleft\"><a href=\"http:\/\/brcnews.net\/wp-content\/uploads\/2016\/09\/24hAndernach.406.jpg\"><img loading=\"lazy\" class=\"wp-image-14746 size-full colorbox-14739\" src=\"http:\/\/brcnews.net\/wp-content\/uploads\/2016\/09\/24hAndernach.406.jpg\" alt=\"24handernach-406\" width=\"750\" height=\"367\" srcset=\"https:\/\/brcnews.net\/wp-content\/uploads\/2016\/09\/24hAndernach.406.jpg 750w, https:\/\/brcnews.net\/wp-content\/uploads\/2016\/09\/24hAndernach.406-300x147.jpg 300w\" sizes=\"(max-width: 750px) 100vw, 750px\" \/><\/a><figcaption id=\"caption-attachment-14746\" class=\"wp-caption-text\">Das Team: Ole Strandlyst, Mike Hansen, Morten Iversen, Rasmus Callesen, Johnni Andersen<\/figcaption><\/figure>\n<p>&nbsp;<\/p>\n<h5>Platz 7: Team MCSS Althengstett \u2013 Ferrari 458 \u2013 3653 Runden<\/h5>\n<figure id=\"attachment_14747\" aria-describedby=\"caption-attachment-14747\" style=\"width: 750px\" class=\"wp-caption alignleft\"><a href=\"http:\/\/brcnews.net\/wp-content\/uploads\/2016\/09\/24hAndernach.407.jpg\"><img loading=\"lazy\" class=\"wp-image-14747 size-full colorbox-14739\" src=\"http:\/\/brcnews.net\/wp-content\/uploads\/2016\/09\/24hAndernach.407.jpg\" alt=\"24handernach-407\" width=\"750\" height=\"374\" srcset=\"https:\/\/brcnews.net\/wp-content\/uploads\/2016\/09\/24hAndernach.407.jpg 750w, https:\/\/brcnews.net\/wp-content\/uploads\/2016\/09\/24hAndernach.407-300x150.jpg 300w\" sizes=\"(max-width: 750px) 100vw, 750px\" \/><\/a><figcaption id=\"caption-attachment-14747\" class=\"wp-caption-text\">Das Team: Marcel Brumm, Daniel Wohlgemuth, Reiner M\u00fcrder, Robin Krull, Andreas Jensen, Frank Holz, Martin Kirchner, Mechaniker Frank Klauser<\/figcaption><\/figure>\n<h5>Platz 8: Team Siemens Energy \u2013 Audi R8 \u2013 3643 Runden<\/h5>\n<figure id=\"attachment_14748\" aria-describedby=\"caption-attachment-14748\" style=\"width: 750px\" class=\"wp-caption alignleft\"><a href=\"http:\/\/brcnews.net\/wp-content\/uploads\/2016\/09\/24hAndernach.408.jpg\"><img loading=\"lazy\" class=\"wp-image-14748 size-full colorbox-14739\" src=\"http:\/\/brcnews.net\/wp-content\/uploads\/2016\/09\/24hAndernach.408.jpg\" alt=\"24handernach-408\" width=\"750\" height=\"381\" srcset=\"https:\/\/brcnews.net\/wp-content\/uploads\/2016\/09\/24hAndernach.408.jpg 750w, https:\/\/brcnews.net\/wp-content\/uploads\/2016\/09\/24hAndernach.408-300x152.jpg 300w\" sizes=\"(max-width: 750px) 100vw, 750px\" \/><\/a><figcaption id=\"caption-attachment-14748\" class=\"wp-caption-text\">Das Team: David Drewanz, Marcel Weinreich, Tobias Schuster, Toni Rheinard, Andr\u00e9 Pribbenow, Tommy Peter<\/figcaption><\/figure>\n<h5>Platz 9: Team MRCZ Belge 1 \u2013\u2013 3632 Runden<\/h5>\n<figure id=\"attachment_14749\" aria-describedby=\"caption-attachment-14749\" style=\"width: 750px\" class=\"wp-caption alignleft\"><a href=\"http:\/\/brcnews.net\/wp-content\/uploads\/2016\/09\/24hAndernach.409.jpg\"><img loading=\"lazy\" class=\"wp-image-14749 size-full colorbox-14739\" src=\"http:\/\/brcnews.net\/wp-content\/uploads\/2016\/09\/24hAndernach.409.jpg\" alt=\"24handernach-409\" width=\"750\" height=\"332\" srcset=\"https:\/\/brcnews.net\/wp-content\/uploads\/2016\/09\/24hAndernach.409.jpg 750w, https:\/\/brcnews.net\/wp-content\/uploads\/2016\/09\/24hAndernach.409-300x133.jpg 300w\" sizes=\"(max-width: 750px) 100vw, 750px\" \/><\/a><figcaption id=\"caption-attachment-14749\" class=\"wp-caption-text\">Das Team: Pieter Saelens, Rico Claeys, Thomas Stockmann, Gregory Werniers, Mathieu Gesquiere, Thijs Dejager<\/figcaption><\/figure>\n<h5>Platz 10: Team Autoteile Preiswert \u2013 Mercedes AMG SLS \u2013 3630 Runden<\/h5>\n<figure id=\"attachment_14750\" aria-describedby=\"caption-attachment-14750\" style=\"width: 738px\" class=\"wp-caption alignleft\"><a href=\"http:\/\/brcnews.net\/wp-content\/uploads\/2016\/09\/24hAndernach.410.jpg\"><img loading=\"lazy\" class=\"wp-image-14750 size-full colorbox-14739\" src=\"http:\/\/brcnews.net\/wp-content\/uploads\/2016\/09\/24hAndernach.410.jpg\" alt=\"24handernach-410\" width=\"738\" height=\"388\" srcset=\"https:\/\/brcnews.net\/wp-content\/uploads\/2016\/09\/24hAndernach.410.jpg 738w, https:\/\/brcnews.net\/wp-content\/uploads\/2016\/09\/24hAndernach.410-300x158.jpg 300w\" sizes=\"(max-width: 738px) 100vw, 738px\" \/><\/a><figcaption id=\"caption-attachment-14750\" class=\"wp-caption-text\">Das Team: Gerd Dippel, Tobias Baumbach, Sebastian Schmidt, Christopher Helm, Volker Adams, Michael Schwickertl<\/figcaption><\/figure>\n<h5>Platz 11: Team RCT-Racing \u2013 Honda NSX \u2013 3622 Runden<\/h5>\n<figure id=\"attachment_14751\" aria-describedby=\"caption-attachment-14751\" style=\"width: 750px\" class=\"wp-caption alignleft\"><a href=\"http:\/\/brcnews.net\/wp-content\/uploads\/2016\/09\/24hAndernach.411.jpg\"><img loading=\"lazy\" class=\"wp-image-14751 size-full colorbox-14739\" src=\"http:\/\/brcnews.net\/wp-content\/uploads\/2016\/09\/24hAndernach.411.jpg\" alt=\"24handernach-411\" width=\"750\" height=\"394\" srcset=\"https:\/\/brcnews.net\/wp-content\/uploads\/2016\/09\/24hAndernach.411.jpg 750w, https:\/\/brcnews.net\/wp-content\/uploads\/2016\/09\/24hAndernach.411-300x158.jpg 300w\" sizes=\"(max-width: 750px) 100vw, 750px\" \/><\/a><figcaption id=\"caption-attachment-14751\" class=\"wp-caption-text\">Das Team: Michael Schr\u00f6der, Thomas Schr\u00f6der, Jacques Libar, Marcel Dubru, Jan Bohlen, Andre Klink, Kevin Kramer<\/figcaption><\/figure>\n<h5><\/h5>\n<h5>Platz 12: Team Mission \u2013 Mercedes AMG SLS \u2013 3613 Runden<\/h5>\n<figure id=\"attachment_14752\" aria-describedby=\"caption-attachment-14752\" style=\"width: 750px\" class=\"wp-caption alignleft\"><a href=\"http:\/\/brcnews.net\/wp-content\/uploads\/2016\/09\/24hAndernach.412.jpg\"><img loading=\"lazy\" class=\"wp-image-14752 size-full colorbox-14739\" src=\"http:\/\/brcnews.net\/wp-content\/uploads\/2016\/09\/24hAndernach.412.jpg\" alt=\"24handernach-412\" width=\"750\" height=\"387\" srcset=\"https:\/\/brcnews.net\/wp-content\/uploads\/2016\/09\/24hAndernach.412.jpg 750w, https:\/\/brcnews.net\/wp-content\/uploads\/2016\/09\/24hAndernach.412-300x155.jpg 300w\" sizes=\"(max-width: 750px) 100vw, 750px\" \/><\/a><figcaption id=\"caption-attachment-14752\" class=\"wp-caption-text\">Das Team: Andreas Schuster, Markus Bartl, Florian Bernklau, Alexander Stocker, Florian Botzenhart, Christian Prisle<\/figcaption><\/figure>\n<h5>Platz 13: Team Connection West \u2013 Mercedes AMG SLS \u2013 3565 Runden<\/h5>\n<figure id=\"attachment_14753\" aria-describedby=\"caption-attachment-14753\" style=\"width: 750px\" class=\"wp-caption alignleft\"><a href=\"http:\/\/brcnews.net\/wp-content\/uploads\/2016\/09\/24hAndernach.413.jpg\"><img loading=\"lazy\" class=\"wp-image-14753 size-full colorbox-14739\" src=\"http:\/\/brcnews.net\/wp-content\/uploads\/2016\/09\/24hAndernach.413.jpg\" alt=\"24handernach-413\" width=\"750\" height=\"420\" srcset=\"https:\/\/brcnews.net\/wp-content\/uploads\/2016\/09\/24hAndernach.413.jpg 750w, https:\/\/brcnews.net\/wp-content\/uploads\/2016\/09\/24hAndernach.413-300x168.jpg 300w\" sizes=\"(max-width: 750px) 100vw, 750px\" \/><\/a><figcaption id=\"caption-attachment-14753\" class=\"wp-caption-text\">Das Team: Markus Albrecht, Jochen M\u00fcller, Stephan Melmer, Ingo Herschbach, Max Schmitz, Sven Soltau, Sebastian M\u00fcller<\/figcaption><\/figure>\n<h5>Platz 14: Team RC Land Heilbron 2 \u2013 Audi R8 \u2013 3530 \u00a0Runden<\/h5>\n<figure id=\"attachment_14754\" aria-describedby=\"caption-attachment-14754\" style=\"width: 750px\" class=\"wp-caption alignleft\"><a href=\"http:\/\/brcnews.net\/wp-content\/uploads\/2016\/09\/24hAndernach.414.jpg\"><img loading=\"lazy\" class=\"wp-image-14754 size-full colorbox-14739\" src=\"http:\/\/brcnews.net\/wp-content\/uploads\/2016\/09\/24hAndernach.414.jpg\" alt=\"24handernach-414\" width=\"750\" height=\"385\" srcset=\"https:\/\/brcnews.net\/wp-content\/uploads\/2016\/09\/24hAndernach.414.jpg 750w, https:\/\/brcnews.net\/wp-content\/uploads\/2016\/09\/24hAndernach.414-300x154.jpg 300w\" sizes=\"(max-width: 750px) 100vw, 750px\" \/><\/a><figcaption id=\"caption-attachment-14754\" class=\"wp-caption-text\">Das Team: J\u00fcrgen Appel, Markus Holzhofer, Bernd Nottebohm, Oliver Ganzow, Maximilian Cantarero, N\u00edklas M\u00e4hrle<\/figcaption><\/figure>\n<h5>Platz 15: Team RC Land Heilbron 1 \u2013 Mercedes AMG SLS \u2013 3513 Runden<\/h5>\n<figure id=\"attachment_14755\" aria-describedby=\"caption-attachment-14755\" style=\"width: 750px\" class=\"wp-caption alignleft\"><a href=\"http:\/\/brcnews.net\/wp-content\/uploads\/2016\/09\/24hAndernach.415.jpg\"><img loading=\"lazy\" class=\"wp-image-14755 size-full colorbox-14739\" src=\"http:\/\/brcnews.net\/wp-content\/uploads\/2016\/09\/24hAndernach.415.jpg\" alt=\"24handernach-415\" width=\"750\" height=\"377\" srcset=\"https:\/\/brcnews.net\/wp-content\/uploads\/2016\/09\/24hAndernach.415.jpg 750w, https:\/\/brcnews.net\/wp-content\/uploads\/2016\/09\/24hAndernach.415-300x151.jpg 300w\" sizes=\"(max-width: 750px) 100vw, 750px\" \/><\/a><figcaption id=\"caption-attachment-14755\" class=\"wp-caption-text\">Das Team: Daniel Lautenbach, Bastian Rosenauer, Louis Kretschmer, Hartmut Rose, Johannes Weber, Deniz Tiskaya<\/figcaption><\/figure>\n<h5>Platz 16: Team Funbrush 2 \u2013 Ferrari \u2013 3411 Runden<\/h5>\n<figure id=\"attachment_14756\" aria-describedby=\"caption-attachment-14756\" style=\"width: 750px\" class=\"wp-caption alignleft\"><a href=\"http:\/\/brcnews.net\/wp-content\/uploads\/2016\/09\/24hAndernach.416.jpg\"><img loading=\"lazy\" class=\"wp-image-14756 size-full colorbox-14739\" src=\"http:\/\/brcnews.net\/wp-content\/uploads\/2016\/09\/24hAndernach.416.jpg\" alt=\"24handernach-416\" width=\"750\" height=\"423\" srcset=\"https:\/\/brcnews.net\/wp-content\/uploads\/2016\/09\/24hAndernach.416.jpg 750w, https:\/\/brcnews.net\/wp-content\/uploads\/2016\/09\/24hAndernach.416-300x169.jpg 300w\" sizes=\"(max-width: 750px) 100vw, 750px\" \/><\/a><figcaption id=\"caption-attachment-14756\" class=\"wp-caption-text\">Das Team: Dirk Endres, Elena Kolloff, Martin Baryla, Tim Roser, Jens Wieden, Cristiano Rodrigues<\/figcaption><\/figure>\n<h5>Platz 17: Team Die jungen Wilden \u2013 Audi R8 \u2013 3219 Runden<\/h5>\n<figure id=\"attachment_14757\" aria-describedby=\"caption-attachment-14757\" style=\"width: 750px\" class=\"wp-caption alignleft\"><a href=\"http:\/\/brcnews.net\/wp-content\/uploads\/2016\/09\/24hAndernach.417.jpg\"><img loading=\"lazy\" class=\"wp-image-14757 size-full colorbox-14739\" src=\"http:\/\/brcnews.net\/wp-content\/uploads\/2016\/09\/24hAndernach.417.jpg\" alt=\"24handernach-417\" width=\"750\" height=\"378\" srcset=\"https:\/\/brcnews.net\/wp-content\/uploads\/2016\/09\/24hAndernach.417.jpg 750w, https:\/\/brcnews.net\/wp-content\/uploads\/2016\/09\/24hAndernach.417-300x151.jpg 300w\" sizes=\"(max-width: 750px) 100vw, 750px\" \/><\/a><figcaption id=\"caption-attachment-14757\" class=\"wp-caption-text\">Das Team: Andreas Schmitz, Niklas Michels, Timo Spang, Dennis Klappert, Marcel K\u00f6sters, Dennis Fuchs, Marcel Facius<\/figcaption><\/figure>\n<h5>Platz 18: Team MRCZ Belge 1 \u2013 Nissa Xanavi \u2013 2777 Runden<\/h5>\n<figure id=\"attachment_14758\" aria-describedby=\"caption-attachment-14758\" style=\"width: 750px\" class=\"wp-caption alignleft\"><a href=\"http:\/\/brcnews.net\/wp-content\/uploads\/2016\/09\/24hAndernach.418.jpg\"><img loading=\"lazy\" class=\"wp-image-14758 size-full colorbox-14739\" src=\"http:\/\/brcnews.net\/wp-content\/uploads\/2016\/09\/24hAndernach.418.jpg\" alt=\"24handernach-418\" width=\"750\" height=\"409\" srcset=\"https:\/\/brcnews.net\/wp-content\/uploads\/2016\/09\/24hAndernach.418.jpg 750w, https:\/\/brcnews.net\/wp-content\/uploads\/2016\/09\/24hAndernach.418-300x164.jpg 300w\" sizes=\"(max-width: 750px) 100vw, 750px\" \/><\/a><figcaption id=\"caption-attachment-14758\" class=\"wp-caption-text\">Das Team: Teamchef Kurt Deneef, J\u00fcrgen Degryze, Kenny Almaey. Kurt Dejaegere, Pieter Muys, Nils Degryze, Mario Vanhoenacker, Michael Vanhoenacker<\/figcaption><\/figure>\n<p>&nbsp;<\/p>\n<p>Zum RennTicker geht es hier lang:<\/p>\n<ul>\n<li><a href=\"http:\/\/brcnews.net\/?p=14620\"><span class=\"item-title\">Im RennTicker: 24 Stundenrennen Andernach 2016<\/span><\/a><\/li>\n<\/ul>\n<p>&nbsp;<\/p>\n<p>&nbsp;<\/p>\n<p>&nbsp;<\/p>\n<div class=\"twoclick_social_bookmarks_post_14739 social_share_privacy clearfix 1.6.4 locale-de_DE sprite-de_DE\"><\/div><div class=\"twoclick-js\"><script type=\"text\/javascript\">\/* <![CDATA[ *\/\njQuery(document).ready(function($){if($('.twoclick_social_bookmarks_post_14739')){$('.twoclick_social_bookmarks_post_14739').socialSharePrivacy({\"services\":{\"facebook\":{\"status\":\"on\",\"txt_info\":\"2 Klicks f\\u00fcr mehr Datenschutz: Erst wenn Sie hier klicken, wird der Button aktiv und Sie k\\u00f6nnen Ihre Empfehlung an Facebook senden. Schon beim Aktivieren werden Daten an Dritte \\u00fcbertragen - siehe <em>i<\\\/em>.\",\"perma_option\":\"off\",\"action\":\"recommend\",\"language\":\"de_DE\"},\"twitter\":{\"reply_to\":\"\",\"tweet_text\":\"%2024%20Stundenrennen%20Andernach%202016%20%E2%80%93%20Die%20Siegerehrung%20%C2%BB%20BRCNEWS.NET%20...\",\"status\":\"on\",\"txt_info\":\"2 Klicks f\\u00fcr mehr Datenschutz: Erst wenn Sie hier klicken, wird der Button aktiv und Sie k\\u00f6nnen Ihre Empfehlung an Twitter senden. Schon beim Aktivieren werden Daten an Dritte \\u00fcbertragen - siehe <em>i<\\\/em>.\",\"perma_option\":\"off\",\"language\":\"de\",\"referrer_track\":\"\"},\"gplus\":{\"status\":\"on\",\"txt_info\":\"2 Klicks f\\u00fcr mehr Datenschutz: Erst wenn Sie hier klicken, wird der Button aktiv und Sie k\\u00f6nnen Ihre Empfehlung an Google+ senden. Schon beim Aktivieren werden Daten an Dritte \\u00fcbertragen - siehe <em>i<\\\/em>.\",\"perma_option\":\"off\",\"referrer_track\":\"\"}},\"txt_help\":\"Wenn Sie diese Felder durch einen Klick aktivieren, werden Informationen an Facebook, Twitter, Flattr, Xing, t3n, LinkedIn, Pinterest oder Google eventuell ins Ausland \\u00fcbertragen und unter Umst\\u00e4nden auch dort gespeichert. N\\u00e4heres erfahren Sie durch einen Klick auf das <em>i<\\\/em>.\",\"settings_perma\":\"Dauerhaft aktivieren und Daten\\u00fcber-tragung zustimmen:\",\"info_link\":\"http:\\\/\\\/www.heise.de\\\/ct\\\/artikel\\\/2-Klicks-fuer-mehr-Datenschutz-1333879.html\",\"uri\":\"https:\\\/\\\/brcnews.net\\\/?p=14739\",\"post_id\":14739,\"post_title_referrer_track\":\"24+Stundenrennen+Andernach+2016+%E2%80%93+Die+Siegerehrung\",\"display_infobox\":\"on\"});}});\n\/* ]]> *\/<\/script><\/div>","protected":false},"excerpt":{"rendered":"<p>Die 17. Auflage des legend\u00e4ren 24 Stundenrennens ist Geschichte. Das Team Wilde 13 hat den Klassiker nun schon zum elften Mal gewonnen. Dieses Jahr betrug der Vorsprung mit 27 Runden .\u00a0 Das siegreiche Team fuhr insgesamt 3790 Runden und legte dabei\u00a0 rund 948 Kilometer zur\u00fcck.<\/p>\n","protected":false},"author":1,"featured_media":14761,"comment_status":"closed","ping_status":"open","sticky":false,"template":"","format":"standard","meta":[],"categories":[16],"tags":[219,187],"_links":{"self":[{"href":"https:\/\/brcnews.net\/index.php?rest_route=\/wp\/v2\/posts\/14739"}],"collection":[{"href":"https:\/\/brcnews.net\/index.php?rest_route=\/wp\/v2\/posts"}],"about":[{"href":"https:\/\/brcnews.net\/index.php?rest_route=\/wp\/v2\/types\/post"}],"author":[{"embeddable":true,"href":"https:\/\/brcnews.net\/index.php?rest_route=\/wp\/v2\/users\/1"}],"replies":[{"embeddable":true,"href":"https:\/\/brcnews.net\/index.php?rest_route=%2Fwp%2Fv2%2Fcomments&post=14739"}],"version-history":[{"count":5,"href":"https:\/\/brcnews.net\/index.php?rest_route=\/wp\/v2\/posts\/14739\/revisions"}],"predecessor-version":[{"id":14828,"href":"https:\/\/brcnews.net\/index.php?rest_route=\/wp\/v2\/posts\/14739\/revisions\/14828"}],"wp:featuredmedia":[{"embeddable":true,"href":"https:\/\/brcnews.net\/index.php?rest_route=\/wp\/v2\/media\/14761"}],"wp:attachment":[{"href":"https:\/\/brcnews.net\/index.php?rest_route=%2Fwp%2Fv2%2Fmedia&parent=14739"}],"wp:term":[{"taxonomy":"category","embeddable":true,"href":"https:\/\/brcnews.net\/index.php?rest_route=%2Fwp%2Fv2%2Fcategories&post=14739"},{"taxonomy":"post_tag","embeddable":true,"href":"https:\/\/brcnews.net\/index.php?rest_route=%2Fwp%2Fv2%2Ftags&post=14739"}],"curies":[{"name":"wp","href":"https:\/\/api.w.org\/{rel}","templated":true}]}}