{"id":14330,"date":"2016-09-06T17:27:08","date_gmt":"2016-09-06T15:27:08","guid":{"rendered":"http:\/\/brcnews.net\/?p=14330"},"modified":"2016-09-15T16:08:33","modified_gmt":"2016-09-15T14:08:33","slug":"man-muss-prioritaeten-setzen","status":"publish","type":"post","link":"https:\/\/brcnews.net\/?p=14330","title":{"rendered":"\u201eMan muss Priorit\u00e4ten setzen\u201c"},"content":{"rendered":"<h4><strong> Clark Wohlert im Gespr\u00e4ch mit <\/strong><span style=\"color: #008000;\"><em>BRCNEWS<\/em><\/span><\/h4>\n<p>Nach vier Jahren Abstinenz feierte Clark Wohlert bei der Deutschen Meisterschaft auf dem L\u00f6wenring in Braunschweig ein erfolgreiches Comeback in der Tourenwagenklasse 1:5. Nach seinem Sieg im <!--more-->Halbfinale wurde er in einem spannenden Finallauf Dritter. Engagiert ist Clark Wohlert seit einigen Jahren in der Bikeszene.<\/p>\n<p><span style=\"color: #008000;\"><em><strong>BRCNEWS<\/strong><\/em><\/span>: Deine letzte DM in der Klasse Tourenwagen 1:5 bist du 2012 gefahren. Warum der Ausstieg damals?<\/p>\n<p><strong>Clark Wohlert<\/strong>: Ich habe damals entschieden, mich voll und ganz der 1:5er Formelszene zu widmen, da wir dort sehr erfolgreich mit unseren Roadies-Reifen unterwegs waren und auch heute noch sind. Das verlangte meine komplette Aufmerksamkeit. Hinzu kam mein Engagement in der Bikeszene. Mann kann sich halt nicht teilen und muss irgendwo die Priorit\u00e4ten setzen.<\/p>\n<h4>\u201eEinen Wiedereinstieg in Formel kann ich mir vorstellen.\u201c<\/h4>\n<figure id=\"attachment_14338\" aria-describedby=\"caption-attachment-14338\" style=\"width: 750px\" class=\"wp-caption alignleft\"><a href=\"http:\/\/brcnews.net\/wp-content\/uploads\/2016\/09\/GWC.461x.jpg\"><img loading=\"lazy\" class=\"wp-image-14338 size-full colorbox-14330\" src=\"http:\/\/brcnews.net\/wp-content\/uploads\/2016\/09\/GWC.461x.jpg\" alt=\"GWC.461x\" width=\"750\" height=\"348\" srcset=\"https:\/\/brcnews.net\/wp-content\/uploads\/2016\/09\/GWC.461x.jpg 750w, https:\/\/brcnews.net\/wp-content\/uploads\/2016\/09\/GWC.461x-300x139.jpg 300w\" sizes=\"(max-width: 750px) 100vw, 750px\" \/><\/a><figcaption id=\"caption-attachment-14338\" class=\"wp-caption-text\">Der RS5-Formel von Clark Wohlert beim Gl\u00fchweincup 2014 am Hockenheimring<\/figcaption><\/figure>\n<p><span style=\"color: #008000;\"><em><strong>BRCNEWS<\/strong><\/em><\/span>: Zur\u00fcckgezogen hast Du dich jedoch auch aus der Klasse Formel 1:5. Du blickst in dieser Klasse auf vier Deutscher Meistertitel zur\u00fcck, zwei Mal warst Du Europameister. Folgt da auch bald ein Comeback?<\/p>\n<p><strong>Clark Wohlert<\/strong>: In der Klasse Formel 1 haben wir ein gutes Fundament f\u00fcr unsere Produktlinie gelegt und daher das aktive Race-Engagement zur\u00fcckgefahren. Unsere Roadies-Reifen, Lightscale-Airbox und -Karosserie sind nach wie vor die beliebtesten und erfolgreichsten im Markt, wie auch der aktuelle Europameistertitel erneut unter Beweis gestellt hat. Dies erforderte meinen eigenen Renneinsatz nicht.<br \/>\nLeider hat die Formelkategorie national und International deutlich an Teilnehmern eingeb\u00fc\u00dft und braucht dringend neue Impulse. Sowie es meine Zeit erlaubt, und ich ein meinen Vorstellungen entsprechendes Fahrzeug als Entwicklungsplattform zur Verf\u00fcgung habe, kann ich mir einen Wiedereinstieg durchaus vorstellen<\/p>\n<h4>\u201eWir arbeiten flei\u00dfig an Verbesserungen\u201c<\/h4>\n<figure id=\"attachment_14332\" aria-describedby=\"caption-attachment-14332\" style=\"width: 200px\" class=\"wp-caption alignleft\"><a href=\"http:\/\/brcnews.net\/wp-content\/uploads\/2016\/09\/IBC.093x.jpg\"><img loading=\"lazy\" class=\"wp-image-14332 size-full colorbox-14330\" src=\"http:\/\/brcnews.net\/wp-content\/uploads\/2016\/09\/IBC.093x.jpg\" alt=\"IBC.093x\" width=\"200\" height=\"340\" srcset=\"https:\/\/brcnews.net\/wp-content\/uploads\/2016\/09\/IBC.093x.jpg 200w, https:\/\/brcnews.net\/wp-content\/uploads\/2016\/09\/IBC.093x-176x300.jpg 176w\" sizes=\"(max-width: 200px) 100vw, 200px\" \/><\/a><figcaption id=\"caption-attachment-14332\" class=\"wp-caption-text\">Clark Wohlert und seine Jabber beim IBC-Finale 2015 in Luxemburg<\/figcaption><\/figure>\n<p><span style=\"color: #008000;\"><em><strong>BRCNEWS<\/strong><\/em><\/span>: Mit der Jabber produziert deine Firma Lightscale eine der erfolgreichsten Elektrobikes. Um die Bikeklassen popul\u00e4rer zu machen, hast Du mit der International Bike Challenge (IBC) eine eigene Rennserie ins Leben gerufen. Wie geht es da weiter?<\/p>\n<p><strong>Clark Wohlert<\/strong>: Ja, das ist richtig. Wir haben f\u00fcr 2017 bereits interessante Rennstrecken f\u00fcr die IBC-Serie gebucht und planen auch Rennen in Italien, England und Frankreich. Auch die Technik entwickelt sich stets weiter, und wir arbeiten flei\u00dfig an Verbesserungen. Dabei legen wir den Fokus nicht mehr auf den Wettbewerb, sondern insbesondere darauf, das Bikefahren f\u00fcr Einsteiger attraktiver und einfacher zu gestalten.<\/p>\n<h4>\u201eBei H.A.R.M. habe ich ideale Voraussetzungen vorgefunden\u201c<\/h4>\n<p><span style=\"color: #008000;\"><em><strong>BRCNEWS<\/strong><\/em><\/span>: Bei deinem Comeback bist Du einen H.A.R.M. SX4 gefahren. H.A.R.M.-Chef J\u00f6rn Schmitt hat dich bei der DM unterst\u00fctzt. Warum das Comeback mit mit diesem Fahrzeug?<\/p>\n<p><strong>Clark Wohlert<\/strong>: Mit H.A.R.M. habe ich einen Hersteller in Deutschland, der ein offenes Ohr f\u00fcr meine Impulse hat. Bei meinem Wiedereinstieg war wichtig, dass ich intensive Unterst\u00fctzung erhielt, da sich viele Dinge und die Technik ge\u00e4ndert haben. Diese idealen Vorraussetzungen habe ich bei H.A.R.M. vorgefunden und bin nun nach drei Rennen auf aktuellem Stand und in der Lage, dem Team Etwas zur\u00fcckzugeben. Ich freue mich schon auf den H.A.R.M.-Endlauf in Saarbr\u00fccken und meinen Saisonabschluss beim Gl\u00fchweincup in Hockenheim. Die Europameisterschaft 2017 in Lostallo ist ebenfalls fest eingeplant.<\/p>\n<figure id=\"attachment_14333\" aria-describedby=\"caption-attachment-14333\" style=\"width: 750px\" class=\"wp-caption alignleft\"><img loading=\"lazy\" class=\"wp-image-14333 size-full colorbox-14330\" src=\"http:\/\/brcnews.net\/wp-content\/uploads\/2016\/09\/Wohlert.2.jpg\" alt=\"Wohlert.2\" width=\"750\" height=\"441\" srcset=\"https:\/\/brcnews.net\/wp-content\/uploads\/2016\/09\/Wohlert.2.jpg 750w, https:\/\/brcnews.net\/wp-content\/uploads\/2016\/09\/Wohlert.2-300x176.jpg 300w\" sizes=\"(max-width: 750px) 100vw, 750px\" \/><figcaption id=\"caption-attachment-14333\" class=\"wp-caption-text\">Clark Wohlert (Mitte) freut sich \u00fcber seinem Sieg im Halbfinale der DM 2016. Links daneben G\u00fcnter Honert, der in diesem Halbfinale Zweiter wurde . Rechts:\u00a0 Michael Mielke (Platz 3)<\/figcaption><\/figure>\n<h4><span style=\"color: #000000;\">\u201eWir m\u00fcssen dringend eine Eingangst\u00fcr \u00f6ffnen\u201c<\/span><\/h4>\n<p><span style=\"color: #008000;\"><em><strong>BRCNEWS<\/strong><\/em><\/span>: Du bist Bigscaler aus Leidenschaft. Wie siehst Du die Zukunft der Gro\u00dfmodelleszene?<\/p>\n<p><strong>Clark Wohlert<\/strong>: Ich bin da sehr kritisch und hoffe, dass endlich eine Einsicht bei den Regelh\u00fctern bez\u00fcglich der Hobbyklasse kommen wird. Wir m\u00fcssen mit dieser Klasse dringend eine Eingangst\u00fcr im Erdgeschoss unserer Kategorie \u00f6ffnen und denjenigen, die nicht bereit oder in der Lage sind, einen gro\u00dfen Aufwand zu betreiben, offen zu begegnen. 1:5 war immer eine Klasse, in der sich auch T\u00fcftler und Entwickler tummeln konnten und ihnen freier Lauf gew\u00e4hrt wurde. Dies soll in der Expertklasse gerne so bleiben, aber ein kosteng\u00fcnstiger Einstieg in das aktive Renngeschehen muss erm\u00f6glicht werden<\/p>\n<p><span style=\"color: #008000;\"><em><strong>BRCNEWS<\/strong><\/em><\/span>: Bei der DM in Braunschweig wurde allzu deutlich, dass es an jungen Nachwuchsfahrern in der Szene fehlt. Was m\u00fcssen der DMC, Vereine, Produzenten und Fahrer tun, damit mehr junge Fahrer den Weg in die Gro\u00dfmodellklassen finden?<\/p>\n<p><strong>Clark Wohlert<\/strong>: Wie bereits gesagt ist, hier ist der DMC gefordert ein Regelwerk auf die Beine zu stellen, welches interessierten Fahrern ohne Kostendruck die Teilnahme bei akzeptabler Chancengleicheit erm\u00f6glicht. Eine DM wie in Braunschweig ist ein Musterbeispiel f\u00fcr Werbung. Das sollte Schule machen, denn so k\u00f6nnen wir f\u00fcr unsere Sparte im RC-Car-Sport Interesse generieren.<\/p>\n<p><span style=\"color: #008000;\"><em><strong>BRCNEWS<\/strong><\/em><\/span>: Vielen Dank! Wir w\u00fcnschen dir weiter viel Erfolg.<\/p>\n<figure id=\"attachment_14334\" aria-describedby=\"caption-attachment-14334\" style=\"width: 750px\" class=\"wp-caption alignleft\"><a href=\"http:\/\/brcnews.net\/wp-content\/uploads\/2016\/09\/Wohlert.3.jpg\"><img loading=\"lazy\" class=\"wp-image-14334 size-full colorbox-14330\" src=\"http:\/\/brcnews.net\/wp-content\/uploads\/2016\/09\/Wohlert.3.jpg\" alt=\"Wohlert.3\" width=\"750\" height=\"316\" srcset=\"https:\/\/brcnews.net\/wp-content\/uploads\/2016\/09\/Wohlert.3.jpg 750w, https:\/\/brcnews.net\/wp-content\/uploads\/2016\/09\/Wohlert.3-300x126.jpg 300w\" sizes=\"(max-width: 750px) 100vw, 750px\" \/><\/a><figcaption id=\"caption-attachment-14334\" class=\"wp-caption-text\">Der H.A.R.M. von Clark Wohlert bei der DM 2016\u00a0 auf dem L\u00f6wenring in Braunschweig<\/figcaption><\/figure>\n<h6><span style=\"text-decoration: underline;\"><strong>Clark Wohlerts DM-Tourenwagen<\/strong><\/span><\/h6>\n<ul>\n<li><strong>Fahrzeug:<\/strong> H.A.R.M. SX4<\/li>\n<li><strong>Karosserie<\/strong>: Lightscale<\/li>\n<li><strong>Motor<\/strong>: H.A.R.M.<\/li>\n<li><strong>Resorohr<\/strong>: Mielke Tornado<\/li>\n<li><strong>Airbox<\/strong>: Lightscale<\/li>\n<li><strong>Reifen<\/strong>: PMT<\/li>\n<\/ul>\n<div class=\"twoclick_social_bookmarks_post_14330 social_share_privacy clearfix 1.6.4 locale-de_DE sprite-de_DE\"><\/div><div class=\"twoclick-js\"><script type=\"text\/javascript\">\/* <![CDATA[ *\/\njQuery(document).ready(function($){if($('.twoclick_social_bookmarks_post_14330')){$('.twoclick_social_bookmarks_post_14330').socialSharePrivacy({\"services\":{\"facebook\":{\"status\":\"on\",\"txt_info\":\"2 Klicks f\\u00fcr mehr Datenschutz: Erst wenn Sie hier klicken, wird der Button aktiv und Sie k\\u00f6nnen Ihre Empfehlung an Facebook senden. Schon beim Aktivieren werden Daten an Dritte \\u00fcbertragen - siehe <em>i<\\\/em>.\",\"perma_option\":\"off\",\"action\":\"recommend\",\"language\":\"de_DE\"},\"twitter\":{\"reply_to\":\"\",\"tweet_text\":\"%20%E2%80%9EMan%20muss%20Priorit%C3%A4ten%20setzen%E2%80%9C%20%C2%BB%20BRCNEWS.NET%20%23Bike%20%23Clark%20...\",\"status\":\"on\",\"txt_info\":\"2 Klicks f\\u00fcr mehr Datenschutz: Erst wenn Sie hier klicken, wird der Button aktiv und Sie k\\u00f6nnen Ihre Empfehlung an Twitter senden. Schon beim Aktivieren werden Daten an Dritte \\u00fcbertragen - siehe <em>i<\\\/em>.\",\"perma_option\":\"off\",\"language\":\"de\",\"referrer_track\":\"\"},\"gplus\":{\"status\":\"on\",\"txt_info\":\"2 Klicks f\\u00fcr mehr Datenschutz: Erst wenn Sie hier klicken, wird der Button aktiv und Sie k\\u00f6nnen Ihre Empfehlung an Google+ senden. Schon beim Aktivieren werden Daten an Dritte \\u00fcbertragen - siehe <em>i<\\\/em>.\",\"perma_option\":\"off\",\"referrer_track\":\"\"}},\"txt_help\":\"Wenn Sie diese Felder durch einen Klick aktivieren, werden Informationen an Facebook, Twitter, Flattr, Xing, t3n, LinkedIn, Pinterest oder Google eventuell ins Ausland \\u00fcbertragen und unter Umst\\u00e4nden auch dort gespeichert. N\\u00e4heres erfahren Sie durch einen Klick auf das <em>i<\\\/em>.\",\"settings_perma\":\"Dauerhaft aktivieren und Daten\\u00fcber-tragung zustimmen:\",\"info_link\":\"http:\\\/\\\/www.heise.de\\\/ct\\\/artikel\\\/2-Klicks-fuer-mehr-Datenschutz-1333879.html\",\"uri\":\"https:\\\/\\\/brcnews.net\\\/?p=14330\",\"post_id\":14330,\"post_title_referrer_track\":\"%E2%80%9EMan+muss+Priorit%C3%A4ten+setzen%E2%80%9C\",\"display_infobox\":\"on\"});}});\n\/* ]]> *\/<\/script><\/div>","protected":false},"excerpt":{"rendered":"<p>Clark Wohlert im Gespr\u00e4ch mit BRCNEWS Nach vier Jahren Abstinenz feierte Clark Wohlert bei der Deutschen Meisterschaft auf dem L\u00f6wenring in Braunschweig ein erfolgreiches Comeback in der Tourenwagenklasse 1:5. Nach seinem Sieg im<\/p>\n","protected":false},"author":1,"featured_media":14335,"comment_status":"closed","ping_status":"open","sticky":false,"template":"","format":"standard","meta":[],"categories":[41],"tags":[124,411,427,467],"_links":{"self":[{"href":"https:\/\/brcnews.net\/index.php?rest_route=\/wp\/v2\/posts\/14330"}],"collection":[{"href":"https:\/\/brcnews.net\/index.php?rest_route=\/wp\/v2\/posts"}],"about":[{"href":"https:\/\/brcnews.net\/index.php?rest_route=\/wp\/v2\/types\/post"}],"author":[{"embeddable":true,"href":"https:\/\/brcnews.net\/index.php?rest_route=\/wp\/v2\/users\/1"}],"replies":[{"embeddable":true,"href":"https:\/\/brcnews.net\/index.php?rest_route=%2Fwp%2Fv2%2Fcomments&post=14330"}],"version-history":[{"count":6,"href":"https:\/\/brcnews.net\/index.php?rest_route=\/wp\/v2\/posts\/14330\/revisions"}],"predecessor-version":[{"id":14342,"href":"https:\/\/brcnews.net\/index.php?rest_route=\/wp\/v2\/posts\/14330\/revisions\/14342"}],"wp:featuredmedia":[{"embeddable":true,"href":"https:\/\/brcnews.net\/index.php?rest_route=\/wp\/v2\/media\/14335"}],"wp:attachment":[{"href":"https:\/\/brcnews.net\/index.php?rest_route=%2Fwp%2Fv2%2Fmedia&parent=14330"}],"wp:term":[{"taxonomy":"category","embeddable":true,"href":"https:\/\/brcnews.net\/index.php?rest_route=%2Fwp%2Fv2%2Fcategories&post=14330"},{"taxonomy":"post_tag","embeddable":true,"href":"https:\/\/brcnews.net\/index.php?rest_route=%2Fwp%2Fv2%2Ftags&post=14330"}],"curies":[{"name":"wp","href":"https:\/\/api.w.org\/{rel}","templated":true}]}}