{"id":14164,"date":"2016-08-28T09:57:38","date_gmt":"2016-08-28T07:57:38","guid":{"rendered":"http:\/\/brcnews.net\/?p=14164"},"modified":"2018-08-11T17:35:21","modified_gmt":"2018-08-11T15:35:21","slug":"dm-buggy-18-nitro-2016-zweiter-lauf-in-meiningen-tag-3-finale","status":"publish","type":"post","link":"https:\/\/brcnews.net\/?p=14164","title":{"rendered":"DM Buggy 1:8 Nitro 2016 zweiter Lauf in Meiningen \u2013 Tag 3 Finale"},"content":{"rendered":"<h6><span style=\"text-decoration: underline; color: #008000;\">14. Meldung: 19:10 Uhr<\/span><\/h6>\n<h4>Die Deutschen Meister 2016<\/h4>\n<figure id=\"attachment_14222\" aria-describedby=\"caption-attachment-14222\" style=\"width: 750px\" class=\"wp-caption alignleft\"><a href=\"http:\/\/brcnews.net\/wp-content\/uploads\/2016\/08\/DMBuggyMeiningen.703jpg-2.jpg\"><img loading=\"lazy\" class=\"wp-image-14222 size-full colorbox-14164\" src=\"http:\/\/brcnews.net\/wp-content\/uploads\/2016\/08\/DMBuggyMeiningen.703jpg-2.jpg\" alt=\"DMBuggyMeiningen.703jpg\" width=\"750\" height=\"410\" srcset=\"https:\/\/brcnews.net\/wp-content\/uploads\/2016\/08\/DMBuggyMeiningen.703jpg-2.jpg 750w, https:\/\/brcnews.net\/wp-content\/uploads\/2016\/08\/DMBuggyMeiningen.703jpg-2-300x164.jpg 300w\" sizes=\"(max-width: 750px) 100vw, 750px\" \/><\/a><figcaption id=\"caption-attachment-14222\" class=\"wp-caption-text\">Deutsche Meister (von links): Micha Widmaier (Platz 3), J\u00f6rn Neumann (Platz 1) und Burak Kilic (Platz 2)<\/figcaption><\/figure>\n<p><!--more--><\/p>\n<figure id=\"attachment_14223\" aria-describedby=\"caption-attachment-14223\" style=\"width: 750px\" class=\"wp-caption alignleft\"><a href=\"http:\/\/brcnews.net\/wp-content\/uploads\/2016\/08\/DMBuggyMeiningen.704jpg-2.jpg\"><img loading=\"lazy\" class=\"wp-image-14223 size-full colorbox-14164\" src=\"http:\/\/brcnews.net\/wp-content\/uploads\/2016\/08\/DMBuggyMeiningen.704jpg-2.jpg\" alt=\"DMBuggyMeiningen.704jpg\" width=\"750\" height=\"394\" srcset=\"https:\/\/brcnews.net\/wp-content\/uploads\/2016\/08\/DMBuggyMeiningen.704jpg-2.jpg 750w, https:\/\/brcnews.net\/wp-content\/uploads\/2016\/08\/DMBuggyMeiningen.704jpg-2-300x158.jpg 300w\" sizes=\"(max-width: 750px) 100vw, 750px\" \/><\/a><figcaption id=\"caption-attachment-14223\" class=\"wp-caption-text\">Deutsche Meister Jugend (von links): Aaron M\u00fcnster (Platz 3), Micha Widmaier (Platz 1) und Sebastian Winterstein (Platz 2)<\/figcaption><\/figure>\n<figure id=\"attachment_14224\" aria-describedby=\"caption-attachment-14224\" style=\"width: 750px\" class=\"wp-caption alignleft\"><a href=\"http:\/\/brcnews.net\/wp-content\/uploads\/2016\/08\/DMBuggyMeiningen.705jpg-1.jpg\"><img loading=\"lazy\" class=\"wp-image-14224 size-full colorbox-14164\" src=\"http:\/\/brcnews.net\/wp-content\/uploads\/2016\/08\/DMBuggyMeiningen.705jpg-1.jpg\" alt=\"DMBuggyMeiningen.705jpg\" width=\"750\" height=\"360\" srcset=\"https:\/\/brcnews.net\/wp-content\/uploads\/2016\/08\/DMBuggyMeiningen.705jpg-1.jpg 750w, https:\/\/brcnews.net\/wp-content\/uploads\/2016\/08\/DMBuggyMeiningen.705jpg-1-300x144.jpg 300w\" sizes=\"(max-width: 750px) 100vw, 750px\" \/><\/a><figcaption id=\"caption-attachment-14224\" class=\"wp-caption-text\">Deutsche Meister Junioren (von links): Ilias Reise (Platz 3), Tom Sommer (Platz 1) und Berkan Kilic (Platz 2)<\/figcaption><\/figure>\n<figure id=\"attachment_14221\" aria-describedby=\"caption-attachment-14221\" style=\"width: 750px\" class=\"wp-caption alignleft\"><a href=\"http:\/\/brcnews.net\/wp-content\/uploads\/2016\/08\/DMBuggyMeiningen.701jpg-2.jpg\"><img loading=\"lazy\" class=\"wp-image-14221 size-full colorbox-14164\" src=\"http:\/\/brcnews.net\/wp-content\/uploads\/2016\/08\/DMBuggyMeiningen.701jpg-2.jpg\" alt=\"DMBuggyMeiningen.701jpg\" width=\"750\" height=\"370\" srcset=\"https:\/\/brcnews.net\/wp-content\/uploads\/2016\/08\/DMBuggyMeiningen.701jpg-2.jpg 750w, https:\/\/brcnews.net\/wp-content\/uploads\/2016\/08\/DMBuggyMeiningen.701jpg-2-300x148.jpg 300w\" sizes=\"(max-width: 750px) 100vw, 750px\" \/><\/a><figcaption id=\"caption-attachment-14221\" class=\"wp-caption-text\">Deutsche Meister 40 plus (von links): Robert Hart (Platz 3), Daniel Reckward (Platz 1) und Guido Erler (Platz 2)<\/figcaption><\/figure>\n<p>&nbsp;<\/p>\n<p>Das war\u00b4s aus Meiningen<\/p>\n<hr \/>\n<h6><span style=\"text-decoration: underline; color: #008000;\">13. Meldung: 18:50 Uhr<\/span><\/h6>\n<h4>Die Siegerehrung zweiter DM-Lauf in Meiningen<\/h4>\n<figure id=\"attachment_14220\" aria-describedby=\"caption-attachment-14220\" style=\"width: 750px\" class=\"wp-caption alignleft\"><a href=\"http:\/\/brcnews.net\/wp-content\/uploads\/2016\/08\/DMBuggyMeiningen.70.jpg\"><img loading=\"lazy\" class=\"wp-image-14220 size-full colorbox-14164\" src=\"http:\/\/brcnews.net\/wp-content\/uploads\/2016\/08\/DMBuggyMeiningen.70.jpg\" alt=\"DMBuggyMeiningen.70\" width=\"750\" height=\"489\" srcset=\"https:\/\/brcnews.net\/wp-content\/uploads\/2016\/08\/DMBuggyMeiningen.70.jpg 750w, https:\/\/brcnews.net\/wp-content\/uploads\/2016\/08\/DMBuggyMeiningen.70-300x196.jpg 300w\" sizes=\"(max-width: 750px) 100vw, 750px\" \/><\/a><figcaption id=\"caption-attachment-14220\" class=\"wp-caption-text\">Die Top 12 (von links): J\u00f6rn Neumann (Platz 3), Burak Kilic (Platz 1) und Philipp Guschl (Platz 2)<\/figcaption><\/figure>\n<figure id=\"attachment_14218\" aria-describedby=\"caption-attachment-14218\" style=\"width: 707px\" class=\"wp-caption alignleft\"><a href=\"http:\/\/brcnews.net\/wp-content\/uploads\/2016\/08\/DMBuggyMeiningen.68.jpg\"><img loading=\"lazy\" class=\"wp-image-14218 size-full colorbox-14164\" src=\"http:\/\/brcnews.net\/wp-content\/uploads\/2016\/08\/DMBuggyMeiningen.68.jpg\" alt=\"DMBuggyMeiningen.68\" width=\"707\" height=\"406\" srcset=\"https:\/\/brcnews.net\/wp-content\/uploads\/2016\/08\/DMBuggyMeiningen.68.jpg 707w, https:\/\/brcnews.net\/wp-content\/uploads\/2016\/08\/DMBuggyMeiningen.68-300x172.jpg 300w\" sizes=\"(max-width: 707px) 100vw, 707px\" \/><\/a><figcaption id=\"caption-attachment-14218\" class=\"wp-caption-text\">Die Top 3 Juniorfinale (von links): Jan Nickels (Platz 3), Tom Sommer (Platz 1) und Ilias Reise (Platz 2)<\/figcaption><\/figure>\n<figure id=\"attachment_14219\" aria-describedby=\"caption-attachment-14219\" style=\"width: 750px\" class=\"wp-caption alignleft\"><a href=\"http:\/\/brcnews.net\/wp-content\/uploads\/2016\/08\/DMBuggyMeiningen.69.jpg\"><img loading=\"lazy\" class=\"wp-image-14219 size-full colorbox-14164\" src=\"http:\/\/brcnews.net\/wp-content\/uploads\/2016\/08\/DMBuggyMeiningen.69.jpg\" alt=\"DMBuggyMeiningen.69\" width=\"750\" height=\"394\" srcset=\"https:\/\/brcnews.net\/wp-content\/uploads\/2016\/08\/DMBuggyMeiningen.69.jpg 750w, https:\/\/brcnews.net\/wp-content\/uploads\/2016\/08\/DMBuggyMeiningen.69-300x158.jpg 300w\" sizes=\"(max-width: 750px) 100vw, 750px\" \/><\/a><figcaption id=\"caption-attachment-14219\" class=\"wp-caption-text\">Die Top 3 Jugend (von links): Micha Widmaier (Platz 3), Sebastian Winterstein (Platz 1) und Aaron M\u00fcnster (Platz 2)<\/figcaption><\/figure>\n<figure id=\"attachment_14217\" aria-describedby=\"caption-attachment-14217\" style=\"width: 750px\" class=\"wp-caption alignleft\"><a href=\"http:\/\/brcnews.net\/wp-content\/uploads\/2016\/08\/DMBuggyMeiningen.67.jpg\"><img loading=\"lazy\" class=\"wp-image-14217 size-full colorbox-14164\" src=\"http:\/\/brcnews.net\/wp-content\/uploads\/2016\/08\/DMBuggyMeiningen.67.jpg\" alt=\"DMBuggyMeiningen.67\" width=\"750\" height=\"417\" srcset=\"https:\/\/brcnews.net\/wp-content\/uploads\/2016\/08\/DMBuggyMeiningen.67.jpg 750w, https:\/\/brcnews.net\/wp-content\/uploads\/2016\/08\/DMBuggyMeiningen.67-300x167.jpg 300w\" sizes=\"(max-width: 750px) 100vw, 750px\" \/><\/a><figcaption id=\"caption-attachment-14217\" class=\"wp-caption-text\">Die Top 3 in 40 plus (von links); Robert Hart (Platz 3), Daniel Reckward (Platz 1) und Guido Erler (Platz 2)<\/figcaption><\/figure>\n<h6>Jetzt folgt noch die Ehrung der Deutschen Meister<\/h6>\n<hr \/>\n<h6><span style=\"text-decoration: underline; color: #008000;\">Zw\u00f6lfte Meldung: 17:30 Uhr<\/span><\/h6>\n<h4>J\u00f6rn Neumann ist neuer Deutscher Meister<\/h4>\n<figure id=\"attachment_14204\" aria-describedby=\"caption-attachment-14204\" style=\"width: 750px\" class=\"wp-caption alignleft\"><a href=\"http:\/\/brcnews.net\/wp-content\/uploads\/2016\/08\/DMBuggyMeiningen.65.jpg\"><img loading=\"lazy\" class=\"wp-image-14204 size-full colorbox-14164\" src=\"http:\/\/brcnews.net\/wp-content\/uploads\/2016\/08\/DMBuggyMeiningen.65.jpg\" alt=\"DMBuggyMeiningen.65\" width=\"750\" height=\"453\" srcset=\"https:\/\/brcnews.net\/wp-content\/uploads\/2016\/08\/DMBuggyMeiningen.65.jpg 750w, https:\/\/brcnews.net\/wp-content\/uploads\/2016\/08\/DMBuggyMeiningen.65-300x181.jpg 300w\" sizes=\"(max-width: 750px) 100vw, 750px\" \/><\/a><figcaption id=\"caption-attachment-14204\" class=\"wp-caption-text\">Das erfolgreiche Team: Vater Neumann und Sohn J\u00f6rg<\/figcaption><\/figure>\n<p>J\u00f6rn Neumanns Erfolgserie reist nicht ab. Nach seinen Titelgewinnen bei der Buggy 4WD Elektro am vergangenen Wochenende \u2013 er gewann in Buggy 4WD und Truggy 2WD \u2013 holte er sich heute den n\u00e4chsten Titel. Sein Sieg in Sand am Main und sein dritter Platz heute reichten f\u00fcr den Gesamtsieg. Es ist sein dritter Titel in dieser Klasse nach 2009 und 2012.<\/p>\n<figure id=\"attachment_14205\" aria-describedby=\"caption-attachment-14205\" style=\"width: 750px\" class=\"wp-caption alignleft\"><a href=\"http:\/\/brcnews.net\/wp-content\/uploads\/2016\/08\/DMBuggyMeiningen.66.jpg\"><img loading=\"lazy\" class=\"wp-image-14205 size-full colorbox-14164\" src=\"http:\/\/brcnews.net\/wp-content\/uploads\/2016\/08\/DMBuggyMeiningen.66.jpg\" alt=\"DMBuggyMeiningen.66\" width=\"750\" height=\"421\" srcset=\"https:\/\/brcnews.net\/wp-content\/uploads\/2016\/08\/DMBuggyMeiningen.66.jpg 750w, https:\/\/brcnews.net\/wp-content\/uploads\/2016\/08\/DMBuggyMeiningen.66-300x168.jpg 300w\" sizes=\"(max-width: 750px) 100vw, 750px\" \/><\/a><figcaption id=\"caption-attachment-14205\" class=\"wp-caption-text\">So jubelt\u00a0 der 12-j\u00e4hrige Burak Kilic \u00fcber seinen Sieg<\/figcaption><\/figure>\n<p>Als der Rennleiter nach 40 Minuten den Lauf abwinkte, jubelte aber noch ein anderer Fahrer ausgelassen. Nach spannenden Zweik\u00e4mpfen mit Carsten Keller gewann er am Schluss das Rennen doch deutlich vor Philipp Guschl und J\u00f6rn Neumann<\/p>\n<h4>Die Top 12 in Meiningen<\/h4>\n<ol>\n<li>Burak Kilic \u2013 Agama \u2013 Bullit<\/li>\n<li>Philipp Guschl \u2013 Mugen \u2013 Ninja<\/li>\n<li>J\u00f6rn Neumann \u2013 Serpent \u2013 Maxima<\/li>\n<li>Carsten Keller \u2013 Associated \u2013 LRP<\/li>\n<li>Stefan Scheuenpflug \u2013 Associated \u2013 LRP<\/li>\n<li>Sebastian Winterstein \u2013 Mugen \u2013 Ninja<\/li>\n<li>Maik Wiesweg \u2013 Mugen \u2013 Reds<\/li>\n<li>Aaron M\u00fcnster \u2013 Kyosho \u2013 O.S.<\/li>\n<li>Micha Widmaier \u2013 Sworkz \u2013 Spower<\/li>\n<li>Daniel Reckward \u2013 Serpent &#8211; Reds<\/li>\n<li>Aaron R\u00f6nick \u2013 Associated \u2013 LRP<\/li>\n<li>Hannes K\u00e4ufler \u2013 Xray \u2013 Reds<\/li>\n<\/ol>\n<p>Die Gesamtrangliste vom Lauf in Meiningen gibt es hier:<\/p>\n<ul>\n<li><a href=\"http:\/\/brcnews.net\/wp-content\/uploads\/2016\/08\/Gesamt-Ergebnis_OR8.pdf\">Gesamtergebnis Meiningen<\/a><\/li>\n<\/ul>\n<hr \/>\n<h6><span style=\"text-decoration: underline; color: #008000;\">Elfte Meldung: 16:20 Uhr<\/span><\/h6>\n<h1>Der zweite Deutsche Meister steht auch fest<\/h1>\n<p>Daniel Reckward hat seinen im letzten Jahr gewonnenen Meistertitel erfolgreich verteidigt. Nachdem er schon den Lauf in Sand am Main gewonnen hatte, siegte er jetzt auch in Meiningen. Zweiter wurde heute Guidi Erler, Dritter Robert Hart.<\/p>\n<figure id=\"attachment_14201\" aria-describedby=\"caption-attachment-14201\" style=\"width: 220px\" class=\"wp-caption aligncenter\"><a href=\"http:\/\/brcnews.net\/wp-content\/uploads\/2016\/08\/DMBuggyMeiningen.64.jpg\"><img loading=\"lazy\" class=\"wp-image-14201  colorbox-14164\" src=\"http:\/\/brcnews.net\/wp-content\/uploads\/2016\/08\/DMBuggyMeiningen.64.jpg\" alt=\"DMBuggyMeiningen.64\" width=\"220\" height=\"346\" srcset=\"https:\/\/brcnews.net\/wp-content\/uploads\/2016\/08\/DMBuggyMeiningen.64.jpg 200w, https:\/\/brcnews.net\/wp-content\/uploads\/2016\/08\/DMBuggyMeiningen.64-190x300.jpg 190w\" sizes=\"(max-width: 220px) 100vw, 220px\" \/><\/a><figcaption id=\"caption-attachment-14201\" class=\"wp-caption-text\">Daniel Reckward hat seinen Titel erfolgreich verteidigt<\/figcaption><\/figure>\n<h6><span style=\"text-decoration: underline;\">Die Top 12 in Meiningen<\/span><\/h6>\n<ol>\n<li>Daniel Reckward \u2013 Serpent \u2013 Reds<\/li>\n<li>Guido Erler \u2013 Mugen \u2013 Ninja<\/li>\n<li>Robert Hart \u2013 Associated \u2013 LRP<\/li>\n<li>Markus Reise \u2013 Agama \u2013 O.S.<\/li>\n<li>Dirk Kichwehm \u2013 Mugen \u2013 Ninja<\/li>\n<li>Marcus Wende \u2013 Xray \u2013 Orcan<\/li>\n<li>Haroun Schobner \u2013 Mugen \u2013 Ninja<\/li>\n<li>Michael W\u00e4chter \u2013 Hot Bodies \u2013 LRP<\/li>\n<li>Markus Penzkofer- RR8 \u2013 N-Vision<\/li>\n<li>Heino M\u00fcller \u2013 Mugen \u2013 O.S.<\/li>\n<li>Chun Yeng Chan \u2013 Associated \u2013 Bullit<\/li>\n<li>Andreas Dinzinger \u2013 Kyosho \u2013 O.S.<\/li>\n<\/ol>\n<hr \/>\n<h6><span style=\"text-decoration: underline; color: #008000;\">Zehnte Meldung: 15:30 Uhr<\/span><\/h6>\n<h4>Tom Sommer ist Deutscher Juniorenmeister<\/h4>\n<figure id=\"attachment_14196\" aria-describedby=\"caption-attachment-14196\" style=\"width: 750px\" class=\"wp-caption alignleft\"><a href=\"http:\/\/brcnews.net\/wp-content\/uploads\/2016\/08\/DMBuggyMeiningen.62.jpg\"><img loading=\"lazy\" class=\"wp-image-14196 size-full colorbox-14164\" src=\"http:\/\/brcnews.net\/wp-content\/uploads\/2016\/08\/DMBuggyMeiningen.62.jpg\" alt=\"DMBuggyMeiningen.62\" width=\"750\" height=\"345\" srcset=\"https:\/\/brcnews.net\/wp-content\/uploads\/2016\/08\/DMBuggyMeiningen.62.jpg 750w, https:\/\/brcnews.net\/wp-content\/uploads\/2016\/08\/DMBuggyMeiningen.62-300x138.jpg 300w\" sizes=\"(max-width: 750px) 100vw, 750px\" \/><\/a><figcaption id=\"caption-attachment-14196\" class=\"wp-caption-text\">Auf geht\u00b4s. Jetzt m\u00fcssen die junioren 30 Minuten ran<\/figcaption><\/figure>\n<p>Der erste Deutsche Meister steht fest. Es ist Tom Sommer. Er gewann das 30-min\u00fctge Juniorenfinale. Dieser Sieg und der zweite Platz in Sand am Main reichten f\u00fcr den Gesamtsieg. Bis kurz vor Schluss sah Berkan Kilic wie der sichere Deutsche Juniorenmeister aus. Dann hatte er ein Problem mit seinem Fahrzeug. Er fiel auf Platz f\u00fcnf zur\u00fcck. Der Vizemeistertitel bleibt ihm zum Trost.<\/p>\n<figure id=\"attachment_14200\" aria-describedby=\"caption-attachment-14200\" style=\"width: 750px\" class=\"wp-caption alignleft\"><a href=\"http:\/\/brcnews.net\/wp-content\/uploads\/2016\/08\/DMBuggyMeiningen.63jpg.jpg\"><img loading=\"lazy\" class=\"wp-image-14200 size-full colorbox-14164\" src=\"http:\/\/brcnews.net\/wp-content\/uploads\/2016\/08\/DMBuggyMeiningen.63jpg.jpg\" alt=\"DMBuggyMeiningen.63jpg\" width=\"750\" height=\"523\" srcset=\"https:\/\/brcnews.net\/wp-content\/uploads\/2016\/08\/DMBuggyMeiningen.63jpg.jpg 750w, https:\/\/brcnews.net\/wp-content\/uploads\/2016\/08\/DMBuggyMeiningen.63jpg-300x209.jpg 300w\" sizes=\"(max-width: 750px) 100vw, 750px\" \/><\/a><figcaption id=\"caption-attachment-14200\" class=\"wp-caption-text\">Geschafft: Tom Sommer ist neuer Deutscher Juniorenmeister<\/figcaption><\/figure>\n<h6><span style=\"text-decoration: underline;\">Das Ergebnis des Juniorenfinales in Meiningen<br \/>\n<\/span><\/h6>\n<ol>\n<li>Tom Sommer<\/li>\n<li>Ilias Reise<\/li>\n<li>Jan Nickel<\/li>\n<li>Fynn Sommer<\/li>\n<li>Berkan Kilic<\/li>\n<li>Tim Beutel<\/li>\n<li>Fabian Wuertz<\/li>\n<li>Laurin Czypolowski<\/li>\n<li>Anastasia F\u00f6rg<\/li>\n<\/ol>\n<hr \/>\n<h6><span style=\"text-decoration: underline; color: #008000;\">Neunte Meldung: 15:00 Uhr<\/span><\/h6>\n<h4>Burak Kilic steht auf der Pole<\/h4>\n<p>Burak Kilic geht von der Pole in die Finall\u00e4ufe. Direkt hinter ihm startet Carsten Keller. Danach dann J\u00f6rn Neumann, der Sieder des ersten Laufes.<\/p>\n<h6><span style=\"text-decoration: underline;\">Startaufstellung Finale<\/span><\/h6>\n<ol>\n<li>Burak Kilic \u2013 Agama \u2013 Bullit<\/li>\n<li>Carsten Keller \u2013 Associated \u2013 LRP<\/li>\n<li>J\u00f6rn Neumann \u2013 Serpent \u2013 Maxima<\/li>\n<li>Aarom R\u00f6nick \u2013 Associated \u2013 LRP<\/li>\n<li>Philipp Guschl \u2013 Mugen \u2013 Ninja<\/li>\n<li>Hannes K\u00e4ufler \u2013 Xray \u2013 Reds<\/li>\n<li>Sebastian Winterstein \u2013 Mugen \u2013 Ninja<\/li>\n<li>Micha Wiedmaier &#8211; Sworkz &#8211; SPower<\/li>\n<li>Maik Wiesweg \u2013 Mugen \u2013 Reds<\/li>\n<li>Stefan Scheuenpflug \u2013 Associated \u2013 LRP<\/li>\n<li>Daniel Reckward \u2013 Serpent \u2013 Reds<\/li>\n<li>Aaron M\u00fcnster \u2013 Kyosho \u2013 O.S.<\/li>\n<\/ol>\n<p>Das zweite Halbfinale hat Carsten Keller gewonnen. Zweiter wurde Johannes K\u00e4ufler. Dahinter folgten Micha Widmaier, Maik Wiesweg, Stefan Scheuenpflug und Aaron M\u00fcnster.<\/p>\n<hr \/>\n<h6><span style=\"text-decoration: underline; color: #008000;\">Neunte Meldung: 14:20 Uhr<\/span><\/h6>\n<h4>Burak Kilic gewinnt das erste Halbfinale<\/h4>\n<p>Burak Kilic hat das erste Halbfinale gewonnen. In einem spannenden Rennen \u00fcber 20 Minuten setzte er sich gegen den Sieger des ersten DM-Laufes in Sand am Main, J\u00f6rn Neumann) durch. Dritter wurde Aaron R\u00f6nick;,Vierter Philipp Guschl. Den f\u00fcnften Platz\u00a0 belegte Sebastian Winterstein. Den sechsten und damit letzten Aufstiegsplatz f\u00fcr das gro\u00dfe Finale sicherte sich Daniel Reckward.<\/p>\n<hr \/>\n<h6><span style=\"text-decoration: underline; color: #008000;\">Achte Meldung: 14:10 Uhr<\/span><\/h6>\n<h4>Blick unter die Karosse: Der Hot Bodies D815<\/h4>\n<figure id=\"attachment_14188\" aria-describedby=\"caption-attachment-14188\" style=\"width: 750px\" class=\"wp-caption alignleft\"><a href=\"http:\/\/brcnews.net\/wp-content\/uploads\/2016\/08\/DMBuggyMeiningen.57.jpg\"><img loading=\"lazy\" class=\"wp-image-14188 size-full colorbox-14164\" src=\"http:\/\/brcnews.net\/wp-content\/uploads\/2016\/08\/DMBuggyMeiningen.57.jpg\" alt=\"DMBuggyMeiningen.57\" width=\"750\" height=\"434\" srcset=\"https:\/\/brcnews.net\/wp-content\/uploads\/2016\/08\/DMBuggyMeiningen.57.jpg 750w, https:\/\/brcnews.net\/wp-content\/uploads\/2016\/08\/DMBuggyMeiningen.57-300x174.jpg 300w\" sizes=\"(max-width: 750px) 100vw, 750px\" \/><\/a><figcaption id=\"caption-attachment-14188\" class=\"wp-caption-text\">Der Hot Bodies D815<\/figcaption><\/figure>\n<p>Das Auto mit dem Ty Tessmann 2014 Weltmeister wurde, der Buggy 1:8 von Hot Bodies, ist in Deutschland nur noch ganz selten im Fahrerlager zu sehen. Beim zweiten Lauf sind nur noch drei HB-Piloten am Start.<\/p>\n<h6><span style=\"text-decoration: underline;\">Kleine Bildergalerie<\/span><\/h6>\n<div id='gallery-1' class='gallery galleryid-14164 gallery-columns-3 gallery-size-thumbnail'><figure class='gallery-item'>\n\t\t\t<div class='gallery-icon landscape'>\n\t\t\t\t<a href='https:\/\/brcnews.net\/?attachment_id=14187'><img width=\"150\" height=\"150\" src=\"https:\/\/brcnews.net\/wp-content\/uploads\/2016\/08\/DMBuggyMeiningen.56-150x150.jpg\" class=\"attachment-thumbnail size-thumbnail colorbox-14164 \" alt=\"\" loading=\"lazy\" \/><\/a>\n\t\t\t<\/div><\/figure><figure class='gallery-item'>\n\t\t\t<div class='gallery-icon landscape'>\n\t\t\t\t<a href='https:\/\/brcnews.net\/?attachment_id=14191'><img width=\"150\" height=\"150\" src=\"https:\/\/brcnews.net\/wp-content\/uploads\/2016\/08\/DMBuggyMeiningen.60-150x150.jpg\" class=\"attachment-thumbnail size-thumbnail colorbox-14164 \" alt=\"\" loading=\"lazy\" \/><\/a>\n\t\t\t<\/div><\/figure><figure class='gallery-item'>\n\t\t\t<div class='gallery-icon landscape'>\n\t\t\t\t<a href='https:\/\/brcnews.net\/?attachment_id=14190'><img width=\"150\" height=\"150\" src=\"https:\/\/brcnews.net\/wp-content\/uploads\/2016\/08\/DMBuggyMeiningen.59-150x150.jpg\" class=\"attachment-thumbnail size-thumbnail colorbox-14164 \" alt=\"\" loading=\"lazy\" \/><\/a>\n\t\t\t<\/div><\/figure><figure class='gallery-item'>\n\t\t\t<div class='gallery-icon landscape'>\n\t\t\t\t<a href='https:\/\/brcnews.net\/?attachment_id=14189'><img width=\"150\" height=\"150\" src=\"https:\/\/brcnews.net\/wp-content\/uploads\/2016\/08\/DMBuggyMeiningen.58-150x150.jpg\" class=\"attachment-thumbnail size-thumbnail colorbox-14164 \" alt=\"\" loading=\"lazy\" \/><\/a>\n\t\t\t<\/div><\/figure><figure class='gallery-item'>\n\t\t\t<div class='gallery-icon landscape'>\n\t\t\t\t<a href='https:\/\/brcnews.net\/?attachment_id=14192'><img width=\"150\" height=\"150\" src=\"https:\/\/brcnews.net\/wp-content\/uploads\/2016\/08\/DMBuggyMeiningen.61-150x150.jpg\" class=\"attachment-thumbnail size-thumbnail colorbox-14164 \" alt=\"\" loading=\"lazy\" \/><\/a>\n\t\t\t<\/div><\/figure><figure class='gallery-item'>\n\t\t\t<div class='gallery-icon landscape'>\n\t\t\t\t<a href='https:\/\/brcnews.net\/?attachment_id=14188'><img width=\"150\" height=\"150\" src=\"https:\/\/brcnews.net\/wp-content\/uploads\/2016\/08\/DMBuggyMeiningen.57-150x150.jpg\" class=\"attachment-thumbnail size-thumbnail colorbox-14164 \" alt=\"\" loading=\"lazy\" \/><\/a>\n\t\t\t<\/div><\/figure>\n\t\t<\/div>\n\n<p>Einer davon istMarkus Dirks. Er f\u00e4hrt den D815 seit rund zwei Jahren und hat ihn zuletzt auf die neueste Version, den V2, aufger\u00fcstet. Darin sind neben dem normalen Komplett-Bausatz etliche Tuningteile, die sonst nur optional erh\u00e4ltlich waren, enthalten. So unter anderem das um vier Millimeter l\u00e4ngere Chassis. Markus Dirks hat in seinen Buggy einen Motor von O.S. eingebaut.<\/p>\n<hr \/>\n<h6><span style=\"text-decoration: underline; color: #008000;\">Siebte Meldung: 13:50 Uhr<\/span><\/h6>\n<h4>Die Aufr\u00fccker aus dem Viertelfinale<\/h4>\n<p>Die Sieger der Viertelfinale fahren jetzt im Halbfinale mit um den Einzug ins gro\u00dfe Finale. Aus dem Viertelfinale B dazugekommen sind: Rene K\u00f6nig (Mugen\/Ninja), Luca Kruger, Julian Heitjan (Durango\/O.S.) und Jan Sievert (Mugen\/Reds). Ins Halbfinale A r\u00fccken auf Lukas Strothmann (Mugen\/Reds), Steven Sch\u00f6ninger, Markus Metsch (Agama\/Bullit) und Jan Siewert. Markus Metsch und auch Julian Heitjan sind bereits vom 1\/8-Finale ins Viertelfinale aufgestiegen<\/p>\n<hr \/>\n<h6><span style=\"text-decoration: underline; color: #008000;\">Sechste Meldung: 13:10 Uhr<\/span><\/h6>\n<h4>Achtelfinale beendet<\/h4>\n<p>Die Rennleitung spult \u2013 wie im Zeitplan vorgesehen \u2013 Finale f\u00fcr Finale runter. Jetzt sind die Halbfinalisten zum Training auf der Strecke. Danach starten dann die Viertelfinale.<\/p>\n<figure id=\"attachment_14181\" aria-describedby=\"caption-attachment-14181\" style=\"width: 750px\" class=\"wp-caption alignleft\"><a href=\"http:\/\/brcnews.net\/wp-content\/uploads\/2016\/08\/DMBuggyMeiningen.47.jpg\"><img loading=\"lazy\" class=\"wp-image-14181 size-full colorbox-14164\" src=\"http:\/\/brcnews.net\/wp-content\/uploads\/2016\/08\/DMBuggyMeiningen.47.jpg\" alt=\"DMBuggyMeiningen.47\" width=\"750\" height=\"409\" srcset=\"https:\/\/brcnews.net\/wp-content\/uploads\/2016\/08\/DMBuggyMeiningen.47.jpg 750w, https:\/\/brcnews.net\/wp-content\/uploads\/2016\/08\/DMBuggyMeiningen.47-300x164.jpg 300w\" sizes=\"(max-width: 750px) 100vw, 750px\" \/><\/a><figcaption id=\"caption-attachment-14181\" class=\"wp-caption-text\">Das Fahrzeug \u00fcberschl\u00e4gt sich und bliebt hinter dem Sprung auf dem dach liegen.<\/figcaption><\/figure>\n<figure id=\"attachment_14182\" aria-describedby=\"caption-attachment-14182\" style=\"width: 750px\" class=\"wp-caption alignleft\"><a href=\"http:\/\/brcnews.net\/wp-content\/uploads\/2016\/08\/DMBuggyMeiningen.48.jpg\"><img loading=\"lazy\" class=\"wp-image-14182 size-full colorbox-14164\" src=\"http:\/\/brcnews.net\/wp-content\/uploads\/2016\/08\/DMBuggyMeiningen.48.jpg\" alt=\"DMBuggyMeiningen.48\" width=\"750\" height=\"473\" srcset=\"https:\/\/brcnews.net\/wp-content\/uploads\/2016\/08\/DMBuggyMeiningen.48.jpg 750w, https:\/\/brcnews.net\/wp-content\/uploads\/2016\/08\/DMBuggyMeiningen.48-300x189.jpg 300w\" sizes=\"(max-width: 750px) 100vw, 750px\" \/><\/a><figcaption id=\"caption-attachment-14182\" class=\"wp-caption-text\">Der Helfer ist schnell unterwegs, um das Fahrzeug wieder auf die R\u00e4der zu stellen<\/figcaption><\/figure>\n<p>Aufgestiegen sind aus dem Achelfinale A Nico Caspari (Mugen\/Ninja), Phillip Gabler (Agama\/Bullit), Markus Metsch (Agama\/Bullit) und Fabian Hinderer (Associated\/O.S.). Aus dem Achtekfinale B steigen Florian Kaczmarek (Associated\/LRP), Maximilian Kempchen (Mugen\/Ninja) Jannis Dammers (Agama\/Bullit) und Julian Heitjan (Durango\/O.S.) ins Viertelfinale auf.<\/p>\n<p>In den Finall\u00e4ufen m\u00fcssen die Fahrzeuge nachgetankt werden. Eine Tankf\u00fcllung reicht normal zwischen sieben und neun Minuten Fahrzeit.<\/p>\n<hr \/>\n<h6><span style=\"text-decoration: underline; color: #008000;\">F\u00fcnfte Meldung: 12:30 Uhr<\/span><\/h6>\n<h4>Familie Kilic \u2013 ein Leben f\u00fcr den RC-Car-Sport<\/h4>\n<figure id=\"attachment_14177\" aria-describedby=\"caption-attachment-14177\" style=\"width: 750px\" class=\"wp-caption alignleft\"><a href=\"http:\/\/brcnews.net\/wp-content\/uploads\/2016\/08\/DMBuggyMeiningen.45.jpg\"><img loading=\"lazy\" class=\"wp-image-14177 size-full colorbox-14164\" src=\"http:\/\/brcnews.net\/wp-content\/uploads\/2016\/08\/DMBuggyMeiningen.45.jpg\" alt=\"DMBuggyMeiningen.45\" width=\"750\" height=\"466\" srcset=\"https:\/\/brcnews.net\/wp-content\/uploads\/2016\/08\/DMBuggyMeiningen.45.jpg 750w, https:\/\/brcnews.net\/wp-content\/uploads\/2016\/08\/DMBuggyMeiningen.45-300x186.jpg 300w\" sizes=\"(max-width: 750px) 100vw, 750px\" \/><\/a><figcaption id=\"caption-attachment-14177\" class=\"wp-caption-text\">Begeisterte RC-Car-Fans (von links): Abdullah, Burak, Selma und Berkan Kilic<\/figcaption><\/figure>\n<p>Sie halten zusammen. Sie sind immer gemeinsam unterwegs. Bei den Rennen dreht sich alles um die beiden S\u00f6hne Burak (12 Jahre) und Berkan (10 Jahre). Beide geh\u00f6ren bereits jetzt zu den besten Fahrern in der Klasse Buggy 1:8 Nitro. Burak wurde dieses Jahr bei der EM in Spanien Europajuniorenmeister. Berkan hat beim ersten Lauf zur DM in Sand am Main das Juniorenfinale gewonnen. Er hat also beste Chancen, sich den Titel in Meiningen zu sichern.<\/p>\n<p>Harte Arbeit bedeuten die Rennen f\u00fcr Vater Abdullah. Er muss sich um die Fahrzeuge der beiden S\u00f6hne k\u00fcmmern. Mit der Wartung, den Rennvorbereitungen und den Setuparbeiten hat er ausreichend zu tun. Wer ihn bei seiner Arbeit beobachtet sieht, Abdullah Kilic kennt sich damit bestens aus.<\/p>\n<p>Heute m\u00fcssen Berkan und Burak erst wieder im Halbfinale auf die Strecke. Beide starten im gleichen Lauf. Berkan startet dann auch noch im Juniorenfinale. Schlie\u00dflich hat er beste Voraussetzungen, den Meistertitel zu gewinnen.<\/p>\n<p>Burak Kilic war im Jahr 2014 Deutscher Meister in der Klasse Truggy 1:8 Verbrenner. Die DM fand damals hier in Meiningen statt.<\/p>\n<hr \/>\n<h6><span style=\"text-decoration: underline; color: #008000;\">Vierte Meldung: 12:00 Uhr<\/span><\/h6>\n<h4>Tim Hinderer und Sven Braziak gewinnen ihre Finale<\/h4>\n<p>Tim Hinderer und Sven Braziak haben \u00a0ihre 1\/16-Finale gewonnen und steigen damit wie Matthias Lofski, Markus Reise und Thorsten Kettner (alle 1\/16 A-Finale) sowie Dirk Kichwehm, Laurin Czypulowski und Jannis Dammers (alle 1\/16 B-Finale) in das jeweilige Achtelfinale auf.<\/p>\n<hr \/>\n<h6><span style=\"text-decoration: underline; color: #008000;\">Dritte Meldung: 10:20 Uhr<\/span><\/h6>\n<h4>Stefan Bauer und Markus Dirks weiter aufgestiegen<\/h4>\n<figure id=\"attachment_14173\" aria-describedby=\"caption-attachment-14173\" style=\"width: 750px\" class=\"wp-caption alignleft\"><a href=\"http:\/\/brcnews.net\/wp-content\/uploads\/2016\/08\/DMBuggyMeiningen.44.jpg\"><img loading=\"lazy\" class=\"wp-image-14173 size-full colorbox-14164\" src=\"http:\/\/brcnews.net\/wp-content\/uploads\/2016\/08\/DMBuggyMeiningen.44.jpg\" alt=\"DMBuggyMeiningen.44\" width=\"750\" height=\"276\" srcset=\"https:\/\/brcnews.net\/wp-content\/uploads\/2016\/08\/DMBuggyMeiningen.44.jpg 750w, https:\/\/brcnews.net\/wp-content\/uploads\/2016\/08\/DMBuggyMeiningen.44-300x110.jpg 300w\" sizes=\"(max-width: 750px) 100vw, 750px\" \/><\/a><figcaption id=\"caption-attachment-14173\" class=\"wp-caption-text\">Aus der Startphase des 1\/32A-Finale<\/figcaption><\/figure>\n<p>Markus Dirks als Dritter und Stefan Bauer als Vierter sind im 1:32 A-Finale nun weiter auf gestiegen in das 1\/16er Finale. Die weiteren Aufsteiger aus diesem Finale sind Stefan Reimers (Xray\/FX) und Haroun Schobner (Mugen\/Ninja).<\/p>\n<p>Die ersten vier Pl\u00e4tze im 1\/32 \u00a0 B-Finale belegten Christian Bessler (Associated\/Novarossi), Chun Yeng Chan (Associated\/Bulit), Guido Erler (Mugen\/Ninja) und Jan Nickels (Mugen\/Ninja).<\/p>\n<hr \/>\n<h6><span style=\"text-decoration: underline; color: #008000;\">Zweite Meldung: 10:30 Uhr<\/span><\/h6>\n<h4>Die Aufsteiger aus den 1\/64er Finale<\/h4>\n<p>Die Aufsteiger aus dem 1\/64 B-Finale sind: Konrad Schmid (Mugen\/Reds), Kerstin Bessler (Associated\/Novarossi), Sebastian Gerstenberg (Mugen\/O.S.) und Bj\u00f6rn Siewert (Soar\/Bullit). Die ersten Vier aus dem 1\/64 A-Finale: Markus Dirks (Hot Bodies), Fynn Sommer, Daniel Bliefert (Agama\/Bullit) und Jonas Bauer (Grupner\/O.S.). Die unteren Finale bis zum Viertelfinale werden 15 Minuten gefahren.<\/p>\n<hr \/>\n<h6><span style=\"text-decoration: underline; color: #008000;\">Erste Meldung: 9:45 Uhr<\/span><\/h6>\n<h4>Die ersten Finale sind gefahren<\/h4>\n<figure id=\"attachment_14165\" aria-describedby=\"caption-attachment-14165\" style=\"width: 750px\" class=\"wp-caption alignleft\"><a href=\"http:\/\/brcnews.net\/wp-content\/uploads\/2016\/08\/DMBuggyMeiningen.41.jpg\"><img loading=\"lazy\" class=\"wp-image-14165 size-full colorbox-14164\" src=\"http:\/\/brcnews.net\/wp-content\/uploads\/2016\/08\/DMBuggyMeiningen.41.jpg\" alt=\"DMBuggyMeiningen.41\" width=\"750\" height=\"440\" srcset=\"https:\/\/brcnews.net\/wp-content\/uploads\/2016\/08\/DMBuggyMeiningen.41.jpg 750w, https:\/\/brcnews.net\/wp-content\/uploads\/2016\/08\/DMBuggyMeiningen.41-300x176.jpg 300w\" sizes=\"(max-width: 750px) 100vw, 750px\" \/><\/a><figcaption id=\"caption-attachment-14165\" class=\"wp-caption-text\">Mike Sch\u00f6ning schied leider als F\u00fcnfter im 1\/128A-Finale aus<\/figcaption><\/figure>\n<p>P\u00fcnktlich um 9:00 Uhr startete die Rennleitung heute Morgen das erste Finale. Die Fahrer der beiden 1\/128-Finale mussten auf die Strecke. Aus dem 1\/128 B-Finale steigen Thomas Sonderbrink (Serpent\/Ninja) , Stephan Bauer (JQ-LV\/Ninja). Markus Bierholz (Mugen\/LRP) und Thomas Schrumm (Agama\/Bullit) auf. Aus dem 1\/128 A-Finale kommen Oliver Tonn (Hor Bodies\/O.S.), Nikola Dragicevic, Sebastian Fenske und Hans-Peter Bock weiter.<\/p>\n<p><a href=\"http:\/\/brcnews.net\/wp-content\/uploads\/2016\/08\/tischhusse3x.jpg\"><img loading=\"lazy\" class=\"alignleft size-full wp-image-13505 colorbox-14164\" src=\"http:\/\/brcnews.net\/wp-content\/uploads\/2016\/08\/tischhusse3x.jpg\" alt=\"tischhusse3x\" width=\"750\" height=\"217\" srcset=\"https:\/\/brcnews.net\/wp-content\/uploads\/2016\/08\/tischhusse3x.jpg 750w, https:\/\/brcnews.net\/wp-content\/uploads\/2016\/08\/tischhusse3x-300x87.jpg 300w\" sizes=\"(max-width: 750px) 100vw, 750px\" \/><\/a><\/p>\n<p>&nbsp;<\/p>\n<p>&nbsp;<\/p>\n<div class=\"twoclick_social_bookmarks_post_14164 social_share_privacy clearfix 1.6.4 locale-de_DE sprite-de_DE\"><\/div><div class=\"twoclick-js\"><script type=\"text\/javascript\">\/* <![CDATA[ *\/\njQuery(document).ready(function($){if($('.twoclick_social_bookmarks_post_14164')){$('.twoclick_social_bookmarks_post_14164').socialSharePrivacy({\"services\":{\"facebook\":{\"status\":\"on\",\"txt_info\":\"2 Klicks f\\u00fcr mehr Datenschutz: Erst wenn Sie hier klicken, wird der Button aktiv und Sie k\\u00f6nnen Ihre Empfehlung an Facebook senden. Schon beim Aktivieren werden Daten an Dritte \\u00fcbertragen - siehe <em>i<\\\/em>.\",\"perma_option\":\"off\",\"action\":\"recommend\",\"language\":\"de_DE\"},\"twitter\":{\"reply_to\":\"\",\"tweet_text\":\"%20DM%20Buggy%201%3A8%20Nitro%202016%20zweiter%20Lauf%20in%20Meiningen%20%E2%80%93%20Tag%203%20Finale%20%C2%BB%20...\",\"status\":\"on\",\"txt_info\":\"2 Klicks f\\u00fcr mehr Datenschutz: Erst wenn Sie hier klicken, wird der Button aktiv und Sie k\\u00f6nnen Ihre Empfehlung an Twitter senden. Schon beim Aktivieren werden Daten an Dritte \\u00fcbertragen - siehe <em>i<\\\/em>.\",\"perma_option\":\"off\",\"language\":\"de\",\"referrer_track\":\"\"},\"gplus\":{\"status\":\"on\",\"txt_info\":\"2 Klicks f\\u00fcr mehr Datenschutz: Erst wenn Sie hier klicken, wird der Button aktiv und Sie k\\u00f6nnen Ihre Empfehlung an Google+ senden. Schon beim Aktivieren werden Daten an Dritte \\u00fcbertragen - siehe <em>i<\\\/em>.\",\"perma_option\":\"off\",\"referrer_track\":\"\"}},\"txt_help\":\"Wenn Sie diese Felder durch einen Klick aktivieren, werden Informationen an Facebook, Twitter, Flattr, Xing, t3n, LinkedIn, Pinterest oder Google eventuell ins Ausland \\u00fcbertragen und unter Umst\\u00e4nden auch dort gespeichert. N\\u00e4heres erfahren Sie durch einen Klick auf das <em>i<\\\/em>.\",\"settings_perma\":\"Dauerhaft aktivieren und Daten\\u00fcber-tragung zustimmen:\",\"info_link\":\"http:\\\/\\\/www.heise.de\\\/ct\\\/artikel\\\/2-Klicks-fuer-mehr-Datenschutz-1333879.html\",\"uri\":\"https:\\\/\\\/brcnews.net\\\/?p=14164\",\"post_id\":14164,\"post_title_referrer_track\":\"DM+Buggy+1%3A8+Nitro+2016+zweiter+Lauf+in+Meiningen+%E2%80%93+Tag+3+Finale\",\"display_infobox\":\"on\"});}});\n\/* ]]> *\/<\/script><\/div>","protected":false},"excerpt":{"rendered":"<p>14. Meldung: 19:10 Uhr Die Deutschen Meister 2016<\/p>\n","protected":false},"author":1,"featured_media":14166,"comment_status":"closed","ping_status":"open","sticky":false,"template":"","format":"standard","meta":[],"categories":[13],"tags":[435,53,459],"_links":{"self":[{"href":"https:\/\/brcnews.net\/index.php?rest_route=\/wp\/v2\/posts\/14164"}],"collection":[{"href":"https:\/\/brcnews.net\/index.php?rest_route=\/wp\/v2\/posts"}],"about":[{"href":"https:\/\/brcnews.net\/index.php?rest_route=\/wp\/v2\/types\/post"}],"author":[{"embeddable":true,"href":"https:\/\/brcnews.net\/index.php?rest_route=\/wp\/v2\/users\/1"}],"replies":[{"embeddable":true,"href":"https:\/\/brcnews.net\/index.php?rest_route=%2Fwp%2Fv2%2Fcomments&post=14164"}],"version-history":[{"count":30,"href":"https:\/\/brcnews.net\/index.php?rest_route=\/wp\/v2\/posts\/14164\/revisions"}],"predecessor-version":[{"id":20528,"href":"https:\/\/brcnews.net\/index.php?rest_route=\/wp\/v2\/posts\/14164\/revisions\/20528"}],"wp:featuredmedia":[{"embeddable":true,"href":"https:\/\/brcnews.net\/index.php?rest_route=\/wp\/v2\/media\/14166"}],"wp:attachment":[{"href":"https:\/\/brcnews.net\/index.php?rest_route=%2Fwp%2Fv2%2Fmedia&parent=14164"}],"wp:term":[{"taxonomy":"category","embeddable":true,"href":"https:\/\/brcnews.net\/index.php?rest_route=%2Fwp%2Fv2%2Fcategories&post=14164"},{"taxonomy":"post_tag","embeddable":true,"href":"https:\/\/brcnews.net\/index.php?rest_route=%2Fwp%2Fv2%2Ftags&post=14164"}],"curies":[{"name":"wp","href":"https:\/\/api.w.org\/{rel}","templated":true}]}}