{"id":13954,"date":"2016-08-21T09:07:18","date_gmt":"2016-08-21T07:07:18","guid":{"rendered":"http:\/\/brcnews.net\/?p=13954"},"modified":"2016-08-30T12:37:02","modified_gmt":"2016-08-30T10:37:02","slug":"dm-tourenwagen-grossmodelle-2016-braunschweig-tag-3","status":"publish","type":"post","link":"https:\/\/brcnews.net\/?p=13954","title":{"rendered":"DM Tourenwagen Gro\u00dfmodelle 2016 Braunschweig \u2013 Tag 3"},"content":{"rendered":"<h6><span style=\"text-decoration: underline;\"><span style=\"color: #008000; text-decoration: underline;\">17.\u00a0 Meldung: 19:00 Uhr<\/span><\/span><\/h6>\n<h4>Die Siegerehrung<\/h4>\n<figure id=\"attachment_14009\" aria-describedby=\"caption-attachment-14009\" style=\"width: 750px\" class=\"wp-caption alignleft\"><a href=\"http:\/\/brcnews.net\/wp-content\/uploads\/2016\/08\/DMTWBig.80-3.jpg\"><img loading=\"lazy\" class=\"wp-image-14009 size-full colorbox-13954\" src=\"http:\/\/brcnews.net\/wp-content\/uploads\/2016\/08\/DMTWBig.80-3.jpg\" alt=\"DMTWBig.80\" width=\"750\" height=\"426\" srcset=\"https:\/\/brcnews.net\/wp-content\/uploads\/2016\/08\/DMTWBig.80-3.jpg 750w, https:\/\/brcnews.net\/wp-content\/uploads\/2016\/08\/DMTWBig.80-3-300x170.jpg 300w\" sizes=\"(max-width: 750px) 100vw, 750px\" \/><\/a><figcaption id=\"caption-attachment-14009\" class=\"wp-caption-text\">Die Top drei in Modified (von links): Maximilian Hornig (Platz 2), G\u00fcnter Honert (Platz 1) und Clark Wohlert (Platz 3)<\/figcaption><\/figure>\n<p><!--more--><\/p>\n<figure id=\"attachment_14008\" aria-describedby=\"caption-attachment-14008\" style=\"width: 750px\" class=\"wp-caption alignleft\"><a href=\"http:\/\/brcnews.net\/wp-content\/uploads\/2016\/08\/DMTWBig.82-3.jpg\"><img loading=\"lazy\" class=\"wp-image-14008 size-full colorbox-13954\" src=\"http:\/\/brcnews.net\/wp-content\/uploads\/2016\/08\/DMTWBig.82-3.jpg\" alt=\"DMTWBig.82\" width=\"750\" height=\"382\" srcset=\"https:\/\/brcnews.net\/wp-content\/uploads\/2016\/08\/DMTWBig.82-3.jpg 750w, https:\/\/brcnews.net\/wp-content\/uploads\/2016\/08\/DMTWBig.82-3-300x153.jpg 300w\" sizes=\"(max-width: 750px) 100vw, 750px\" \/><\/a><figcaption id=\"caption-attachment-14008\" class=\"wp-caption-text\">Die Sieger in Standard (von links): Sascha B\u00fclow (Platz 2), Marcel Brahm (zweiter Jugendwertung), Luca Voiges (Deutscher Meister Jugend), Silvio B\u00f6hmichen (Deutscher Meister), Miles Treutler (Deutscher Juniorenmeister) und Holger Pl\u00e4hn (Platz 3)<\/figcaption><\/figure>\n<p>Das war es von den Deutschen Meisterschaften Tourenwagen 1:5 auf dem L\u00f6wenring in Braunschweig.<\/p>\n<hr \/>\n<h6><span style=\"text-decoration: underline;\"><span style=\"color: #008000; text-decoration: underline;\">16.\u00a0 Meldung: 17:50 Uhr<\/span><\/span><\/h6>\n<h6>Die vollst\u00e4ndige Finalrangliste gibt es hier:<\/h6>\n<ul>\n<li><a href=\"http:\/\/brcnews.net\/wp-content\/uploads\/2016\/08\/Finalrangliste.pdf\">Finalrangliste<\/a><\/li>\n<\/ul>\n<hr \/>\n<h6><span style=\"text-decoration: underline;\"><span style=\"color: #008000; text-decoration: underline;\">15.\u00a0 Meldung: 17:30 Uhr<\/span><\/span><\/h6>\n<h4>G\u00fcnter Honert neuer Deutscher Meister 2016 Modified<\/h4>\n<figure id=\"attachment_14000\" aria-describedby=\"caption-attachment-14000\" style=\"width: 750px\" class=\"wp-caption alignleft\"><a href=\"http:\/\/brcnews.net\/wp-content\/uploads\/2016\/08\/DMTWBig.79.jpg\"><img loading=\"lazy\" class=\"wp-image-14000 size-full colorbox-13954\" src=\"http:\/\/brcnews.net\/wp-content\/uploads\/2016\/08\/DMTWBig.79.jpg\" alt=\"DMTWBig.79\" width=\"750\" height=\"409\" srcset=\"https:\/\/brcnews.net\/wp-content\/uploads\/2016\/08\/DMTWBig.79.jpg 750w, https:\/\/brcnews.net\/wp-content\/uploads\/2016\/08\/DMTWBig.79-300x164.jpg 300w\" sizes=\"(max-width: 750px) 100vw, 750px\" \/><\/a><figcaption id=\"caption-attachment-14000\" class=\"wp-caption-text\">Zwei gl\u00fcckliche Meister: Silvio B\u00f6hmichen (Standard) und G\u00fcnter Honert (Modified)<\/figcaption><\/figure>\n<p>G\u00fcnter Honert ist neuer Deutscher Meister in der Klasse Modified. Der FG-Fahrer hatte deutlich mehr Griff auf der regennassen Fahrbahn. Zweiter wurde Sebastian Wehnert mit fast zwei Runden R\u00fcckstand. Clark Wohlert wurde Dritter. Auf den Pl\u00e4tzen dahinter folgten Marco Weigerding, der so seinen DM-Titel nicht erfolgreich verteidigen konnte, Guido Ruster und Timo Nau.<\/p>\n<hr \/>\n<h6><span style=\"text-decoration: underline;\"><span style=\"color: #008000; text-decoration: underline;\">14.\u00a0 Meldung: 16:40 Uhr<\/span><\/span><\/h6>\n<h4>Vier Fahrer verzichteten auf einen Start<\/h4>\n<p>Gleich vier Fahrer gingen beim Finale der Klasse Tourenwagen Modified wegen der Streckenbedingungen (feuchte, nasse und rutschige Strecke) nicht an den Start. Auf den Start verzichteten Markus Feldmann, Maximilian Hornig, Michael Mielke und Michael Donovan.<\/p>\n<hr \/>\n<h6><span style=\"text-decoration: underline;\"><span style=\"color: #008000; text-decoration: underline;\">14.\u00a0 Meldung: 16:40 Uhr<\/span><\/span><\/h6>\n<h4>Silvio B\u00f6hmichen ist Deutscher Meister<\/h4>\n<figure id=\"attachment_13997\" aria-describedby=\"caption-attachment-13997\" style=\"width: 750px\" class=\"wp-caption alignleft\"><a href=\"http:\/\/brcnews.net\/wp-content\/uploads\/2016\/08\/DMTWBig.78.jpg\"><img loading=\"lazy\" class=\"wp-image-13997 size-full colorbox-13954\" src=\"http:\/\/brcnews.net\/wp-content\/uploads\/2016\/08\/DMTWBig.78.jpg\" alt=\"DMTWBig.78\" width=\"750\" height=\"415\" srcset=\"https:\/\/brcnews.net\/wp-content\/uploads\/2016\/08\/DMTWBig.78.jpg 750w, https:\/\/brcnews.net\/wp-content\/uploads\/2016\/08\/DMTWBig.78-300x166.jpg 300w, https:\/\/brcnews.net\/wp-content\/uploads\/2016\/08\/DMTWBig.78-672x372.jpg 672w\" sizes=\"(max-width: 750px) 100vw, 750px\" \/><\/a><figcaption id=\"caption-attachment-13997\" class=\"wp-caption-text\">Gl\u00fcckw\u00fcnsche f\u00fcr den Sieger, Silvio B\u00f6hmichen<\/figcaption><\/figure>\n<p>Silvio B\u00f6hmichen ist neuer Deutscher Meister in der Klasse Tourenwagen Standard. Der Sieger behielt als einziger Fahrer in der Spitzengruppe die Nerven und blieb in den letzten Runden trotz heftig einsetzenden Regens mit den Sommerreifen auf der Strecke. Sascha B\u00fclow, der lange gef\u00fchrt hatte, wurde Zweiter, Holger Pl\u00e4hn Dritter. Beide wechselten auf Regenreifen. Dahinter folgten Gerd Mehrhoff und Dieter Fr\u00f6hlich.<\/p>\n<hr \/>\n<h6><span style=\"text-decoration: underline;\"><span style=\"color: #008000; text-decoration: underline;\">13.\u00a0 Meldung: 16:00 Uhr<\/span><\/span><\/h6>\n<h4>Guido Ruster gewinnt zweites Halbfinale Modified<\/h4>\n<figure id=\"attachment_13990\" aria-describedby=\"caption-attachment-13990\" style=\"width: 750px\" class=\"wp-caption alignleft\"><a href=\"http:\/\/brcnews.net\/wp-content\/uploads\/2016\/08\/DMTWBig.75.jpg\"><img loading=\"lazy\" class=\"wp-image-13990 size-full colorbox-13954\" src=\"http:\/\/brcnews.net\/wp-content\/uploads\/2016\/08\/DMTWBig.75.jpg\" alt=\"DMTWBig.75\" width=\"750\" height=\"446\" srcset=\"https:\/\/brcnews.net\/wp-content\/uploads\/2016\/08\/DMTWBig.75.jpg 750w, https:\/\/brcnews.net\/wp-content\/uploads\/2016\/08\/DMTWBig.75-300x178.jpg 300w\" sizes=\"(max-width: 750px) 100vw, 750px\" \/><\/a><figcaption id=\"caption-attachment-13990\" class=\"wp-caption-text\">In der Leaders-Box (von links): Markus Feldmann, Guido Ruster und Maximilian Hornig<\/figcaption><\/figure>\n<p>Guido Ruster hat das zweite Halbfinale Modified gewonnen. Der Vorlaufschnellste \u00fcbernahm wenige Minuten vor Schluss des Laufes die F\u00fchrung. Er profitierte dabei von einem Fahrfehler von Markus Feldmann, der bis dahin gef\u00fchrt hatte. Hinter den beiden schafften<\/p>\n<figure id=\"attachment_13991\" aria-describedby=\"caption-attachment-13991\" style=\"width: 750px\" class=\"wp-caption alignleft\"><a href=\"http:\/\/brcnews.net\/wp-content\/uploads\/2016\/08\/DMTWBig.76.jpg\"><img loading=\"lazy\" class=\"wp-image-13991 size-full colorbox-13954\" src=\"http:\/\/brcnews.net\/wp-content\/uploads\/2016\/08\/DMTWBig.76.jpg\" alt=\"DMTWBig.76\" width=\"750\" height=\"307\" srcset=\"https:\/\/brcnews.net\/wp-content\/uploads\/2016\/08\/DMTWBig.76.jpg 750w, https:\/\/brcnews.net\/wp-content\/uploads\/2016\/08\/DMTWBig.76-300x123.jpg 300w\" sizes=\"(max-width: 750px) 100vw, 750px\" \/><\/a><figcaption id=\"caption-attachment-13991\" class=\"wp-caption-text\">Markus Feldmann (Startnummer 37) bei der \u00dcberrundung von Sebastian Wehnert<\/figcaption><\/figure>\n<p>auch Maximilian Hornig, Sebastian Wehnert und Michael Donovan den Sprung ins Finale. Seinen Platz im Finale erk\u00e4mpfte sich Donovan aus dem Achtelfinale.<\/p>\n<hr \/>\n<h6><span style=\"text-decoration: underline;\"><span style=\"color: #008000; text-decoration: underline;\">Zw\u00f6lfte\u00a0 Meldung: 15:30 Uhr<\/span><\/span><\/h6>\n<h4>Der Sieg der \u201ealten S\u00e4cke\u201c<\/h4>\n<figure id=\"attachment_13995\" aria-describedby=\"caption-attachment-13995\" style=\"width: 750px\" class=\"wp-caption alignleft\"><a href=\"http:\/\/brcnews.net\/wp-content\/uploads\/2016\/08\/DMTWBig.77.jpg\"><img loading=\"lazy\" class=\"wp-image-13995 size-full colorbox-13954\" src=\"http:\/\/brcnews.net\/wp-content\/uploads\/2016\/08\/DMTWBig.77.jpg\" alt=\"DMTWBig.77\" width=\"750\" height=\"446\" srcset=\"https:\/\/brcnews.net\/wp-content\/uploads\/2016\/08\/DMTWBig.77.jpg 750w, https:\/\/brcnews.net\/wp-content\/uploads\/2016\/08\/DMTWBig.77-300x178.jpg 300w\" sizes=\"(max-width: 750px) 100vw, 750px\" \/><\/a><figcaption id=\"caption-attachment-13995\" class=\"wp-caption-text\">Die starhlenden Sieger (von links): G\u00fcnter Honert (Platz 2), Clark Wohlert (Platz 1) und Michael Mielke (Platz 3)<\/figcaption><\/figure>\n<p>Das war ein spannendes, weitgehend von der Taktik bestimmtes erster Halbfinale in der Klasse Modified. Die Bedingungen auf der Strecke waren extrem schwierig. Mal nass, mal feucht. Diejenigen, die von Anfang auf den richtigen Reifen setzten oder sich w\u00e4hrend des Rennens daf\u00fcr entschieden, waren erfolgreich. Gewonnen haben letztendlich Fahrer mit viel Erfahrung. Sieger Clark Wohlert sprach dann auch in der Leaders-Box vom Sieg der \u201ealten S\u00e4cke\u201c. Mit ihm sa\u00dfen n\u00e4mlich G\u00fcnter Honert und Michael Mielke als Zweiter und Dritter in der Box. Au\u00dfer den Dreien haben sich noch Marco Weigerding und Timo Nau f\u00fcr das Finale qualifiziert.<\/p>\n<hr \/>\n<h6><span style=\"text-decoration: underline;\"><span style=\"color: #008000; text-decoration: underline;\">Elfte\u00a0 Meldung: 14:00 Uhr<\/span><\/span><\/h6>\n<h4>Das Finale Standard ist komplett<\/h4>\n<figure id=\"attachment_13985\" aria-describedby=\"caption-attachment-13985\" style=\"width: 750px\" class=\"wp-caption alignleft\"><a href=\"http:\/\/brcnews.net\/wp-content\/uploads\/2016\/08\/DMTWBig.74.jpg\"><img loading=\"lazy\" class=\"wp-image-13985 size-full colorbox-13954\" src=\"http:\/\/brcnews.net\/wp-content\/uploads\/2016\/08\/DMTWBig.74.jpg\" alt=\"DMTWBig.74\" width=\"750\" height=\"369\" srcset=\"https:\/\/brcnews.net\/wp-content\/uploads\/2016\/08\/DMTWBig.74.jpg 750w, https:\/\/brcnews.net\/wp-content\/uploads\/2016\/08\/DMTWBig.74-300x148.jpg 300w\" sizes=\"(max-width: 750px) 100vw, 750px\" \/><\/a><figcaption id=\"caption-attachment-13985\" class=\"wp-caption-text\">Mit der Karosserie dieses Ford Capri wurde Nicolai Nagorny Zweiter im Halbfinale A. Er war aus dem Viertelfinale aufgestiegen<\/figcaption><\/figure>\n<p>Das Finale Standard ist komplett. Aus dem Halbfinale A stiegen Silvio B\u00f6hmichen, Nicolai Nagorny, Dietmar Zars, Sascha B\u00fclow und Finn B\u00e4sner auf.<\/p>\n<hr \/>\n<h6><span style=\"text-decoration: underline;\"><span style=\"color: #008000; text-decoration: underline;\">Zehnte \u00a0 Meldung: 13:40 Uhr<\/span><\/span><\/h6>\n<h4>Die ersten f\u00fcnf Finalisten stehen fest<\/h4>\n<figure id=\"attachment_13983\" aria-describedby=\"caption-attachment-13983\" style=\"width: 750px\" class=\"wp-caption alignleft\"><a href=\"http:\/\/brcnews.net\/wp-content\/uploads\/2016\/08\/DMTWBig.73.jpg\"><img loading=\"lazy\" class=\"wp-image-13983 size-full colorbox-13954\" src=\"http:\/\/brcnews.net\/wp-content\/uploads\/2016\/08\/DMTWBig.73.jpg\" alt=\"DMTWBig.73\" width=\"750\" height=\"374\" srcset=\"https:\/\/brcnews.net\/wp-content\/uploads\/2016\/08\/DMTWBig.73.jpg 750w, https:\/\/brcnews.net\/wp-content\/uploads\/2016\/08\/DMTWBig.73-300x150.jpg 300w\" sizes=\"(max-width: 750px) 100vw, 750px\" \/><\/a><figcaption id=\"caption-attachment-13983\" class=\"wp-caption-text\">Im Zweikampf: Der sp\u00e4tere Sieger Holger P\u00e4hn und Bernd Cronert<\/figcaption><\/figure>\n<p>Die ersten f\u00fcnf Fahrer f\u00fcr das Hauptfinale in der Klasse Standard stehen fest. Schnellster auf regennasser Strecke war Holger Pl\u00e4hn. Er fuhr 35 Runden in 20:12,003 Minuten. Zweiter wurde Heiko Kulik, Dritter Miles Treutler. Beide waren aus dem Viertelfinale aufgestiegen.. Die zwei weiteren Finalstartpl\u00e4tze gingen an Dieter Fr\u00f6hlich und Gerd Mehrhoff.<\/p>\n<hr \/>\n<h6><span style=\"text-decoration: underline;\"><span style=\"color: #008000; text-decoration: underline;\">Neunte \u00a0 Meldung: 13:10 Uhr<\/span><\/span><\/h6>\n<h4>Rolf Tannek gewinnt Viertelfinale A<\/h4>\n<figure id=\"attachment_13981\" aria-describedby=\"caption-attachment-13981\" style=\"width: 750px\" class=\"wp-caption alignleft\"><a href=\"http:\/\/brcnews.net\/wp-content\/uploads\/2016\/08\/DMTWBig.72.jpg\"><img loading=\"lazy\" class=\"wp-image-13981 size-full colorbox-13954\" src=\"http:\/\/brcnews.net\/wp-content\/uploads\/2016\/08\/DMTWBig.72.jpg\" alt=\"DMTWBig.72\" width=\"750\" height=\"376\" srcset=\"https:\/\/brcnews.net\/wp-content\/uploads\/2016\/08\/DMTWBig.72.jpg 750w, https:\/\/brcnews.net\/wp-content\/uploads\/2016\/08\/DMTWBig.72-300x150.jpg 300w\" sizes=\"(max-width: 750px) 100vw, 750px\" \/><\/a><figcaption id=\"caption-attachment-13981\" class=\"wp-caption-text\">Als Rennleiter Heinz Kroezemann das Viertelfinale A Modified startete, gingen nur sechs Fahrer auf die Strecke. Vier Fahrer verzichteten wegen Regens auf eine Teilnahme<\/figcaption><\/figure>\n<p>Rolf Tannek hat das Viertelfinale A in der Modifiedklasse gewonnen. Zweiter wurde Tobias Schmidt, Dritter Michael Donovan, der damit zum zweiten Mal in das n\u00e4chsth\u00f6here Finale aufsteigt.<\/p>\n<hr \/>\n<h6><span style=\"text-decoration: underline;\"><span style=\"color: #008000; text-decoration: underline;\">Achte \u00a0 Meldung: 12:50 Uhr<\/span><\/span><\/h6>\n<h4>Mirko Eggert gewinnt im zweiten Anlauf<\/h4>\n<figure id=\"attachment_13979\" aria-describedby=\"caption-attachment-13979\" style=\"width: 750px\" class=\"wp-caption alignleft\"><a href=\"http:\/\/brcnews.net\/wp-content\/uploads\/2016\/08\/DMTWBig.71.jpg\"><img loading=\"lazy\" class=\"wp-image-13979 size-full colorbox-13954\" src=\"http:\/\/brcnews.net\/wp-content\/uploads\/2016\/08\/DMTWBig.71.jpg\" alt=\"DMTWBig.71\" width=\"750\" height=\"380\" srcset=\"https:\/\/brcnews.net\/wp-content\/uploads\/2016\/08\/DMTWBig.71.jpg 750w, https:\/\/brcnews.net\/wp-content\/uploads\/2016\/08\/DMTWBig.71-300x152.jpg 300w\" sizes=\"(max-width: 750px) 100vw, 750px\" \/><\/a><figcaption id=\"caption-attachment-13979\" class=\"wp-caption-text\">Mirko Eggert k\u00e4mpft sich mit seinem HARM durch den Regen<\/figcaption><\/figure>\n<p>Mirko Eggert hat das nach dem Abbruch neu angesetzte Viertelfinale B in Modified gewonnen. Bis zu 24. Runde hatte Daniel Wurster gef\u00fchrt, der nach einem Ausritt ins Gras nur Vierter wurde. Als Zweiter \u00fcberquerte Sven M\u00fcller die Ziellinie, als Dritter Klaus-Dieter Engelhardt, der aus dem Achtelfinale aufgestiegen war.<\/p>\n<p>Die Fahrer mussten auch jetzt wieder im Regen klarkommen &#8211; jetzt jedoch mit Regenreifen.<\/p>\n<hr \/>\n<h6><span style=\"text-decoration: underline;\"><span style=\"color: #008000; text-decoration: underline;\">Siebte\u00a0 Meldung: 12:10 Uhr<\/span><\/span><\/h6>\n<h4>Viertelfinale B in Modified abgebrochen<\/h4>\n<figure id=\"attachment_13974\" aria-describedby=\"caption-attachment-13974\" style=\"width: 750px\" class=\"wp-caption alignleft\"><a href=\"http:\/\/brcnews.net\/wp-content\/uploads\/2016\/08\/DMTWBig.68.jpg\"><img loading=\"lazy\" class=\"wp-image-13974 size-full colorbox-13954\" src=\"http:\/\/brcnews.net\/wp-content\/uploads\/2016\/08\/DMTWBig.68.jpg\" alt=\"DMTWBig.68\" width=\"750\" height=\"411\" srcset=\"https:\/\/brcnews.net\/wp-content\/uploads\/2016\/08\/DMTWBig.68.jpg 750w, https:\/\/brcnews.net\/wp-content\/uploads\/2016\/08\/DMTWBig.68-300x164.jpg 300w\" sizes=\"(max-width: 750px) 100vw, 750px\" \/><\/a><figcaption id=\"caption-attachment-13974\" class=\"wp-caption-text\">Auf der feuchten Strecke standen die Auto in der langezogenen Kurve vor der Geraden immer wieder quer<\/figcaption><\/figure>\n<p>Wegen starken Regens brach die Rennleitung das Viertelfinal B ab. Bereits beim Start fielen die ersten Regentropfen. Die Strecke wurde feucht und rutschig.<\/p>\n<figure id=\"attachment_13973\" aria-describedby=\"caption-attachment-13973\" style=\"width: 750px\" class=\"wp-caption alignleft\"><a href=\"http:\/\/brcnews.net\/wp-content\/uploads\/2016\/08\/DMTWBig.67.jpg\"><img loading=\"lazy\" class=\"wp-image-13973 size-full colorbox-13954\" src=\"http:\/\/brcnews.net\/wp-content\/uploads\/2016\/08\/DMTWBig.67.jpg\" alt=\"DMTWBig.67\" width=\"750\" height=\"390\" srcset=\"https:\/\/brcnews.net\/wp-content\/uploads\/2016\/08\/DMTWBig.67.jpg 750w, https:\/\/brcnews.net\/wp-content\/uploads\/2016\/08\/DMTWBig.67-300x156.jpg 300w\" sizes=\"(max-width: 750px) 100vw, 750px\" \/><\/a><figcaption id=\"caption-attachment-13973\" class=\"wp-caption-text\">Als der Regen heftiger wurde, brach der Rennleiter den Lauf ab<\/figcaption><\/figure>\n<p>Der Regen h\u00f6rte dann zwar kurz auf, setzte dann aber unvermindert wieder ein. Rennleiter Heinz Kroezemann brach den Lauf dann ab. Der Lauf wird um 12.25 nachgeholt.<\/p>\n<hr \/>\n<h6><span style=\"text-decoration: underline;\"><span style=\"color: #008000; text-decoration: underline;\">Sechste\u00a0 Meldung: 11:50 Uhr<\/span><\/span><\/h6>\n<h4>Erste Aufstiegsrunde in Standard durch<\/h4>\n<figure id=\"attachment_13975\" aria-describedby=\"caption-attachment-13975\" style=\"width: 750px\" class=\"wp-caption alignleft\"><a href=\"http:\/\/brcnews.net\/wp-content\/uploads\/2016\/08\/DMTWBig.69.jpg\"><img loading=\"lazy\" class=\"wp-image-13975 size-full colorbox-13954\" src=\"http:\/\/brcnews.net\/wp-content\/uploads\/2016\/08\/DMTWBig.69.jpg\" alt=\"DMTWBig.69\" width=\"750\" height=\"445\" srcset=\"https:\/\/brcnews.net\/wp-content\/uploads\/2016\/08\/DMTWBig.69.jpg 750w, https:\/\/brcnews.net\/wp-content\/uploads\/2016\/08\/DMTWBig.69-300x178.jpg 300w\" sizes=\"(max-width: 750px) 100vw, 750px\" \/><\/a><figcaption id=\"caption-attachment-13975\" class=\"wp-caption-text\">Moderator Bjarne Hollund interviewt den ersten des Viertelfinales A, den Lokalmatador Luca Voiges. Links neben ihm der Zweite, Nicolai Nagorny\u00b4, rechts im Bild Finn B\u00e4sner<\/figcaption><\/figure>\n<p>Die 1\/4-Finale Standard sind durch. Weitergekommen sind im1\/4-Finale B die Fahrer Miles Treuther, Heiko Kulik und Thorsten Knips. Im 1\/4-Finale A waren es Luca Voiges, Nicolai Nagorny und Finn B\u00e4sner.<\/p>\n<figure id=\"attachment_13976\" aria-describedby=\"caption-attachment-13976\" style=\"width: 750px\" class=\"wp-caption alignleft\"><a href=\"http:\/\/brcnews.net\/wp-content\/uploads\/2016\/08\/DMTWBig.70.jpg\"><img loading=\"lazy\" class=\"wp-image-13976 size-full colorbox-13954\" src=\"http:\/\/brcnews.net\/wp-content\/uploads\/2016\/08\/DMTWBig.70.jpg\" alt=\"DMTWBig.70\" width=\"750\" height=\"392\" srcset=\"https:\/\/brcnews.net\/wp-content\/uploads\/2016\/08\/DMTWBig.70.jpg 750w, https:\/\/brcnews.net\/wp-content\/uploads\/2016\/08\/DMTWBig.70-300x157.jpg 300w\" sizes=\"(max-width: 750px) 100vw, 750px\" \/><\/a><figcaption id=\"caption-attachment-13976\" class=\"wp-caption-text\">Zu hart \u00fcber einen Curb ger\u00e4ubert: Nicolai Nagorny mit der Startnummer 26<\/figcaption><\/figure>\n<p>In dieser Klasse, in der nur 28 Fahrer am Start sind, werden nur Viertel halbfinale gefahren.<\/p>\n<hr \/>\n<h6><span style=\"text-decoration: underline;\"><span style=\"color: #008000; text-decoration: underline;\">F\u00fcnfte\u00a0 Meldung: 11:10 Uhr<\/span><\/span><\/h6>\n<h4>Sechs sind aufgestiegen<\/h4>\n<figure id=\"attachment_13967\" aria-describedby=\"caption-attachment-13967\" style=\"width: 750px\" class=\"wp-caption alignleft\"><a href=\"http:\/\/brcnews.net\/wp-content\/uploads\/2016\/08\/DMTWBig.65.jpg\"><img loading=\"lazy\" class=\"wp-image-13967 size-full colorbox-13954\" src=\"http:\/\/brcnews.net\/wp-content\/uploads\/2016\/08\/DMTWBig.65.jpg\" alt=\"DMTWBig.65\" width=\"750\" height=\"481\" srcset=\"https:\/\/brcnews.net\/wp-content\/uploads\/2016\/08\/DMTWBig.65.jpg 750w, https:\/\/brcnews.net\/wp-content\/uploads\/2016\/08\/DMTWBig.65-300x192.jpg 300w\" sizes=\"(max-width: 750px) 100vw, 750px\" \/><\/a><figcaption id=\"caption-attachment-13967\" class=\"wp-caption-text\">Gute Idee: Nach den Finall\u00e4ufen ruft Moderator Bjarne Hollund die drei Erstplatzierten zu einem kurzen Interview in die Leaders-Box. Hietr sind es die Sieger des 1\/8-Finale A (von links): Michael Donovan (Platz 2), Thomas Scrubkowski (Platz 1) und Marcel Thieme (Platz 3)<\/figcaption><\/figure>\n<p>Aus den beiden 1\/8-Finalen sind sechs Fahrer in die 1\/4-Finale aufgesiegen. Aus dem 1\/8-Finale B sind das Markus Scrukowski, Simon Hansen und Klaus-Dieter Engelhardt. Aus dem 1\/8-Finale A waren das Thomas Srobkowski, Michael Donovan und Marcel Thieme.<\/p>\n<hr \/>\n<h6><span style=\"text-decoration: underline;\"><span style=\"color: #008000; text-decoration: underline;\">Vierte\u00a0 Meldung: 10:20 Uhr<\/span><\/span><\/h6>\n<figure id=\"attachment_13964\" aria-describedby=\"caption-attachment-13964\" style=\"width: 750px\" class=\"wp-caption alignleft\"><a href=\"http:\/\/brcnews.net\/wp-content\/uploads\/2016\/08\/DMTWBig.64.jpg\"><img loading=\"lazy\" class=\"wp-image-13964 size-full colorbox-13954\" src=\"http:\/\/brcnews.net\/wp-content\/uploads\/2016\/08\/DMTWBig.64.jpg\" alt=\"DMTWBig.64\" width=\"750\" height=\"240\" srcset=\"https:\/\/brcnews.net\/wp-content\/uploads\/2016\/08\/DMTWBig.64.jpg 750w, https:\/\/brcnews.net\/wp-content\/uploads\/2016\/08\/DMTWBig.64-300x96.jpg 300w\" sizes=\"(max-width: 750px) 100vw, 750px\" \/><\/a><figcaption id=\"caption-attachment-13964\" class=\"wp-caption-text\">Nach den Vorl\u00e4ufen stelltensich die Fahrer den Fotografen<\/figcaption><\/figure>\n<p>Die komplette Rangliste nach den f\u00fcnf Vorl\u00e4ufen gibt es hier:<\/p>\n<ul>\n<li><a href=\"http:\/\/brcnews.net\/wp-content\/uploads\/2016\/08\/DM-2016-Komplette-Vorlaufsrangliste.pdf\">DM 2016 Komplette Vorlaufsrangliste<\/a><\/li>\n<\/ul>\n<hr \/>\n<h6><span style=\"text-decoration: underline;\"><span style=\"color: #008000; text-decoration: underline;\">Dritte\u00a0 Meldung: 10:10 Uhr<\/span><\/span><\/h6>\n<h4>Standard: Zwei Fahrer verbesserten sich im letzten Vorlauf<\/h4>\n<p>Noch zwei Fahrer haben sich in der Standardklasse unter die ersten\u00a0 zehn platzieren k\u00f6nnen. Holgher Pl\u00e4hn verbesserte sich auf Platz vier und Gerd Mehrhoff auf Platz acht.<\/p>\n<p>Die Positionen auf den ersten drei Pl\u00e4tzen blieben unver\u00e4ndert. Sascha B\u00fclow steht auf Platz eins, Klaus Schumm auf zwei und Silvio B\u00f6hmischen auf drei.<\/p>\n<hr \/>\n<h6><span style=\"text-decoration: underline;\"><span style=\"color: #008000; text-decoration: underline;\">Zweite\u00a0 Meldung: 9:50 Uhr<\/span><\/span><\/h6>\n<h4>Clark Wohlert k\u00e4mpft sich ins Halbfinale<\/h4>\n<figure id=\"attachment_13963\" aria-describedby=\"caption-attachment-13963\" style=\"width: 750px\" class=\"wp-caption alignleft\"><a href=\"http:\/\/brcnews.net\/wp-content\/uploads\/2016\/08\/DMTWBig.63.jpg\"><img loading=\"lazy\" class=\"wp-image-13963 size-full colorbox-13954\" src=\"http:\/\/brcnews.net\/wp-content\/uploads\/2016\/08\/DMTWBig.63.jpg\" alt=\"DMTWBig.63\" width=\"750\" height=\"330\" srcset=\"https:\/\/brcnews.net\/wp-content\/uploads\/2016\/08\/DMTWBig.63.jpg 750w, https:\/\/brcnews.net\/wp-content\/uploads\/2016\/08\/DMTWBig.63-300x132.jpg 300w\" sizes=\"(max-width: 750px) 100vw, 750px\" \/><\/a><figcaption id=\"caption-attachment-13963\" class=\"wp-caption-text\">Clark Wohlert mit seinem HARM auf dem Weg zu seinem schnellsten Vorlauf<\/figcaption><\/figure>\n<p>Mit einem fulminanten Lauf holte sich Clark Wohlert einen direkten Startplatz im Halbfinale der Klasse Modified. Seine heute Morgen gefahrene Zeit reicht f\u00fcr den sechsten Platz in der Gesamtwertung.<\/p>\n<p>Guido Ruster, der in diesem Lauf mit einigen Problemen zu k\u00e4mpfen hatte, steht weiter auf Platz eins. Seine Zeit hat kein Fahrer mehr in diesem f\u00fcnften Vorlauf toppen k\u00f6nnen.<\/p>\n<figure id=\"attachment_13962\" aria-describedby=\"caption-attachment-13962\" style=\"width: 750px\" class=\"wp-caption alignleft\"><a href=\"http:\/\/brcnews.net\/wp-content\/uploads\/2016\/08\/DMTWBig.62.jpg\"><img loading=\"lazy\" class=\"wp-image-13962 size-full colorbox-13954\" src=\"http:\/\/brcnews.net\/wp-content\/uploads\/2016\/08\/DMTWBig.62.jpg\" alt=\"DMTWBig.62\" width=\"750\" height=\"371\" srcset=\"https:\/\/brcnews.net\/wp-content\/uploads\/2016\/08\/DMTWBig.62.jpg 750w, https:\/\/brcnews.net\/wp-content\/uploads\/2016\/08\/DMTWBig.62-300x148.jpg 300w\" sizes=\"(max-width: 750px) 100vw, 750px\" \/><\/a><figcaption id=\"caption-attachment-13962\" class=\"wp-caption-text\">Jeder wollte sich noch verbessern. Enrsprechend hart ging es zur Sache<\/figcaption><\/figure>\n<p>Auf Platz zwei liegt der amtierende Deutsche Meister Marco Weigerding gefolgt von Maximilian Hornig, Michael Mielke und Markus Feldmann.<\/p>\n<p>Hart ging es zum Teil w\u00e4hrend dieses Finales zu. Im Eifer des Gefechtes gab es mehrer, zum Teil v\u00f6llig unn\u00f6tige Unf\u00e4lle.<\/p>\n<hr \/>\n<h6><span style=\"text-decoration: underline;\"><span style=\"color: #008000; text-decoration: underline;\">Erste Meldung: 9:00 Uhr<\/span><\/span><\/h6>\n<h4>Guten Morgen!<\/h4>\n<figure id=\"attachment_13955\" aria-describedby=\"caption-attachment-13955\" style=\"width: 750px\" class=\"wp-caption alignleft\"><a href=\"http:\/\/brcnews.net\/wp-content\/uploads\/2016\/08\/DMTWBig.61.jpg\"><img loading=\"lazy\" class=\"wp-image-13955 size-full colorbox-13954\" src=\"http:\/\/brcnews.net\/wp-content\/uploads\/2016\/08\/DMTWBig.61.jpg\" alt=\"DMTWBig.61\" width=\"750\" height=\"464\" srcset=\"https:\/\/brcnews.net\/wp-content\/uploads\/2016\/08\/DMTWBig.61.jpg 750w, https:\/\/brcnews.net\/wp-content\/uploads\/2016\/08\/DMTWBig.61-300x186.jpg 300w\" sizes=\"(max-width: 750px) 100vw, 750px\" \/><\/a><figcaption id=\"caption-attachment-13955\" class=\"wp-caption-text\">Der letzte Vorlaufdurchgang l\u00e4uft. Die Fahrer wollen sich gegen\u00fcber gestern noch einmal verbessern<\/figcaption><\/figure>\n<p>Der letzte Tag der Deutschen Meisterschaften Tourenwagen 1:5 auf dem L\u00f6wenring in Braunschweig l\u00e4uft. Heute ist Finaltag! Die Strecke ist trocken. Vielleicht gelingt es dem einen oder anderen Fahrer heute Morgen im letzten Vorlauf noch seine Zeiten zu verbessern. nachdem der vierte Vorlauf gestern Nachmittag buchst\u00e4blich ins Wasser fiel. F\u00fcr die Einteilung in die Finale z\u00e4hlt nur der schnellste aus f\u00fcnf Vorl\u00e4ufen.<\/p>\n<p>Die Finale beginnen um 10:30 Uhr mit dem den 1\/8-Finale in Modified . In den so genannten Subfinalen steigen die ersten Drei jeweils in das n\u00e4chsth\u00f6here Finale auf. Die besten F\u00fcnf aus den Halbfinalen starten dann schlie\u00dflich im Hauptfinale.<\/p>\n<ul>\n<li>\n<hr \/>\n<p><a href=\"http:\/\/brcnews.net\/?p=13822\">Zum RennTicker Tag 1<\/a><\/li>\n<li><a href=\"http:\/\/brcnews.net\/?p=13881\">Zum RennTicker Tag 2<\/a><\/li>\n<\/ul>\n<div class=\"twoclick_social_bookmarks_post_13954 social_share_privacy clearfix 1.6.4 locale-de_DE sprite-de_DE\"><\/div><div class=\"twoclick-js\"><script type=\"text\/javascript\">\/* <![CDATA[ *\/\njQuery(document).ready(function($){if($('.twoclick_social_bookmarks_post_13954')){$('.twoclick_social_bookmarks_post_13954').socialSharePrivacy({\"services\":{\"facebook\":{\"status\":\"on\",\"txt_info\":\"2 Klicks f\\u00fcr mehr Datenschutz: Erst wenn Sie hier klicken, wird der Button aktiv und Sie k\\u00f6nnen Ihre Empfehlung an Facebook senden. Schon beim Aktivieren werden Daten an Dritte \\u00fcbertragen - siehe <em>i<\\\/em>.\",\"perma_option\":\"off\",\"action\":\"recommend\",\"language\":\"de_DE\"},\"twitter\":{\"reply_to\":\"\",\"tweet_text\":\"%20DM%20Tourenwagen%20Gro%C3%9Fmodelle%202016%20Braunschweig%20%E2%80%93%20Tag%203%20%C2%BB%20BRCNEWS.NET%20...\",\"status\":\"on\",\"txt_info\":\"2 Klicks f\\u00fcr mehr Datenschutz: Erst wenn Sie hier klicken, wird der Button aktiv und Sie k\\u00f6nnen Ihre Empfehlung an Twitter senden. Schon beim Aktivieren werden Daten an Dritte \\u00fcbertragen - siehe <em>i<\\\/em>.\",\"perma_option\":\"off\",\"language\":\"de\",\"referrer_track\":\"\"},\"gplus\":{\"status\":\"on\",\"txt_info\":\"2 Klicks f\\u00fcr mehr Datenschutz: Erst wenn Sie hier klicken, wird der Button aktiv und Sie k\\u00f6nnen Ihre Empfehlung an Google+ senden. Schon beim Aktivieren werden Daten an Dritte \\u00fcbertragen - siehe <em>i<\\\/em>.\",\"perma_option\":\"off\",\"referrer_track\":\"\"}},\"txt_help\":\"Wenn Sie diese Felder durch einen Klick aktivieren, werden Informationen an Facebook, Twitter, Flattr, Xing, t3n, LinkedIn, Pinterest oder Google eventuell ins Ausland \\u00fcbertragen und unter Umst\\u00e4nden auch dort gespeichert. N\\u00e4heres erfahren Sie durch einen Klick auf das <em>i<\\\/em>.\",\"settings_perma\":\"Dauerhaft aktivieren und Daten\\u00fcber-tragung zustimmen:\",\"info_link\":\"http:\\\/\\\/www.heise.de\\\/ct\\\/artikel\\\/2-Klicks-fuer-mehr-Datenschutz-1333879.html\",\"uri\":\"https:\\\/\\\/brcnews.net\\\/?p=13954\",\"post_id\":13954,\"post_title_referrer_track\":\"DM+Tourenwagen+Gro%C3%9Fmodelle+2016+Braunschweig+%E2%80%93+Tag+3\",\"display_infobox\":\"on\"});}});\n\/* ]]> *\/<\/script><\/div>","protected":false},"excerpt":{"rendered":"<p>17.\u00a0 Meldung: 19:00 Uhr Die Siegerehrung<\/p>\n","protected":false},"author":1,"featured_media":14000,"comment_status":"closed","ping_status":"open","sticky":false,"template":"","format":"standard","meta":[],"categories":[13],"tags":[455,53,427,419,213],"_links":{"self":[{"href":"https:\/\/brcnews.net\/index.php?rest_route=\/wp\/v2\/posts\/13954"}],"collection":[{"href":"https:\/\/brcnews.net\/index.php?rest_route=\/wp\/v2\/posts"}],"about":[{"href":"https:\/\/brcnews.net\/index.php?rest_route=\/wp\/v2\/types\/post"}],"author":[{"embeddable":true,"href":"https:\/\/brcnews.net\/index.php?rest_route=\/wp\/v2\/users\/1"}],"replies":[{"embeddable":true,"href":"https:\/\/brcnews.net\/index.php?rest_route=%2Fwp%2Fv2%2Fcomments&post=13954"}],"version-history":[{"count":36,"href":"https:\/\/brcnews.net\/index.php?rest_route=\/wp\/v2\/posts\/13954\/revisions"}],"predecessor-version":[{"id":14230,"href":"https:\/\/brcnews.net\/index.php?rest_route=\/wp\/v2\/posts\/13954\/revisions\/14230"}],"wp:featuredmedia":[{"embeddable":true,"href":"https:\/\/brcnews.net\/index.php?rest_route=\/wp\/v2\/media\/14000"}],"wp:attachment":[{"href":"https:\/\/brcnews.net\/index.php?rest_route=%2Fwp%2Fv2%2Fmedia&parent=13954"}],"wp:term":[{"taxonomy":"category","embeddable":true,"href":"https:\/\/brcnews.net\/index.php?rest_route=%2Fwp%2Fv2%2Fcategories&post=13954"},{"taxonomy":"post_tag","embeddable":true,"href":"https:\/\/brcnews.net\/index.php?rest_route=%2Fwp%2Fv2%2Ftags&post=13954"}],"curies":[{"name":"wp","href":"https:\/\/api.w.org\/{rel}","templated":true}]}}