{"id":13200,"date":"2016-07-11T09:22:12","date_gmt":"2016-07-11T07:22:12","guid":{"rendered":"http:\/\/brcnews.net\/?p=13200"},"modified":"2016-07-20T10:42:05","modified_gmt":"2016-07-20T08:42:05","slug":"tos-in-andernach-kreder-und-ellissen-sichern-sich-vorzeitig-den-saisonsieg","status":"publish","type":"post","link":"https:\/\/brcnews.net\/?p=13200","title":{"rendered":"TOS in Andernach \u2013 Kreder und Ellissen sichern sich vorzeitig den Saisonsieg"},"content":{"rendered":"<p>Knapp 70 Fahrer k\u00e4mpften beim f\u00fcnften Lauf der Tonisport Onroad Series Division West am vergangenen Wochenende im Motodrom Andernach um die Podiumspl\u00e4tze aber auch wichtige Punkte f\u00fcr den <!--more-->Gesamtsieg. Der Sommer meinte es an diesem Wochenende einmal gut mit den RC-Car-Fahrern. Bei herrlichem Sonnenwetter lieferten sich die Fahrer spannende Duelle.<\/p>\n<figure id=\"attachment_13209\" aria-describedby=\"caption-attachment-13209\" style=\"width: 700px\" class=\"wp-caption alignleft\"><a href=\"http:\/\/brcnews.net\/wp-content\/uploads\/2016\/07\/TOSAnd.3.jpg\"><img loading=\"lazy\" class=\"wp-image-13209 size-full colorbox-13200\" src=\"http:\/\/brcnews.net\/wp-content\/uploads\/2016\/07\/TOSAnd.3.jpg\" alt=\"TOSAnd.3\" width=\"700\" height=\"412\" srcset=\"https:\/\/brcnews.net\/wp-content\/uploads\/2016\/07\/TOSAnd.3.jpg 700w, https:\/\/brcnews.net\/wp-content\/uploads\/2016\/07\/TOSAnd.3-300x177.jpg 300w\" sizes=\"(max-width: 700px) 100vw, 700px\" \/><\/a><figcaption id=\"caption-attachment-13209\" class=\"wp-caption-text\">Die Sieger der Klasse Stock (von links): Majuran Tharmalingam (Platz 2), Markus Kreder (Platz 1), Dai Sakaguchi (Platz 3) und Christopher Buchner (Sieger B-Finale)<\/figcaption><\/figure>\n<p>In Stock setzte sich einmal mehr Markus Kreder durch. Der ARC-Pilot gewann zun\u00e4chst alle vier Vorl\u00e4ufe, ging von der Pole ins Rennen und holte sich den Sieg dann im zweiten und dritten Finallauf. Majuran Tharmalingam (Capricorn) und Dai Sakaguchi (Tamiya) begleiteten ihn auf das Podium. Dahinter folgten Sebastian Meib\u00f6rg (Xray) und Jan Rettke (Yokomo). In der Saisonwertung (vier von sechs L\u00e4ufen werden gewertet) ist Markus Kreder nun nicht mehr einzuholen. Er steht als Gesamtsieger in der Klasse Stock fest.<\/p>\n<figure id=\"attachment_13210\" aria-describedby=\"caption-attachment-13210\" style=\"width: 720px\" class=\"wp-caption alignleft\"><a href=\"http:\/\/brcnews.net\/wp-content\/uploads\/2016\/07\/TOSAnd.4.jpg\"><img loading=\"lazy\" class=\"wp-image-13210 size-full colorbox-13200\" src=\"http:\/\/brcnews.net\/wp-content\/uploads\/2016\/07\/TOSAnd.4.jpg\" alt=\"TOSAnd.4\" width=\"720\" height=\"358\" srcset=\"https:\/\/brcnews.net\/wp-content\/uploads\/2016\/07\/TOSAnd.4.jpg 720w, https:\/\/brcnews.net\/wp-content\/uploads\/2016\/07\/TOSAnd.4-300x149.jpg 300w\" sizes=\"(max-width: 720px) 100vw, 720px\" \/><\/a><figcaption id=\"caption-attachment-13210\" class=\"wp-caption-text\">Die Sieger der Klasse Formel (von links): Andreas Reifferscheidt (Platz 2), Marcel Ellissen (Platz 1), Jacques Libar (Platz 3) und Ulf Bohlender (Sieger B-Finale)<\/figcaption><\/figure>\n<p>Wenn Marcel Ellissen (Shepherd) in der Tonisport Onroad Series in der Klasse Formel startet, dann gewinnt er auch. In Andernach war es sein vierter Sieg im vierten Rennen und wie in den Rennen davor startete er wieder von der Poleposition. Zweiter wurde Andreas Reifferscheidt (Yokomo), der den letzten Lauf in Meckenheim gewonnen hatte. Platz drei ging an den Luxemburger Jacques Libar (Roche). Die Pl\u00e4tze vier und f\u00fcnf belegten Michael Schr\u00f6der und Ren\u00e9 Fischer. Marcel Ellissen hat sich \u2013 wie Markus Kreder in Stock \u2013 den Saisonsieg in Andernach vorzeitig gesichert.<\/p>\n<figure id=\"attachment_13208\" aria-describedby=\"caption-attachment-13208\" style=\"width: 790px\" class=\"wp-caption alignleft\"><a href=\"http:\/\/brcnews.net\/wp-content\/uploads\/2016\/07\/TOSAnd.2.jpg\"><img loading=\"lazy\" class=\"wp-image-13208 size-full colorbox-13200\" src=\"http:\/\/brcnews.net\/wp-content\/uploads\/2016\/07\/TOSAnd.2.jpg\" alt=\"TOSAnd.2\" width=\"790\" height=\"406\" srcset=\"https:\/\/brcnews.net\/wp-content\/uploads\/2016\/07\/TOSAnd.2.jpg 790w, https:\/\/brcnews.net\/wp-content\/uploads\/2016\/07\/TOSAnd.2-300x154.jpg 300w, https:\/\/brcnews.net\/wp-content\/uploads\/2016\/07\/TOSAnd.2-768x395.jpg 768w\" sizes=\"(max-width: 790px) 100vw, 790px\" \/><\/a><figcaption id=\"caption-attachment-13208\" class=\"wp-caption-text\">Thimo Weissbauer (Platz 2), Yannic Pr\u00fcmper (Platz 1), Marc Fischer (Platz 3) und Martin R\u00e4tzer (Sieger B-Finale)<\/figcaption><\/figure>\n<p>In Modified gewann \u2013 wie schon im letzten Jahr \u2013 Yannic Pr\u00fcmper (VBC Racing). Yannic Pr\u00fcmper \u00fcberquerte gleich in den beiden ersten Finalen jeweils als Erster die Ziellinie. Beim ersten Lauf vor Marc Fischer (Capricorn), beim zweiten Lauf vor Thimo Weissbauer (Awesomatix). Thimo Weissbauer, der von der Pole in die Finall\u00e4ufe gegangen war, siegte dann im abschlie\u00dfenden dritten Finallauf vor Marc Fischer und sicherte sich so den zweiten Platz auf dem Podium. Marc Fischer wurde Dritter, Tobias Baumbach Vierter und Sebastian Schmidt F\u00fcnfter. Um den Saisonsieg k\u00e4mpfen derzeit noch Thoma Weissbauer, Yannic Pr\u00fcmper und der Champion des Vorjahres, Marc Fischer.<\/p>\n<p>Das diesj\u00e4hrige Finale der Tonisport Onroad Series Division West findet beim AMC Hamm (13.\/14. August) statt. Dort werden dann auch die Saisonchampions gek\u00fcrt.<\/p>\n<p>Das vollst\u00e4ndige Ergebnis gibt es auf <a href=\"https:\/\/www.myrcm.ch\/myrcm\/main?dId[E]=26689\">myrcm.ch<\/a>.<\/p>\n<p><em>Fotos: Sebastian Meib\u00f6rg<\/em><\/p>\n<hr \/>\n<p><span style=\"color: #008000;\"><em><strong>BRCNEWS<\/strong> <\/em><\/span>berichtete mehrfach von der zweiten Saison der Tonisport Onroad Series:<\/p>\n<ul>\n<li><strong>Lauf 4: \u00a0<\/strong><a href=\"http:\/\/brcnews.net\/?p=12812\"><span class=\"item-title\">Tonisport Onroad Series: Souver\u00e4ne Sieger in allen drei Klassen<\/span> <\/a><\/li>\n<li><strong>Lauf 3<\/strong>: <a href=\"http:\/\/brcnews.net\/?p=12193\">Tonisport Onroad Series dritter Lauf: Ellissen, Kreder &amp; Weissbauer vorn<\/a><\/li>\n<li><strong>Lauf 2<\/strong>: <a href=\"http:\/\/brcnews.net\/?p=11479\"><span class=\"item-title\">Tonisport Onroad Series West zu Gast auf dem Eifel-Ring in Leimbach<\/span><\/a><\/li>\n<li><strong>Lauf 1<\/strong>: <a href=\"http:\/\/brcnews.net\/?p=9308\"><span class=\"item-title\">Tonisport Onroad Series 15\/16 \u2013 Lauf 1 in der Arena Limburg im RennTicker<\/span><\/a><\/li>\n<li><a href=\"http:\/\/brcnews.net\/?p=9431\"><span class=\"item-title\">Tonisport Onroad Series 2015\/2016 \u2013 Lauf 1 Racing Arena Limburg \u2013 Bilder<\/span><\/a><\/li>\n<\/ul>\n<div class=\"twoclick_social_bookmarks_post_13200 social_share_privacy clearfix 1.6.4 locale-de_DE sprite-de_DE\"><\/div><div class=\"twoclick-js\"><script type=\"text\/javascript\">\/* <![CDATA[ *\/\njQuery(document).ready(function($){if($('.twoclick_social_bookmarks_post_13200')){$('.twoclick_social_bookmarks_post_13200').socialSharePrivacy({\"services\":{\"facebook\":{\"status\":\"on\",\"txt_info\":\"2 Klicks f\\u00fcr mehr Datenschutz: Erst wenn Sie hier klicken, wird der Button aktiv und Sie k\\u00f6nnen Ihre Empfehlung an Facebook senden. Schon beim Aktivieren werden Daten an Dritte \\u00fcbertragen - siehe <em>i<\\\/em>.\",\"perma_option\":\"off\",\"action\":\"recommend\",\"language\":\"de_DE\"},\"twitter\":{\"reply_to\":\"\",\"tweet_text\":\"%20TOS%20in%20Andernach%20%E2%80%93%20Kreder%20und%20Ellissen%20sichern%20sich%20vorzeitig%20den%20Saisonsieg%20...\",\"status\":\"on\",\"txt_info\":\"2 Klicks f\\u00fcr mehr Datenschutz: Erst wenn Sie hier klicken, wird der Button aktiv und Sie k\\u00f6nnen Ihre Empfehlung an Twitter senden. Schon beim Aktivieren werden Daten an Dritte \\u00fcbertragen - siehe <em>i<\\\/em>.\",\"perma_option\":\"off\",\"language\":\"de\",\"referrer_track\":\"\"},\"gplus\":{\"status\":\"on\",\"txt_info\":\"2 Klicks f\\u00fcr mehr Datenschutz: Erst wenn Sie hier klicken, wird der Button aktiv und Sie k\\u00f6nnen Ihre Empfehlung an Google+ senden. Schon beim Aktivieren werden Daten an Dritte \\u00fcbertragen - siehe <em>i<\\\/em>.\",\"perma_option\":\"off\",\"referrer_track\":\"\"}},\"txt_help\":\"Wenn Sie diese Felder durch einen Klick aktivieren, werden Informationen an Facebook, Twitter, Flattr, Xing, t3n, LinkedIn, Pinterest oder Google eventuell ins Ausland \\u00fcbertragen und unter Umst\\u00e4nden auch dort gespeichert. N\\u00e4heres erfahren Sie durch einen Klick auf das <em>i<\\\/em>.\",\"settings_perma\":\"Dauerhaft aktivieren und Daten\\u00fcber-tragung zustimmen:\",\"info_link\":\"http:\\\/\\\/www.heise.de\\\/ct\\\/artikel\\\/2-Klicks-fuer-mehr-Datenschutz-1333879.html\",\"uri\":\"https:\\\/\\\/brcnews.net\\\/?p=13200\",\"post_id\":13200,\"post_title_referrer_track\":\"TOS+in+Andernach+%E2%80%93+Kreder+und+Ellissen+sichern+sich+vorzeitig+den+Saisonsieg\",\"display_infobox\":\"on\"});}});\n\/* ]]> *\/<\/script><\/div>","protected":false},"excerpt":{"rendered":"<p>Knapp 70 Fahrer k\u00e4mpften beim f\u00fcnften Lauf der Tonisport Onroad Series Division West am vergangenen Wochenende im Motodrom Andernach um die Podiumspl\u00e4tze aber auch wichtige Punkte f\u00fcr den<\/p>\n","protected":false},"author":1,"featured_media":13207,"comment_status":"closed","ping_status":"open","sticky":false,"template":"","format":"standard","meta":[],"categories":[16],"tags":[187,130],"_links":{"self":[{"href":"https:\/\/brcnews.net\/index.php?rest_route=\/wp\/v2\/posts\/13200"}],"collection":[{"href":"https:\/\/brcnews.net\/index.php?rest_route=\/wp\/v2\/posts"}],"about":[{"href":"https:\/\/brcnews.net\/index.php?rest_route=\/wp\/v2\/types\/post"}],"author":[{"embeddable":true,"href":"https:\/\/brcnews.net\/index.php?rest_route=\/wp\/v2\/users\/1"}],"replies":[{"embeddable":true,"href":"https:\/\/brcnews.net\/index.php?rest_route=%2Fwp%2Fv2%2Fcomments&post=13200"}],"version-history":[{"count":10,"href":"https:\/\/brcnews.net\/index.php?rest_route=\/wp\/v2\/posts\/13200\/revisions"}],"predecessor-version":[{"id":13214,"href":"https:\/\/brcnews.net\/index.php?rest_route=\/wp\/v2\/posts\/13200\/revisions\/13214"}],"wp:featuredmedia":[{"embeddable":true,"href":"https:\/\/brcnews.net\/index.php?rest_route=\/wp\/v2\/media\/13207"}],"wp:attachment":[{"href":"https:\/\/brcnews.net\/index.php?rest_route=%2Fwp%2Fv2%2Fmedia&parent=13200"}],"wp:term":[{"taxonomy":"category","embeddable":true,"href":"https:\/\/brcnews.net\/index.php?rest_route=%2Fwp%2Fv2%2Fcategories&post=13200"},{"taxonomy":"post_tag","embeddable":true,"href":"https:\/\/brcnews.net\/index.php?rest_route=%2Fwp%2Fv2%2Ftags&post=13200"}],"curies":[{"name":"wp","href":"https:\/\/api.w.org\/{rel}","templated":true}]}}