{"id":13137,"date":"2016-07-02T12:10:39","date_gmt":"2016-07-02T10:10:39","guid":{"rendered":"http:\/\/brcnews.net\/?p=13137"},"modified":"2016-07-17T11:55:50","modified_gmt":"2016-07-17T09:55:50","slug":"finaltag-bei-den-europameisterschaften-in-trencin","status":"publish","type":"post","link":"https:\/\/brcnews.net\/?p=13137","title":{"rendered":"Finaltag bei den Europameisterschaften in Trencin"},"content":{"rendered":"<p>Bei den Europameisterschaften Tourenwagen Elektro und Formel in der Hudy Arena in Trencin (Slowakei) laufen heute die A-Finale. Nach jeweils f\u00fcnf Qualifikationsl\u00e4ufen starten Ronald V\u00f6lker in Modified, <!--more-->Jan Ratheisky in Stock und Mike Gosvig in Formel von der Pole.<\/p>\n<figure id=\"attachment_13139\" aria-describedby=\"caption-attachment-13139\" style=\"width: 750px\" class=\"wp-caption alignleft\"><a href=\"http:\/\/brcnews.net\/wp-content\/uploads\/2016\/07\/EMTren.02.jpg\"><img loading=\"lazy\" class=\"wp-image-13139 size-full colorbox-13137\" src=\"http:\/\/brcnews.net\/wp-content\/uploads\/2016\/07\/EMTren.02.jpg\" alt=\"EMTren.02\" width=\"750\" height=\"421\" srcset=\"https:\/\/brcnews.net\/wp-content\/uploads\/2016\/07\/EMTren.02.jpg 750w, https:\/\/brcnews.net\/wp-content\/uploads\/2016\/07\/EMTren.02-300x168.jpg 300w\" sizes=\"(max-width: 750px) 100vw, 750px\" \/><\/a><figcaption id=\"caption-attachment-13139\" class=\"wp-caption-text\">F\u00fcr das deutsche Team starten bei der Europameisterschaft 14 Fahrer<\/figcaption><\/figure>\n<p>Beste Fahrer aus Deutschland sind in Modified Marc Rheinard (Startplatz 3), Freddy S\u00fcdhoff (Startplatz 9) und Christopher Krapp (Startplatz 10). In Stock fahren neben Jan Ratheisky (Startplatz 1) auch Tom Kr\u00e4gesky (Startplatz 5) und Max M\u00e4chler (Startplatz 7) im A-Finale. In Formel sind es David Ehrbar (Startplatz 2) und Jan Ratheisky (Startplatz 3).<\/p>\n<h6><span style=\"text-decoration: underline;\">A-Finale Modified<\/span><\/h6>\n<ol>\n<li>Ronald\u00a0 Volker \u2013 Deutschland \u2013 Yokomo<\/li>\n<li>Bruno\u00a0 Coelho \u2013 Portugal \u2013 Xray<\/li>\n<li>Marc Rheinard \u2013 Deutschland \u2013 Tamiya<\/li>\n<li>Alexander\u00a0 Hagberg \u2013 Schweden \u2013 Xray<\/li>\n<li>Michal\u00a0 Orlowski \u2013 Polen \u2013 Schumacher<\/li>\n<li>Viljami Kutvonen \u2013 Finnland \u2013 Awesomatix<\/li>\n<li>Victor\u00a0 Wilck \u2013 Schweden \u2013 Serpent<\/li>\n<li>Elliott\u00a0 Harper \u2013 Gro\u00dfbritannien \u2013 Schumacher<\/li>\n<li>Frederik\u00a0 S\u00fcdhoff \u2013 Deutschland \u2013 Awesomatix<\/li>\n<li>Christopher\u00a0 Krapp \u2013 Deutschland \u2013 Tamiya<\/li>\n<\/ol>\n<h6><span style=\"text-decoration: underline;\">\u00a0A-Finale Stock<\/span><\/h6>\n<ol>\n<li>Jan\u00a0 Ratheisky \u2013 Deutschland \u2013 Xray<\/li>\n<li>Mike\u00a0 Gosvig \u2013 D\u00e4nemark \u2013 Xray<\/li>\n<li>Alexandre\u00a0 Duchet \u2013 Frankreich \u2013 Xray<\/li>\n<li>Steve\u00a0 Favrelle \u2013 Franktreich \u2013 Xray<\/li>\n<li>Tom\u00a0 Kragefski \u2013 Deutschland \u2013 Xray<\/li>\n<li>Mattia\u00a0 Collina \u2013 Italien \u2013 Xray<\/li>\n<li>Max\u00a0 Machler \u2013 Deutschland \u2013 Awesomatix<\/li>\n<li>Davide\u00a0 Bertuzzi \u2013 Italien \u2013 Xray<\/li>\n<li>Blazej\u00a0 Orlowski \u2013 Polen \u2013 Yokomo<\/li>\n<li>Noah\u00a0 Asendorf \u2013 Schweiz \u2013 Xray<\/li>\n<\/ol>\n<h6><span style=\"text-decoration: underline;\">\u00a0A-Finale Formel<\/span><\/h6>\n<ol>\n<li>Mike\u00a0 Gosvig \u2013 D\u00e4nemark \u2013 Xray<\/li>\n<li>David\u00a0 Ehrbar \u2013 Deutschland \u2013 Serpent<\/li>\n<li>Jan\u00a0 Ratheisky \u2013 Deutschland \u2013 Xray<\/li>\n<li>Martin\u00a0 Hudy \u2013 Slowakei \u2013 Xray<\/li>\n<li>Oliver\u00a0 Bultynck \u2013 Belgien \u2013 Roche<\/li>\n<li>Stephen\u00a0 Lander \u2013 Gro\u00dfbritannien &#8211; MD<\/li>\n<li>Matteo\u00a0 Berlincioni \u2013 Italien \u2013 Fenix<\/li>\n<li>Hector\u00a0 Albarracin \u2013 Spanien \u2013 MD<\/li>\n<li>Herbert\u00a0 Weber \u2013 \u00d6sterreich \u2013 VBC<\/li>\n<li>Andrej\u00a0 Vnucko \u2013 Slowakei \u2013 Xray<\/li>\n<li>Andrea Selva \u2013 San Marino \u2013 Xray<\/li>\n<\/ol>\n<ul>\n<li>\n<h6><span style=\"color: #000000;\"><strong>Die ersten A-Finale sind bereits gefahren. Gewonnen haben Marc Rheinard in Modified, Jan Ratheisky in Stock und Mike Gosvig in Formel<\/strong><\/span><\/h6>\n<\/li>\n<\/ul>\n<p><em>Bilder: <a href=\"https:\/\/www.facebook.com\/HudyArena\/?fref=ts\">Hudy Arena<\/a><\/em><\/p>\n<p>&nbsp;<\/p>\n<p>&nbsp;<\/p>\n<p>&nbsp;<\/p>\n<div class=\"twoclick_social_bookmarks_post_13137 social_share_privacy clearfix 1.6.4 locale-de_DE sprite-de_DE\"><\/div><div class=\"twoclick-js\"><script type=\"text\/javascript\">\/* <![CDATA[ *\/\njQuery(document).ready(function($){if($('.twoclick_social_bookmarks_post_13137')){$('.twoclick_social_bookmarks_post_13137').socialSharePrivacy({\"services\":{\"facebook\":{\"status\":\"on\",\"txt_info\":\"2 Klicks f\\u00fcr mehr Datenschutz: Erst wenn Sie hier klicken, wird der Button aktiv und Sie k\\u00f6nnen Ihre Empfehlung an Facebook senden. Schon beim Aktivieren werden Daten an Dritte \\u00fcbertragen - siehe <em>i<\\\/em>.\",\"perma_option\":\"off\",\"action\":\"recommend\",\"language\":\"de_DE\"},\"twitter\":{\"reply_to\":\"\",\"tweet_text\":\"%20Finaltag%20bei%20den%20Europameisterschaften%20in%20Trencin%20%C2%BB%20BRCNEWS.NET%20%23EM%20%23Formel%20...\",\"status\":\"on\",\"txt_info\":\"2 Klicks f\\u00fcr mehr Datenschutz: Erst wenn Sie hier klicken, wird der Button aktiv und Sie k\\u00f6nnen Ihre Empfehlung an Twitter senden. Schon beim Aktivieren werden Daten an Dritte \\u00fcbertragen - siehe <em>i<\\\/em>.\",\"perma_option\":\"off\",\"language\":\"de\",\"referrer_track\":\"\"},\"gplus\":{\"status\":\"on\",\"txt_info\":\"2 Klicks f\\u00fcr mehr Datenschutz: Erst wenn Sie hier klicken, wird der Button aktiv und Sie k\\u00f6nnen Ihre Empfehlung an Google+ senden. Schon beim Aktivieren werden Daten an Dritte \\u00fcbertragen - siehe <em>i<\\\/em>.\",\"perma_option\":\"off\",\"referrer_track\":\"\"}},\"txt_help\":\"Wenn Sie diese Felder durch einen Klick aktivieren, werden Informationen an Facebook, Twitter, Flattr, Xing, t3n, LinkedIn, Pinterest oder Google eventuell ins Ausland \\u00fcbertragen und unter Umst\\u00e4nden auch dort gespeichert. N\\u00e4heres erfahren Sie durch einen Klick auf das <em>i<\\\/em>.\",\"settings_perma\":\"Dauerhaft aktivieren und Daten\\u00fcber-tragung zustimmen:\",\"info_link\":\"http:\\\/\\\/www.heise.de\\\/ct\\\/artikel\\\/2-Klicks-fuer-mehr-Datenschutz-1333879.html\",\"uri\":\"https:\\\/\\\/brcnews.net\\\/?p=13137\",\"post_id\":13137,\"post_title_referrer_track\":\"Finaltag+bei+den+Europameisterschaften+in+Trencin\",\"display_infobox\":\"on\"});}});\n\/* ]]> *\/<\/script><\/div>","protected":false},"excerpt":{"rendered":"<p>Bei den Europameisterschaften Tourenwagen Elektro und Formel in der Hudy Arena in Trencin (Slowakei) laufen heute die A-Finale. Nach jeweils f\u00fcnf Qualifikationsl\u00e4ufen starten Ronald V\u00f6lker in Modified,<\/p>\n","protected":false},"author":1,"featured_media":13138,"comment_status":"closed","ping_status":"open","sticky":false,"template":"","format":"standard","meta":[],"categories":[16],"tags":[96,47,144,213],"_links":{"self":[{"href":"https:\/\/brcnews.net\/index.php?rest_route=\/wp\/v2\/posts\/13137"}],"collection":[{"href":"https:\/\/brcnews.net\/index.php?rest_route=\/wp\/v2\/posts"}],"about":[{"href":"https:\/\/brcnews.net\/index.php?rest_route=\/wp\/v2\/types\/post"}],"author":[{"embeddable":true,"href":"https:\/\/brcnews.net\/index.php?rest_route=\/wp\/v2\/users\/1"}],"replies":[{"embeddable":true,"href":"https:\/\/brcnews.net\/index.php?rest_route=%2Fwp%2Fv2%2Fcomments&post=13137"}],"version-history":[{"count":3,"href":"https:\/\/brcnews.net\/index.php?rest_route=\/wp\/v2\/posts\/13137\/revisions"}],"predecessor-version":[{"id":13149,"href":"https:\/\/brcnews.net\/index.php?rest_route=\/wp\/v2\/posts\/13137\/revisions\/13149"}],"wp:featuredmedia":[{"embeddable":true,"href":"https:\/\/brcnews.net\/index.php?rest_route=\/wp\/v2\/media\/13138"}],"wp:attachment":[{"href":"https:\/\/brcnews.net\/index.php?rest_route=%2Fwp%2Fv2%2Fmedia&parent=13137"}],"wp:term":[{"taxonomy":"category","embeddable":true,"href":"https:\/\/brcnews.net\/index.php?rest_route=%2Fwp%2Fv2%2Fcategories&post=13137"},{"taxonomy":"post_tag","embeddable":true,"href":"https:\/\/brcnews.net\/index.php?rest_route=%2Fwp%2Fv2%2Ftags&post=13137"}],"curies":[{"name":"wp","href":"https:\/\/api.w.org\/{rel}","templated":true}]}}