{"id":12073,"date":"2016-04-10T08:46:16","date_gmt":"2016-04-10T06:46:16","guid":{"rendered":"http:\/\/brcnews.net\/?p=12073"},"modified":"2016-04-24T17:50:00","modified_gmt":"2016-04-24T15:50:00","slug":"euro-touring-series-20152016-im-rennticker-lauf-3-wels-finaltag","status":"publish","type":"post","link":"https:\/\/brcnews.net\/?p=12073","title":{"rendered":"Euro Touring Series 2015\/2016 im RennTicker &#8211; Lauf 3 Wels &#8211; Finaltag"},"content":{"rendered":"<h6><span style=\"text-decoration: underline; color: #008000;\">Letzte Meldung: 17:05 Uhr<\/span><\/h6>\n<h4>Die Siegerehrung<\/h4>\n<figure id=\"attachment_12114\" aria-describedby=\"caption-attachment-12114\" style=\"width: 800px\" class=\"wp-caption alignleft\"><a href=\"http:\/\/brcnews.net\/wp-content\/uploads\/2016\/04\/ETSWels.069.jpg\" rel=\"attachment wp-att-12114\"><img loading=\"lazy\" class=\"wp-image-12114 size-full colorbox-12073\" src=\"http:\/\/brcnews.net\/wp-content\/uploads\/2016\/04\/ETSWels.069.jpg\" alt=\"ETSWels.069\" width=\"800\" height=\"287\" srcset=\"https:\/\/brcnews.net\/wp-content\/uploads\/2016\/04\/ETSWels.069.jpg 800w, https:\/\/brcnews.net\/wp-content\/uploads\/2016\/04\/ETSWels.069-300x108.jpg 300w, https:\/\/brcnews.net\/wp-content\/uploads\/2016\/04\/ETSWels.069-768x276.jpg 768w\" sizes=\"(max-width: 800px) 100vw, 800px\" \/><\/a><figcaption id=\"caption-attachment-12114\" class=\"wp-caption-text\">Die A-Finalisten Formel. Auf dem Podium (von links): David Ehrbar (Platz 3), Roland V\u00f6lker (Platz 1) und Olivier Bultynck Platz 3)<\/figcaption><\/figure>\n<p><!--more--><\/p>\n<figure id=\"attachment_12115\" aria-describedby=\"caption-attachment-12115\" style=\"width: 800px\" class=\"wp-caption alignleft\"><a href=\"http:\/\/brcnews.net\/wp-content\/uploads\/2016\/04\/ETSWels.070.jpg\" rel=\"attachment wp-att-12115\"><img loading=\"lazy\" class=\"wp-image-12115 size-full colorbox-12073\" src=\"http:\/\/brcnews.net\/wp-content\/uploads\/2016\/04\/ETSWels.070.jpg\" alt=\"ETSWels.070\" width=\"800\" height=\"259\" srcset=\"https:\/\/brcnews.net\/wp-content\/uploads\/2016\/04\/ETSWels.070.jpg 800w, https:\/\/brcnews.net\/wp-content\/uploads\/2016\/04\/ETSWels.070-300x97.jpg 300w, https:\/\/brcnews.net\/wp-content\/uploads\/2016\/04\/ETSWels.070-768x249.jpg 768w\" sizes=\"(max-width: 800px) 100vw, 800px\" \/><\/a><figcaption id=\"caption-attachment-12115\" class=\"wp-caption-text\">Die A-Finalisten Pro Stock. Auf dem Podium (von links): Valentin Hettrich (Platz 3), Jan Ratheisky (Platz 1) und Tony Streit (Platz 3)<\/figcaption><\/figure>\n<figure id=\"attachment_12116\" aria-describedby=\"caption-attachment-12116\" style=\"width: 800px\" class=\"wp-caption alignleft\"><a href=\"http:\/\/brcnews.net\/wp-content\/uploads\/2016\/04\/ETSWels.071.jpg\" rel=\"attachment wp-att-12116\"><img loading=\"lazy\" class=\"wp-image-12116 size-full colorbox-12073\" src=\"http:\/\/brcnews.net\/wp-content\/uploads\/2016\/04\/ETSWels.071.jpg\" alt=\"ETSWels.071\" width=\"800\" height=\"254\" srcset=\"https:\/\/brcnews.net\/wp-content\/uploads\/2016\/04\/ETSWels.071.jpg 800w, https:\/\/brcnews.net\/wp-content\/uploads\/2016\/04\/ETSWels.071-300x95.jpg 300w, https:\/\/brcnews.net\/wp-content\/uploads\/2016\/04\/ETSWels.071-768x244.jpg 768w\" sizes=\"(max-width: 800px) 100vw, 800px\" \/><\/a><figcaption id=\"caption-attachment-12116\" class=\"wp-caption-text\">Die A-Finalisten Modified. Auf dem Podium (von links): Marc Rheinard (Platz 3), Roland V\u00f6lker (Platz 1) und Bruno Coelho (Platz 2)<\/figcaption><\/figure>\n<p>Geschafft! Drei tolle Renntage sind vorbei.<\/p>\n<hr \/>\n<h6><span style=\"text-decoration: underline; color: #008000;\">Neue Meldung: 16:20 Uhr<\/span><\/h6>\n<h4>Das letzte Rennen gewinnt Bruno Coelho<\/h4>\n<p>Das letzte Finale des heutigen Tages gewann Bruno Coelho. Der Portugiese setzte sich gegen Marc Rheinard uns Alexander Hagberg durch.<\/p>\n<h6><span style=\"text-decoration: underline;\">Die Top 10 Modified<\/span><\/h6>\n<ol>\n<li>Ronald V\u00f6lker \u2013 Deutschland \u2013 Yokomo<\/li>\n<li>Bruno Coelho \u2013 Portugal \u2013 Xray<\/li>\n<li>Marc Rheinard \u2013 Deutschland \u2013 Tamiya<\/li>\n<li>Alexander Hagberg \u2013 Schweden \u2013 Xray<\/li>\n<li>Viljami Kutvonen \u2013 Finnland \u2013 Awesomatix<\/li>\n<li>Juho Levanen \u2013 Finnland \u2013 Associated<\/li>\n<li>Christopher Krapp \u2013 Deutschland \u2013 Tamiya<\/li>\n<li>Magnus V\u00e4ssmar \u2013 Schweden \u2013 Schumacher<\/li>\n<li>Akio Sobue \u2013 Japan \u2013 Tamiya<\/li>\n<li>Marc Fischer \u2013 Deutschland \u2013 Serpent<\/li>\n<\/ol>\n<ul>\n<li>B-Finale: Dionays Stadler, Deutschland<\/li>\n<li>C-Finale: Elliott Harper, Gro\u00dfbritannien<\/li>\n<li>D-Finale: Helge Johannessen, Norwegen<\/li>\n<li>E-Finale: Matej Dobnikar, Slowenien<\/li>\n<\/ul>\n<hr \/>\n<h6><span style=\"text-decoration: underline; color: #008000;\">Neue Meldung: 16:10 Uhr<\/span><\/h6>\n<h4>Pro Stock: Valentin Hettrich gewinnt den letzten Lauf<\/h4>\n<p>Valentin Hettrich hat den letzten Finallauf in Pro Stock gewonnen. Das reichte am Schluss f\u00fcr Platz 3. Zweiter in der Gesamtwertung wurde Tony Streit.<\/p>\n<h6><span style=\"text-decoration: underline;\">Die Top 10 in Pro Stock<\/span><\/h6>\n<p>&nbsp;<\/p>\n<ol>\n<li>Jan Ratheisky \u2013 Deutschland \u2013 Xray<\/li>\n<li>Tony Streit \u2013 Deutschland \u2013 Awesomatix<\/li>\n<li>Valentin Hettrich \u2013 Deutschland \u2013 Yokomo<\/li>\n<li>Helge Johannessen \u2013 Norwegen \u2013 ARC<\/li>\n<li>Lars Hoppe \u2013 Deutschland \u2013 ARC<\/li>\n<li>Tom Kr\u00e4gefski \u2013 Deutschland &#8211; Xray<\/li>\n<li>Martin Hofer \u2013 Deutschland \u2013 Yokomo<\/li>\n<li>Mattia Collina \u2013 Italien \u2013 Xray<\/li>\n<li>Tobias Vogel \u2013 Deutschland \u2013 Yokomo<\/li>\n<\/ol>\n<p>Platz 10 bleibt wegen der Disqualifikation von Marek Cerny frei.<\/p>\n<ul>\n<li>B-Finale: Patrick Gassauer, Deutschland<\/li>\n<li>C-Finale: Sandro Speck, Deutschland<\/li>\n<li>D-Finale: Marco Siegenthaler, Schweiz<\/li>\n<li>E-Finale: Lars Stub-Holm, D\u00e4nemark<\/li>\n<\/ul>\n<hr \/>\n<h6><span style=\"text-decoration: underline; color: #008000;\">Neue Meldung: 16:00 Uhr<\/span><\/h6>\n<h4>Jan Ratheisky gewinnt auch in Formel<\/h4>\n<p>Jan Ratheisky hat den dritten Lauf in Formel gewonnen und holte sich damit auch den Gesamtsieg. Es war der 15. Formelsieg bei einem ETS-Rennen f\u00fcr den Xrayfahrer. Olivier Bultynck und David Ehrbar begleiten ihn auf das Podium.<\/p>\n<h6><span style=\"text-decoration: underline;\">Die Top 10 Formel<\/span><\/h6>\n<ol>\n<li>Jan Ratheisky \u2013 Deutschland \u2013 Xray<\/li>\n<li>Olivier Bultynck \u2013 Belgien \u2013 Roche<\/li>\n<li>David Ehrbar \u2013 Deutschland \u2013 Serpent<\/li>\n<li>Andreas Myrberg \u2013 Schweden \u2013 Yokomo<\/li>\n<li>Herbert Weber \u2013 \u00d6sterreich \u2013 CRC<\/li>\n<li>Ren\u00e9 K\u00f6lbel \u2013 \u00d6sterreich \u2013 Xray<\/li>\n<li>Alexander Stocker \u2013 Deutschland \u2013 Yokomo<\/li>\n<li>Jan Bohlen \u2013 Deutschland \u2013 Xray<\/li>\n<li>Daniele Ielasi \u2013 Italien \u2013 WRC<\/li>\n<li>Francesco Martini \u2013 Italien \u2013 Xray<\/li>\n<\/ol>\n<ul>\n<li><strong>B-Finale<\/strong>: Jacques Libar, Luxemburg<\/li>\n<li><strong>C-Finale<\/strong>: Andrea Valerio, Italien<\/li>\n<li><strong>D-Finale<\/strong>: Andreas Reifferscheid, Deutschland<\/li>\n<li><strong>E-Finale<\/strong>: Thomas Felke, Deutschland<\/li>\n<\/ul>\n<hr \/>\n<h6><span style=\"text-decoration: underline; color: #008000;\">Neue Meldung: 14:50 Uhr<\/span><\/h6>\n<h4>WRC pr\u00e4sentiert neues Formelfahrzeug<\/h4>\n<figure id=\"attachment_12103\" aria-describedby=\"caption-attachment-12103\" style=\"width: 800px\" class=\"wp-caption alignleft\"><a href=\"http:\/\/brcnews.net\/wp-content\/uploads\/2016\/04\/ETSWels.065.jpg\" rel=\"attachment wp-att-12103\"><img loading=\"lazy\" class=\"wp-image-12103 size-full colorbox-12073\" src=\"http:\/\/brcnews.net\/wp-content\/uploads\/2016\/04\/ETSWels.065.jpg\" alt=\"ETSWels.065\" width=\"800\" height=\"484\" srcset=\"https:\/\/brcnews.net\/wp-content\/uploads\/2016\/04\/ETSWels.065.jpg 800w, https:\/\/brcnews.net\/wp-content\/uploads\/2016\/04\/ETSWels.065-300x182.jpg 300w, https:\/\/brcnews.net\/wp-content\/uploads\/2016\/04\/ETSWels.065-768x465.jpg 768w\" sizes=\"(max-width: 800px) 100vw, 800px\" \/><\/a><figcaption id=\"caption-attachment-12103\" class=\"wp-caption-text\">Ein weiterer interessanter Formelracer, der die Szene bereichert<\/figcaption><\/figure>\n<p>Die italienische RC-Car-Schmiede WRC pr\u00e4sentierte beim ETS einen neuen Formel, den F One 2016. Dazu ist eigens der mehrfache Nitro-Weltmeister, Daniele Ielasi, nach Wels gereist. Ielasi schaffte mit dem<\/p>\n<div id='gallery-1' class='gallery galleryid-12073 gallery-columns-3 gallery-size-thumbnail'><figure class='gallery-item'>\n\t\t\t<div class='gallery-icon landscape'>\n\t\t\t\t<a href='https:\/\/brcnews.net\/?attachment_id=12102'><img width=\"150\" height=\"150\" src=\"https:\/\/brcnews.net\/wp-content\/uploads\/2016\/04\/ETSWels.064-150x150.jpg\" class=\"attachment-thumbnail size-thumbnail colorbox-12073 \" alt=\"\" loading=\"lazy\" \/><\/a>\n\t\t\t<\/div><\/figure><figure class='gallery-item'>\n\t\t\t<div class='gallery-icon landscape'>\n\t\t\t\t<a href='https:\/\/brcnews.net\/?attachment_id=12103'><img width=\"150\" height=\"150\" src=\"https:\/\/brcnews.net\/wp-content\/uploads\/2016\/04\/ETSWels.065-150x150.jpg\" class=\"attachment-thumbnail size-thumbnail colorbox-12073 \" alt=\"\" loading=\"lazy\" \/><\/a>\n\t\t\t<\/div><\/figure><figure class='gallery-item'>\n\t\t\t<div class='gallery-icon landscape'>\n\t\t\t\t<a href='https:\/\/brcnews.net\/?attachment_id=12104'><img width=\"150\" height=\"150\" src=\"https:\/\/brcnews.net\/wp-content\/uploads\/2016\/04\/ETSWels.066-150x150.jpg\" class=\"attachment-thumbnail size-thumbnail colorbox-12073 \" alt=\"\" loading=\"lazy\" \/><\/a>\n\t\t\t<\/div><\/figure><figure class='gallery-item'>\n\t\t\t<div class='gallery-icon landscape'>\n\t\t\t\t<a href='https:\/\/brcnews.net\/?attachment_id=12105'><img width=\"150\" height=\"150\" src=\"https:\/\/brcnews.net\/wp-content\/uploads\/2016\/04\/ETSWels.067-150x150.jpg\" class=\"attachment-thumbnail size-thumbnail colorbox-12073 \" alt=\"\" loading=\"lazy\" \/><\/a>\n\t\t\t<\/div><\/figure><figure class='gallery-item'>\n\t\t\t<div class='gallery-icon landscape'>\n\t\t\t\t<a href='https:\/\/brcnews.net\/?attachment_id=12106'><img width=\"150\" height=\"150\" src=\"https:\/\/brcnews.net\/wp-content\/uploads\/2016\/04\/ETSWels.068-150x150.jpg\" class=\"attachment-thumbnail size-thumbnail colorbox-12073 \" alt=\"\" loading=\"lazy\" \/><\/a>\n\t\t\t<\/div><\/figure>\n\t\t<\/div>\n\n<p>Neuen gleich den Sprung ins A-Finale. Front- und Heckspoiler entsprechen jedoch nicht dem ETS-Reglement.<\/p>\n<p>&nbsp;<\/p>\n<hr \/>\n<h6><span style=\"text-decoration: underline; color: #008000;\">Neue Meldung: 14:50 Uhr<\/span><\/h6>\n<h4>Gute Werbung f\u00fcr den Sport<\/h4>\n<figure id=\"attachment_12100\" aria-describedby=\"caption-attachment-12100\" style=\"width: 800px\" class=\"wp-caption alignleft\"><a href=\"http:\/\/brcnews.net\/wp-content\/uploads\/2016\/04\/ETSWels.063.jpg\" rel=\"attachment wp-att-12100\"><img loading=\"lazy\" class=\"wp-image-12100 size-full colorbox-12073\" src=\"http:\/\/brcnews.net\/wp-content\/uploads\/2016\/04\/ETSWels.063.jpg\" alt=\"ETSWels.063\" width=\"800\" height=\"406\" srcset=\"https:\/\/brcnews.net\/wp-content\/uploads\/2016\/04\/ETSWels.063.jpg 800w, https:\/\/brcnews.net\/wp-content\/uploads\/2016\/04\/ETSWels.063-300x152.jpg 300w, https:\/\/brcnews.net\/wp-content\/uploads\/2016\/04\/ETSWels.063-768x390.jpg 768w\" sizes=\"(max-width: 800px) 100vw, 800px\" \/><\/a><figcaption id=\"caption-attachment-12100\" class=\"wp-caption-text\">Interessierte Zuschauer unterbrechen ihren Messerundgang, um sich die Rennen anzusehen<\/figcaption><\/figure>\n<p>Das Gros der Fahrer der Euro Touring Series tut hier auf der Modellbaumesse in Wels alles, um den RC-Car-Sport ins rechte Licht zu r\u00fccken. Sie zeigen den zahlreichen Zuschauern, die gestern und heute die Strecke s\u00e4umen, was die Faszination ihres Hobbys ausmacht. Scotty Ernst und Uwe Rheinard bringen ihnen das Geschehen auf der Strecke auch verbal nahe. Die ETS-Verantwortlichen selbst finden in der Halle aber auch beste Voraussetzungen f\u00fcr die Pr\u00e4sentation ihrer Rennserie vor. Sie haben ausreichend Platz, eine tolle Rennstrecke aufzubauen und ein gro\u00dfz\u00fcgiges Fahrerlager einzurichten.<\/p>\n<hr \/>\n<h6><span style=\"text-decoration: underline; color: #008000;\">Neue Meldung: 14:00 Uhr<\/span><\/h6>\n<h4>Team Serpent mit neuem Tourenwagen<\/h4>\n<p>Die Fahrer des Teams Serpent sind mit einem neuen Tourenwagen am Start. 4-x nennt sich der Prototyp, mit das Team bei der WM in Peking punkten will.<\/p>\n<figure id=\"attachment_12093\" aria-describedby=\"caption-attachment-12093\" style=\"width: 800px\" class=\"wp-caption alignleft\"><a href=\"http:\/\/brcnews.net\/wp-content\/uploads\/2016\/04\/ETSWels.056.jpg\" rel=\"attachment wp-att-12093\"><img loading=\"lazy\" class=\"wp-image-12093 size-full colorbox-12073\" src=\"http:\/\/brcnews.net\/wp-content\/uploads\/2016\/04\/ETSWels.056.jpg\" alt=\"ETSWels.056\" width=\"800\" height=\"359\" srcset=\"https:\/\/brcnews.net\/wp-content\/uploads\/2016\/04\/ETSWels.056.jpg 800w, https:\/\/brcnews.net\/wp-content\/uploads\/2016\/04\/ETSWels.056-300x135.jpg 300w, https:\/\/brcnews.net\/wp-content\/uploads\/2016\/04\/ETSWels.056-768x345.jpg 768w\" sizes=\"(max-width: 800px) 100vw, 800px\" \/><\/a><figcaption id=\"caption-attachment-12093\" class=\"wp-caption-text\">Mit seinen Vorg\u00e4ngern hat der Prototyp 4-x nur noch wenig gemeinsam<\/figcaption><\/figure>\n<p>Der neue Tourenwagen ist das Werk des neuen Serpent-Mitarbeiters, David Ehrbar. Seit rund zwei Jahren arbeitet er an dem neuen Konzept. Oberstes Ziel: Den Schwerpunkt des Fahrzeuges so tief wie m\u00f6glich zu senken.<\/p>\n<div id='gallery-2' class='gallery galleryid-12073 gallery-columns-3 gallery-size-thumbnail'><figure class='gallery-item'>\n\t\t\t<div class='gallery-icon landscape'>\n\t\t\t\t<a href='https:\/\/brcnews.net\/?attachment_id=12093'><img width=\"150\" height=\"150\" src=\"https:\/\/brcnews.net\/wp-content\/uploads\/2016\/04\/ETSWels.056-150x150.jpg\" class=\"attachment-thumbnail size-thumbnail colorbox-12073 \" alt=\"\" loading=\"lazy\" \/><\/a>\n\t\t\t<\/div><\/figure><figure class='gallery-item'>\n\t\t\t<div class='gallery-icon landscape'>\n\t\t\t\t<a href='https:\/\/brcnews.net\/?attachment_id=12094'><img width=\"150\" height=\"150\" src=\"https:\/\/brcnews.net\/wp-content\/uploads\/2016\/04\/ETSWels.057-150x150.jpg\" class=\"attachment-thumbnail size-thumbnail colorbox-12073 \" alt=\"\" loading=\"lazy\" \/><\/a>\n\t\t\t<\/div><\/figure><figure class='gallery-item'>\n\t\t\t<div class='gallery-icon landscape'>\n\t\t\t\t<a href='https:\/\/brcnews.net\/?attachment_id=12095'><img width=\"150\" height=\"150\" src=\"https:\/\/brcnews.net\/wp-content\/uploads\/2016\/04\/ETSWels.058-150x150.jpg\" class=\"attachment-thumbnail size-thumbnail colorbox-12073 \" alt=\"\" loading=\"lazy\" \/><\/a>\n\t\t\t<\/div><\/figure><figure class='gallery-item'>\n\t\t\t<div class='gallery-icon landscape'>\n\t\t\t\t<a href='https:\/\/brcnews.net\/?attachment_id=12096'><img width=\"150\" height=\"150\" src=\"https:\/\/brcnews.net\/wp-content\/uploads\/2016\/04\/ETSWels.059-150x150.jpg\" class=\"attachment-thumbnail size-thumbnail colorbox-12073 \" alt=\"\" loading=\"lazy\" \/><\/a>\n\t\t\t<\/div><\/figure><figure class='gallery-item'>\n\t\t\t<div class='gallery-icon landscape'>\n\t\t\t\t<a href='https:\/\/brcnews.net\/?attachment_id=12097'><img width=\"150\" height=\"150\" src=\"https:\/\/brcnews.net\/wp-content\/uploads\/2016\/04\/ETSWels.060-150x150.jpg\" class=\"attachment-thumbnail size-thumbnail colorbox-12073 \" alt=\"\" loading=\"lazy\" \/><\/a>\n\t\t\t<\/div><\/figure><figure class='gallery-item'>\n\t\t\t<div class='gallery-icon landscape'>\n\t\t\t\t<a href='https:\/\/brcnews.net\/?attachment_id=12098'><img width=\"150\" height=\"150\" src=\"https:\/\/brcnews.net\/wp-content\/uploads\/2016\/04\/ETSWels.061-150x150.jpg\" class=\"attachment-thumbnail size-thumbnail colorbox-12073 \" alt=\"\" loading=\"lazy\" \/><\/a>\n\t\t\t<\/div><\/figure>\n\t\t<\/div>\n\n<p>Ein besonderes Schmankerl ist die \u201eentkoppelte Radaufh\u00e4ngung\u201c. Das hei\u00dft, die Hubd\u00e4mpfung (f\u00fcr Bodenwellen etc.) und die Wankd\u00e4mpfung (f\u00fcr das Kurvenverhalten) sind entkoppelt und k\u00f6nnen jeweils separat eingestellt werden.<\/p>\n<p>Marc Fischer schaffte mit dem neuen Serpent gleich den Sprung ins A-Finale Modified.<\/p>\n<hr \/>\n<h6><span style=\"text-decoration: underline; color: #008000;\">Neue Meldung: 13:00 Uhr<\/span><\/h6>\n<h4>Marek Cerny disqualifiziert<\/h4>\n<p>Rennleiter Scotty Ernst hat Marek Cerny f\u00fcr dieses Wochenende wegen unsportlichem und ungeb\u00fchrlichem Verhalten disqualifiziert. Der amtierende ETS-Champion in der Klasse Pro Stock war mit einer Stop &amp; Go-Strafe nicht einverstanden und tat dies mit \u00e4u\u00dferst unsch\u00f6nen Worten in Richtung des Rennleiters kund.<\/p>\n<p>Gestern wurde bereits der D\u00e4ne Nicolai Lindegaard wegen einer nicht erlaubten Software auf seinem Stockregler disqulifiziert.<\/p>\n<hr \/>\n<h6><span style=\"text-decoration: underline; color: #008000;\">Neue Meldung: 12:55 Uhr<\/span><\/h6>\n<h4>Guter Tag f\u00fcr Ronald V\u00f6lker und Yokomo<\/h4>\n<figure id=\"attachment_12091\" aria-describedby=\"caption-attachment-12091\" style=\"width: 800px\" class=\"wp-caption alignleft\"><a href=\"http:\/\/brcnews.net\/wp-content\/uploads\/2016\/04\/ETSWels.055.jpg\" rel=\"attachment wp-att-12091\"><img loading=\"lazy\" class=\"wp-image-12091 size-full colorbox-12073\" src=\"http:\/\/brcnews.net\/wp-content\/uploads\/2016\/04\/ETSWels.055.jpg\" alt=\"ETSWels.055\" width=\"800\" height=\"476\" srcset=\"https:\/\/brcnews.net\/wp-content\/uploads\/2016\/04\/ETSWels.055.jpg 800w, https:\/\/brcnews.net\/wp-content\/uploads\/2016\/04\/ETSWels.055-300x179.jpg 300w, https:\/\/brcnews.net\/wp-content\/uploads\/2016\/04\/ETSWels.055-768x457.jpg 768w\" sizes=\"(max-width: 800px) 100vw, 800px\" \/><\/a><figcaption id=\"caption-attachment-12091\" class=\"wp-caption-text\">So bejubelt Ronald V\u00f6lker seinen 14. ETS-Sieg<\/figcaption><\/figure>\n<p>So gut war Ronald V\u00f6lker lange nicht mehr unterwegs. Yukijiro Umino hatte den Yokomo perfekt abgestimmt. Ronald V\u00f6lker fuhr sauber wie lange nicht mehr. Zu keiner Zeit kamen seine Verfolger auf Schlagdistanz. Selbst Bruno Coelho musste den Yokomofahrer ziehen lassen und sich mit Platz 2 begn\u00fcgen. Marc Rheinard wurde Dritter, Alexander Hagberg Vierter und Viljami Kutvonen F\u00fcnfter.<\/p>\n<p>Hart ging es einmal mehr in der Pro Stock-Klasse zu. W\u00e4hrend Jan Ratheisky sich zun\u00e4chst von seinen Verfolgern nicht absetzen konnte, mehrten sich die Crashs hinter ihm. Valentin Hettrich schied durch einen eigenen Fehler aus der Verfolgergruppe aus. Tony Streit war in mehrere Crahs verwickelt. Jan Ratheisky zog vorne einsam seine Runden, \u201eobschon ich das langsamste Fahrzeug fuhr\u201c, wie er anschlie\u00dfend BRCNEWS sagte. Tom Kr\u00e4gefski (Xray) von Platz 10 gestartet wurde Zweiter, Helge Johannessen (ARC) wurde Dritter. Dahinter folgten Tony Streit und Martin Hofer.<\/p>\n<p>In Formel ist die Entscheidung noch nicht gefallen. Olivier Bultynck ging bereits in der siebten Runde an Jan Ratheisky vorbei und behielt die F\u00fchrung bis ins Ziel. Die Pl\u00e4tze 3 bis 5 gingen an David Ehrbar, Herbert Weber und Ren\u00e9 K\u00f6lbel.<\/p>\n<hr \/>\n<h6><span style=\"text-decoration: underline; color: #008000;\">Neue Meldung: 12:30 Uhr<\/span><\/h6>\n<h4>Ronald V\u00f6lker und Jan Ratheisky haben es geschafft<\/h4>\n<p>Ronald V\u00f6lker und Jan Ratheisky haben jeder in ihrer Klasse das zweite A-Finale gewonnen. Sie stehen damit als Sieger fest. Beim dritten Finale geht es jetzt nur noch um die Platzierungen hinter den beiden. In der Formelklasse f\u00e4llt die Entscheidung erst im dritten und letzten Finallauf. Das zweite A-Finale gewann Olivier Bultynck.<\/p>\n<hr \/>\n<h6><span style=\"text-decoration: underline; color: #008000;\">Neue Meldung: 11:25 Uhr<\/span><\/h6>\n<h4>Fallen jetzt die ersten Entscheidungen?<\/h4>\n<figure id=\"attachment_12086\" aria-describedby=\"caption-attachment-12086\" style=\"width: 800px\" class=\"wp-caption alignleft\"><a href=\"http:\/\/brcnews.net\/wp-content\/uploads\/2016\/04\/ETSWels.053.jpg\" rel=\"attachment wp-att-12086\"><img loading=\"lazy\" class=\"wp-image-12086 size-full colorbox-12073\" src=\"http:\/\/brcnews.net\/wp-content\/uploads\/2016\/04\/ETSWels.053.jpg\" alt=\"ETSWels.053\" width=\"800\" height=\"492\" srcset=\"https:\/\/brcnews.net\/wp-content\/uploads\/2016\/04\/ETSWels.053.jpg 800w, https:\/\/brcnews.net\/wp-content\/uploads\/2016\/04\/ETSWels.053-300x185.jpg 300w, https:\/\/brcnews.net\/wp-content\/uploads\/2016\/04\/ETSWels.053-768x472.jpg 768w\" sizes=\"(max-width: 800px) 100vw, 800px\" \/><\/a><figcaption id=\"caption-attachment-12086\" class=\"wp-caption-text\">Der Finne Viljami Kutvonen ist schnellster Fahrer im Team Awesomatix. Im ersten A-Finale wurde er Dritter.<\/figcaption><\/figure>\n<p>Die zweite Runde der A-Finall\u00e4ufe steht in wenigen Minuten an. Dann k\u00f6nnten die ersten Entscheidungen fallen. Gewinnen die Sieger des ersten A-Finales erneut, stehen sie als Gesamtsieger fest. Die Finalisten selbst oder deren Schrauber haben die Zeit genutzt, ihre Fahrzeuge wieder bestens auf die Strecke abzustimmen.<\/p>\n<hr \/>\n<h6><span style=\"text-decoration: underline; color: #008000;\">Neue Meldung: 10:00 Uhr<\/span><\/h6>\n<h4>Ronald V\u00f6lker setzt sich im ersten Finale durch<\/h4>\n<figure id=\"attachment_12083\" aria-describedby=\"caption-attachment-12083\" style=\"width: 800px\" class=\"wp-caption alignleft\"><a href=\"http:\/\/brcnews.net\/wp-content\/uploads\/2016\/04\/ETSWels.051.jpg\" rel=\"attachment wp-att-12083\"><img loading=\"lazy\" class=\"wp-image-12083 size-full colorbox-12073\" src=\"http:\/\/brcnews.net\/wp-content\/uploads\/2016\/04\/ETSWels.051.jpg\" alt=\"ETSWels.051\" width=\"800\" height=\"488\" srcset=\"https:\/\/brcnews.net\/wp-content\/uploads\/2016\/04\/ETSWels.051.jpg 800w, https:\/\/brcnews.net\/wp-content\/uploads\/2016\/04\/ETSWels.051-300x183.jpg 300w, https:\/\/brcnews.net\/wp-content\/uploads\/2016\/04\/ETSWels.051-768x468.jpg 768w\" sizes=\"(max-width: 800px) 100vw, 800px\" \/><\/a><figcaption id=\"caption-attachment-12083\" class=\"wp-caption-text\">Ronald V\u00f6lker &#8211; voll konzentriert auf das erste A-Finale<\/figcaption><\/figure>\n<p>Ronald V\u00f6lker hat in einem harten und spannenden Fight seinen Startplatz 1 bis ins Ziel verteidigt. Bruno Coelho blieb ihm bis zur elften Runde eng auf den Fersen. Vom Start an machte er heftig Druck auf den F\u00fchrenden. Erst am schluss konnte sich Ronald V\u00f6lker ein wenig absetzen. Dritter wurde Viljami Kutvonen. Auf den Sieger hatte er einen R\u00fcckstand von knapp f\u00fcnf Sekunden. Hinter ihm kamen Marc Rheinard und Alexander Hagberg ins Ziel.<\/p>\n<hr \/>\n<h6><span style=\"text-decoration: underline; color: #008000;\">Neue Meldung: 9:40 Uhr<\/span><\/h6>\n<h4>Jan Ratheisky auch in Pro Stock vorn<\/h4>\n<p>Nur wenige Minuten nach seinem ersten Sieg in der Formelklasse hat Jan Ratheisky (Xray) auch das erste A-Finale in Pro Stock gewonnen. Und wieder mit einem Start-Ziel-Sieg. Zweiter wurde sein Teamkollege Marek Cerny, der gleich nach dem Start von einem Crash zwischen Yokomofahrer Valentin Hettrich (Startplatz 2) und Tony Streit (Startplatz 3) profitierte. Tony Streit (Awesomatix) wurde Dritter, Valentin Hettrich k\u00e4mpfte sich vom neunten Platz wieder auf sechsten vor. Die Pl\u00e4tze 4 und 5 belegten Helge Johannessen (ARC) und Martin Hofer (Yokomo).<\/p>\n<hr \/>\n<h6><span style=\"text-decoration: underline; color: #008000;\">Neue Meldung: 9:25 Uhr<\/span><\/h6>\n<h4>Formel: Jan Ratheisky gewinnt erstes A-Finale<\/h4>\n<figure id=\"attachment_12084\" aria-describedby=\"caption-attachment-12084\" style=\"width: 800px\" class=\"wp-caption alignleft\"><a href=\"http:\/\/brcnews.net\/wp-content\/uploads\/2016\/04\/ETSWels.052.jpg\" rel=\"attachment wp-att-12084\"><img loading=\"lazy\" class=\"wp-image-12084 size-full colorbox-12073\" src=\"http:\/\/brcnews.net\/wp-content\/uploads\/2016\/04\/ETSWels.052.jpg\" alt=\"ETSWels.052\" width=\"800\" height=\"432\" srcset=\"https:\/\/brcnews.net\/wp-content\/uploads\/2016\/04\/ETSWels.052.jpg 800w, https:\/\/brcnews.net\/wp-content\/uploads\/2016\/04\/ETSWels.052-300x162.jpg 300w, https:\/\/brcnews.net\/wp-content\/uploads\/2016\/04\/ETSWels.052-768x415.jpg 768w\" sizes=\"(max-width: 800px) 100vw, 800px\" \/><\/a><figcaption id=\"caption-attachment-12084\" class=\"wp-caption-text\">Startaufstellung A-finale Formel. Auf der Pole: Der Xray X1 von Jan Ratheisky<\/figcaption><\/figure>\n<p>Jan Ratheisky hat das erste A-Finale Formel mit einem klassischen Start-Ziel-Sieg gewonnen. Mit einem Vorsprung von gut zwei Sekunden \u00fcberquerte er die Ziellinie vor dem Zweiten, Olivier Bultynck. David Ehrbar wurde Dritter, Andreas Myrberg Vierter und Herbert Weber F\u00fcnfter.<\/p>\n<hr \/>\n<h6><span style=\"text-decoration: underline; color: #008000;\">Neue Meldung: 9:00 Uhr<\/span><\/h6>\n<h4>Erste A-Finale starten gleich<\/h4>\n<p>Kurz nach 9:00 Uhr starten die ersten A-Finale. In Formel geht Jan Ratheisky von der Pole in die Finall\u00e4ufe. Der Xrayfahrer hat die ersten beiden Saisonl\u00e4ufe in Hrotovice und M\u00fclheim-K\u00e4rlich gewonnen. Der dreifache ETS-Champion in der Formelklasse kann heute mit einem dritten Sieg seine Titelverteidigung schon festigen. Auf Startplatz steht Olivier Bultynck, auf Platz 3 Andreas Myrberg.<\/p>\n<p>In Pro Stock steht Jan Ratheisky ebenfalls auf der Pole\u00fcosition. Er setzte sich gestern mit dem schnellsten Qualilauf gegen seine Konkurrenten durch. Er hat das Saisoner\u00f6ffnungsrennen in Hrotovice gewonnen. Den zweiten ETS-Lauf in M\u00fclheim-K\u00e4rlich gewann Tony Streit, der heute von Startplatz 3 in die Finall\u00e4ufe geht. Vor ihm startet Valentin Hettrich. Titelverteidiger Marek Cerny geht von Platz 4 in die Finall\u00e4ufe.<\/p>\n<p>Der f\u00fcnffache ETS-Champion Ronald V\u00f6lker erk\u00e4mpfte sich gestern seine erste Poleposition in der laufenden Saison. Er gewann alle vier Vorl\u00e4ufe. Auf den Pl\u00e4tzen hinter ihm stehen mit Bruno Coelho und Marc Rheinard die Sieger der bisherigen Saisonl\u00e4ufe. Marc Rheinard gewann in Hrotovice, Bruno Coelho in M\u00fclheim-K\u00e4rlich.<\/p>\n<hr \/>\n<h6><span style=\"text-decoration: underline; color: #008000;\">Erste Meldung: 8:45 Uhr<\/span><\/h6>\n<h4>Guten Morgen<\/h4>\n<p>Der Finaltag beim dritten Lauf der Euro Touring Series in Wels (\u00d6sterreich) hat begonnen. Seit 7:30 Uhr surren die Elektromotoren wieder durch die Messehalle 21.<\/p>\n<p>Die Fahrer in den unteren Finalen absolvieren derzeit ihren zweiten Lauf. Bisher gibt es lediglich im L-Finale Pro Stock einen Gewinner. Das hat Michael Schr\u00f6der mit dem zweiten Sieg im zweiten Lauf f\u00fcr sich entschieden.<\/p>\n<div class=\"twoclick_social_bookmarks_post_12073 social_share_privacy clearfix 1.6.4 locale-de_DE sprite-de_DE\"><\/div><div class=\"twoclick-js\"><script type=\"text\/javascript\">\/* <![CDATA[ *\/\njQuery(document).ready(function($){if($('.twoclick_social_bookmarks_post_12073')){$('.twoclick_social_bookmarks_post_12073').socialSharePrivacy({\"services\":{\"facebook\":{\"status\":\"on\",\"txt_info\":\"2 Klicks f\\u00fcr mehr Datenschutz: Erst wenn Sie hier klicken, wird der Button aktiv und Sie k\\u00f6nnen Ihre Empfehlung an Facebook senden. Schon beim Aktivieren werden Daten an Dritte \\u00fcbertragen - siehe <em>i<\\\/em>.\",\"perma_option\":\"off\",\"action\":\"recommend\",\"language\":\"de_DE\"},\"twitter\":{\"reply_to\":\"\",\"tweet_text\":\"%20Euro%20Touring%20Series%202015%2F2016%20im%20RennTicker%20%E2%80%93%20Lauf%203%20Wels%20%E2%80%93%20Finaltag%20...\",\"status\":\"on\",\"txt_info\":\"2 Klicks f\\u00fcr mehr Datenschutz: Erst wenn Sie hier klicken, wird der Button aktiv und Sie k\\u00f6nnen Ihre Empfehlung an Twitter senden. Schon beim Aktivieren werden Daten an Dritte \\u00fcbertragen - siehe <em>i<\\\/em>.\",\"perma_option\":\"off\",\"language\":\"de\",\"referrer_track\":\"\"},\"gplus\":{\"status\":\"on\",\"txt_info\":\"2 Klicks f\\u00fcr mehr Datenschutz: Erst wenn Sie hier klicken, wird der Button aktiv und Sie k\\u00f6nnen Ihre Empfehlung an Google+ senden. Schon beim Aktivieren werden Daten an Dritte \\u00fcbertragen - siehe <em>i<\\\/em>.\",\"perma_option\":\"off\",\"referrer_track\":\"\"}},\"txt_help\":\"Wenn Sie diese Felder durch einen Klick aktivieren, werden Informationen an Facebook, Twitter, Flattr, Xing, t3n, LinkedIn, Pinterest oder Google eventuell ins Ausland \\u00fcbertragen und unter Umst\\u00e4nden auch dort gespeichert. N\\u00e4heres erfahren Sie durch einen Klick auf das <em>i<\\\/em>.\",\"settings_perma\":\"Dauerhaft aktivieren und Daten\\u00fcber-tragung zustimmen:\",\"info_link\":\"http:\\\/\\\/www.heise.de\\\/ct\\\/artikel\\\/2-Klicks-fuer-mehr-Datenschutz-1333879.html\",\"uri\":\"https:\\\/\\\/brcnews.net\\\/?p=12073\",\"post_id\":12073,\"post_title_referrer_track\":\"Euro+Touring+Series+2015%2F2016+im+RennTicker+%26%238211%3B+Lauf+3+Wels+%26%238211%3B+Finaltag\",\"display_infobox\":\"on\"});}});\n\/* ]]> *\/<\/script><\/div>","protected":false},"excerpt":{"rendered":"<p>Letzte Meldung: 17:05 Uhr Die Siegerehrung<\/p>\n","protected":false},"author":1,"featured_media":12071,"comment_status":"closed","ping_status":"open","sticky":false,"template":"","format":"standard","meta":[],"categories":[13],"tags":[73,100],"_links":{"self":[{"href":"https:\/\/brcnews.net\/index.php?rest_route=\/wp\/v2\/posts\/12073"}],"collection":[{"href":"https:\/\/brcnews.net\/index.php?rest_route=\/wp\/v2\/posts"}],"about":[{"href":"https:\/\/brcnews.net\/index.php?rest_route=\/wp\/v2\/types\/post"}],"author":[{"embeddable":true,"href":"https:\/\/brcnews.net\/index.php?rest_route=\/wp\/v2\/users\/1"}],"replies":[{"embeddable":true,"href":"https:\/\/brcnews.net\/index.php?rest_route=%2Fwp%2Fv2%2Fcomments&post=12073"}],"version-history":[{"count":23,"href":"https:\/\/brcnews.net\/index.php?rest_route=\/wp\/v2\/posts\/12073\/revisions"}],"predecessor-version":[{"id":12148,"href":"https:\/\/brcnews.net\/index.php?rest_route=\/wp\/v2\/posts\/12073\/revisions\/12148"}],"wp:featuredmedia":[{"embeddable":true,"href":"https:\/\/brcnews.net\/index.php?rest_route=\/wp\/v2\/media\/12071"}],"wp:attachment":[{"href":"https:\/\/brcnews.net\/index.php?rest_route=%2Fwp%2Fv2%2Fmedia&parent=12073"}],"wp:term":[{"taxonomy":"category","embeddable":true,"href":"https:\/\/brcnews.net\/index.php?rest_route=%2Fwp%2Fv2%2Fcategories&post=12073"},{"taxonomy":"post_tag","embeddable":true,"href":"https:\/\/brcnews.net\/index.php?rest_route=%2Fwp%2Fv2%2Ftags&post=12073"}],"curies":[{"name":"wp","href":"https:\/\/api.w.org\/{rel}","templated":true}]}}