{"id":12013,"date":"2016-04-09T08:07:50","date_gmt":"2016-04-09T06:07:50","guid":{"rendered":"http:\/\/brcnews.net\/?p=12013"},"modified":"2016-04-21T17:58:33","modified_gmt":"2016-04-21T15:58:33","slug":"euro-touring-series-20152016-im-rennticker-3-lauf-wels-tag-2","status":"publish","type":"post","link":"https:\/\/brcnews.net\/?p=12013","title":{"rendered":"Euro Touring Series 2015\/2016 im RennTicker \u2013 3. Lauf Wels \u2013 Tag 2"},"content":{"rendered":"<h6><span style=\"text-decoration: underline; color: #008000;\"><strong>Neue Meldung: 20:30 Uhr<\/strong><\/span><\/h6>\n<h4>Ein langer Tag geht zu Ende<\/h4>\n<figure id=\"attachment_12071\" aria-describedby=\"caption-attachment-12071\" style=\"width: 800px\" class=\"wp-caption alignleft\"><a href=\"http:\/\/brcnews.net\/wp-content\/uploads\/2016\/04\/ETSWels.048.jpg\" rel=\"attachment wp-att-12071\"><img loading=\"lazy\" class=\"wp-image-12071 size-full colorbox-12013\" src=\"http:\/\/brcnews.net\/wp-content\/uploads\/2016\/04\/ETSWels.048.jpg\" alt=\"ETSWels.048\" width=\"800\" height=\"414\" srcset=\"https:\/\/brcnews.net\/wp-content\/uploads\/2016\/04\/ETSWels.048.jpg 800w, https:\/\/brcnews.net\/wp-content\/uploads\/2016\/04\/ETSWels.048-300x155.jpg 300w, https:\/\/brcnews.net\/wp-content\/uploads\/2016\/04\/ETSWels.048-768x397.jpg 768w\" sizes=\"(max-width: 800px) 100vw, 800px\" \/><\/a><figcaption id=\"caption-attachment-12071\" class=\"wp-caption-text\">Start eines Finales<\/figcaption><\/figure>\n<p>Mit den C-Finalen neigt sich der zweite Renntag dem Ende entgegen. Die Fahrer des N-Finales Pro Stock machten heute den Anfang. Das letzte Finale war das C-Finale Modified.<!--more--><\/p>\n<p>Spannend sind alle Finale. Zuerst f\u00fcr die, die dabei sind. Aber auch f\u00fcr die Zuschauer. Im C-Finale Pro Stock f\u00fchrte zum Beispiel bis kurz vor Schluss Julian Borowski. Erst auf den letzten Metern fing ihn Sandro Speck noch ab un d gewann diesen ersten Lauf.<\/p>\n<p>Morgen geht es dann gegen 7:30 Uhr zun\u00e4chst wieder los mit dem N-Finale Pro Stock, zweiter Lauf. Nach dem zweiten G-Finale Modified stehen dann die ersten B- und A-Finale an. Gegen 16:00 Uhr ist dann das letzte A-Finale geplant.<\/p>\n<hr \/>\n<h6><span style=\"text-decoration: underline; color: #008000;\"><strong>Neue Meldung: 19:00 Uhr<\/strong><\/span><\/h6>\n<h4>Formel 1 Body Contest<\/h4>\n<figure id=\"attachment_12063\" aria-describedby=\"caption-attachment-12063\" style=\"width: 800px\" class=\"wp-caption alignleft\"><a href=\"http:\/\/brcnews.net\/wp-content\/uploads\/2016\/04\/ETSWels.041.jpg\" rel=\"attachment wp-att-12063\"><img loading=\"lazy\" class=\"wp-image-12063 size-full colorbox-12013\" src=\"http:\/\/brcnews.net\/wp-content\/uploads\/2016\/04\/ETSWels.041.jpg\" alt=\"ETSWels.041\" width=\"800\" height=\"397\" srcset=\"https:\/\/brcnews.net\/wp-content\/uploads\/2016\/04\/ETSWels.041.jpg 800w, https:\/\/brcnews.net\/wp-content\/uploads\/2016\/04\/ETSWels.041-300x149.jpg 300w, https:\/\/brcnews.net\/wp-content\/uploads\/2016\/04\/ETSWels.041-768x381.jpg 768w\" sizes=\"(max-width: 800px) 100vw, 800px\" \/><\/a><figcaption id=\"caption-attachment-12063\" class=\"wp-caption-text\">Die Sieger des Karosseriewettbewerbs (von links). Jacques Libar (Platz 2), Thomas Schr\u00f6der (Platz 1) und Hannes Zuckerst\u00e4tter (Platz 3)<\/figcaption><\/figure>\n<p>F1 Italia sponsert seit gut einem Jahr einen Body Contest f\u00fcr die Formelfahrer. Pr\u00e4miert werden die drei sch\u00f6nsten Formelkarossen, die dem originalen Boliden am n\u00e4chsten kommen.<\/p>\n<p><span style=\"text-decoration: underline;\"><strong>Kleine Fotogalerie vom Wettbewerb<\/strong><\/span><\/p>\n<div id='gallery-1' class='gallery galleryid-12013 gallery-columns-3 gallery-size-thumbnail'><figure class='gallery-item'>\n\t\t\t<div class='gallery-icon landscape'>\n\t\t\t\t<a href='https:\/\/brcnews.net\/?attachment_id=12069'><img width=\"150\" height=\"150\" src=\"https:\/\/brcnews.net\/wp-content\/uploads\/2016\/04\/ETSWels.047-150x150.jpg\" class=\"attachment-thumbnail size-thumbnail colorbox-12013 \" alt=\"\" loading=\"lazy\" \/><\/a>\n\t\t\t<\/div><\/figure><figure class='gallery-item'>\n\t\t\t<div class='gallery-icon landscape'>\n\t\t\t\t<a href='https:\/\/brcnews.net\/?attachment_id=12068'><img width=\"150\" height=\"150\" src=\"https:\/\/brcnews.net\/wp-content\/uploads\/2016\/04\/ETSWels.046-150x150.jpg\" class=\"attachment-thumbnail size-thumbnail colorbox-12013 \" alt=\"\" loading=\"lazy\" \/><\/a>\n\t\t\t<\/div><\/figure><figure class='gallery-item'>\n\t\t\t<div class='gallery-icon landscape'>\n\t\t\t\t<a href='https:\/\/brcnews.net\/?attachment_id=12067'><img width=\"150\" height=\"150\" src=\"https:\/\/brcnews.net\/wp-content\/uploads\/2016\/04\/ETSWels.045-150x150.jpg\" class=\"attachment-thumbnail size-thumbnail colorbox-12013 \" alt=\"\" loading=\"lazy\" \/><\/a>\n\t\t\t<\/div><\/figure><figure class='gallery-item'>\n\t\t\t<div class='gallery-icon landscape'>\n\t\t\t\t<a href='https:\/\/brcnews.net\/?attachment_id=12066'><img width=\"150\" height=\"150\" src=\"https:\/\/brcnews.net\/wp-content\/uploads\/2016\/04\/ETSWels.044-150x150.jpg\" class=\"attachment-thumbnail size-thumbnail colorbox-12013 \" alt=\"\" loading=\"lazy\" \/><\/a>\n\t\t\t<\/div><\/figure><figure class='gallery-item'>\n\t\t\t<div class='gallery-icon portrait'>\n\t\t\t\t<a href='https:\/\/brcnews.net\/?attachment_id=12065'><img width=\"150\" height=\"150\" src=\"https:\/\/brcnews.net\/wp-content\/uploads\/2016\/04\/ETSWels.043-150x150.jpg\" class=\"attachment-thumbnail size-thumbnail colorbox-12013 \" alt=\"\" loading=\"lazy\" \/><\/a>\n\t\t\t<\/div><\/figure><figure class='gallery-item'>\n\t\t\t<div class='gallery-icon landscape'>\n\t\t\t\t<a href='https:\/\/brcnews.net\/?attachment_id=12064'><img width=\"150\" height=\"150\" src=\"https:\/\/brcnews.net\/wp-content\/uploads\/2016\/04\/ETSWels.042-150x150.jpg\" class=\"attachment-thumbnail size-thumbnail colorbox-12013 \" alt=\"\" loading=\"lazy\" \/><\/a>\n\t\t\t<\/div><\/figure>\n\t\t<\/div>\n\n<p>Die Preise gingen dieses Mal an Thomas Schr\u00f6der aus Deutschland, Jacques Libar aus Luxemburg und Hannes Zuckerst\u00e4tter aus \u00d6sterreich. Die Jury brauchte einige Zeit, bis sie die besten Karossen ausgew\u00e4hlt hatten.<\/p>\n<p>Mehr \u00fcber den Sponsor gibt es im Internet:<\/p>\n<ul>\n<li><a href=\"http:\/\/www.f1italianseries.it\">http:\/\/www.f1italianseries.it<\/a><\/li>\n<\/ul>\n<hr \/>\n<h6><span style=\"text-decoration: underline; color: #008000;\"><strong>Neue Meldung: 17:00 Uhr<\/strong><\/span><\/h6>\n<h4>Jan Ratheisky startet auch in Pro Stock von der Pole<\/h4>\n<figure id=\"attachment_12061\" aria-describedby=\"caption-attachment-12061\" style=\"width: 800px\" class=\"wp-caption alignleft\"><a href=\"http:\/\/brcnews.net\/wp-content\/uploads\/2016\/04\/ETSWels.040.jpg\" rel=\"attachment wp-att-12061\"><img loading=\"lazy\" class=\"wp-image-12061 size-full colorbox-12013\" src=\"http:\/\/brcnews.net\/wp-content\/uploads\/2016\/04\/ETSWels.040.jpg\" alt=\"ETSWels.040\" width=\"800\" height=\"422\" srcset=\"https:\/\/brcnews.net\/wp-content\/uploads\/2016\/04\/ETSWels.040.jpg 800w, https:\/\/brcnews.net\/wp-content\/uploads\/2016\/04\/ETSWels.040-300x158.jpg 300w, https:\/\/brcnews.net\/wp-content\/uploads\/2016\/04\/ETSWels.040-768x405.jpg 768w\" sizes=\"(max-width: 800px) 100vw, 800px\" \/><\/a><figcaption id=\"caption-attachment-12061\" class=\"wp-caption-text\">Sie fuhren den letzten Vorlauf des Tages und wirbelten die Rangliste in Pro Stock noch einmal heftig durcheinander<\/figcaption><\/figure>\n<p>Nach der Poleposition in Formel sicherte sich Jan Ratheisky mit dem Sieg im letzten Vorlauf der Klasse Pro Stock auch dort die Pole. Ratehisky war der vierte Sieger im vierten Lauf. Auf Startplatz zwei steht Valentin Hettrich, auf drei Tony Streit. Dahinter folgen Marek Cerny und Lars Hoppe.<\/p>\n<p><span style=\"text-decoration: underline;\"><strong>Die Top 10 in Pro Stock<\/strong><\/span><\/p>\n<ol>\n<li>Jan Ratheisky \u2013 Deutschland \u2013 Xray<\/li>\n<li>Valentin Hettrich \u2013 Deutschland \u2013 Yokomo<\/li>\n<li>Tony Streit \u2013 Deutschland \u2013 Awesomatix<\/li>\n<li>Marek Cerny \u2013 Tschechien \u2013 Xray<\/li>\n<li>Lars Hoppe \u2013 Deutschland \u2013 ARC<\/li>\n<li>Helge Johannessen \u2013 Norwegen \u2013 ARC<\/li>\n<li>Martin Hofer \u2013 Deutschland \u2013 Yokomo<\/li>\n<li>Tobias Vogel \u2013 Deutschland \u2013 Yokomo<\/li>\n<li>Mattia Collina \u2013 Italien \u2013 Xray<\/li>\n<li>Tom Kr\u00e4gefski \u2013 Deutschland &#8211; Xray<\/li>\n<\/ol>\n<hr \/>\n<h6><span style=\"text-decoration: underline; color: #008000;\"><strong>Neue Meldung: 16:30 Uhr<\/strong><\/span><\/h6>\n<h4>Fenix Mistral \u2013 ein Formel aus Italien<\/h4>\n<figure id=\"attachment_12053\" aria-describedby=\"caption-attachment-12053\" style=\"width: 800px\" class=\"wp-caption alignleft\"><a href=\"http:\/\/brcnews.net\/wp-content\/uploads\/2016\/04\/ETSWels.027.jpg\" rel=\"attachment wp-att-12053\"><img loading=\"lazy\" class=\"wp-image-12053 size-full colorbox-12013\" src=\"http:\/\/brcnews.net\/wp-content\/uploads\/2016\/04\/ETSWels.027.jpg\" alt=\"ETSWels.027\" width=\"800\" height=\"502\" srcset=\"https:\/\/brcnews.net\/wp-content\/uploads\/2016\/04\/ETSWels.027.jpg 800w, https:\/\/brcnews.net\/wp-content\/uploads\/2016\/04\/ETSWels.027-300x188.jpg 300w, https:\/\/brcnews.net\/wp-content\/uploads\/2016\/04\/ETSWels.027-768x482.jpg 768w\" sizes=\"(max-width: 800px) 100vw, 800px\" \/><\/a><figcaption id=\"caption-attachment-12053\" class=\"wp-caption-text\">Giorgio Favaretto beim Einstellen des Differenzials<\/figcaption><\/figure>\n<p>Giorgio Favaretto, Inhaber der Firma Fenix und Designer eines neuen Formelfahrzeuges ist selbst nach Wels gekommen, um den\u00a0 neuen Fenix Mistral, ein RC-Formel aus Italien, zu pr\u00e4sentieren. Der Mistral ist eine Neukonstruktion. Dem Designer ging es dabei vor allem darum, den Schwerpunkt des Cars m\u00f6glich tief zu legen. Aufgebaut ist er auf einer 2,5 Millimeter starken Chassisplatte aus Kohlefasern.<\/p>\n<figure id=\"attachment_12059\" aria-describedby=\"caption-attachment-12059\" style=\"width: 800px\" class=\"wp-caption alignleft\"><a href=\"http:\/\/brcnews.net\/wp-content\/uploads\/2016\/04\/ETSWels.033.jpg\" rel=\"attachment wp-att-12059\"><img loading=\"lazy\" class=\"wp-image-12059 size-full colorbox-12013\" src=\"http:\/\/brcnews.net\/wp-content\/uploads\/2016\/04\/ETSWels.033.jpg\" alt=\"ETSWels.033\" width=\"800\" height=\"388\" srcset=\"https:\/\/brcnews.net\/wp-content\/uploads\/2016\/04\/ETSWels.033.jpg 800w, https:\/\/brcnews.net\/wp-content\/uploads\/2016\/04\/ETSWels.033-300x146.jpg 300w, https:\/\/brcnews.net\/wp-content\/uploads\/2016\/04\/ETSWels.033-768x372.jpg 768w\" sizes=\"(max-width: 800px) 100vw, 800px\" \/><\/a><figcaption id=\"caption-attachment-12059\" class=\"wp-caption-text\">Der Fenix Mistral<\/figcaption><\/figure>\n<p>Der Akku l\u00e4sst sich in drei verschiedenen Positionen befestigen, um das Gewicht passend zu verlegen. Das neue Design des Fenix ist auf einer 2,5 Millimeter starken Chassisplatte aufgebaut. F\u00fcr die ETS-Strecke in Wels hat Giorgio Favaretto den Fenix mit einer Chassisplatte aus Aluminium ausgestattet.<\/p>\n<div id='gallery-2' class='gallery galleryid-12013 gallery-columns-3 gallery-size-thumbnail'><figure class='gallery-item'>\n\t\t\t<div class='gallery-icon landscape'>\n\t\t\t\t<a href='https:\/\/brcnews.net\/?attachment_id=12054'><img width=\"150\" height=\"150\" src=\"https:\/\/brcnews.net\/wp-content\/uploads\/2016\/04\/ETSWels.028-150x150.jpg\" class=\"attachment-thumbnail size-thumbnail colorbox-12013 \" alt=\"\" loading=\"lazy\" \/><\/a>\n\t\t\t<\/div><\/figure><figure class='gallery-item'>\n\t\t\t<div class='gallery-icon landscape'>\n\t\t\t\t<a href='https:\/\/brcnews.net\/?attachment_id=12055'><img width=\"150\" height=\"150\" src=\"https:\/\/brcnews.net\/wp-content\/uploads\/2016\/04\/ETSWels.029-150x150.jpg\" class=\"attachment-thumbnail size-thumbnail colorbox-12013 \" alt=\"\" loading=\"lazy\" \/><\/a>\n\t\t\t<\/div><\/figure><figure class='gallery-item'>\n\t\t\t<div class='gallery-icon landscape'>\n\t\t\t\t<a href='https:\/\/brcnews.net\/?attachment_id=12056'><img width=\"150\" height=\"150\" src=\"https:\/\/brcnews.net\/wp-content\/uploads\/2016\/04\/ETSWels.030-150x150.jpg\" class=\"attachment-thumbnail size-thumbnail colorbox-12013 \" alt=\"\" loading=\"lazy\" \/><\/a>\n\t\t\t<\/div><\/figure><figure class='gallery-item'>\n\t\t\t<div class='gallery-icon landscape'>\n\t\t\t\t<a href='https:\/\/brcnews.net\/?attachment_id=12057'><img width=\"150\" height=\"150\" src=\"https:\/\/brcnews.net\/wp-content\/uploads\/2016\/04\/ETSWels.031-150x150.jpg\" class=\"attachment-thumbnail size-thumbnail colorbox-12013 \" alt=\"\" loading=\"lazy\" \/><\/a>\n\t\t\t<\/div><\/figure><figure class='gallery-item'>\n\t\t\t<div class='gallery-icon landscape'>\n\t\t\t\t<a href='https:\/\/brcnews.net\/?attachment_id=12058'><img width=\"150\" height=\"150\" src=\"https:\/\/brcnews.net\/wp-content\/uploads\/2016\/04\/ETSWels.032-150x150.jpg\" class=\"attachment-thumbnail size-thumbnail colorbox-12013 \" alt=\"\" loading=\"lazy\" \/><\/a>\n\t\t\t<\/div><\/figure><figure class='gallery-item'>\n\t\t\t<div class='gallery-icon landscape'>\n\t\t\t\t<a href='https:\/\/brcnews.net\/?attachment_id=12059'><img width=\"150\" height=\"150\" src=\"https:\/\/brcnews.net\/wp-content\/uploads\/2016\/04\/ETSWels.033-150x150.jpg\" class=\"attachment-thumbnail size-thumbnail colorbox-12013 \" alt=\"\" loading=\"lazy\" \/><\/a>\n\t\t\t<\/div><\/figure>\n\t\t<\/div>\n\n<p>Giorgio Favaretto hat zuletzt auch Chassisplatten f\u00fcr Xray und Serpent gebaut.<\/p>\n<p>Mehr zum neuen Fenix Mistral gibt es auf der Seite des Unternehmens: <a href=\"http:\/\/www.fenix-racing.com\/index.asp\">http:\/\/www.fenix-racing.com<\/a><\/p>\n<hr \/>\n<h6><span style=\"text-decoration: underline; color: #008000;\"><strong>Neue Meldung: 15:40 Uhr<\/strong><\/span><\/h6>\n<h4>Vierter Start \u2013 vierter Sieg<\/h4>\n<figure id=\"attachment_12049\" aria-describedby=\"caption-attachment-12049\" style=\"width: 800px\" class=\"wp-caption alignleft\"><a href=\"http:\/\/brcnews.net\/wp-content\/uploads\/2016\/04\/ETSWels.037.jpg\" rel=\"attachment wp-att-12049\"><img loading=\"lazy\" class=\"wp-image-12049 size-full colorbox-12013\" src=\"http:\/\/brcnews.net\/wp-content\/uploads\/2016\/04\/ETSWels.037.jpg\" alt=\"ETSWels.037\" width=\"800\" height=\"181\" srcset=\"https:\/\/brcnews.net\/wp-content\/uploads\/2016\/04\/ETSWels.037.jpg 800w, https:\/\/brcnews.net\/wp-content\/uploads\/2016\/04\/ETSWels.037-300x68.jpg 300w, https:\/\/brcnews.net\/wp-content\/uploads\/2016\/04\/ETSWels.037-768x174.jpg 768w\" sizes=\"(max-width: 800px) 100vw, 800px\" \/><\/a><figcaption id=\"caption-attachment-12049\" class=\"wp-caption-text\">Letzter Vorlaufstart der Klasse Modified<\/figcaption><\/figure>\n<p>Das war Ronald V\u00f6lkers Tag. Vier Mal trat er zu einem Vorlauf an, vier Mal gewann er. Schon nach dem dritten Vorlauf war ihm die Pole sicher. Deutlicher geht es nicht mehr. Der Rekord ETS-Champion gehr morgen mit gest\u00e4rktem Selbstvertrauen in die drei Finall\u00e4ufe. Auf den beiden Pl\u00e4tzen hinter ihm starten Bruno Coelho und Marc Rheinard. Beide haben im Gegensatz zu Ronald V\u00f6lker bereits ein Rennen der laufenden Saison gewonnen. Marc Rheinard gewann das Auftaktrennen in M\u00fclheim-K\u00e4rlich, Bruno Coelho den Lauf in M\u00fclheim-K\u00e4rlich.<\/p>\n<figure id=\"attachment_12051\" aria-describedby=\"caption-attachment-12051\" style=\"width: 800px\" class=\"wp-caption alignleft\"><a href=\"http:\/\/brcnews.net\/wp-content\/uploads\/2016\/04\/ETSWels.036.jpg\" rel=\"attachment wp-att-12051\"><img loading=\"lazy\" class=\"wp-image-12051 size-full colorbox-12013\" src=\"http:\/\/brcnews.net\/wp-content\/uploads\/2016\/04\/ETSWels.036.jpg\" alt=\"ETSWels.036\" width=\"800\" height=\"293\" srcset=\"https:\/\/brcnews.net\/wp-content\/uploads\/2016\/04\/ETSWels.036.jpg 800w, https:\/\/brcnews.net\/wp-content\/uploads\/2016\/04\/ETSWels.036-300x110.jpg 300w, https:\/\/brcnews.net\/wp-content\/uploads\/2016\/04\/ETSWels.036-768x281.jpg 768w\" sizes=\"(max-width: 800px) 100vw, 800px\" \/><\/a><figcaption id=\"caption-attachment-12051\" class=\"wp-caption-text\">Frederic S\u00fcdhoff geht als erster durch die Kurve. Dahinter taucht Bruno Coelho auf<\/figcaption><\/figure>\n<p>Tamiya hat gleich drei Fahrer im A-Finale. Neben Marc Rheinard sind das Akio Sobue und Christopher Krapp. Viljami Kutvonen best\u00e4tigte die Qualit\u00e4t des neuen Awesomatix und fuhr damit auf Startplatz f\u00fcnf. Erfolgreich verlief bisher Marc Fischers Debut mit dem neuen Serpent. Zufrieden d\u00fcrfte auch Juho Levanen mit Startplatz acht sein. Magnus V\u00e4ssmar verschaffte dem neuen Schumacher Mi6 ein gelungenes Debut beim ETS.<\/p>\n<h6><span style=\"text-decoration: underline;\">Die Top 10 in Modified<\/span><\/h6>\n<ol>\n<li>Ronald V\u00f6lker \u2013 Deutschland \u2013 Yokomo<\/li>\n<li>Bruno Coelho \u2013 Portugal \u2013 Xray<\/li>\n<li>Marc Rheinard \u2013 Deutschland \u2013 Tamiya<\/li>\n<li>Alexander Hagberg \u2013 Schweden \u2013 Xray<\/li>\n<li>Viljami Kutvonen \u2013 Finnland \u2013 Awesomatix<\/li>\n<li>Marc Fischer \u2013 Deutschland \u2013 Serpent<\/li>\n<li>Akio Sobue \u2013 Japan \u2013 Tamiya<\/li>\n<li>Juho Levanen \u2013 Finnland \u2013 Associated<\/li>\n<li>Christopher Krapp \u2013 Deutschland \u2013 Tamiya<\/li>\n<li>Magnus V\u00e4ssmar \u2013 Schweden \u2013 Schumacher<\/li>\n<\/ol>\n<hr \/>\n<h6><span style=\"text-decoration: underline; color: #008000;\"><strong>Neue Meldung: 14:40 Uhr<\/strong><\/span><\/h6>\n<h4>Mr. Formel startet von der Pole<\/h4>\n<figure id=\"attachment_12046\" aria-describedby=\"caption-attachment-12046\" style=\"width: 80px\" class=\"wp-caption alignleft\"><a href=\"http:\/\/brcnews.net\/wp-content\/uploads\/2016\/04\/ETSWels.035.jpg\" rel=\"attachment wp-att-12046\"><img loading=\"lazy\" class=\"wp-image-12046 colorbox-12013\" src=\"http:\/\/brcnews.net\/wp-content\/uploads\/2016\/04\/ETSWels.035-201x300.jpg\" alt=\"ETSWels.035\" width=\"80\" height=\"119\" srcset=\"https:\/\/brcnews.net\/wp-content\/uploads\/2016\/04\/ETSWels.035-201x300.jpg 201w, https:\/\/brcnews.net\/wp-content\/uploads\/2016\/04\/ETSWels.035-768x1147.jpg 768w, https:\/\/brcnews.net\/wp-content\/uploads\/2016\/04\/ETSWels.035-686x1024.jpg 686w, https:\/\/brcnews.net\/wp-content\/uploads\/2016\/04\/ETSWels.035.jpg 800w\" sizes=\"(max-width: 80px) 100vw, 80px\" \/><\/a><figcaption id=\"caption-attachment-12046\" class=\"wp-caption-text\">Jan Ratheisky<\/figcaption><\/figure>\n<p>Der derzeit konstanteste und schnellster Formelfahrer, Jan Ratheisky (Xray) , startet von der Pole in die Finall\u00e4ufe. Der ETS-Seriensieger gewann auch den vierten Vorlauf. Olivier Bultynck (Roche) geht von Starplatz zwei in die Finall\u00e4ufe. Auf Startplatz drei steht Andreas Myrberg.<\/p>\n<h6><span style=\"text-decoration: underline;\">Die Top 10 in Formel<br \/>\n<\/span><\/h6>\n<ol>\n<li>Jan Ratheisky \u2013 Deutschland \u2013 Xray<\/li>\n<li>Olivier Bultynck \u2013 Belgien \u2013 Roche<\/li>\n<li>Andreas Myrberg \u2013 Schweden \u2013 Yokomo<\/li>\n<li>David Ehrbar \u2013 Deutschland \u2013 Serpent<\/li>\n<li>Herbert Weber \u2013 \u00d6sterreich \u2013 CRC<\/li>\n<li>Francesco Martini \u2013 Italien \u2013 Xray<\/li>\n<li>Ren\u00e9 K\u00f6lbel \u2013 \u00d6sterreich \u2013 Xray<\/li>\n<li>Alexander Stocker \u2013 Deutschland \u2013 Yokomo<\/li>\n<li>Jan Bohlen \u2013 Deutschland \u2013 Xray<\/li>\n<li>Daniele Ielasi \u2013 Italien &#8211; WRC<\/li>\n<\/ol>\n<hr \/>\n<h6><span style=\"text-decoration: underline; color: #008000;\"><strong>Neue Meldung: 13:40 Uhr<\/strong><\/span><\/h6>\n<h4>Pro Stock: Dritter Vorlauf \u2013 dritter Sieger<\/h4>\n<figure id=\"attachment_12043\" aria-describedby=\"caption-attachment-12043\" style=\"width: 200px\" class=\"wp-caption alignleft\"><a href=\"http:\/\/brcnews.net\/wp-content\/uploads\/2016\/04\/ETSWels.034.jpg\" rel=\"attachment wp-att-12043\"><img loading=\"lazy\" class=\"wp-image-12043 size-full colorbox-12013\" src=\"http:\/\/brcnews.net\/wp-content\/uploads\/2016\/04\/ETSWels.034.jpg\" alt=\"ETSWels.034\" width=\"200\" height=\"293\" \/><\/a><figcaption id=\"caption-attachment-12043\" class=\"wp-caption-text\">Tony Streit<\/figcaption><\/figure>\n<p>Tony Streit riss nach dem Lauf die Faust hoch. Der Sieger des letzten Laufes der Euro Offroad Series in M\u00fclheim-K\u00e4rlich \u00fcberquerte mit einer Zehntelsekunde Vorsprung auf den Zweitplatzierten, Helge Johannessen, die Ziellinie. Voraus gegangen war ein Lauf, in dem die F\u00fchrung laufend wechselte.<\/p>\n<p>Der kampf um die Pole bleibt spannend. derzeit hat Valentin Hettrich weiter die Nase vorn. Der Yokomofahrer gewann den zweiten Vorlauf, musste jetzt im dritten aber das Rennen vorzeitig aufgeben. Tony Streit ist auf Platz 2 vorger\u00fcckt. Auf Platz 3 liegt Marek Cerny, Sieger des ersten Laufes. Dahinter folgen dann Helge Johannessen und Jan Ratheisky.<\/p>\n<hr \/>\n<h6><span style=\"text-decoration: underline; color: #008000;\"><strong>Neue Meldung: 13:10 Uhr<\/strong><\/span><\/h6>\n<h4>Andreas Myrberg mal wieder auf der Rennpiste<\/h4>\n<figure id=\"attachment_12039\" aria-describedby=\"caption-attachment-12039\" style=\"width: 250px\" class=\"wp-caption alignleft\"><a href=\"http:\/\/brcnews.net\/wp-content\/uploads\/2016\/04\/ETSWels.026jpg.jpg\" rel=\"attachment wp-att-12039\"><img loading=\"lazy\" class=\"wp-image-12039 size-full colorbox-12013\" src=\"http:\/\/brcnews.net\/wp-content\/uploads\/2016\/04\/ETSWels.026jpg.jpg\" alt=\"ETSWels.026jpg\" width=\"250\" height=\"413\" srcset=\"https:\/\/brcnews.net\/wp-content\/uploads\/2016\/04\/ETSWels.026jpg.jpg 250w, https:\/\/brcnews.net\/wp-content\/uploads\/2016\/04\/ETSWels.026jpg-182x300.jpg 182w\" sizes=\"(max-width: 250px) 100vw, 250px\" \/><\/a><figcaption id=\"caption-attachment-12039\" class=\"wp-caption-text\">Andreas Myrberg<\/figcaption><\/figure>\n<p>Andreas Myrberg kann es immer noch. Trotz zweij\u00e4hriger Abstinenz als Fahrer steht er bei seinem ersten Start in der Formelklasse auf Platz 3.<\/p>\n<p>Geplant war die Aktion nicht. Dass er hier in Wels starten w\u00fcrde, ergab sich erst kurz vor dem Rennen. Fahrer des Teams Yokomo testeten und trainierten am Mittwoch und Donnerstag im Sport Hotel in Hrotovice f\u00fcr dieses Rennen. Mit dabei waren auch Ronald V\u00f6lker und sein Schrauber Yukijiro Umino sowie Tobias Vogel, dessen Fahrzeug Andreas Myrberg an diesem Wochenende f\u00e4hrt. Eigentlich war er nach Hrotovice angereist, um den Yokomo YR-10 \u00a0f\u00fcr seinen Sch\u00fctzling abzustimmen.<\/p>\n<p>Ob das Rennen hier in den Messehallen in Wels das einzige Rennen bleibt, ist noch nicht klar. Formel fahren macht dem in Deutschland lebenden und arbeitenden Schweden sichtlich Spa\u00df.<\/p>\n<hr \/>\n<h6><span style=\"text-decoration: underline; color: #008000;\"><strong>Neue Meldung: 12:00 Uhr<\/strong><\/span><\/h6>\n<h4>Ronald V\u00f6lker startet von der Pole<\/h4>\n<figure id=\"attachment_12036\" aria-describedby=\"caption-attachment-12036\" style=\"width: 800px\" class=\"wp-caption alignleft\"><a href=\"http:\/\/brcnews.net\/wp-content\/uploads\/2016\/04\/ETSWels.025.jpg\" rel=\"attachment wp-att-12036\"><img loading=\"lazy\" class=\"wp-image-12036 size-full colorbox-12013\" src=\"http:\/\/brcnews.net\/wp-content\/uploads\/2016\/04\/ETSWels.025.jpg\" alt=\"ETSWels.025\" width=\"800\" height=\"391\" srcset=\"https:\/\/brcnews.net\/wp-content\/uploads\/2016\/04\/ETSWels.025.jpg 800w, https:\/\/brcnews.net\/wp-content\/uploads\/2016\/04\/ETSWels.025-300x147.jpg 300w, https:\/\/brcnews.net\/wp-content\/uploads\/2016\/04\/ETSWels.025-768x375.jpg 768w\" sizes=\"(max-width: 800px) 100vw, 800px\" \/><\/a><figcaption id=\"caption-attachment-12036\" class=\"wp-caption-text\">Auf dem Weg zum Sieg: Der Yokomo BD7 von Ronald V\u00f6lker<\/figcaption><\/figure>\n<figure id=\"attachment_12037\" aria-describedby=\"caption-attachment-12037\" style=\"width: 250px\" class=\"wp-caption alignleft\"><a href=\"http:\/\/brcnews.net\/wp-content\/uploads\/2016\/04\/ETSWels.024.jpg\" rel=\"attachment wp-att-12037\"><img loading=\"lazy\" class=\"wp-image-12037 size-full colorbox-12013\" src=\"http:\/\/brcnews.net\/wp-content\/uploads\/2016\/04\/ETSWels.024.jpg\" alt=\"ETSWels.024\" width=\"250\" height=\"316\" srcset=\"https:\/\/brcnews.net\/wp-content\/uploads\/2016\/04\/ETSWels.024.jpg 250w, https:\/\/brcnews.net\/wp-content\/uploads\/2016\/04\/ETSWels.024-237x300.jpg 237w\" sizes=\"(max-width: 250px) 100vw, 250px\" \/><\/a><figcaption id=\"caption-attachment-12037\" class=\"wp-caption-text\">Ronald V\u00f6lker steht wieder auf der Pole<\/figcaption><\/figure>\n<p>Ronald V\u00f6lker hat es geschafft. Der Yokomopilot gewann auch den dritten Vorlauf und steht damit in Modified auf der Pole. Trotz eines Fehlers in der dritten Runde, der ihn fast zwei Sekunden kostete, holte er sich ineinem fulminanten Fight die F\u00fchrung zur\u00fcck. Bruno Coelho wurde Zweiter, Viljami Kutvonen Dritter. Im Gesamtklassement belegen hinter Ronald V\u00f6lker Bruno Coelho, Marc Rheinard, Viljami Kutvonen und Alexander Hagberg die Pl\u00e4tze zwei bis f\u00fcnf.<\/p>\n<hr \/>\n<h6><span style=\"text-decoration: underline; color: #008000;\"><strong>Neue Meldung: 11:15 Uhr<\/strong><\/span><\/h6>\n<h4>Jan Ratheisky festigt F\u00fchrung im Kampf um Pole<\/h4>\n<figure id=\"attachment_12033\" aria-describedby=\"caption-attachment-12033\" style=\"width: 800px\" class=\"wp-caption alignleft\"><a href=\"http:\/\/brcnews.net\/wp-content\/uploads\/2016\/04\/ETSWels.022.jpg\" rel=\"attachment wp-att-12033\"><img loading=\"lazy\" class=\"wp-image-12033 size-full colorbox-12013\" src=\"http:\/\/brcnews.net\/wp-content\/uploads\/2016\/04\/ETSWels.022.jpg\" alt=\"ETSWels.022\" width=\"800\" height=\"484\" srcset=\"https:\/\/brcnews.net\/wp-content\/uploads\/2016\/04\/ETSWels.022.jpg 800w, https:\/\/brcnews.net\/wp-content\/uploads\/2016\/04\/ETSWels.022-300x182.jpg 300w, https:\/\/brcnews.net\/wp-content\/uploads\/2016\/04\/ETSWels.022-768x465.jpg 768w\" sizes=\"(max-width: 800px) 100vw, 800px\" \/><\/a><figcaption id=\"caption-attachment-12033\" class=\"wp-caption-text\">Wechsel auf dem Fahrerstand. Die Gruppe 7 (Formel) verl\u00e4sst den Stand. Die Gruppe 8 macht sich bereit f\u00fcr ihren dritten Vorlauf<\/figcaption><\/figure>\n<p>Jan Ratheisky hat den dritten Vorlauf vor Olivier Bultynck und David Ehrbar gewonnen. Mit zwei Vorlaufsiegen hat er nun beste Chancen, sich im Kampf um die Pole durchzusetzen. Olivier Bultynck, der den ersten vorlauf gewann, liegt nun auf Platz 2, Andreas Myrberg ist Dritter.<\/p>\n<hr \/>\n<h6><span style=\"text-decoration: underline; color: #008000;\"><strong>Neue Meldung: 10:50 Uhr<\/strong><\/span><\/h6>\n<h4>Der Mi6 &#8211; ein neuer Tourenwagen von Schumacher<\/h4>\n<figure id=\"attachment_12026\" aria-describedby=\"caption-attachment-12026\" style=\"width: 800px\" class=\"wp-caption alignleft\"><a href=\"http:\/\/brcnews.net\/wp-content\/uploads\/2016\/04\/ETSWels.019.jpg\" rel=\"attachment wp-att-12026\"><img loading=\"lazy\" class=\"wp-image-12026 size-full colorbox-12013\" src=\"http:\/\/brcnews.net\/wp-content\/uploads\/2016\/04\/ETSWels.019.jpg\" alt=\"ETSWels.019\" width=\"800\" height=\"377\" srcset=\"https:\/\/brcnews.net\/wp-content\/uploads\/2016\/04\/ETSWels.019.jpg 800w, https:\/\/brcnews.net\/wp-content\/uploads\/2016\/04\/ETSWels.019-300x141.jpg 300w, https:\/\/brcnews.net\/wp-content\/uploads\/2016\/04\/ETSWels.019-768x362.jpg 768w\" sizes=\"(max-width: 800px) 100vw, 800px\" \/><\/a><figcaption id=\"caption-attachment-12026\" class=\"wp-caption-text\">Der Schumacher Mi6<\/figcaption><\/figure>\n<figure id=\"attachment_12023\" aria-describedby=\"caption-attachment-12023\" style=\"width: 250px\" class=\"wp-caption alignright\"><a href=\"http:\/\/brcnews.net\/wp-content\/uploads\/2016\/04\/ETSWels.016.jpg\" rel=\"attachment wp-att-12023\"><img loading=\"lazy\" class=\"wp-image-12023 size-full colorbox-12013\" src=\"http:\/\/brcnews.net\/wp-content\/uploads\/2016\/04\/ETSWels.016.jpg\" alt=\"ETSWels.016\" width=\"250\" height=\"351\" srcset=\"https:\/\/brcnews.net\/wp-content\/uploads\/2016\/04\/ETSWels.016.jpg 250w, https:\/\/brcnews.net\/wp-content\/uploads\/2016\/04\/ETSWels.016-214x300.jpg 214w\" sizes=\"(max-width: 250px) 100vw, 250px\" \/><\/a><figcaption id=\"caption-attachment-12023\" class=\"wp-caption-text\">Magnus V\u00e4ssmar<\/figcaption><\/figure>\n<p>Team Schumacher ist zum ersten Mal mit dem neuen Mi6 bei einem Lauf zur Euro Touring Series. Die Entwickler haben den neuen Tourenwagen auf Basis des Mi5 komplett \u00fcberarbeitet. Der Schwerpunkt liegt deutlich tiefer als beim Vorg\u00e4nger \u2013 vor allem aufgrund einer neuartigen Konstruktion der unteren Querlenker. Der Motor liegt tiefer und ist um 1,8 Millimeter nach innen ger\u00fcckt.<\/p>\n<p><span style=\"text-decoration: underline;\"><strong>Kleine Bildergalerie des Mi6 von Magnus V\u00e4ssmar<\/strong><\/span><\/p>\n<div id='gallery-3' class='gallery galleryid-12013 gallery-columns-3 gallery-size-thumbnail'><figure class='gallery-item'>\n\t\t\t<div class='gallery-icon landscape'>\n\t\t\t\t<a href='https:\/\/brcnews.net\/?attachment_id=12024'><img width=\"150\" height=\"150\" src=\"https:\/\/brcnews.net\/wp-content\/uploads\/2016\/04\/ETSWels.017-150x150.jpg\" class=\"attachment-thumbnail size-thumbnail colorbox-12013 \" alt=\"\" loading=\"lazy\" \/><\/a>\n\t\t\t<\/div><\/figure><figure class='gallery-item'>\n\t\t\t<div class='gallery-icon landscape'>\n\t\t\t\t<a href='https:\/\/brcnews.net\/?attachment_id=12025'><img width=\"150\" height=\"150\" src=\"https:\/\/brcnews.net\/wp-content\/uploads\/2016\/04\/ETSWels.018-150x150.jpg\" class=\"attachment-thumbnail size-thumbnail colorbox-12013 \" alt=\"\" loading=\"lazy\" \/><\/a>\n\t\t\t<\/div><\/figure><figure class='gallery-item'>\n\t\t\t<div class='gallery-icon landscape'>\n\t\t\t\t<a href='https:\/\/brcnews.net\/?attachment_id=12026'><img width=\"150\" height=\"150\" src=\"https:\/\/brcnews.net\/wp-content\/uploads\/2016\/04\/ETSWels.019-150x150.jpg\" class=\"attachment-thumbnail size-thumbnail colorbox-12013 \" alt=\"\" loading=\"lazy\" \/><\/a>\n\t\t\t<\/div><\/figure><figure class='gallery-item'>\n\t\t\t<div class='gallery-icon landscape'>\n\t\t\t\t<a href='https:\/\/brcnews.net\/?attachment_id=12027'><img width=\"150\" height=\"150\" src=\"https:\/\/brcnews.net\/wp-content\/uploads\/2016\/04\/ETSWels.020-150x150.jpg\" class=\"attachment-thumbnail size-thumbnail colorbox-12013 \" alt=\"\" loading=\"lazy\" \/><\/a>\n\t\t\t<\/div><\/figure><figure class='gallery-item'>\n\t\t\t<div class='gallery-icon landscape'>\n\t\t\t\t<a href='https:\/\/brcnews.net\/?attachment_id=12028'><img width=\"150\" height=\"150\" src=\"https:\/\/brcnews.net\/wp-content\/uploads\/2016\/04\/ETSWels.021-150x150.jpg\" class=\"attachment-thumbnail size-thumbnail colorbox-12013 \" alt=\"\" loading=\"lazy\" \/><\/a>\n\t\t\t<\/div><\/figure>\n\t\t<\/div>\n\n<p>Der Mi6 zeigt in Wels eine gute Performance. Magnus V\u00e4ssmar aus Schweden steht nach dem zweiten Qualilauf auf Platz 7. Zwei seiner Teamkollegen sind auf B-Finalkurs: Michal Orlowski (Platz 12) und Eliott Harper (Platz 15).<\/p>\n<hr \/>\n<h6><span style=\"text-decoration: underline; color: #008000;\"><strong>Neue Meldung: 10:15 Uhr<\/strong><\/span><\/h6>\n<h4>Pro Stock: Valentin Hettrich im zweiten Vorlauf vorn<\/h4>\n<figure id=\"attachment_12021\" aria-describedby=\"caption-attachment-12021\" style=\"width: 171px\" class=\"wp-caption alignleft\"><a href=\"http:\/\/brcnews.net\/wp-content\/uploads\/2016\/04\/ETSWels.015.jpg\" rel=\"attachment wp-att-12021\"><img loading=\"lazy\" class=\"wp-image-12021 colorbox-12013\" src=\"http:\/\/brcnews.net\/wp-content\/uploads\/2016\/04\/ETSWels.015.jpg\" alt=\"ETSWels.015\" width=\"171\" height=\"250\" srcset=\"https:\/\/brcnews.net\/wp-content\/uploads\/2016\/04\/ETSWels.015.jpg 250w, https:\/\/brcnews.net\/wp-content\/uploads\/2016\/04\/ETSWels.015-205x300.jpg 205w\" sizes=\"(max-width: 171px) 100vw, 171px\" \/><\/a><figcaption id=\"caption-attachment-12021\" class=\"wp-caption-text\">Valentin Hettrich<\/figcaption><\/figure>\n<p>Valentin Hettrich (Yokomo) hat den zweiten Vorlauf in der Klasse Pro Stock mit fast einer Sekunde Vorsprung vor Lars Hoppe (ARC) gewonnen. Der Yokomo-Fahrer fuhr den Lauf ohne Fehler souver\u00e4n durch. Dritter wurde der Norweger Helge Johannessen (ARC). \u00cdn der Gesamtwertung f\u00fchrt Valentin Hettrich jetzt vor Marek Cerny (Xray), der gestern Abend den ersten Vorlauf in Pro Stock gewann.<\/p>\n<p>Die zweite Qualirunde ist damit gefahren. Die Formelfahrer sind vor wenigen Minuten zu ihrem dritten und vorletzten Qualifikationslauf gestartet.<\/p>\n<hr \/>\n<h6><span style=\"text-decoration: underline; color: #008000;\"><strong>Erste Meldung: 8:40 Uhr<\/strong><\/span><\/h6>\n<h4>Ronald V\u00f6lker gewinnt auch zweiten Vorlaufdurchgang<\/h4>\n<figure id=\"attachment_12018\" aria-describedby=\"caption-attachment-12018\" style=\"width: 800px\" class=\"wp-caption alignleft\"><a href=\"http:\/\/brcnews.net\/wp-content\/uploads\/2016\/04\/ETSWels.014.jpg\" rel=\"attachment wp-att-12018\"><img loading=\"lazy\" class=\"wp-image-12018 size-full colorbox-12013\" src=\"http:\/\/brcnews.net\/wp-content\/uploads\/2016\/04\/ETSWels.014.jpg\" alt=\"ETSWels.014\" width=\"800\" height=\"273\" srcset=\"https:\/\/brcnews.net\/wp-content\/uploads\/2016\/04\/ETSWels.014.jpg 800w, https:\/\/brcnews.net\/wp-content\/uploads\/2016\/04\/ETSWels.014-300x102.jpg 300w, https:\/\/brcnews.net\/wp-content\/uploads\/2016\/04\/ETSWels.014-768x262.jpg 768w\" sizes=\"(max-width: 800px) 100vw, 800px\" \/><\/a><figcaption id=\"caption-attachment-12018\" class=\"wp-caption-text\">Start der schnellsten Vorlaufgruppe in Modified<\/figcaption><\/figure>\n<p>Ronald V\u00f6lker (Yokomo) hat auch den zweiten Vorlauf in Modified gewonnen. Marc Rheinard wurde Zweiter, Alexander Hagberg Dritter. Bruno Coelho, der Trainingsschnellste, leistete sich einige grobe Schnitzer, wurde aber trotzdem noch Vierter. Mit 14,572 Sekunden fuhr er die bisher schnellste Rundenzeit.<\/p>\n<p>Mit zwei Siegen in zwei Vorl\u00e4ufen hat Ronald V\u00f6lker gute Chancen, von der Pole in die Finall\u00e4ufe zu gehen.<\/p>\n<p>Scotty Ernst startete heute Morgen p\u00fcnktlich um 7:45 Uhr den zweiten Vorlauf der Klasse Modified.<\/p>\n<div class=\"twoclick_social_bookmarks_post_12013 social_share_privacy clearfix 1.6.4 locale-de_DE sprite-de_DE\"><\/div><div class=\"twoclick-js\"><script type=\"text\/javascript\">\/* <![CDATA[ *\/\njQuery(document).ready(function($){if($('.twoclick_social_bookmarks_post_12013')){$('.twoclick_social_bookmarks_post_12013').socialSharePrivacy({\"services\":{\"facebook\":{\"status\":\"on\",\"txt_info\":\"2 Klicks f\\u00fcr mehr Datenschutz: Erst wenn Sie hier klicken, wird der Button aktiv und Sie k\\u00f6nnen Ihre Empfehlung an Facebook senden. Schon beim Aktivieren werden Daten an Dritte \\u00fcbertragen - siehe <em>i<\\\/em>.\",\"perma_option\":\"off\",\"action\":\"recommend\",\"language\":\"de_DE\"},\"twitter\":{\"reply_to\":\"\",\"tweet_text\":\"%20Euro%20Touring%20Series%202015%2F2016%20im%20RennTicker%20%E2%80%93%203.%20Lauf%20Wels%20%E2%80%93%20Tag%202%20...\",\"status\":\"on\",\"txt_info\":\"2 Klicks f\\u00fcr mehr Datenschutz: Erst wenn Sie hier klicken, wird der Button aktiv und Sie k\\u00f6nnen Ihre Empfehlung an Twitter senden. Schon beim Aktivieren werden Daten an Dritte \\u00fcbertragen - siehe <em>i<\\\/em>.\",\"perma_option\":\"off\",\"language\":\"de\",\"referrer_track\":\"\"},\"gplus\":{\"status\":\"on\",\"txt_info\":\"2 Klicks f\\u00fcr mehr Datenschutz: Erst wenn Sie hier klicken, wird der Button aktiv und Sie k\\u00f6nnen Ihre Empfehlung an Google+ senden. Schon beim Aktivieren werden Daten an Dritte \\u00fcbertragen - siehe <em>i<\\\/em>.\",\"perma_option\":\"off\",\"referrer_track\":\"\"}},\"txt_help\":\"Wenn Sie diese Felder durch einen Klick aktivieren, werden Informationen an Facebook, Twitter, Flattr, Xing, t3n, LinkedIn, Pinterest oder Google eventuell ins Ausland \\u00fcbertragen und unter Umst\\u00e4nden auch dort gespeichert. N\\u00e4heres erfahren Sie durch einen Klick auf das <em>i<\\\/em>.\",\"settings_perma\":\"Dauerhaft aktivieren und Daten\\u00fcber-tragung zustimmen:\",\"info_link\":\"http:\\\/\\\/www.heise.de\\\/ct\\\/artikel\\\/2-Klicks-fuer-mehr-Datenschutz-1333879.html\",\"uri\":\"https:\\\/\\\/brcnews.net\\\/?p=12013\",\"post_id\":12013,\"post_title_referrer_track\":\"Euro+Touring+Series+2015%2F2016+im+RennTicker+%E2%80%93+3.+Lauf+Wels+%E2%80%93+Tag+2\",\"display_infobox\":\"on\"});}});\n\/* ]]> *\/<\/script><\/div>","protected":false},"excerpt":{"rendered":"<p>Neue Meldung: 20:30 Uhr Ein langer Tag geht zu Ende Mit den C-Finalen neigt sich der zweite Renntag dem Ende entgegen. Die Fahrer des N-Finales Pro Stock machten heute den Anfang. Das letzte Finale war das C-Finale Modified.<\/p>\n","protected":false},"author":1,"featured_media":12016,"comment_status":"closed","ping_status":"open","sticky":false,"template":"","format":"standard","meta":[],"categories":[13],"tags":[73,100],"_links":{"self":[{"href":"https:\/\/brcnews.net\/index.php?rest_route=\/wp\/v2\/posts\/12013"}],"collection":[{"href":"https:\/\/brcnews.net\/index.php?rest_route=\/wp\/v2\/posts"}],"about":[{"href":"https:\/\/brcnews.net\/index.php?rest_route=\/wp\/v2\/types\/post"}],"author":[{"embeddable":true,"href":"https:\/\/brcnews.net\/index.php?rest_route=\/wp\/v2\/users\/1"}],"replies":[{"embeddable":true,"href":"https:\/\/brcnews.net\/index.php?rest_route=%2Fwp%2Fv2%2Fcomments&post=12013"}],"version-history":[{"count":23,"href":"https:\/\/brcnews.net\/index.php?rest_route=\/wp\/v2\/posts\/12013\/revisions"}],"predecessor-version":[{"id":12149,"href":"https:\/\/brcnews.net\/index.php?rest_route=\/wp\/v2\/posts\/12013\/revisions\/12149"}],"wp:featuredmedia":[{"embeddable":true,"href":"https:\/\/brcnews.net\/index.php?rest_route=\/wp\/v2\/media\/12016"}],"wp:attachment":[{"href":"https:\/\/brcnews.net\/index.php?rest_route=%2Fwp%2Fv2%2Fmedia&parent=12013"}],"wp:term":[{"taxonomy":"category","embeddable":true,"href":"https:\/\/brcnews.net\/index.php?rest_route=%2Fwp%2Fv2%2Fcategories&post=12013"},{"taxonomy":"post_tag","embeddable":true,"href":"https:\/\/brcnews.net\/index.php?rest_route=%2Fwp%2Fv2%2Ftags&post=12013"}],"curies":[{"name":"wp","href":"https:\/\/api.w.org\/{rel}","templated":true}]}}