{"id":11979,"date":"2016-04-08T08:44:15","date_gmt":"2016-04-08T06:44:15","guid":{"rendered":"http:\/\/brcnews.net\/?p=11979"},"modified":"2016-04-17T17:03:04","modified_gmt":"2016-04-17T15:03:04","slug":"euro-touring-series-20152016-im-rennticker-3-lauf-wels-tag-1","status":"publish","type":"post","link":"https:\/\/brcnews.net\/?p=11979","title":{"rendered":"Euro Touring Series 2015\/2016 im RennTicker &#8211; 3. Lauf Wels &#8211; Tag 1"},"content":{"rendered":"<h6><span style=\"text-decoration: underline; color: #008000;\">Letzte Meldung: 19:50 Uhr<\/span><\/h6>\n<h4>Jan Ratheisky geht in F\u00fchrung<\/h4>\n<figure id=\"attachment_12011\" aria-describedby=\"caption-attachment-12011\" style=\"width: 800px\" class=\"wp-caption alignleft\"><a href=\"http:\/\/brcnews.net\/wp-content\/uploads\/2016\/04\/ETSWels.012.jpg\" rel=\"attachment wp-att-12011\"><img loading=\"lazy\" class=\"wp-image-12011 size-full colorbox-11979\" src=\"http:\/\/brcnews.net\/wp-content\/uploads\/2016\/04\/ETSWels.012.jpg\" alt=\"ETSWels.012\" width=\"800\" height=\"339\" srcset=\"https:\/\/brcnews.net\/wp-content\/uploads\/2016\/04\/ETSWels.012.jpg 800w, https:\/\/brcnews.net\/wp-content\/uploads\/2016\/04\/ETSWels.012-300x127.jpg 300w, https:\/\/brcnews.net\/wp-content\/uploads\/2016\/04\/ETSWels.012-768x325.jpg 768w\" sizes=\"(max-width: 800px) 100vw, 800px\" \/><\/a><figcaption id=\"caption-attachment-12011\" class=\"wp-caption-text\">Sie starteten als letzte Gruppe f\u00fcr heute Abend<\/figcaption><\/figure>\n<p>Den zweiten Vorlauf der Klasse Formel hat Jan Ratheisky vor Olivier Bultynck und Herbert Weber gewonnen. Ratheisky f\u00fchrt aufgrund seines schnelleren Vorlaufsieges in der Gesamtwertung vor Olivier Bultynck. Dritter ist David Ehrbar.<!--more--><\/p>\n<hr \/>\n<h6><span style=\"text-decoration: underline; color: #008000;\">Neue Meldung: 18:50 Uhr<\/span><\/h6>\n<h4>Pro Stock: Marek Cerny vorn<\/h4>\n<p>Marek Cerny hat den ersten Vorlauf gewonnen. Der Xrayfahrer und dreifacher Pro Stock-Champion lag im Ziel 1,8 Zehntelsekunden vor Jan Ratheisky (Xray) und weitere gut vier Zehntelsekunden vor Valentin Hettrich (Yokomo). Danach folgten Tony Streit (Awesomatix) und Lars Hoppe (ARC).<\/p>\n<p>Die Formelpiloten fahren jetzt ihren zweiten Vorlauf. Danach ist f\u00fcr heute Schluss.<\/p>\n<hr \/>\n<h6><span style=\"text-decoration: underline; color: #008000;\">Neue Meldung: 17:15 Uhr<\/span><\/h6>\n<h4>Ronald V\u00f6lker setzt sich durch<\/h4>\n<figure id=\"attachment_12006\" aria-describedby=\"caption-attachment-12006\" style=\"width: 250px\" class=\"wp-caption alignright\"><a href=\"http:\/\/brcnews.net\/wp-content\/uploads\/2016\/04\/ETSWels.011.jpg\" rel=\"attachment wp-att-12006\"><img loading=\"lazy\" class=\"wp-image-12006 size-full colorbox-11979\" src=\"http:\/\/brcnews.net\/wp-content\/uploads\/2016\/04\/ETSWels.011.jpg\" alt=\"ETSWels.011\" width=\"250\" height=\"358\" srcset=\"https:\/\/brcnews.net\/wp-content\/uploads\/2016\/04\/ETSWels.011.jpg 250w, https:\/\/brcnews.net\/wp-content\/uploads\/2016\/04\/ETSWels.011-209x300.jpg 209w\" sizes=\"(max-width: 250px) 100vw, 250px\" \/><\/a><figcaption id=\"caption-attachment-12006\" class=\"wp-caption-text\">Ronald V\u00f6lker<\/figcaption><\/figure>\n<p>Ronald V\u00f6lker hat sich nach einem fulminanten ersten Vorlauf durchgesetzt. Der f\u00fcnffache ETS-Champion Modified war im Ziel gut 4,5 Zehntelsekunden schneller als der Zweite, Bruno Coelho. Marc Rheinard wurde Dritter, Viljami Kutvonen Vierter und Marc Fischer F\u00fcnfter. Die F\u00fchrung wechselte laufend zwischen Ronald V\u00f6lker, Bruno Coelho und Marc Rheinard. Die schnellste Rennrunde fuhr Bruno Coelho mit 14,708 Sekunden<\/p>\n<hr \/>\n<h6><span style=\"text-decoration: underline; color: #008000;\">Neue Meldung: 16:30 Uhr<\/span><\/h6>\n<h4>Formel: Olivier Bultynck gewinnt ersten Vorlauf<\/h4>\n<figure id=\"attachment_12004\" aria-describedby=\"caption-attachment-12004\" style=\"width: 800px\" class=\"wp-caption alignleft\"><a href=\"http:\/\/brcnews.net\/wp-content\/uploads\/2016\/04\/ETSWels.010.jpg\" rel=\"attachment wp-att-12004\"><img loading=\"lazy\" class=\"wp-image-12004 size-full colorbox-11979\" src=\"http:\/\/brcnews.net\/wp-content\/uploads\/2016\/04\/ETSWels.010.jpg\" alt=\"ETSWels.010\" width=\"800\" height=\"304\" srcset=\"https:\/\/brcnews.net\/wp-content\/uploads\/2016\/04\/ETSWels.010.jpg 800w, https:\/\/brcnews.net\/wp-content\/uploads\/2016\/04\/ETSWels.010-300x114.jpg 300w, https:\/\/brcnews.net\/wp-content\/uploads\/2016\/04\/ETSWels.010-768x292.jpg 768w\" sizes=\"(max-width: 800px) 100vw, 800px\" \/><\/a><figcaption id=\"caption-attachment-12004\" class=\"wp-caption-text\">Start zum ersten Vorlauf der schnellsten Vorlaufgruppe<\/figcaption><\/figure>\n<p>Olivier Bultynck hat mit dem neuen Formel von Roche, dem Rapide F1, den ersten Vorlauf gewonnen. Er war gut 1,2 Sekunden schneller als Jan Ratheisky auf Platz 2. David Ehrbar als Dritter und Francesco Martini fuhren ebenfalls noch 17 Runden.<\/p>\n<hr \/>\n<h6><span style=\"text-decoration: underline; color: #008000;\">Neue Meldung: 15:40 Uhr<\/span><\/h6>\n<h4>Die Vorl\u00e4ufe haben begonnen<\/h4>\n<figure id=\"attachment_12002\" aria-describedby=\"caption-attachment-12002\" style=\"width: 800px\" class=\"wp-caption alignleft\"><a href=\"http:\/\/brcnews.net\/wp-content\/uploads\/2016\/04\/ETSWels.009.jpg\" rel=\"attachment wp-att-12002\"><img loading=\"lazy\" class=\"wp-image-12002 size-full colorbox-11979\" src=\"http:\/\/brcnews.net\/wp-content\/uploads\/2016\/04\/ETSWels.009.jpg\" alt=\"ETSWels.009\" width=\"800\" height=\"286\" srcset=\"https:\/\/brcnews.net\/wp-content\/uploads\/2016\/04\/ETSWels.009.jpg 800w, https:\/\/brcnews.net\/wp-content\/uploads\/2016\/04\/ETSWels.009-300x107.jpg 300w, https:\/\/brcnews.net\/wp-content\/uploads\/2016\/04\/ETSWels.009-768x275.jpg 768w\" sizes=\"(max-width: 800px) 100vw, 800px\" \/><\/a><figcaption id=\"caption-attachment-12002\" class=\"wp-caption-text\">Erster Vorlaufstart der Gruppe 2<\/figcaption><\/figure>\n<p>Der erste Vorlauf hat begonnen. Als erstes sind die Fahrer der Formelklasse unterwegs. Die Zeit des Trainings ist vorbei. Jetzt muss jeder punkten. Zwei der vier Vorl\u00e4ufe z\u00e4hlen. Ein schneller Vorlauf reicht also nicht. Gewertet wird nach Punkten. Die Klassen Pro Stock und Modified fahren heute einen Vorlauf. Die Formelfahrer m\u00fcssen danach noch einmal zum zweiten Vorlauf ran.<\/p>\n<hr \/>\n<h6><span style=\"text-decoration: underline; color: #008000;\">Neue Meldung: 15:10 Uhr<\/span><\/h6>\n<h4>Jan Ratheisky auch in Pro Stock vorn<\/h4>\n<p>Jan Ratheisky ist auch in der Klasse Pro Stock schnellster Fahrer. Kurz vor Ende seines letzten Trainingslaufes setzte der Xray-Pilot mit 48,113 eine neue Bestmarke. Auf Platz 2 schob sich Valentin Hettrich (48,124 Sekunden). Drittschnellster war Tony Streit, der den letzten Lauf in M\u00fclheim-K\u00e4rlich gewann. Dahinter folgen der dreifache Pro-Stock Champion Marek Cerny (47,352 Sekunden) und Lars Hoppe (48,368 Sekunden). Vier Fahrer blieben in ihrer schnellsten Runde unter der 16-Sekunden-Marke: Jan Ratheisky, Tony Streit, Helge Johannessen und Max M\u00e4chler<\/p>\n<hr \/>\n<h6><span style=\"text-decoration: underline; color: #008000;\">Neue Meldung: 14:10 Uhr<\/span><\/h6>\n<h4>Bruno Coelho f\u00e4hrt schnellste drei Runden<\/h4>\n<figure id=\"attachment_11997\" aria-describedby=\"caption-attachment-11997\" style=\"width: 800px\" class=\"wp-caption alignleft\"><a href=\"http:\/\/brcnews.net\/wp-content\/uploads\/2016\/04\/ETSWels.008.jpg\" rel=\"attachment wp-att-11997\"><img loading=\"lazy\" class=\"wp-image-11997 size-full colorbox-11979\" src=\"http:\/\/brcnews.net\/wp-content\/uploads\/2016\/04\/ETSWels.008.jpg\" alt=\"ETSWels.008\" width=\"800\" height=\"430\" srcset=\"https:\/\/brcnews.net\/wp-content\/uploads\/2016\/04\/ETSWels.008.jpg 800w, https:\/\/brcnews.net\/wp-content\/uploads\/2016\/04\/ETSWels.008-300x161.jpg 300w, https:\/\/brcnews.net\/wp-content\/uploads\/2016\/04\/ETSWels.008-768x413.jpg 768w\" sizes=\"(max-width: 800px) 100vw, 800px\" \/><\/a><figcaption id=\"caption-attachment-11997\" class=\"wp-caption-text\">Die f\u00fcnf schnellsten Modifiedfahrer fuhren in dieser Gruppe<\/figcaption><\/figure>\n<p>Bruno Coelho (Xray) ist mit 44,347 Sekunden die schnellsten drei zusammenh\u00e4ngenden Runden gefahren. Ronald V\u00f6lker (Yokomo) war nur sechs Tausendstelsekunden langsamer. Alexander Hagberg (Xray) war Drittschnellster (44,750 Sekunden). Unter 45 Sekunden blieben auch Marc Rheinard (Tamiya)als Viertschnellste und Marc Fischer (Serpent) als F\u00fcnftschnellster.<\/p>\n<hr \/>\n<h6><span style=\"text-decoration: underline; color: #008000;\">Neue Meldung: 13:50 Uhr<\/span><\/h6>\n<h4>Jan Ratheisky \u2013 Trainingsschnellster in Formel<\/h4>\n<figure id=\"attachment_11996\" aria-describedby=\"caption-attachment-11996\" style=\"width: 800px\" class=\"wp-caption alignleft\"><a href=\"http:\/\/brcnews.net\/wp-content\/uploads\/2016\/04\/ETSWels.007.jpg\" rel=\"attachment wp-att-11996\"><img loading=\"lazy\" class=\"wp-image-11996 size-full colorbox-11979\" src=\"http:\/\/brcnews.net\/wp-content\/uploads\/2016\/04\/ETSWels.007.jpg\" alt=\"ETSWels.007\" width=\"800\" height=\"381\" srcset=\"https:\/\/brcnews.net\/wp-content\/uploads\/2016\/04\/ETSWels.007.jpg 800w, https:\/\/brcnews.net\/wp-content\/uploads\/2016\/04\/ETSWels.007-300x143.jpg 300w, https:\/\/brcnews.net\/wp-content\/uploads\/2016\/04\/ETSWels.007-768x366.jpg 768w\" sizes=\"(max-width: 800px) 100vw, 800px\" \/><\/a><figcaption id=\"caption-attachment-11996\" class=\"wp-caption-text\">Formel-Boliden warten auf ihren Einsatz<\/figcaption><\/figure>\n<p>Jan Ratheisky macht seiner Favoritenrolle in der Formelklasse alle Ehren. Im zweiten Trainingslauf war er noch einmal eine Sekunde schneller. Seine schnellsten drei zusammenh\u00e4ngenden Runden fuhr er in 54,571 Sekunden. David Ehrbar (Serpent) ist mit 55,529 Sekunden Zweitschnellster, Olivier Bultynck mit 55,535 Sekunden Drittschnellster.<\/p>\n<hr \/>\n<h6><span style=\"text-decoration: underline; color: #008000;\">Neue Meldung: 12:55 Uhr<\/span><\/h6>\n<h4>Favoriten f\u00fchren nach dem ersten Trainingsdurchgang<\/h4>\n<p>Die Favoriten liegen bereits nach dem ersten Trainingsdurchgang vorn. In Modified fuhr Bruno Coelho (Xray), der den letzten ETS-Lauf in M\u00fclheim-K\u00e4rlich gewann, die schnellsten drei zusammenh\u00e4ngenden Runden in 44,631 Sekunden . Zweiter ist Alexander Hagberg (44,927 Sekunden), Dritter Ronald V\u00f6lker (45,123 Sekunden). Pro Stock bleibt ein hei\u00df umk\u00e4mpfte Klasse. Lars Hoppe (ARC) setzte sich mit 48,366 Sekunden an die Spitze, gefolgt von Jan Ratheisky (48,639 Sekunden) und Max M\u00e4chler (48,805 Sekunden).<\/p>\n<hr \/>\n<h6><span style=\"text-decoration: underline; color: #008000;\">Neue Meldung: 12:00 Uhr<\/span><\/h6>\n<h4>Oranje \u2013 auch beim ETS<\/h4>\n<figure id=\"attachment_11991\" aria-describedby=\"caption-attachment-11991\" style=\"width: 800px\" class=\"wp-caption alignleft\"><a href=\"http:\/\/brcnews.net\/wp-content\/uploads\/2016\/04\/ETSWels.004.jpg\" rel=\"attachment wp-att-11991\"><img loading=\"lazy\" class=\"wp-image-11991 size-full colorbox-11979\" src=\"http:\/\/brcnews.net\/wp-content\/uploads\/2016\/04\/ETSWels.004.jpg\" alt=\"ETSWels.004\" width=\"800\" height=\"414\" srcset=\"https:\/\/brcnews.net\/wp-content\/uploads\/2016\/04\/ETSWels.004.jpg 800w, https:\/\/brcnews.net\/wp-content\/uploads\/2016\/04\/ETSWels.004-300x155.jpg 300w, https:\/\/brcnews.net\/wp-content\/uploads\/2016\/04\/ETSWels.004-768x397.jpg 768w\" sizes=\"(max-width: 800px) 100vw, 800px\" \/><\/a><figcaption id=\"caption-attachment-11991\" class=\"wp-caption-text\">Der Formel von Peter Jongeling<\/figcaption><\/figure>\n<figure id=\"attachment_11990\" aria-describedby=\"caption-attachment-11990\" style=\"width: 221px\" class=\"wp-caption alignleft\"><a href=\"http:\/\/brcnews.net\/wp-content\/uploads\/2016\/04\/ETSWels.005.jpg\" rel=\"attachment wp-att-11990\"><img loading=\"lazy\" class=\"wp-image-11990 colorbox-11979\" src=\"http:\/\/brcnews.net\/wp-content\/uploads\/2016\/04\/ETSWels.005.jpg\" alt=\"ETSWels.005\" width=\"221\" height=\"310\" srcset=\"https:\/\/brcnews.net\/wp-content\/uploads\/2016\/04\/ETSWels.005.jpg 300w, https:\/\/brcnews.net\/wp-content\/uploads\/2016\/04\/ETSWels.005-214x300.jpg 214w\" sizes=\"(max-width: 221px) 100vw, 221px\" \/><\/a><figcaption id=\"caption-attachment-11990\" class=\"wp-caption-text\">Peter Jongeling<\/figcaption><\/figure>\n<p>Oranje \u2013 die Farbe gibt es auch beim ETS. Peter Jongeling pr\u00e4sentierte heute Morgen seinen neuen Formel-Boliden ganz in Oranje. Front- und Heckfl\u00fcgel zieren die Farben der Nationalflagge.<\/p>\n<p>Peter Jongeling und sein Sohn Jeffrey fahren seit mehreren Jahren regelm\u00e4\u00dfig bei den L\u00e4ufen der Euro Touring Series mit. Peter Jongeling startet in der Formelklasse. Er f\u00e4hrt den neuen Yokomo YR-10.<\/p>\n<hr \/>\n<h6><span style=\"text-decoration: underline; color: #008000;\">Neue Meldung: 10:40 Uhr<\/span><\/h6>\n<h4>Platz genutzt<\/h4>\n<figure id=\"attachment_11988\" aria-describedby=\"caption-attachment-11988\" style=\"width: 800px\" class=\"wp-caption alignleft\"><a href=\"http:\/\/brcnews.net\/wp-content\/uploads\/2016\/04\/ETSWels.002.jpg\" rel=\"attachment wp-att-11988\"><img loading=\"lazy\" class=\"wp-image-11988 size-full colorbox-11979\" src=\"http:\/\/brcnews.net\/wp-content\/uploads\/2016\/04\/ETSWels.002.jpg\" alt=\"ETSWels.002\" width=\"800\" height=\"428\" srcset=\"https:\/\/brcnews.net\/wp-content\/uploads\/2016\/04\/ETSWels.002.jpg 800w, https:\/\/brcnews.net\/wp-content\/uploads\/2016\/04\/ETSWels.002-300x161.jpg 300w, https:\/\/brcnews.net\/wp-content\/uploads\/2016\/04\/ETSWels.002-768x411.jpg 768w\" sizes=\"(max-width: 800px) 100vw, 800px\" \/><\/a><figcaption id=\"caption-attachment-11988\" class=\"wp-caption-text\">Die Strecke ist auf einer 34 mal 24 Meter gro\u00dfen Fl\u00e4che aufgebaut<\/figcaption><\/figure>\n<p>Die Veranstalter haben den Platz in der Halle gut genutzt. Die Strecke ist 34 mal 24 Meter gro\u00df. \u201eDie gr\u00f6\u00dfte Strecke, die wir in der Halle je aufgebaut haben\u201c, berichtet Uwe Rheinard. In Hrotovice waren es 30 mal 24 Meter, in M\u00fclheim-K\u00e4rlich 34 mal 20 Meter.<\/p>\n<figure id=\"attachment_11987\" aria-describedby=\"caption-attachment-11987\" style=\"width: 800px\" class=\"wp-caption alignleft\"><a href=\"http:\/\/brcnews.net\/wp-content\/uploads\/2016\/04\/ETSWels.003.jpg\" rel=\"attachment wp-att-11987\"><img loading=\"lazy\" class=\"wp-image-11987 size-full colorbox-11979\" src=\"http:\/\/brcnews.net\/wp-content\/uploads\/2016\/04\/ETSWels.003.jpg\" alt=\"ETSWels.003\" width=\"800\" height=\"427\" srcset=\"https:\/\/brcnews.net\/wp-content\/uploads\/2016\/04\/ETSWels.003.jpg 800w, https:\/\/brcnews.net\/wp-content\/uploads\/2016\/04\/ETSWels.003-300x160.jpg 300w, https:\/\/brcnews.net\/wp-content\/uploads\/2016\/04\/ETSWels.003-768x410.jpg 768w\" sizes=\"(max-width: 800px) 100vw, 800px\" \/><\/a><figcaption id=\"caption-attachment-11987\" class=\"wp-caption-text\">Ein Blick \u00fcber Hartmut Wenzels Schulter<\/figcaption><\/figure>\n<p>Die Streckenl\u00e4nge ist nicht gemessen worden. Gesch\u00e4tzt sind es rund 160 Meter. Die schnellsten Modified-Piloten brauchten im freien Training um die 15,3 Sekunden f\u00fcr ihre schnellsten Runden.<\/p>\n<figure id=\"attachment_11986\" aria-describedby=\"caption-attachment-11986\" style=\"width: 800px\" class=\"wp-caption alignleft\"><a href=\"http:\/\/brcnews.net\/wp-content\/uploads\/2016\/04\/ETSWels.006.jpg\" rel=\"attachment wp-att-11986\"><img loading=\"lazy\" class=\"wp-image-11986 size-full colorbox-11979\" src=\"http:\/\/brcnews.net\/wp-content\/uploads\/2016\/04\/ETSWels.006.jpg\" alt=\"ETSWels.006\" width=\"800\" height=\"404\" srcset=\"https:\/\/brcnews.net\/wp-content\/uploads\/2016\/04\/ETSWels.006.jpg 800w, https:\/\/brcnews.net\/wp-content\/uploads\/2016\/04\/ETSWels.006-300x152.jpg 300w, https:\/\/brcnews.net\/wp-content\/uploads\/2016\/04\/ETSWels.006-768x388.jpg 768w\" sizes=\"(max-width: 800px) 100vw, 800px\" \/><\/a><figcaption id=\"caption-attachment-11986\" class=\"wp-caption-text\">Die obligatorische Fahrerbesprechung<\/figcaption><\/figure>\n<p>Jetzt laufen die beiden gezeiteten Trainingsl\u00e4ufe. Danach werden die Qualigruppen eingeteilt. Gewertet werden die schnellsten drei zusammenh\u00e4ngenden Runden.<\/p>\n<p>Einen kurzen Eindruck der Strecke gibt es auf diesem Videoclip:<\/p>\n<ul>\n<li>h<a href=\"https:\/\/www.facebook.com\/brcnewsnet\/videos\/610170509149537\/\">ttps:\/\/www.facebook.com\/brcnewsnet\/videos\/610170509149537\/<\/a><\/li>\n<\/ul>\n<hr \/>\n<h6><span style=\"text-decoration: underline; color: #008000;\">Erste Meldung: 8:40 Uhr<\/span><\/h6>\n<h4>Guten Morgen<\/h4>\n<p><span style=\"color: #008000;\"><em><strong>BRCNEWS<\/strong><\/em><\/span> berichtet an diesem Wochenende live vom dritten Lauf der Euro Touring Series in Wels (\u00d6sterreich). Das Rennen findet im Rahmen der Modellbaumesse Wels (8. bis 10. April) statt. Knapp \u00fcber 300 Fahrer haben in den drei ETS-Klassen genannt.<\/p>\n<p>F\u00fcr Strecke und Fahrer steht eine komplette Halle (Halle 21) zur Verf\u00fcgung. Sie bietet ausreichend Platz f\u00fcr eine gro\u00dfz\u00fcgige Strecke und das Fahrerlager.<\/p>\n<p>Das freie Training l\u00e4uft seit 7:45 Uhr. Die Formelklasse ist bereits durch. Jetzt sind die Modified-Piloten auf der Strecke.<\/p>\n<div class=\"twoclick_social_bookmarks_post_11979 social_share_privacy clearfix 1.6.4 locale-de_DE sprite-de_DE\"><\/div><div class=\"twoclick-js\"><script type=\"text\/javascript\">\/* <![CDATA[ *\/\njQuery(document).ready(function($){if($('.twoclick_social_bookmarks_post_11979')){$('.twoclick_social_bookmarks_post_11979').socialSharePrivacy({\"services\":{\"facebook\":{\"status\":\"on\",\"txt_info\":\"2 Klicks f\\u00fcr mehr Datenschutz: Erst wenn Sie hier klicken, wird der Button aktiv und Sie k\\u00f6nnen Ihre Empfehlung an Facebook senden. Schon beim Aktivieren werden Daten an Dritte \\u00fcbertragen - siehe <em>i<\\\/em>.\",\"perma_option\":\"off\",\"action\":\"recommend\",\"language\":\"de_DE\"},\"twitter\":{\"reply_to\":\"\",\"tweet_text\":\"%20Euro%20Touring%20Series%202015%2F2016%20im%20RennTicker%20%E2%80%93%203.%20Lauf%20Wels%20%E2%80%93%20Tag%201%20...\",\"status\":\"on\",\"txt_info\":\"2 Klicks f\\u00fcr mehr Datenschutz: Erst wenn Sie hier klicken, wird der Button aktiv und Sie k\\u00f6nnen Ihre Empfehlung an Twitter senden. Schon beim Aktivieren werden Daten an Dritte \\u00fcbertragen - siehe <em>i<\\\/em>.\",\"perma_option\":\"off\",\"language\":\"de\",\"referrer_track\":\"\"},\"gplus\":{\"status\":\"on\",\"txt_info\":\"2 Klicks f\\u00fcr mehr Datenschutz: Erst wenn Sie hier klicken, wird der Button aktiv und Sie k\\u00f6nnen Ihre Empfehlung an Google+ senden. Schon beim Aktivieren werden Daten an Dritte \\u00fcbertragen - siehe <em>i<\\\/em>.\",\"perma_option\":\"off\",\"referrer_track\":\"\"}},\"txt_help\":\"Wenn Sie diese Felder durch einen Klick aktivieren, werden Informationen an Facebook, Twitter, Flattr, Xing, t3n, LinkedIn, Pinterest oder Google eventuell ins Ausland \\u00fcbertragen und unter Umst\\u00e4nden auch dort gespeichert. N\\u00e4heres erfahren Sie durch einen Klick auf das <em>i<\\\/em>.\",\"settings_perma\":\"Dauerhaft aktivieren und Daten\\u00fcber-tragung zustimmen:\",\"info_link\":\"http:\\\/\\\/www.heise.de\\\/ct\\\/artikel\\\/2-Klicks-fuer-mehr-Datenschutz-1333879.html\",\"uri\":\"https:\\\/\\\/brcnews.net\\\/?p=11979\",\"post_id\":11979,\"post_title_referrer_track\":\"Euro+Touring+Series+2015%2F2016+im+RennTicker+%26%238211%3B+3.+Lauf+Wels+%26%238211%3B+Tag+1\",\"display_infobox\":\"on\"});}});\n\/* ]]> *\/<\/script><\/div>","protected":false},"excerpt":{"rendered":"<p>Letzte Meldung: 19:50 Uhr Jan Ratheisky geht in F\u00fchrung Den zweiten Vorlauf der Klasse Formel hat Jan Ratheisky vor Olivier Bultynck und Herbert Weber gewonnen. Ratheisky f\u00fchrt aufgrund seines schnelleren Vorlaufsieges in der Gesamtwertung vor Olivier Bultynck. Dritter ist David Ehrbar.<\/p>\n","protected":false},"author":1,"featured_media":11987,"comment_status":"closed","ping_status":"open","sticky":false,"template":"","format":"standard","meta":[],"categories":[13],"tags":[73,100],"_links":{"self":[{"href":"https:\/\/brcnews.net\/index.php?rest_route=\/wp\/v2\/posts\/11979"}],"collection":[{"href":"https:\/\/brcnews.net\/index.php?rest_route=\/wp\/v2\/posts"}],"about":[{"href":"https:\/\/brcnews.net\/index.php?rest_route=\/wp\/v2\/types\/post"}],"author":[{"embeddable":true,"href":"https:\/\/brcnews.net\/index.php?rest_route=\/wp\/v2\/users\/1"}],"replies":[{"embeddable":true,"href":"https:\/\/brcnews.net\/index.php?rest_route=%2Fwp%2Fv2%2Fcomments&post=11979"}],"version-history":[{"count":22,"href":"https:\/\/brcnews.net\/index.php?rest_route=\/wp\/v2\/posts\/11979\/revisions"}],"predecessor-version":[{"id":12136,"href":"https:\/\/brcnews.net\/index.php?rest_route=\/wp\/v2\/posts\/11979\/revisions\/12136"}],"wp:featuredmedia":[{"embeddable":true,"href":"https:\/\/brcnews.net\/index.php?rest_route=\/wp\/v2\/media\/11987"}],"wp:attachment":[{"href":"https:\/\/brcnews.net\/index.php?rest_route=%2Fwp%2Fv2%2Fmedia&parent=11979"}],"wp:term":[{"taxonomy":"category","embeddable":true,"href":"https:\/\/brcnews.net\/index.php?rest_route=%2Fwp%2Fv2%2Fcategories&post=11979"},{"taxonomy":"post_tag","embeddable":true,"href":"https:\/\/brcnews.net\/index.php?rest_route=%2Fwp%2Fv2%2Ftags&post=11979"}],"curies":[{"name":"wp","href":"https:\/\/api.w.org\/{rel}","templated":true}]}}