{"id":1197,"date":"2019-08-15T15:33:38","date_gmt":"2019-08-15T13:33:38","guid":{"rendered":"http:\/\/brcnews.net\/?p=1197"},"modified":"2019-08-16T20:20:31","modified_gmt":"2019-08-16T18:20:31","slug":"christopher-krapp","status":"publish","type":"post","link":"https:\/\/brcnews.net\/?p=1197","title":{"rendered":"Christopher Krapp"},"content":{"rendered":"<ul>\n<li>Deutschland<\/li>\n<li>Fahrer<\/li>\n<li>Team Yokomo<\/li>\n<li>2. Oktober 1992<\/li>\n<\/ul>\n<p>Christopher Krapp\u00a0 begann im Alter von sieben Jahren mit dem RC-Car-Fahren. Sein erstes Auto war ein Kyosho Buggy. Sein erstes Rennen fuhr er im Tamiya Euro Cup. In dieser Rennserie feierte er &#8211; wie viele andere heute erfolgreiche deutsche Fahrer \u2013 seine ersten gro\u00dfen Erfolge. Im Jahr 2007 wurde er Tamiya Weltmeister.<!--more--><\/p>\n<figure id=\"attachment_1198\" aria-describedby=\"caption-attachment-1198\" style=\"width: 219px\" class=\"wp-caption alignleft\"><a href=\"http:\/\/brcnews.net\/wp-content\/uploads\/2014\/10\/Krapp.01w.jpg\"><img loading=\"lazy\" class=\"wp-image-1198 size-medium colorbox-1197\" src=\"http:\/\/brcnews.net\/wp-content\/uploads\/2014\/10\/Krapp.01w-219x300.jpg\" alt=\"Krapp.01w\" width=\"219\" height=\"300\" srcset=\"https:\/\/brcnews.net\/wp-content\/uploads\/2014\/10\/Krapp.01w-219x300.jpg 219w, https:\/\/brcnews.net\/wp-content\/uploads\/2014\/10\/Krapp.01w.jpg 513w\" sizes=\"(max-width: 219px) 100vw, 219px\" \/><\/a><figcaption id=\"caption-attachment-1198\" class=\"wp-caption-text\">Christopher Krapp bei den Weltmeisterschaften 2012 in Heemstede (Niederlande). Er wurde Siebter.<\/figcaption><\/figure>\n<p>Viele seiner gro\u00dfen Erfolge erreichte er mit Team Kyosho. Von 2006 bis 2014 vertrat er das Team bei vielen gro\u00dfen internationalen Rennen, vor allem in der Tourenwagenklasse, aber auch in den beiden Buggyklassen. Immer wieder schaffte er den Sprung ins A-Finale. Bei den Weltmeisterschaften Tourenwagen Elektro 2010 in Burgdorf und 2012 in Heemstede war er jedes Mal unter den besten zehn Fahrern. Im Jahr 2012 gewann er auf Gran Canaria seinen bisher einzigen Lauf in der <a title=\"Euro Touring Series\" href=\"http:\/\/brcnews.net\/?p=12\">Euro Touring Series<\/a>.<\/p>\n<p>2009 wurde er Deutscher Meister Tourenwagen Modified. Christopher Krapp war lange der einzige Kyosho-Tourenwagenfahrer, der es mit der Weltspitze aufnehmen konnte. Bei vielen Rennen war er aber auf sich allein gestellt.<\/p>\n<figure id=\"attachment_1201\" aria-describedby=\"caption-attachment-1201\" style=\"width: 700px\" class=\"wp-caption alignleft\"><a href=\"http:\/\/brcnews.net\/wp-content\/uploads\/2014\/10\/Kyosho-TF6SP.1w.jpg\"><img loading=\"lazy\" class=\"wp-image-1201 size-full colorbox-1197\" src=\"http:\/\/brcnews.net\/wp-content\/uploads\/2014\/10\/Kyosho-TF6SP.1w.jpg\" alt=\"Kyosho TF6SP.1w\" width=\"700\" height=\"340\" srcset=\"https:\/\/brcnews.net\/wp-content\/uploads\/2014\/10\/Kyosho-TF6SP.1w.jpg 700w, https:\/\/brcnews.net\/wp-content\/uploads\/2014\/10\/Kyosho-TF6SP.1w-300x145.jpg 300w\" sizes=\"(max-width: 700px) 100vw, 700px\" \/><\/a><figcaption id=\"caption-attachment-1201\" class=\"wp-caption-text\">Der Kyosho TF6 SP von Christopher Krapp bei einem Lauf zur Euro Touring Series 2013 auf Gran Canaria<\/figcaption><\/figure>\n<p>Von 2015 bis 2016 war er Mitglied im Team Tamiya. Beim Reedy International Touring Car Race of Champions 2016 belegte er den zweiten Platz hinter Ronald V\u00f6lker und vor Marc Rheinard. Er war somit ma\u00dfgeblich daran beteiligt, f\u00fcr Tamiya den ersten Markentitel bei diesem renommierten Rennen zu gewinnen. Bei den Weltmeisterschaften 2016 in Peking fuhr er mit einem Tamiya im A-Finale. Sein Engagement bei Tamiya endete Ende 2016 mit der Aufl\u00f6sung des TRF-Teams, dem unter anderem Marc Rheinard, Akio Sobue und Naoto Matsukura angeh\u00f6rten.<\/p>\n<figure id=\"attachment_12772\" aria-describedby=\"caption-attachment-12772\" style=\"width: 700px\" class=\"wp-caption alignleft\"><a href=\"http:\/\/brcnews.net\/wp-content\/uploads\/2016\/05\/ReedyRace.2.jpg\"><img loading=\"lazy\" class=\"wp-image-12772 size-full colorbox-1197\" src=\"http:\/\/brcnews.net\/wp-content\/uploads\/2016\/05\/ReedyRace.2.jpg\" width=\"700\" height=\"436\" srcset=\"https:\/\/brcnews.net\/wp-content\/uploads\/2016\/05\/ReedyRace.2.jpg 700w, https:\/\/brcnews.net\/wp-content\/uploads\/2016\/05\/ReedyRace.2-300x187.jpg 300w\" sizes=\"(max-width: 700px) 100vw, 700px\" \/><\/a><figcaption id=\"caption-attachment-12772\" class=\"wp-caption-text\">Erfolgreich f\u00fcr Team Tamiya. Beim Reedy Race 2016 wird er Zweiter. Mit Ronald V\u00f6lker (Mitte) und Marc Rheinard (rechts) stellt er ein rein deutsches Podium<\/figcaption><\/figure>\n<p>In derTourenwagenklasse f\u00e4hrt Christopher Krapp seit 2017 f\u00fcr Yokomo und setzt aktuell den Yokomo BD9 ein.\u00a0 Mit der Beendigung seiner Zusammenarbeit mit Tamiya endete auch die langj\u00e4hrige Zusammenarbeit mit Team Orion. Er setzt jetzt auch auf die Elektronik von Yokomo.<\/p>\n<p>Seit Mai 2017 f\u00e4hrt Christopher Krapp auch den Buggyklassen 2WD und 4WD f\u00fcr Team Yokomo. Davor startete \u00a0 er in den Offroadklassen von 2016 bis Mai 2017 f\u00fcr Team Schumacher.<\/p>\n<h3>Nationale Meisterschaften<\/h3>\n<ul>\n<li><strong>Deutscher Meister Tourenwagen Elektro Modified<\/strong>: 2009<\/li>\n<\/ul>\n<h3>Internationale Meisterschaften<\/h3>\n<ul>\n<li>Weltmeisterschaft Tourenwagen 2010: Platz 4<\/li>\n<li>Weltmeisterschaft Tourenwagen 2012: Platz 7<\/li>\n<li>Weltmeisterschaft Tourenwagen 2014: Sieger B-Finale<\/li>\n<li>Weltmeisterschaft Tourenwagen 2016: Platz\u00a0 4<\/li>\n<\/ul>\n<h3>Sonstige Siege<\/h3>\n<ul>\n<li>Tamiya Weltmeister 2007<\/li>\n<li>Euro Touring Series: 1 Sieg 2012<\/li>\n<\/ul>\n<figure id=\"attachment_1199\" aria-describedby=\"caption-attachment-1199\" style=\"width: 700px\" class=\"wp-caption alignleft\"><a href=\"http:\/\/brcnews.net\/wp-content\/uploads\/2014\/10\/Krapp.02w.jpg\"><img loading=\"lazy\" class=\"wp-image-1199 size-full colorbox-1197\" src=\"http:\/\/brcnews.net\/wp-content\/uploads\/2014\/10\/Krapp.02w.jpg\" alt=\"Krapp.02w\" width=\"700\" height=\"551\" srcset=\"https:\/\/brcnews.net\/wp-content\/uploads\/2014\/10\/Krapp.02w.jpg 700w, https:\/\/brcnews.net\/wp-content\/uploads\/2014\/10\/Krapp.02w-300x236.jpg 300w\" sizes=\"(max-width: 700px) 100vw, 700px\" \/><\/a><figcaption id=\"caption-attachment-1199\" class=\"wp-caption-text\">Christopher Krapp (rechts) und Kyosho Chef-Entwickler Yoshiyuki Chikuba beim ETS-Finale 2014 in Trencin (Slowakei)<\/figcaption><\/figure>\n<p><em>Stand: 16. August 2019 (3. \u00dcberarbeitung); erstellt: 1. Oktober 2014<\/em><\/p>\n<div class=\"twoclick_social_bookmarks_post_1197 social_share_privacy clearfix 1.6.4 locale-de_DE sprite-de_DE\"><\/div><div class=\"twoclick-js\"><script type=\"text\/javascript\">\/* <![CDATA[ *\/\njQuery(document).ready(function($){if($('.twoclick_social_bookmarks_post_1197')){$('.twoclick_social_bookmarks_post_1197').socialSharePrivacy({\"services\":{\"facebook\":{\"status\":\"on\",\"txt_info\":\"2 Klicks f\\u00fcr mehr Datenschutz: Erst wenn Sie hier klicken, wird der Button aktiv und Sie k\\u00f6nnen Ihre Empfehlung an Facebook senden. Schon beim Aktivieren werden Daten an Dritte \\u00fcbertragen - siehe <em>i<\\\/em>.\",\"perma_option\":\"off\",\"action\":\"recommend\",\"language\":\"de_DE\"},\"twitter\":{\"reply_to\":\"\",\"tweet_text\":\"Christopher%20Krapp%20%C2%BB%20BRCNEWS.NET%20%23Krapp\",\"status\":\"on\",\"txt_info\":\"2 Klicks f\\u00fcr mehr Datenschutz: Erst wenn Sie hier klicken, wird der Button aktiv und Sie k\\u00f6nnen Ihre Empfehlung an Twitter senden. Schon beim Aktivieren werden Daten an Dritte \\u00fcbertragen - siehe <em>i<\\\/em>.\",\"perma_option\":\"off\",\"language\":\"de\",\"referrer_track\":\"\"},\"gplus\":{\"status\":\"on\",\"txt_info\":\"2 Klicks f\\u00fcr mehr Datenschutz: Erst wenn Sie hier klicken, wird der Button aktiv und Sie k\\u00f6nnen Ihre Empfehlung an Google+ senden. Schon beim Aktivieren werden Daten an Dritte \\u00fcbertragen - siehe <em>i<\\\/em>.\",\"perma_option\":\"off\",\"referrer_track\":\"\"}},\"txt_help\":\"Wenn Sie diese Felder durch einen Klick aktivieren, werden Informationen an Facebook, Twitter, Flattr, Xing, t3n, LinkedIn, Pinterest oder Google eventuell ins Ausland \\u00fcbertragen und unter Umst\\u00e4nden auch dort gespeichert. N\\u00e4heres erfahren Sie durch einen Klick auf das <em>i<\\\/em>.\",\"settings_perma\":\"Dauerhaft aktivieren und Daten\\u00fcber-tragung zustimmen:\",\"info_link\":\"http:\\\/\\\/www.heise.de\\\/ct\\\/artikel\\\/2-Klicks-fuer-mehr-Datenschutz-1333879.html\",\"uri\":\"https:\\\/\\\/brcnews.net\\\/?p=1197\",\"post_id\":1197,\"post_title_referrer_track\":\"Christopher+Krapp\",\"display_infobox\":\"on\"});}});\n\/* ]]> *\/<\/script><\/div>","protected":false},"excerpt":{"rendered":"<p>Deutschland Fahrer Team Yokomo 2. Oktober 1992 Christopher Krapp\u00a0 begann im Alter von sieben Jahren mit dem RC-Car-Fahren. Sein erstes Auto war ein Kyosho Buggy. Sein erstes Rennen fuhr er im Tamiya Euro Cup. In dieser Rennserie feierte er &#8211; wie viele andere heute erfolgreiche deutsche Fahrer \u2013 seine ersten gro\u00dfen Erfolge. Im Jahr 2007 &hellip; <a href=\"https:\/\/brcnews.net\/?p=1197\" class=\"more-link\"><span class=\"screen-reader-text\">Christopher Krapp<\/span> weiterlesen <span class=\"meta-nav\">&rarr;<\/span><\/a><\/p>\n","protected":false},"author":1,"featured_media":1200,"comment_status":"closed","ping_status":"open","sticky":false,"template":"","format":"standard","meta":[],"categories":[3],"tags":[111],"_links":{"self":[{"href":"https:\/\/brcnews.net\/index.php?rest_route=\/wp\/v2\/posts\/1197"}],"collection":[{"href":"https:\/\/brcnews.net\/index.php?rest_route=\/wp\/v2\/posts"}],"about":[{"href":"https:\/\/brcnews.net\/index.php?rest_route=\/wp\/v2\/types\/post"}],"author":[{"embeddable":true,"href":"https:\/\/brcnews.net\/index.php?rest_route=\/wp\/v2\/users\/1"}],"replies":[{"embeddable":true,"href":"https:\/\/brcnews.net\/index.php?rest_route=%2Fwp%2Fv2%2Fcomments&post=1197"}],"version-history":[{"count":9,"href":"https:\/\/brcnews.net\/index.php?rest_route=\/wp\/v2\/posts\/1197\/revisions"}],"predecessor-version":[{"id":21824,"href":"https:\/\/brcnews.net\/index.php?rest_route=\/wp\/v2\/posts\/1197\/revisions\/21824"}],"wp:featuredmedia":[{"embeddable":true,"href":"https:\/\/brcnews.net\/index.php?rest_route=\/wp\/v2\/media\/1200"}],"wp:attachment":[{"href":"https:\/\/brcnews.net\/index.php?rest_route=%2Fwp%2Fv2%2Fmedia&parent=1197"}],"wp:term":[{"taxonomy":"category","embeddable":true,"href":"https:\/\/brcnews.net\/index.php?rest_route=%2Fwp%2Fv2%2Fcategories&post=1197"},{"taxonomy":"post_tag","embeddable":true,"href":"https:\/\/brcnews.net\/index.php?rest_route=%2Fwp%2Fv2%2Ftags&post=1197"}],"curies":[{"name":"wp","href":"https:\/\/api.w.org\/{rel}","templated":true}]}}