{"id":11456,"date":"2016-03-07T12:57:48","date_gmt":"2016-03-07T10:57:48","guid":{"rendered":"http:\/\/brcnews.net\/?p=11456"},"modified":"2016-03-13T10:11:31","modified_gmt":"2016-03-13T08:11:31","slug":"12-13-maerz-2016-deutsche-meisterschaften-in-der-klasse-112-in-ingolstadt","status":"publish","type":"post","link":"https:\/\/brcnews.net\/?p=11456","title":{"rendered":"12.\/13. M\u00e4rz 2016: Deutsche Meisterschaften in der Klasse 1:12 in Ingolstadt"},"content":{"rendered":"<ul>\n<li><strong><a href=\"http:\/\/brcnews.net\/?p=11525\">Zum RennTicker mit den Live-Berichten vom ersten Tag.<\/a><\/strong><\/li>\n<\/ul>\n<p>Am kommenden Wochenende (12.\/13. M\u00e4rz 2016) finden in Ingolstadt in der Turnhalle des Christoph-Scheiner-Gymnasium die 37. Deutschen Meisterschaften in der Klasse 1:12 statt. <!--more-->Ausgeschrieben ist die DM &#8211; wie schon im letzten Jahr &#8211; als Internationale Deutsche Meisterschaft. Veranstalter ist der <a href=\"http:\/\/www.slringolstadt.de\/\">SLR Ingolstadt<\/a>. Gefahren werden die Klassen Standard (EB) und Expert<\/p>\n<figure id=\"attachment_11464\" aria-describedby=\"caption-attachment-11464\" style=\"width: 800px\" class=\"wp-caption alignleft\"><a href=\"http:\/\/brcnews.net\/wp-content\/uploads\/2016\/03\/Strecke.1.jpg\" rel=\"attachment wp-att-11464\"><img loading=\"lazy\" class=\"wp-image-11464 size-full colorbox-11456\" src=\"http:\/\/brcnews.net\/wp-content\/uploads\/2016\/03\/Strecke.1.jpg\" alt=\"Strecke.1\" width=\"800\" height=\"212\" srcset=\"https:\/\/brcnews.net\/wp-content\/uploads\/2016\/03\/Strecke.1.jpg 800w, https:\/\/brcnews.net\/wp-content\/uploads\/2016\/03\/Strecke.1-300x80.jpg 300w, https:\/\/brcnews.net\/wp-content\/uploads\/2016\/03\/Strecke.1-768x204.jpg 768w\" sizes=\"(max-width: 800px) 100vw, 800px\" \/><\/a><figcaption id=\"caption-attachment-11464\" class=\"wp-caption-text\">Die 140 Meter lange Strecke in der Turnhalle des Christoph-Scheiner-Gymnasiums<\/figcaption><\/figure>\n<p>(EA). Dazu kommen zwei Gastklassen: Standard 17,5 Turns (EC) und 1:12 GT. Die Strecke (Nadelfilz) ist rund 140 Meter lang. In den beiden DM-Klassen sind 90 Fahrer genannt \u2013 20 in Expert und 70 in Stock. Insgesamt starten \u00fcber 100 Teilnehmer. Damit ist die Teilnehmerzahl nach der guten DM im Vorjahr beim MAC Adenau noch einmal deutlich angestiegen.<\/p>\n<figure id=\"attachment_11463\" aria-describedby=\"caption-attachment-11463\" style=\"width: 800px\" class=\"wp-caption alignright\"><a href=\"http:\/\/brcnews.net\/wp-content\/uploads\/2016\/03\/DMAdenau.256xx.jpg\" rel=\"attachment wp-att-11463\"><img loading=\"lazy\" class=\"wp-image-11463 size-full colorbox-11456\" src=\"http:\/\/brcnews.net\/wp-content\/uploads\/2016\/03\/DMAdenau.256xx.jpg\" alt=\"DMAdenau.256xx\" width=\"800\" height=\"466\" srcset=\"https:\/\/brcnews.net\/wp-content\/uploads\/2016\/03\/DMAdenau.256xx.jpg 800w, https:\/\/brcnews.net\/wp-content\/uploads\/2016\/03\/DMAdenau.256xx-300x175.jpg 300w, https:\/\/brcnews.net\/wp-content\/uploads\/2016\/03\/DMAdenau.256xx-768x447.jpg 768w\" sizes=\"(max-width: 800px) 100vw, 800px\" \/><\/a><figcaption id=\"caption-attachment-11463\" class=\"wp-caption-text\">Markus Mobers (rechts) verteidigt seinen Titel in der Klasse Expert. Jan Rettke, der amtierende Deutsche Meister Standard, startet nicht<\/figcaption><\/figure>\n<p><a href=\"http:\/\/brcnews.net\/?p=106\">Markus Mobers<\/a>, mit 17 Titeln der Rekordmeister in der Klasse 1:12, reist zur Titelverteidigung an. Der 40-J\u00e4hrige f\u00e4hrt nach wie vor ganz vorne mit. Im Januar diesen Jahres gewann er das erste <a href=\"http:\/\/brcnews.net\/?p=10545\">Reedy Race of Champions <\/a>in dieser Klasse. Jan Rettke wird seinen im letzten Jahr in Leimbach erstmals gewonnen Titel nicht verteidigen.<\/p>\n<p><a href=\"http:\/\/brcnews.net\/wp-content\/uploads\/2016\/03\/pancarmeister15.jpg\" rel=\"attachment wp-att-11460\"><img loading=\"lazy\" class=\"alignleft wp-image-11460 size-full colorbox-11456\" src=\"http:\/\/brcnews.net\/wp-content\/uploads\/2016\/03\/pancarmeister15.jpg\" alt=\"pancarmeister15\" width=\"436\" height=\"794\" srcset=\"https:\/\/brcnews.net\/wp-content\/uploads\/2016\/03\/pancarmeister15.jpg 436w, https:\/\/brcnews.net\/wp-content\/uploads\/2016\/03\/pancarmeister15-165x300.jpg 165w\" sizes=\"(max-width: 436px) 100vw, 436px\" \/><\/a><\/p>\n<p>Die Klasse 1:12 ist die \u00e4lteste deutsche Rennklasse. Seit dem Jahr 1980 finden regelm\u00e4\u00dfig Deutsche Meisterschaften statt.<\/p>\n<p>Die IDM 1:12 ist der erste von insgsamt 14 DM-Terminen im Rennkalender des Deutschen Minicar Clubs (DMC).<\/p>\n<ul>\n<li><strong><span style=\"text-decoration: underline;\"><span style=\"color: #008000; text-decoration: underline;\"><em>BRCNEWS<\/em><\/span> wird live aus der Turnhalle in Ingolstadt von der Internationalen Deutschen Meisterschaft\u00a0 \u00a0 im RennTicker berichten.<\/span><\/strong><\/li>\n<\/ul>\n<hr \/>\n<p><span style=\"color: #008000;\"><em><strong>BRCNEWS<\/strong><\/em><\/span> berichtete in mehreren Beitr\u00e4gen \u00fcber die Internationale Deutsche Meisterschaft 2015 auf dem Eifel-Ring in Leimbach:<\/p>\n<ul>\n<li><span class=\"item-title\"><a href=\"http:\/\/brcnews.net\/?p=5030\">\u201eWir wollten eine DM durchziehen, die den Teilnehmern gef\u00e4llt\u201c<\/a><\/span><\/li>\n<li><span class=\"item-title\"><a href=\"http:\/\/brcnews.net\/?p=4921\">Deutsche Meisterschaft 1:12 in Leimbach \u2013 Bilder<\/a><\/span><\/li>\n<li><span class=\"item-title\"><a href=\"http:\/\/brcnews.net\/?p=4756\">Internationale Deutsche Meisterschaften 1:12 auf dem Eifelring \u2013 Tag 2<\/a><\/span><\/li>\n<li><span class=\"item-title\"><a href=\"http:\/\/brcnews.net\/?p=4708\">Internationale Deutsche Meisterschaften 1:12 auf dem Eifelring \u2013 Tag 1<\/a><\/span><\/li>\n<\/ul>\n<p>&nbsp;<\/p>\n<div class=\"twoclick_social_bookmarks_post_11456 social_share_privacy clearfix 1.6.4 locale-de_DE sprite-de_DE\"><\/div><div class=\"twoclick-js\"><script type=\"text\/javascript\">\/* <![CDATA[ *\/\njQuery(document).ready(function($){if($('.twoclick_social_bookmarks_post_11456')){$('.twoclick_social_bookmarks_post_11456').socialSharePrivacy({\"services\":{\"facebook\":{\"status\":\"on\",\"txt_info\":\"2 Klicks f\\u00fcr mehr Datenschutz: Erst wenn Sie hier klicken, wird der Button aktiv und Sie k\\u00f6nnen Ihre Empfehlung an Facebook senden. Schon beim Aktivieren werden Daten an Dritte \\u00fcbertragen - siehe <em>i<\\\/em>.\",\"perma_option\":\"off\",\"action\":\"recommend\",\"language\":\"de_DE\"},\"twitter\":{\"reply_to\":\"\",\"tweet_text\":\"%2012.%2F13.%20M%C3%A4rz%202016%3A%20Deutsche%20Meisterschaften%20in%20der%20Klasse%201%3A12%20in%20Ingolstadt%20...\",\"status\":\"on\",\"txt_info\":\"2 Klicks f\\u00fcr mehr Datenschutz: Erst wenn Sie hier klicken, wird der Button aktiv und Sie k\\u00f6nnen Ihre Empfehlung an Twitter senden. Schon beim Aktivieren werden Daten an Dritte \\u00fcbertragen - siehe <em>i<\\\/em>.\",\"perma_option\":\"off\",\"language\":\"de\",\"referrer_track\":\"\"},\"gplus\":{\"status\":\"on\",\"txt_info\":\"2 Klicks f\\u00fcr mehr Datenschutz: Erst wenn Sie hier klicken, wird der Button aktiv und Sie k\\u00f6nnen Ihre Empfehlung an Google+ senden. Schon beim Aktivieren werden Daten an Dritte \\u00fcbertragen - siehe <em>i<\\\/em>.\",\"perma_option\":\"off\",\"referrer_track\":\"\"}},\"txt_help\":\"Wenn Sie diese Felder durch einen Klick aktivieren, werden Informationen an Facebook, Twitter, Flattr, Xing, t3n, LinkedIn, Pinterest oder Google eventuell ins Ausland \\u00fcbertragen und unter Umst\\u00e4nden auch dort gespeichert. N\\u00e4heres erfahren Sie durch einen Klick auf das <em>i<\\\/em>.\",\"settings_perma\":\"Dauerhaft aktivieren und Daten\\u00fcber-tragung zustimmen:\",\"info_link\":\"http:\\\/\\\/www.heise.de\\\/ct\\\/artikel\\\/2-Klicks-fuer-mehr-Datenschutz-1333879.html\",\"uri\":\"https:\\\/\\\/brcnews.net\\\/?p=11456\",\"post_id\":11456,\"post_title_referrer_track\":\"12.%2F13.+M%C3%A4rz+2016%3A+Deutsche+Meisterschaften+in+der+Klasse+1%3A12+in+Ingolstadt\",\"display_infobox\":\"on\"});}});\n\/* ]]> *\/<\/script><\/div>","protected":false},"excerpt":{"rendered":"<p>Zum RennTicker mit den Live-Berichten vom ersten Tag. Am kommenden Wochenende (12.\/13. M\u00e4rz 2016) finden in Ingolstadt in der Turnhalle des Christoph-Scheiner-Gymnasium die 37. Deutschen Meisterschaften in der Klasse 1:12 statt.<\/p>\n","protected":false},"author":1,"featured_media":11465,"comment_status":"closed","ping_status":"open","sticky":false,"template":"","format":"standard","meta":[],"categories":[12],"tags":[51,53,348],"_links":{"self":[{"href":"https:\/\/brcnews.net\/index.php?rest_route=\/wp\/v2\/posts\/11456"}],"collection":[{"href":"https:\/\/brcnews.net\/index.php?rest_route=\/wp\/v2\/posts"}],"about":[{"href":"https:\/\/brcnews.net\/index.php?rest_route=\/wp\/v2\/types\/post"}],"author":[{"embeddable":true,"href":"https:\/\/brcnews.net\/index.php?rest_route=\/wp\/v2\/users\/1"}],"replies":[{"embeddable":true,"href":"https:\/\/brcnews.net\/index.php?rest_route=%2Fwp%2Fv2%2Fcomments&post=11456"}],"version-history":[{"count":8,"href":"https:\/\/brcnews.net\/index.php?rest_route=\/wp\/v2\/posts\/11456\/revisions"}],"predecessor-version":[{"id":11539,"href":"https:\/\/brcnews.net\/index.php?rest_route=\/wp\/v2\/posts\/11456\/revisions\/11539"}],"wp:featuredmedia":[{"embeddable":true,"href":"https:\/\/brcnews.net\/index.php?rest_route=\/wp\/v2\/media\/11465"}],"wp:attachment":[{"href":"https:\/\/brcnews.net\/index.php?rest_route=%2Fwp%2Fv2%2Fmedia&parent=11456"}],"wp:term":[{"taxonomy":"category","embeddable":true,"href":"https:\/\/brcnews.net\/index.php?rest_route=%2Fwp%2Fv2%2Fcategories&post=11456"},{"taxonomy":"post_tag","embeddable":true,"href":"https:\/\/brcnews.net\/index.php?rest_route=%2Fwp%2Fv2%2Ftags&post=11456"}],"curies":[{"name":"wp","href":"https:\/\/api.w.org\/{rel}","templated":true}]}}