{"id":10071,"date":"2015-12-24T13:32:32","date_gmt":"2015-12-24T11:32:32","guid":{"rendered":"http:\/\/brcnews.net\/?p=10071"},"modified":"2015-12-27T22:23:12","modified_gmt":"2015-12-27T20:23:12","slug":"mac-adenau-startet-mit-vollgas-ins-neue-jahr","status":"publish","type":"post","link":"https:\/\/brcnews.net\/?p=10071","title":{"rendered":"MAC Adenau startet mit Vollgas ins neue Jahr"},"content":{"rendered":"<p>Der <a href=\"http:\/\/www.mac-adenau.de\/\">MAC Adenau<\/a> startet mit Vollgas ins neue Jahr: Am 2. und 3. Januar 2016 wird auf dem Eifel-Ring, der permanenten MAC-Indoor-Rennstrecke in Leimbach bei Adenau am N\u00fcrburgring, um Punkte <!--more-->sowohl zum Tonisport-Winter-Cup (TWC) als auch zur Sportkreis-Meisterschaft West (SM West) gek\u00e4mpft. Ausgeschrieben sind die Klassen Tourenwagen modified und 13.5T, Rookie und Formel 1 sowie 1\/12 Expert (EA) und Standard (EB). Zur Ausschreibung geht es <a href=\"http:\/\/www.mac-adenau.de\/attachments\/article\/403\/160103%20MAC%20Adenau%20Ausschreibung%20Tonisport-Winter-Cup%203%20SM.pdf\">hier<\/a> lang.<\/p>\n<p>Nennschluss ist am 31. Dezember 2015 um 23.59 Uhr, Nennungen erfolgen online via <a href=\"https:\/\/www.myrcm.ch\/myrcm\/main?hId[1]=bkg&amp;dId[E]=23657&amp;pLa=de\">myrcm.ch<\/a>.<\/p>\n<p>Am Samstag steht wie immer Training von 10.00 bis 20.00 Uhr auf dem Programm, am Sonntag endet ein einst\u00fcndiges Training um 9:00 Uhr, nach der Fahrerbesprechung beginnen um 9:30 Uhr die Vorl\u00e4ufe.<br \/>\nIn den kommenden Wochen stehen auf dem Eifel-Ring noch insgesamt drei Rennen zum Tonisport-Winter-Cup auf dem Prpogramm, desweiteren der zweite Lauf zur Tonisport-Onforad-Series &#8211; Division West. \u201eEs ist eine gute Gelegenheit, mit spannenden Rennen in freundlicher Atmosph\u00e4re ins neue Jahr zu starten und sogleich die neuen Errungenschaften, die vom Weihnachtsmann geliefert wurden, auszuprobieren\u201c, sagt Uwe Baldes, Rennleiter es MAC Adenau.<\/p>\n<p>Au\u00dferdem steht der Eifel-Ring des MAC Adenau quasi zu jeder Zeit zum Training zur Verf\u00fcgung. Die vorherige Terminabsprache erfolgt \u00fcber die MAC-Hotline 0151\/22019556.<\/p>\n<h6><span style=\"text-decoration: underline;\">Die Termine auf einen Blick<\/span><\/h6>\n<ul>\n<li><strong>2.\/3.Januar 2016<\/strong> &#8211; Tonisport-Winter-Cup #3 + Sportkreis-Meisterschaft West #2<\/li>\n<li><strong>30.\/31.Januar 2016<\/strong> &#8211; Tonisport-Winter-Cup #4 + Sportkreis-Meisterschaft West #3<\/li>\n<li><strong>Februar 2016<\/strong>, genauer Termin steht noch nicht fest &#8211; Tonisport-Winter-Cup #5 + Sportkreis-Meisterschaft West #4<\/li>\n<li><strong>5.\/6.M\u00e4rz .2016<\/strong> &#8211; Tonisport-Onroad-Series Division West<\/li>\n<\/ul>\n<hr \/>\n<p><span style=\"color: #008000;\"><strong><em>BRCNEWS<\/em><\/strong><\/span> berichtete zuletzt vom Auftaktrennen des Tonisport-Winter-Cups 2015\/2016:<\/p>\n<ul>\n<li><span class=\"item-title\"><a href=\"http:\/\/brcnews.net\/?p=9238\">Tonisport-Winter-Cup: Gelungener Auftakt<\/a><\/span><\/li>\n<\/ul>\n<div class=\"twoclick_social_bookmarks_post_10071 social_share_privacy clearfix 1.6.4 locale-de_DE sprite-de_DE\"><\/div><div class=\"twoclick-js\"><script type=\"text\/javascript\">\/* <![CDATA[ *\/\njQuery(document).ready(function($){if($('.twoclick_social_bookmarks_post_10071')){$('.twoclick_social_bookmarks_post_10071').socialSharePrivacy({\"services\":{\"facebook\":{\"status\":\"on\",\"txt_info\":\"2 Klicks f\\u00fcr mehr Datenschutz: Erst wenn Sie hier klicken, wird der Button aktiv und Sie k\\u00f6nnen Ihre Empfehlung an Facebook senden. Schon beim Aktivieren werden Daten an Dritte \\u00fcbertragen - siehe <em>i<\\\/em>.\",\"perma_option\":\"off\",\"action\":\"recommend\",\"language\":\"de_DE\"},\"twitter\":{\"reply_to\":\"\",\"tweet_text\":\"%20MAC%20Adenau%20startet%20mit%20Vollgas%20ins%20neue%20Jahr%20%C2%BB%20BRCNEWS.NET%20%23Eifelring%20%23MAC%20...\",\"status\":\"on\",\"txt_info\":\"2 Klicks f\\u00fcr mehr Datenschutz: Erst wenn Sie hier klicken, wird der Button aktiv und Sie k\\u00f6nnen Ihre Empfehlung an Twitter senden. Schon beim Aktivieren werden Daten an Dritte \\u00fcbertragen - siehe <em>i<\\\/em>.\",\"perma_option\":\"off\",\"language\":\"de\",\"referrer_track\":\"\"},\"gplus\":{\"status\":\"on\",\"txt_info\":\"2 Klicks f\\u00fcr mehr Datenschutz: Erst wenn Sie hier klicken, wird der Button aktiv und Sie k\\u00f6nnen Ihre Empfehlung an Google+ senden. Schon beim Aktivieren werden Daten an Dritte \\u00fcbertragen - siehe <em>i<\\\/em>.\",\"perma_option\":\"off\",\"referrer_track\":\"\"}},\"txt_help\":\"Wenn Sie diese Felder durch einen Klick aktivieren, werden Informationen an Facebook, Twitter, Flattr, Xing, t3n, LinkedIn, Pinterest oder Google eventuell ins Ausland \\u00fcbertragen und unter Umst\\u00e4nden auch dort gespeichert. N\\u00e4heres erfahren Sie durch einen Klick auf das <em>i<\\\/em>.\",\"settings_perma\":\"Dauerhaft aktivieren und Daten\\u00fcber-tragung zustimmen:\",\"info_link\":\"http:\\\/\\\/www.heise.de\\\/ct\\\/artikel\\\/2-Klicks-fuer-mehr-Datenschutz-1333879.html\",\"uri\":\"https:\\\/\\\/brcnews.net\\\/?p=10071\",\"post_id\":10071,\"post_title_referrer_track\":\"MAC+Adenau+startet+mit+Vollgas+ins+neue+Jahr\",\"display_infobox\":\"on\"});}});\n\/* ]]> *\/<\/script><\/div>","protected":false},"excerpt":{"rendered":"<p>Der MAC Adenau startet mit Vollgas ins neue Jahr: Am 2. und 3. Januar 2016 wird auf dem Eifel-Ring, der permanenten MAC-Indoor-Rennstrecke in Leimbach bei Adenau am N\u00fcrburgring, um Punkte<\/p>\n","protected":false},"author":1,"featured_media":4762,"comment_status":"closed","ping_status":"open","sticky":false,"template":"","format":"standard","meta":[],"categories":[12],"tags":[291,173,240],"_links":{"self":[{"href":"https:\/\/brcnews.net\/index.php?rest_route=\/wp\/v2\/posts\/10071"}],"collection":[{"href":"https:\/\/brcnews.net\/index.php?rest_route=\/wp\/v2\/posts"}],"about":[{"href":"https:\/\/brcnews.net\/index.php?rest_route=\/wp\/v2\/types\/post"}],"author":[{"embeddable":true,"href":"https:\/\/brcnews.net\/index.php?rest_route=\/wp\/v2\/users\/1"}],"replies":[{"embeddable":true,"href":"https:\/\/brcnews.net\/index.php?rest_route=%2Fwp%2Fv2%2Fcomments&post=10071"}],"version-history":[{"count":6,"href":"https:\/\/brcnews.net\/index.php?rest_route=\/wp\/v2\/posts\/10071\/revisions"}],"predecessor-version":[{"id":10160,"href":"https:\/\/brcnews.net\/index.php?rest_route=\/wp\/v2\/posts\/10071\/revisions\/10160"}],"wp:featuredmedia":[{"embeddable":true,"href":"https:\/\/brcnews.net\/index.php?rest_route=\/wp\/v2\/media\/4762"}],"wp:attachment":[{"href":"https:\/\/brcnews.net\/index.php?rest_route=%2Fwp%2Fv2%2Fmedia&parent=10071"}],"wp:term":[{"taxonomy":"category","embeddable":true,"href":"https:\/\/brcnews.net\/index.php?rest_route=%2Fwp%2Fv2%2Fcategories&post=10071"},{"taxonomy":"post_tag","embeddable":true,"href":"https:\/\/brcnews.net\/index.php?rest_route=%2Fwp%2Fv2%2Ftags&post=10071"}],"curies":[{"name":"wp","href":"https:\/\/api.w.org\/{rel}","templated":true}]}}